{"id":14027,"date":"2023-11-28T18:37:51","date_gmt":"2023-11-28T18:37:51","guid":{"rendered":"https:\/\/www.africa-press.net\/comores\/politique\/interview-le-comportement-de-said-ali-chayhane-est-inquietant-il-sest-eloigne-des-activites-du-parti-il-y-a-fort-longtemps"},"modified":"2023-11-28T21:33:02","modified_gmt":"2023-11-28T21:33:02","slug":"interview-le-comportement-de-said-ali-chayhane-est-inquietant-il-sest-eloigne-des-activites-du-parti-il-y-a-fort-longtemps","status":"publish","type":"post","link":"https:\/\/www.africa-press.net\/comores\/parties\/interview-le-comportement-de-said-ali-chayhane-est-inquietant-il-sest-eloigne-des-activites-du-parti-il-y-a-fort-longtemps","title":{"rendered":"Interview  \u00ab Le comportement de Said Ali Chayhane est inqui\u00e9tant, il s\u2019est \u00e9loign\u00e9 des activit\u00e9s du parti, il y a fort longtemps \u00bb"},"content":{"rendered":"<p><b>Mohamed Youssouf<br \/>\n<\/b><\/p>\n<p><span style=\"color: #ff6600\"><strong>Africa-Press &#8211; Comores. <\/strong><\/span><b>Mohamed Chatur Badaoui, actuel ambassadeur des Comores a\u0300 Bruxelles, fait partie des fondateurs de la Convention pour le renouveau des Comores (CRC). Il est conside\u0301re\u0301 comme un des caciques du premier cercle du Chef de l\u2019Etat Azali Assoumani, me\u0302me si ces dernie\u0300res anne\u0301es il s\u2019est mis quelque en recul, jouant la discre\u0301tion tout en jurant fide\u0301lite\u0301 au re\u0301gime. Avec les divergences apparues dans la de\u0301signation des candidats du parti pre\u0301sidentiel a\u0300 l\u2019e\u0301lection des gouverneurs des i\u0302les, notamment pour celui de Ngazidja, entre Ibrahim Mze\u0301 et Said Ali Chayhane, l\u2019ambassadeur Chatur a accepte\u0301 de re\u0301pondre aux questions de La Gazette des Comores. Interview.<\/b><br \/>\n<b>Question : Depuis quelques mois, on assiste a\u0300 des querelles intestines au sein de la CRC. En tant que membre fondateur du parti, comment expliquez-vous cette situation a\u0300 la veille d\u2019e\u0301che\u0301ances e\u0301lectorales juge\u0301es cruciales<\/b> ?<\/p>\n<p><b>Mohamed Chatur Badaoui<\/b> : Vous dites des Querelles ? Je dirai pluto\u0302t des de\u0301bats de\u0301mocratiques. Notons en outre, que ceux qui sont anime\u0301s par une conviction militante, finissent toujours par de\u0301passer ces diffe\u0301rents e\u0301gos et privile\u0301gient l\u2019inte\u0301re\u0302t supre\u0302me du parti. Par ailleurs, j\u2019ai constate\u0301, que notre parti ne fait que croi\u0302tre et se renforce davantage avec plusieurs membres adhe\u0301rents. Depuis quelques mois le parti CRC est en mouvement. La nouvelle ge\u0301ne\u0301ration sous le dynamisme du jeune Fathou nous promet un avenir radieux et elle nous rassure des anne\u0301es meilleures pour notre parti. J\u2019ai vu durant le mois de ramadan comment les militants e\u0301taient enthousiastes de recevoir leurs camarades issus de diffe\u0301rents villages pour rompre le jeun du ramadan ensemble. Il y a un peu plus de 3 mois les dirigeants avec leur te\u0302te Fathou et le SG Belou ont sillonne\u0301 l\u2019ensemble des i\u0302les pour mettre en place les coordinations et nous avons assiste\u0301 a\u0300 une avalanche d&rsquo;adhe\u0301sions, sur ce je leur dis Bravo.<\/p>\n<p><b>Question : La de\u0301signation d\u2019Ibrahim Mze comme candidat au poste de gouverneur n\u2019est-ce pas la goutte qui a fait de\u0301border le vase ? Pensez-vous qu\u2019il soit le candidat ide\u0301al pour le parti ou un choix impose\u0301 par l\u2019appareil ?<\/b><br \/>\n<b>M.C.B<\/b>. : Qu\u2019est ce qu\u2019on entend par candidat ide\u0301al ? Je dirai que le candidat ide\u0301al est celui qui rassemble, qui tisse des relations, qui ne s\u2019enferme pas, qui ne rejette pas les militants de base. Ce n\u2019est pas celui qui attend qu\u2019on lui sert sur un plateau d\u2019or parce qu\u2019il se dit dans sa te\u0302te qu\u2019il le me\u0301rite et que tout le monde doit aller le supplier pour se porter candidat. Ibrahim Mze\u0301, est un cadre de la CRC qui affiche des ambitions dans le domaine sportif et politique. Il a su en peu de temps convaincre beaucoup de cadres de la CRC par son dynamisme. Loin de moi l\u2019ide\u0301e de tergiverser sur votre question, mais permettez-moi de vous dire que dans la CRC s\u2019il y a quelqu\u2019un qui connai\u0302t bien, Ibrahim Mze\u0301, c\u2019est bien moi. C\u2019est un ami d\u2019enfance, devenu au bout des anne\u0301es un fre\u0300re (puisque nos deux familles, s\u0153urs, fre\u0300res, neveux, nie\u0300ces, se connaissent et nourrissent cette fraternite\u0301), un confident. Nous avons fait le colle\u0300ge ensemble a\u0300 Mitsamiouli, apre\u0300s la suppression de l\u2019internat, il m\u2019a invite\u0301 a\u0300 habiter chez lui avec sa me\u0300re. L\u2019ide\u0301e qu\u2019il adhe\u0300re a\u0300 la CRC, j\u2019en ai discute\u0301 a\u0300 maintes reprises avec lui, bien qu\u2019il n\u2019ait pas pris sa carte d\u2019adhe\u0301sion par manque de temps, mais il se de\u0301finissait toujours comme e\u0301tant un Azaliste.<\/p>\n<p>En politique en ge\u0301ne\u0301ral, et dans un parti politique en particulier, un membre n\u2019est pas juge\u0301 par ses anne\u0301es d\u2019adhe\u0301sions ou de cotisations, mais de son engagement dans le parti. Ibrahim Mze\u0301 a e\u0301te\u0301 de\u0301signe\u0301 d\u2019une manie\u0300re de\u0301mocratique. Comme nous avons l\u2019habitude de faire, les hauts cadres se re\u0301unissent en comite\u0301 de sages (une sorte de primaire interne) et examinent les candidatures et passent au vote. Il y a eu 5 candidatures dont Ibrahim Mze. On peut citer Djounaid, Said Ali Chayhane, Oumara Mgomri, Dahalane. Ibrahim Mze est sorti du lot et tout le monde a joue\u0301 le jeu et a accepte\u0301 le verdict.<\/p>\n<p><b>Question : En tant que te\u0301nor du parti, comment pouvez-vous aider votre famille politique a\u0300 surmonter ces de\u0301chirements et tensions internes pour maintenir une cohe\u0301sion face a\u0300 une opposition de\u0301cide\u0301e a\u0300 en de\u0301coudre avec le re\u0301gim<\/b>e ?<\/p>\n<p>MCB : J\u2019ai discute\u0301 avec plusieurs te\u0301nors du parti se trouvant a\u0300 l\u2019inte\u0301rieur du pays mais aussi a\u0300 l\u2019exte\u0301rieur notamment les ambassadeurs Maoulana Charif et Yahya Mohamed Iliasse. Nous nous sommes mis d\u2019accord de rentrer le plus vite possible pour soulever quelques malentendus et dissiper les doutes qu\u2019ont certains militants, a\u0300 qui on veut faire croire que les te\u0301nors du parti sont derrie\u0300re quelques candidatures en dehors des candidats investis par le parti. Je crois que si on est dans un parti politique, il faut savoir se conformer a\u0300 la discipline de\u0301finie. Ces tensions, ces de\u0301chirements, ces querelles n\u2019ont pas lieu d\u2019e\u0302tre, puisque nous avons des candidats e\u0301lus de\u0301mocratiquement en interne par le parti. Je reste persuade\u0301 que les militants, les sympathisants et les e\u0301lecteurs comoriens connaissent bien les candidats CRC a\u0300 e\u0301lire.<\/p>\n<p><b>Question : Certains de\u0301tracteurs reprochent a\u0300 la CRC une absence de de\u0301mocratie interne dans son fonctionnement. Que faire pour restaurer la confiance et l&rsquo;unite\u0301 parmi les membres qui se sentent exclus ou marginalise\u0301s au sein du parti, notamment Said Ali Chayhane qui s\u2019est porte\u0301 candidat inde\u0301pendant ?<\/b><\/p>\n<p>MCB : Said Ali Chayhane e\u0301tait candidat a\u0300 la candidature au poste de gouverneur, comme tant d\u2019autres personnes que j\u2019ai cite\u0301 ci-haut. Notons au passage qu\u2019en 2019, nous avons fait la me\u0302me chose que cette anne\u0301e pour de\u0301signer le candidat au poste de gouverneur. J\u2019e\u0301tais moi-me\u0302me candidat a\u0300 la candidature avec d\u2019autres personnes, nous avons accepte\u0301 notre de\u0301faite, et avons soutenu bec et ongles notre candidate qui est l\u2019actuelle gouverneure. Comment peut-on comprendre qu\u2019un des dirigeants du parti pre\u0301sente sa candidature sans que les cadres et sages du parti en soient informe\u0301s, mais qu\u2019ils l\u2019apprennent au moment ou\u0300 la candidature est de\u0301pose\u0301e a\u0300 la cour supre\u0302me. Comment peut-on comprendre quelqu\u2019un qui se de\u0301finit comme e\u0301tant membre fondateur d\u2019un parti et qui a aussi dirige\u0301 le parti, d\u2019avoir accepte\u0301 le re\u0301sultat des e\u0301lections internes, d\u2019avoir participe\u0301 a\u0300 Anjouan a\u0300 la ce\u0301re\u0301monie d\u2019investiture des candidats du parti, qu\u2019aujourd\u2019hui, il se porte candidat. En fait, un homme politique doit e\u0302tre cohe\u0301rent dans ses actes et ses de\u0301cisions. Il faut e\u0301viter de re\u0301agir avec autant d\u2019opinia\u0302trete\u0301.<\/p>\n<p>Il y a lieu de souligner que le comportement de Said Ali Chayhane est inquie\u0301tant, il s\u2019est e\u0301loigne\u0301 des activite\u0301s du parti, il y a fort longtemps. Lorsque le SG organise des re\u0301unions, il s\u2019arrangeait a\u0300 organiser des re\u0301unions paralle\u0300les aux me\u0302mes dates pour e\u0301viter de venir aux re\u0301unions organise\u0301es par le SG. Il y a aussi ce qui a e\u0301te\u0301 vu par tout le monde, lors du dernier congre\u0300s du parti, puisqu\u2019il a quitte\u0301 la salle avant le discours du chef de l\u2019E\u0301tat, pre\u0301sident d\u2019Honneur du parti et il a re\u0301cidive\u0301 a\u0300 l\u2019assemble\u0301e ge\u0301ne\u0301rale, toutes ces maladresses ne sont pas dignes et sont en conse\u0301quence impardonnables.<\/p>\n<p><b>Question : Comment pouvez-vous convaincre l\u2019opinion et vos e\u0301lecteurs que les de\u0301bats internes et les dissensions n&rsquo;affaibliront pas la capacite\u0301 du parti pre\u0301sidentiel a\u0300 gouverner ou a\u0300 atteindre ses objectifs politiques <\/b>?<\/p>\n<p>MCB : Le parti CRC a les reins solides car la majorite\u0301 de ses adhe\u0301rents c\u2019est la jeunesse, prometteur d\u2019un monde meilleur et d\u2019espoir. Le projet de la CRC est une re\u0301alite\u0301 car il est porte\u0301 par les jeunes. Il reste a\u0300 pre\u0301server et a\u0300 convaincre la population a\u0300 croire au projet incarne\u0301 par le Guide du parti SE Azali Assoumani. Certes, le parti CRC s\u2019impose comme le premier parti du pays, mais ses membres ne sont pas les seuls votants. Nos militants ont de l\u2019expe\u0301rience et sauront convaincre le peuple comorien pour aller voter massivement le Pre\u0301sident Azali Assoumani et les gouverneurs de\u0301signe\u0301s par le parti aussi bien a\u0300 Anjouan, Mohe\u0301li et Ngazidja. Les diverses rencontres d\u2019installation des coordinations de la CRC dans tout le pays, sont la preuve tangible, que le peuple croit en notre capacite\u0301 de gouverner et a\u0300 la vision du chef de l\u2019E\u0301tat Azali Assoumani.<\/p>\n<p><b>Question : A\u0300 quel point conside\u0301rez-vous la cohe\u0301sion interne comme un e\u0301le\u0301ment crucial pour le succe\u0300s e\u0301lectoral de votre parti en 2024, et comment comptez-vous renforcer cette cohe\u0301sion a\u0300 l&rsquo;approche des e\u0301lections ?<\/b><\/p>\n<p>MCB : Par le dialogue et la sensibilisation de nos militants et sympathisants. L\u2019heure et a\u0300 la cohe\u0301sion et a\u0300 la consolidation du parti mais non a\u0300 la confusion et au doute. Consolider et sauvegarder les relations de proximite\u0301s ne\u0301es a\u0300 travers les installations des coordinations et des IFTARS. Je suis persuade\u0301 que les adhe\u0301rents et les sympathisants connaissent le chemin a\u0300 suivre. Certes le parcours est seme\u0301 d\u2019embu\u0302ches, mais nous sommes a\u0300 la hauteur d\u2019arriver a\u0300 bon port. Notre objectif, c\u2019est de re\u0301unir tout le monde autour de nos candidats. Certes, il y a des militants qui sont un peu perdus a\u0300 cause de certaines candidatures. Il faut vite lever ce doute, d\u2019autant plus que cette confusion est ge\u0301ne\u0301re\u0301e aussi par le plus proche collaborateur du pre\u0301sident, le vice pre\u0301sident de l\u2019assemble\u0301e (Abdallah Sarouma alias Chabhane, ndlr). Ainsi, les instances du parti doivent se re\u0301unir avant le de\u0301but de la campagne pour clarifier et lever tous les doutes.<\/p>\n<p><b>Question : Comment envisagez-vous de ge\u0301rer les dissidents au sein du parti sans compromettre son image publique ou sa cre\u0301dibilite\u0301 politique ?<\/b><br \/>\n<b>MCB : <\/b>Il est vrai que je suis membre fondateur du parti CRC. Il est vrai que je suis l\u2019actualite\u0301 du parti et je suis informe\u0301 re\u0301gulie\u0300rement et convenablement des nouvelles perspectives, mais l\u2019heure n\u2019est pas a\u0300 la gestion des dissidents mais de rassurer tout le monde, que Ibrahim Mze\u0301 est le candidat de la CRC au poste de gouverneur. Si on fait de la politique et qu\u2019on est membre d\u2019un parti, il faut savoir respecter le parti et ses dirigeants. Ce n\u2019est pas parce qu\u2019on est ministre ou qu\u2019on occupe un tre\u0300s haut poste dans le gouvernement qu\u2019on peut se permettre de de\u0301fier le parti, de refuser de participer aux re\u0301unions du parti, en organisant ses propres re\u0301unions, en essayant de cre\u0301er un clan au sein du parti.<\/p>\n<p><b>Question : Ne craignez-vous pas une dispersion de l\u2019e\u0301lectorat CRC en faveur de vos adversaires ?<\/b><br \/>\n<b>MCB : <\/b>Au risque de me re\u0301pe\u0301ter, notez que je crois en notre e\u0301lectorat et au travail de pre\u0301campagne effectue\u0301. Il est inconcevable de penser a\u0300 une dispersion, puisque nos candidats ont e\u0301te\u0301 investis publiquement.<\/p>\n<p><b>Source: lagazettedescomores<\/b><\/p>\n<p><strong>Pour plus d&rsquo;informations et d&rsquo;analyses sur la <a href=\"https:\/\/www.africa-press.net\/comores\">Comores<\/a>, suivez <a href=\"https:\/\/www.africa-press.net\/\">Africa-Press<\/a><\/strong><\/p>\n","protected":false},"excerpt":{"rendered":"<p>Mohamed Youssouf Africa-Press &#8211; Comores. Mohamed Chatur Badaoui, actuel ambassadeur des Comores a\u0300 Bruxelles, fait partie des fondateurs de la Convention pour le renouveau des Comores (CRC). Il est conside\u0301re\u0301 comme un des caciques du premier cercle du Chef de l\u2019Etat Azali Assoumani, me\u0302me si ces dernie\u0300res anne\u0301es il s\u2019est mis quelque en recul, jouant [&hellip;]<\/p>\n","protected":false},"author":82,"featured_media":14026,"comment_status":"open","ping_status":"closed","sticky":false,"template":"","format":"standard","meta":{"footnotes":""},"categories":[7,4,10],"tags":[36,53,45],"class_list":["post-14027","post","type-post","status-publish","format-standard","has-post-thumbnail","hentry","category-dossiers","category-parties","category-toutes-les-actualites","tag-africa-press","tag-africa-press-comores","tag-comores"],"yoast_head":"<!-- This site is optimized with the Yoast SEO Premium plugin v26.1 (Yoast SEO v27.0) - https:\/\/yoast.com\/product\/yoast-seo-premium-wordpress\/ -->\n<title>Interview \u00ab Le comportement de Said Ali Chayhane est inqui\u00e9tant, il s\u2019est \u00e9loign\u00e9 des activit\u00e9s du parti, il y a fort longtemps \u00bb - Comores<\/title>\n<meta name=\"description\" content=\"Mohamed Chatur Badaoui, actuel ambassadeur des Comores a\u0300 Bruxelles, fait partie des fondateurs de la Convention pour ...\" \/>\n<meta name=\"robots\" content=\"index, follow, max-snippet:-1, max-image-preview:large, max-video-preview:-1\" \/>\n<link rel=\"canonical\" href=\"https:\/\/www.africa-press.net\/comores\/parties\/interview-le-comportement-de-said-ali-chayhane-est-inquietant-il-sest-eloigne-des-activites-du-parti-il-y-a-fort-longtemps\" \/>\n<meta property=\"og:locale\" content=\"fr_FR\" \/>\n<meta property=\"og:type\" content=\"article\" \/>\n<meta property=\"og:title\" content=\"Interview \u00ab Le comportement de Said Ali Chayhane est inqui\u00e9tant, il s\u2019est \u00e9loign\u00e9 des activit\u00e9s du parti, il y a fort longtemps \u00bb\" \/>\n<meta property=\"og:description\" content=\"Mohamed Chatur Badaoui, actuel ambassadeur des Comores a\u0300 Bruxelles, fait partie des fondateurs de la Convention pour ...\" \/>\n<meta property=\"og:url\" content=\"https:\/\/www.africa-press.net\/comores\/parties\/interview-le-comportement-de-said-ali-chayhane-est-inquietant-il-sest-eloigne-des-activites-du-parti-il-y-a-fort-longtemps\" \/>\n<meta property=\"og:site_name\" content=\"Comores\" \/>\n<meta property=\"article:published_time\" content=\"2023-11-28T18:37:51+00:00\" \/>\n<meta property=\"article:modified_time\" content=\"2023-11-28T21:33:02+00:00\" \/>\n<meta property=\"og:image\" content=\"https:\/\/static.africa-press.net\/centrafricaine\/sites\/48\/2023\/11\/sm_1701190918.22395.jpg\" \/>\n\t<meta property=\"og:image:width\" content=\"1280\" \/>\n\t<meta property=\"og:image:height\" content=\"720\" \/>\n\t<meta property=\"og:image:type\" content=\"image\/jpeg\" \/>\n<meta name=\"author\" content=\"cfeditorfr\" \/>\n<meta name=\"twitter:card\" content=\"summary_large_image\" \/>\n<meta name=\"twitter:label1\" content=\"\u00c9crit par\" \/>\n\t<meta name=\"twitter:data1\" content=\"cfeditorfr\" \/>\n\t<meta name=\"twitter:label2\" content=\"Dur\u00e9e de lecture estim\u00e9e\" \/>\n\t<meta name=\"twitter:data2\" content=\"10 minutes\" \/>\n<script type=\"application\/ld+json\" class=\"yoast-schema-graph\">{\"@context\":\"https:\/\/schema.org\",\"@graph\":[{\"@type\":\"Article\",\"@id\":\"https:\/\/www.africa-press.net\/comores\/parties\/interview-le-comportement-de-said-ali-chayhane-est-inquietant-il-sest-eloigne-des-activites-du-parti-il-y-a-fort-longtemps#article\",\"isPartOf\":{\"@id\":\"https:\/\/www.africa-press.net\/comores\/parties\/interview-le-comportement-de-said-ali-chayhane-est-inquietant-il-sest-eloigne-des-activites-du-parti-il-y-a-fort-longtemps\"},\"author\":{\"name\":\"cfeditorfr\",\"@id\":\"https:\/\/www.africa-press.net\/comores\/#\/schema\/person\/2b1cf3cd81a31e3cd26889ca66d677f1\"},\"headline\":\"Interview \u00ab Le comportement de Said Ali Chayhane est inqui\u00e9tant, il s\u2019est \u00e9loign\u00e9 des activit\u00e9s du parti, il y a fort longtemps \u00bb\",\"datePublished\":\"2023-11-28T18:37:51+00:00\",\"dateModified\":\"2023-11-28T21:33:02+00:00\",\"mainEntityOfPage\":{\"@id\":\"https:\/\/www.africa-press.net\/comores\/parties\/interview-le-comportement-de-said-ali-chayhane-est-inquietant-il-sest-eloigne-des-activites-du-parti-il-y-a-fort-longtemps\"},\"wordCount\":2032,\"commentCount\":0,\"image\":{\"@id\":\"https:\/\/www.africa-press.net\/comores\/parties\/interview-le-comportement-de-said-ali-chayhane-est-inquietant-il-sest-eloigne-des-activites-du-parti-il-y-a-fort-longtemps#primaryimage\"},\"thumbnailUrl\":\"https:\/\/static.africa-press.net\/centrafricaine\/sites\/48\/2023\/11\/sm_1701190918.22395.jpg\",\"keywords\":[\"Africa Press\",\"Africa Press-Comores\",\"Comores\"],\"articleSection\":[\"Dossiers\",\"Parties\",\"Toutes les actualit\u00e9s\"],\"inLanguage\":\"fr-FR\",\"potentialAction\":[{\"@type\":\"CommentAction\",\"name\":\"Comment\",\"target\":[\"https:\/\/www.africa-press.net\/comores\/parties\/interview-le-comportement-de-said-ali-chayhane-est-inquietant-il-sest-eloigne-des-activites-du-parti-il-y-a-fort-longtemps#respond\"]}]},{\"@type\":\"WebPage\",\"@id\":\"https:\/\/www.africa-press.net\/comores\/parties\/interview-le-comportement-de-said-ali-chayhane-est-inquietant-il-sest-eloigne-des-activites-du-parti-il-y-a-fort-longtemps\",\"url\":\"https:\/\/www.africa-press.net\/comores\/parties\/interview-le-comportement-de-said-ali-chayhane-est-inquietant-il-sest-eloigne-des-activites-du-parti-il-y-a-fort-longtemps\",\"name\":\"Interview \u00ab Le comportement de Said Ali Chayhane est inqui\u00e9tant, il s\u2019est \u00e9loign\u00e9 des activit\u00e9s du parti, il y a fort longtemps \u00bb - Comores\",\"isPartOf\":{\"@id\":\"https:\/\/www.africa-press.net\/comores\/#website\"},\"primaryImageOfPage\":{\"@id\":\"https:\/\/www.africa-press.net\/comores\/parties\/interview-le-comportement-de-said-ali-chayhane-est-inquietant-il-sest-eloigne-des-activites-du-parti-il-y-a-fort-longtemps#primaryimage\"},\"image\":{\"@id\":\"https:\/\/www.africa-press.net\/comores\/parties\/interview-le-comportement-de-said-ali-chayhane-est-inquietant-il-sest-eloigne-des-activites-du-parti-il-y-a-fort-longtemps#primaryimage\"},\"thumbnailUrl\":\"https:\/\/static.africa-press.net\/centrafricaine\/sites\/48\/2023\/11\/sm_1701190918.22395.jpg\",\"datePublished\":\"2023-11-28T18:37:51+00:00\",\"dateModified\":\"2023-11-28T21:33:02+00:00\",\"author\":{\"@id\":\"https:\/\/www.africa-press.net\/comores\/#\/schema\/person\/2b1cf3cd81a31e3cd26889ca66d677f1\"},\"description\":\"Mohamed Chatur Badaoui, actuel ambassadeur des Comores a\u0300 Bruxelles, fait partie des fondateurs de la Convention pour ...\",\"breadcrumb\":{\"@id\":\"https:\/\/www.africa-press.net\/comores\/parties\/interview-le-comportement-de-said-ali-chayhane-est-inquietant-il-sest-eloigne-des-activites-du-parti-il-y-a-fort-longtemps#breadcrumb\"},\"inLanguage\":\"fr-FR\",\"potentialAction\":[{\"@type\":\"ReadAction\",\"target\":[\"https:\/\/www.africa-press.net\/comores\/parties\/interview-le-comportement-de-said-ali-chayhane-est-inquietant-il-sest-eloigne-des-activites-du-parti-il-y-a-fort-longtemps\"]}]},{\"@type\":\"ImageObject\",\"inLanguage\":\"fr-FR\",\"@id\":\"https:\/\/www.africa-press.net\/comores\/parties\/interview-le-comportement-de-said-ali-chayhane-est-inquietant-il-sest-eloigne-des-activites-du-parti-il-y-a-fort-longtemps#primaryimage\",\"url\":\"https:\/\/static.africa-press.net\/centrafricaine\/sites\/48\/2023\/11\/sm_1701190918.22395.jpg\",\"contentUrl\":\"https:\/\/static.africa-press.net\/centrafricaine\/sites\/48\/2023\/11\/sm_1701190918.22395.jpg\",\"width\":1280,\"height\":720,\"caption\":\"Interview \u00ab Le comportement de Said Ali Chayhane est inqui\u00e9tant, il s\u2019est \u00e9loign\u00e9 des activit\u00e9s du parti, il y a fort longtemps \u00bb\"},{\"@type\":\"BreadcrumbList\",\"@id\":\"https:\/\/www.africa-press.net\/comores\/parties\/interview-le-comportement-de-said-ali-chayhane-est-inquietant-il-sest-eloigne-des-activites-du-parti-il-y-a-fort-longtemps#breadcrumb\",\"itemListElement\":[{\"@type\":\"ListItem\",\"position\":1,\"name\":\"Accueil\",\"item\":\"https:\/\/www.africa-press.net\/comores\/\"},{\"@type\":\"ListItem\",\"position\":2,\"name\":\"Interview \u00ab Le comportement de Said Ali Chayhane est inqui\u00e9tant, il s\u2019est \u00e9loign\u00e9 des activit\u00e9s du parti, il y a fort longtemps \u00bb\"}]},{\"@type\":\"WebSite\",\"@id\":\"https:\/\/www.africa-press.net\/comores\/#website\",\"url\":\"https:\/\/www.africa-press.net\/comores\/\",\"name\":\"Comores\",\"description\":\"Just another Africa News Agency Sites site\",\"potentialAction\":[{\"@type\":\"SearchAction\",\"target\":{\"@type\":\"EntryPoint\",\"urlTemplate\":\"https:\/\/www.africa-press.net\/comores\/?s={search_term_string}\"},\"query-input\":{\"@type\":\"PropertyValueSpecification\",\"valueRequired\":true,\"valueName\":\"search_term_string\"}}],\"inLanguage\":\"fr-FR\"},{\"@type\":\"Person\",\"@id\":\"https:\/\/www.africa-press.net\/comores\/#\/schema\/person\/2b1cf3cd81a31e3cd26889ca66d677f1\",\"name\":\"cfeditorfr\"}]}<\/script>\n<!-- \/ Yoast SEO Premium plugin. -->","yoast_head_json":{"title":"Interview \u00ab Le comportement de Said Ali Chayhane est inqui\u00e9tant, il s\u2019est \u00e9loign\u00e9 des activit\u00e9s du parti, il y a fort longtemps \u00bb - Comores","description":"Mohamed Chatur Badaoui, actuel ambassadeur des Comores a\u0300 Bruxelles, fait partie des fondateurs de la Convention pour ...","robots":{"index":"index","follow":"follow","max-snippet":"max-snippet:-1","max-image-preview":"max-image-preview:large","max-video-preview":"max-video-preview:-1"},"canonical":"https:\/\/www.africa-press.net\/comores\/parties\/interview-le-comportement-de-said-ali-chayhane-est-inquietant-il-sest-eloigne-des-activites-du-parti-il-y-a-fort-longtemps","og_locale":"fr_FR","og_type":"article","og_title":"Interview \u00ab Le comportement de Said Ali Chayhane est inqui\u00e9tant, il s\u2019est \u00e9loign\u00e9 des activit\u00e9s du parti, il y a fort longtemps \u00bb","og_description":"Mohamed Chatur Badaoui, actuel ambassadeur des Comores a\u0300 Bruxelles, fait partie des fondateurs de la Convention pour ...","og_url":"https:\/\/www.africa-press.net\/comores\/parties\/interview-le-comportement-de-said-ali-chayhane-est-inquietant-il-sest-eloigne-des-activites-du-parti-il-y-a-fort-longtemps","og_site_name":"Comores","article_published_time":"2023-11-28T18:37:51+00:00","article_modified_time":"2023-11-28T21:33:02+00:00","og_image":[{"width":1280,"height":720,"url":"https:\/\/static.africa-press.net\/centrafricaine\/sites\/48\/2023\/11\/sm_1701190918.22395.jpg","type":"image\/jpeg"}],"author":"cfeditorfr","twitter_card":"summary_large_image","twitter_misc":{"\u00c9crit par":"cfeditorfr","Dur\u00e9e de lecture estim\u00e9e":"10 minutes"},"schema":{"@context":"https:\/\/schema.org","@graph":[{"@type":"Article","@id":"https:\/\/www.africa-press.net\/comores\/parties\/interview-le-comportement-de-said-ali-chayhane-est-inquietant-il-sest-eloigne-des-activites-du-parti-il-y-a-fort-longtemps#article","isPartOf":{"@id":"https:\/\/www.africa-press.net\/comores\/parties\/interview-le-comportement-de-said-ali-chayhane-est-inquietant-il-sest-eloigne-des-activites-du-parti-il-y-a-fort-longtemps"},"author":{"name":"cfeditorfr","@id":"https:\/\/www.africa-press.net\/comores\/#\/schema\/person\/2b1cf3cd81a31e3cd26889ca66d677f1"},"headline":"Interview \u00ab Le comportement de Said Ali Chayhane est inqui\u00e9tant, il s\u2019est \u00e9loign\u00e9 des activit\u00e9s du parti, il y a fort longtemps \u00bb","datePublished":"2023-11-28T18:37:51+00:00","dateModified":"2023-11-28T21:33:02+00:00","mainEntityOfPage":{"@id":"https:\/\/www.africa-press.net\/comores\/parties\/interview-le-comportement-de-said-ali-chayhane-est-inquietant-il-sest-eloigne-des-activites-du-parti-il-y-a-fort-longtemps"},"wordCount":2032,"commentCount":0,"image":{"@id":"https:\/\/www.africa-press.net\/comores\/parties\/interview-le-comportement-de-said-ali-chayhane-est-inquietant-il-sest-eloigne-des-activites-du-parti-il-y-a-fort-longtemps#primaryimage"},"thumbnailUrl":"https:\/\/static.africa-press.net\/centrafricaine\/sites\/48\/2023\/11\/sm_1701190918.22395.jpg","keywords":["Africa Press","Africa Press-Comores","Comores"],"articleSection":["Dossiers","Parties","Toutes les actualit\u00e9s"],"inLanguage":"fr-FR","potentialAction":[{"@type":"CommentAction","name":"Comment","target":["https:\/\/www.africa-press.net\/comores\/parties\/interview-le-comportement-de-said-ali-chayhane-est-inquietant-il-sest-eloigne-des-activites-du-parti-il-y-a-fort-longtemps#respond"]}]},{"@type":"WebPage","@id":"https:\/\/www.africa-press.net\/comores\/parties\/interview-le-comportement-de-said-ali-chayhane-est-inquietant-il-sest-eloigne-des-activites-du-parti-il-y-a-fort-longtemps","url":"https:\/\/www.africa-press.net\/comores\/parties\/interview-le-comportement-de-said-ali-chayhane-est-inquietant-il-sest-eloigne-des-activites-du-parti-il-y-a-fort-longtemps","name":"Interview \u00ab Le comportement de Said Ali Chayhane est inqui\u00e9tant, il s\u2019est \u00e9loign\u00e9 des activit\u00e9s du parti, il y a fort longtemps \u00bb - Comores","isPartOf":{"@id":"https:\/\/www.africa-press.net\/comores\/#website"},"primaryImageOfPage":{"@id":"https:\/\/www.africa-press.net\/comores\/parties\/interview-le-comportement-de-said-ali-chayhane-est-inquietant-il-sest-eloigne-des-activites-du-parti-il-y-a-fort-longtemps#primaryimage"},"image":{"@id":"https:\/\/www.africa-press.net\/comores\/parties\/interview-le-comportement-de-said-ali-chayhane-est-inquietant-il-sest-eloigne-des-activites-du-parti-il-y-a-fort-longtemps#primaryimage"},"thumbnailUrl":"https:\/\/static.africa-press.net\/centrafricaine\/sites\/48\/2023\/11\/sm_1701190918.22395.jpg","datePublished":"2023-11-28T18:37:51+00:00","dateModified":"2023-11-28T21:33:02+00:00","author":{"@id":"https:\/\/www.africa-press.net\/comores\/#\/schema\/person\/2b1cf3cd81a31e3cd26889ca66d677f1"},"description":"Mohamed Chatur Badaoui, actuel ambassadeur des Comores a\u0300 Bruxelles, fait partie des fondateurs de la Convention pour ...","breadcrumb":{"@id":"https:\/\/www.africa-press.net\/comores\/parties\/interview-le-comportement-de-said-ali-chayhane-est-inquietant-il-sest-eloigne-des-activites-du-parti-il-y-a-fort-longtemps#breadcrumb"},"inLanguage":"fr-FR","potentialAction":[{"@type":"ReadAction","target":["https:\/\/www.africa-press.net\/comores\/parties\/interview-le-comportement-de-said-ali-chayhane-est-inquietant-il-sest-eloigne-des-activites-du-parti-il-y-a-fort-longtemps"]}]},{"@type":"ImageObject","inLanguage":"fr-FR","@id":"https:\/\/www.africa-press.net\/comores\/parties\/interview-le-comportement-de-said-ali-chayhane-est-inquietant-il-sest-eloigne-des-activites-du-parti-il-y-a-fort-longtemps#primaryimage","url":"https:\/\/static.africa-press.net\/centrafricaine\/sites\/48\/2023\/11\/sm_1701190918.22395.jpg","contentUrl":"https:\/\/static.africa-press.net\/centrafricaine\/sites\/48\/2023\/11\/sm_1701190918.22395.jpg","width":1280,"height":720,"caption":"Interview \u00ab Le comportement de Said Ali Chayhane est inqui\u00e9tant, il s\u2019est \u00e9loign\u00e9 des activit\u00e9s du parti, il y a fort longtemps \u00bb"},{"@type":"BreadcrumbList","@id":"https:\/\/www.africa-press.net\/comores\/parties\/interview-le-comportement-de-said-ali-chayhane-est-inquietant-il-sest-eloigne-des-activites-du-parti-il-y-a-fort-longtemps#breadcrumb","itemListElement":[{"@type":"ListItem","position":1,"name":"Accueil","item":"https:\/\/www.africa-press.net\/comores\/"},{"@type":"ListItem","position":2,"name":"Interview \u00ab Le comportement de Said Ali Chayhane est inqui\u00e9tant, il s\u2019est \u00e9loign\u00e9 des activit\u00e9s du parti, il y a fort longtemps \u00bb"}]},{"@type":"WebSite","@id":"https:\/\/www.africa-press.net\/comores\/#website","url":"https:\/\/www.africa-press.net\/comores\/","name":"Comores","description":"Just another Africa News Agency Sites site","potentialAction":[{"@type":"SearchAction","target":{"@type":"EntryPoint","urlTemplate":"https:\/\/www.africa-press.net\/comores\/?s={search_term_string}"},"query-input":{"@type":"PropertyValueSpecification","valueRequired":true,"valueName":"search_term_string"}}],"inLanguage":"fr-FR"},{"@type":"Person","@id":"https:\/\/www.africa-press.net\/comores\/#\/schema\/person\/2b1cf3cd81a31e3cd26889ca66d677f1","name":"cfeditorfr"}]}},"_links":{"self":[{"href":"https:\/\/www.africa-press.net\/comores\/wp-json\/wp\/v2\/posts\/14027","targetHints":{"allow":["GET"]}}],"collection":[{"href":"https:\/\/www.africa-press.net\/comores\/wp-json\/wp\/v2\/posts"}],"about":[{"href":"https:\/\/www.africa-press.net\/comores\/wp-json\/wp\/v2\/types\/post"}],"author":[{"embeddable":true,"href":"https:\/\/www.africa-press.net\/comores\/wp-json\/wp\/v2\/users\/82"}],"replies":[{"embeddable":true,"href":"https:\/\/www.africa-press.net\/comores\/wp-json\/wp\/v2\/comments?post=14027"}],"version-history":[{"count":0,"href":"https:\/\/www.africa-press.net\/comores\/wp-json\/wp\/v2\/posts\/14027\/revisions"}],"wp:featuredmedia":[{"embeddable":true,"href":"https:\/\/www.africa-press.net\/comores\/wp-json\/wp\/v2\/media\/14026"}],"wp:attachment":[{"href":"https:\/\/www.africa-press.net\/comores\/wp-json\/wp\/v2\/media?parent=14027"}],"wp:term":[{"taxonomy":"category","embeddable":true,"href":"https:\/\/www.africa-press.net\/comores\/wp-json\/wp\/v2\/categories?post=14027"},{"taxonomy":"post_tag","embeddable":true,"href":"https:\/\/www.africa-press.net\/comores\/wp-json\/wp\/v2\/tags?post=14027"}],"curies":[{"name":"wp","href":"https:\/\/api.w.org\/{rel}","templated":true}]}}