{"id":14035,"date":"2023-11-28T18:44:45","date_gmt":"2023-11-28T18:44:45","guid":{"rendered":"https:\/\/www.africa-press.net\/comores\/politique\/celebration-des-20-ans-de-ludc-une-celebration-politique-a-la-place-dun-vrai-bilan"},"modified":"2023-11-28T21:34:19","modified_gmt":"2023-11-28T21:34:19","slug":"celebration-des-20-ans-de-ludc-une-celebration-politique-a-la-place-dun-vrai-bilan","status":"publish","type":"post","link":"https:\/\/www.africa-press.net\/comores\/politique\/celebration-des-20-ans-de-ludc-une-celebration-politique-a-la-place-dun-vrai-bilan","title":{"rendered":"C\u00e9l\u00e9bration des 20 ans de l&rsquo;Udc : \u00ab Une c\u00e9l\u00e9bration politique, \u00e0 la place d&rsquo;un vrai bilan \u00bb"},"content":{"rendered":"<p><span style=\"color: #ff6600\"><strong>Africa-Press &#8211; Comores. <\/strong><\/span><b>L&rsquo;administration centrale de l&rsquo;universite\u0301 des Comores (UDC) en partenariat avec le gouvernement a ce\u0301le\u0301bre\u0301 le jeudi 23 novembre les 20 ans d&rsquo;existences de l&rsquo;institution. C\u0327a aurait e\u0301te\u0301 un grand moment de partage, d&rsquo;e\u0301change avec le gouvernement, l&rsquo;administration centrale et les enseignants pour brosser un vrai bilan, afin d&rsquo;e\u0301laborer un plan pour rehausser encore plus l&rsquo;Udc. Mais le corps enseignant n&rsquo;est pas implique\u0301 dans l&rsquo;organisation de ce grand e\u0301ve\u0301nement. <\/b><\/p>\n<p>L&rsquo;universite\u0301 des Comores a fe\u0302te\u0301 le 23 novembre dernier ses 20 ans d\u2019existence. Et cet e\u0301ve\u0300nement devrait ouvrir un grand de\u0301bat entre l&rsquo;administration centrale, le gouvernement et les enseignants. Mais, malheureusement ce n&rsquo;e\u0301tait pas le cas. Le corps enseignant n&rsquo;e\u0301tait implique\u0301 ni de pre\u0300s ni de loin dans l&rsquo;organisation et n\u2019a pas aussi participe\u0301 a\u0300 l\u2019e\u0301ve\u0300nement. Interroge\u0301 sur cette situation, un enseignant de ge\u0301ographie a montre\u0301 que c\u2019e\u0301tait une ce\u0301le\u0301bration politique, a\u0300 la place d&rsquo;un vrai bilan.<\/p>\n<p>\u00ab C&rsquo;e\u0301tait une ce\u0301le\u0301bration incohe\u0301rente. Comment peut-on organiser un tel e\u0301ve\u0301nement sans le corps enseignant. On parle des 20 ans d&rsquo;existences de l&rsquo;Udc. C\u0327a devrait e\u0302tre un moment de concertation entre les enseignants et les parties concerne\u0301es. Nous avons cru comprendre que nous allons nous assoir ensemble pour discuter sur des the\u0301matiques dont l&rsquo;Udc avait tant besoin. Nous avions pre\u0301pare\u0301 des the\u0301matiques et des propositions pour toutes les faculte\u0301s. Chaque de\u0301partement avait e\u0301labore\u0301 un rapport de\u0301taille\u0301 pour le pre\u0301senter lors de l&rsquo;e\u0301ve\u0301nement. Dommage, on nous a e\u0301carte\u0301s de la ce\u0301re\u0301monie \u00bb, de\u0301plore-t-il.<\/p>\n<p>Et d\u2019enchainer : \u00ab L&rsquo;administration centrale avec le gouvernement notamment le cabinet du ministe\u0300re de l&rsquo;e\u0301ducation nationale, ont choisi de faire une ce\u0301le\u0301bration politique, au lieu d\u2019un vrai bilan. Ils ont oublie\u0301 que si on parle des 20 ans d&rsquo;existence de l&rsquo;Udc, c&rsquo;est de\u0301ja\u0300 de la politique. Car tout le monde est bien conscient que c&rsquo;est le pre\u0301sident Azali Assoumani qui est l&rsquo;initiateur de l&rsquo;Udc. Donc, ces 20 piges de l&rsquo;Udc devraient e\u0302tre le bon moment d&rsquo;en discuter avec le chef de l&rsquo;E\u0301tat pour pre\u0301senter les difficulte\u0301s que nous rencontrons, ainsi que les e\u0301tudiants \u00bb, regrette celui qui enseigne depuis l&rsquo;ouverture de l&rsquo;Udc en 2003.<\/p>\n<p>Quant au secre\u0301taire ge\u0301ne\u0301ral du Syndicat National des Enseignants de l\u2019Universite\u0301 des Comores (SNEUC) Abdou Said Mouigni, il a souligne\u0301 que l&rsquo;arre\u0302t des cours de 72 heures est termine\u0301. \u00ab Il y a eu des de\u0301fis mais nous avons re\u0301ussi a\u0300 les relever et a\u0300 progresser ensemble. Le bureau du Sneuc est tre\u0300s heureux de savoir qu\u2019il peut compter sur des collaborateurs aussi formidables. En attendant le rapport de nos repre\u0301sentants a\u0300 Anjouan et a\u0300 Moheli, le mot d\u2019ordre d\u2019arre\u0302t des cours est largement suivi a\u0300 Ngazidja, dans toutes les composantes de l\u2019Udc \u00bb, dit-il. Selon lui, un seul enseignant permanent de la Faculte\u0301 des sciences et techniques au nom de Said Soudjay a de\u0301fie\u0301 sciemment la de\u0301cision du Sneuc et le bureau annonce que des mesures disciplinaires seront prises prochainement a\u0300 son encontre par le syndicat. Trois autres contractuels ont donne\u0301 des cours a\u0300 la faculte\u0301 des sciences et techniques et a\u0300 l\u2019EMSP. Et selon eux, c\u2019est par intimidation de la part de l\u2019administration.<\/p>\n<p>Le Sneuc se dit toutefois inquiet de la gestion non participative constate\u0301e pendant ces trois dernie\u0300res anne\u0301es qui a conduit l\u2019UDC a\u0300 une politisation de l\u2019institution. \u00ab C\u2019est une de\u0301marche tre\u0300s dangereuse pour sa survie et son de\u0301veloppement. Une de\u0301marche aussi qui ne tient pas compte de la de\u0301ontologie universitaire et la vision du Chef de l\u2019Etat comme il l\u2019a exprime\u0301 lors d\u2019une confe\u0301rence de presse en mars dernier \u00bb, dit-il. Le bureau du Sneuc informe l\u2019administration centrale et ses membres que si d\u2019ici peu leurs deux mois de salaires ne sont pas paye\u0301s, d&rsquo;autres actions suivront.<\/p>\n<p><strong>Pour plus d&rsquo;informations et d&rsquo;analyses sur la <a href=\"https:\/\/www.africa-press.net\/comores\">Comores<\/a>, suivez <a href=\"https:\/\/www.africa-press.net\/\">Africa-Press<\/a><\/strong><\/p>\n","protected":false},"excerpt":{"rendered":"<p>Africa-Press &#8211; Comores. L&rsquo;administration centrale de l&rsquo;universite\u0301 des Comores (UDC) en partenariat avec le gouvernement a ce\u0301le\u0301bre\u0301 le jeudi 23 novembre les 20 ans d&rsquo;existences de l&rsquo;institution. C\u0327a aurait e\u0301te\u0301 un grand moment de partage, d&rsquo;e\u0301change avec le gouvernement, l&rsquo;administration centrale et les enseignants pour brosser un vrai bilan, afin d&rsquo;e\u0301laborer un plan pour rehausser [&hellip;]<\/p>\n","protected":false},"author":82,"featured_media":14034,"comment_status":"open","ping_status":"closed","sticky":false,"template":"","format":"standard","meta":{"footnotes":""},"categories":[2,10],"tags":[36,53,45],"class_list":["post-14035","post","type-post","status-publish","format-standard","has-post-thumbnail","hentry","category-politique","category-toutes-les-actualites","tag-africa-press","tag-africa-press-comores","tag-comores"],"yoast_head":"<!-- This site is optimized with the Yoast SEO Premium plugin v26.1 (Yoast SEO v27.0) - https:\/\/yoast.com\/product\/yoast-seo-premium-wordpress\/ -->\n<title>C\u00e9l\u00e9bration des 20 ans de l&#039;Udc : \u00ab Une c\u00e9l\u00e9bration politique, \u00e0 la place d&#039;un vrai bilan \u00bb - Comores<\/title>\n<meta name=\"description\" content=\"L&#039;administration centrale de l&#039;universite\u0301 des Comores (UDC) en partenariat avec le gouvernement a ce\u0301le\u0301bre\u0301 le jeud ...\" \/>\n<meta name=\"robots\" content=\"index, follow, max-snippet:-1, max-image-preview:large, max-video-preview:-1\" \/>\n<link rel=\"canonical\" href=\"https:\/\/www.africa-press.net\/comores\/politique\/celebration-des-20-ans-de-ludc-une-celebration-politique-a-la-place-dun-vrai-bilan\" \/>\n<meta property=\"og:locale\" content=\"fr_FR\" \/>\n<meta property=\"og:type\" content=\"article\" \/>\n<meta property=\"og:title\" content=\"C\u00e9l\u00e9bration des 20 ans de l&#039;Udc : \u00ab Une c\u00e9l\u00e9bration politique, \u00e0 la place d&#039;un vrai bilan \u00bb\" \/>\n<meta property=\"og:description\" content=\"L&#039;administration centrale de l&#039;universite\u0301 des Comores (UDC) en partenariat avec le gouvernement a ce\u0301le\u0301bre\u0301 le jeud ...\" \/>\n<meta property=\"og:url\" content=\"https:\/\/www.africa-press.net\/comores\/politique\/celebration-des-20-ans-de-ludc-une-celebration-politique-a-la-place-dun-vrai-bilan\" \/>\n<meta property=\"og:site_name\" content=\"Comores\" \/>\n<meta property=\"article:published_time\" content=\"2023-11-28T18:44:45+00:00\" \/>\n<meta property=\"article:modified_time\" content=\"2023-11-28T21:34:19+00:00\" \/>\n<meta property=\"og:image\" content=\"https:\/\/static.africa-press.net\/centrafricaine\/sites\/48\/2023\/11\/sm_1701190977.699633.jpg\" \/>\n\t<meta property=\"og:image:width\" content=\"960\" \/>\n\t<meta property=\"og:image:height\" content=\"505\" \/>\n\t<meta property=\"og:image:type\" content=\"image\/jpeg\" \/>\n<meta name=\"author\" content=\"cfeditorfr\" \/>\n<meta name=\"twitter:card\" content=\"summary_large_image\" \/>\n<meta name=\"twitter:label1\" content=\"\u00c9crit par\" \/>\n\t<meta name=\"twitter:data1\" content=\"cfeditorfr\" \/>\n\t<meta name=\"twitter:label2\" content=\"Dur\u00e9e de lecture estim\u00e9e\" \/>\n\t<meta name=\"twitter:data2\" content=\"3 minutes\" \/>\n<script type=\"application\/ld+json\" class=\"yoast-schema-graph\">{\"@context\":\"https:\/\/schema.org\",\"@graph\":[{\"@type\":\"Article\",\"@id\":\"https:\/\/www.africa-press.net\/comores\/politique\/celebration-des-20-ans-de-ludc-une-celebration-politique-a-la-place-dun-vrai-bilan#article\",\"isPartOf\":{\"@id\":\"https:\/\/www.africa-press.net\/comores\/politique\/celebration-des-20-ans-de-ludc-une-celebration-politique-a-la-place-dun-vrai-bilan\"},\"author\":{\"name\":\"cfeditorfr\",\"@id\":\"https:\/\/www.africa-press.net\/comores\/#\/schema\/person\/2b1cf3cd81a31e3cd26889ca66d677f1\"},\"headline\":\"C\u00e9l\u00e9bration des 20 ans de l&rsquo;Udc : \u00ab Une c\u00e9l\u00e9bration politique, \u00e0 la place d&rsquo;un vrai bilan \u00bb\",\"datePublished\":\"2023-11-28T18:44:45+00:00\",\"dateModified\":\"2023-11-28T21:34:19+00:00\",\"mainEntityOfPage\":{\"@id\":\"https:\/\/www.africa-press.net\/comores\/politique\/celebration-des-20-ans-de-ludc-une-celebration-politique-a-la-place-dun-vrai-bilan\"},\"wordCount\":755,\"commentCount\":0,\"image\":{\"@id\":\"https:\/\/www.africa-press.net\/comores\/politique\/celebration-des-20-ans-de-ludc-une-celebration-politique-a-la-place-dun-vrai-bilan#primaryimage\"},\"thumbnailUrl\":\"https:\/\/static.africa-press.net\/centrafricaine\/sites\/48\/2023\/11\/sm_1701190977.699633.jpg\",\"keywords\":[\"Africa Press\",\"Africa Press-Comores\",\"Comores\"],\"articleSection\":[\"Politique\",\"Toutes les actualit\u00e9s\"],\"inLanguage\":\"fr-FR\",\"potentialAction\":[{\"@type\":\"CommentAction\",\"name\":\"Comment\",\"target\":[\"https:\/\/www.africa-press.net\/comores\/politique\/celebration-des-20-ans-de-ludc-une-celebration-politique-a-la-place-dun-vrai-bilan#respond\"]}]},{\"@type\":\"WebPage\",\"@id\":\"https:\/\/www.africa-press.net\/comores\/politique\/celebration-des-20-ans-de-ludc-une-celebration-politique-a-la-place-dun-vrai-bilan\",\"url\":\"https:\/\/www.africa-press.net\/comores\/politique\/celebration-des-20-ans-de-ludc-une-celebration-politique-a-la-place-dun-vrai-bilan\",\"name\":\"C\u00e9l\u00e9bration des 20 ans de l'Udc : \u00ab Une c\u00e9l\u00e9bration politique, \u00e0 la place d'un vrai bilan \u00bb - Comores\",\"isPartOf\":{\"@id\":\"https:\/\/www.africa-press.net\/comores\/#website\"},\"primaryImageOfPage\":{\"@id\":\"https:\/\/www.africa-press.net\/comores\/politique\/celebration-des-20-ans-de-ludc-une-celebration-politique-a-la-place-dun-vrai-bilan#primaryimage\"},\"image\":{\"@id\":\"https:\/\/www.africa-press.net\/comores\/politique\/celebration-des-20-ans-de-ludc-une-celebration-politique-a-la-place-dun-vrai-bilan#primaryimage\"},\"thumbnailUrl\":\"https:\/\/static.africa-press.net\/centrafricaine\/sites\/48\/2023\/11\/sm_1701190977.699633.jpg\",\"datePublished\":\"2023-11-28T18:44:45+00:00\",\"dateModified\":\"2023-11-28T21:34:19+00:00\",\"author\":{\"@id\":\"https:\/\/www.africa-press.net\/comores\/#\/schema\/person\/2b1cf3cd81a31e3cd26889ca66d677f1\"},\"description\":\"L'administration centrale de l'universite\u0301 des Comores (UDC) en partenariat avec le gouvernement a ce\u0301le\u0301bre\u0301 le jeud ...\",\"breadcrumb\":{\"@id\":\"https:\/\/www.africa-press.net\/comores\/politique\/celebration-des-20-ans-de-ludc-une-celebration-politique-a-la-place-dun-vrai-bilan#breadcrumb\"},\"inLanguage\":\"fr-FR\",\"potentialAction\":[{\"@type\":\"ReadAction\",\"target\":[\"https:\/\/www.africa-press.net\/comores\/politique\/celebration-des-20-ans-de-ludc-une-celebration-politique-a-la-place-dun-vrai-bilan\"]}]},{\"@type\":\"ImageObject\",\"inLanguage\":\"fr-FR\",\"@id\":\"https:\/\/www.africa-press.net\/comores\/politique\/celebration-des-20-ans-de-ludc-une-celebration-politique-a-la-place-dun-vrai-bilan#primaryimage\",\"url\":\"https:\/\/static.africa-press.net\/centrafricaine\/sites\/48\/2023\/11\/sm_1701190977.699633.jpg\",\"contentUrl\":\"https:\/\/static.africa-press.net\/centrafricaine\/sites\/48\/2023\/11\/sm_1701190977.699633.jpg\",\"width\":960,\"height\":505,\"caption\":\"C\u00e9l\u00e9bration des 20 ans de l'Udc : \u00ab Une c\u00e9l\u00e9bration politique, \u00e0 la place d'un vrai bilan \u00bb\"},{\"@type\":\"BreadcrumbList\",\"@id\":\"https:\/\/www.africa-press.net\/comores\/politique\/celebration-des-20-ans-de-ludc-une-celebration-politique-a-la-place-dun-vrai-bilan#breadcrumb\",\"itemListElement\":[{\"@type\":\"ListItem\",\"position\":1,\"name\":\"Accueil\",\"item\":\"https:\/\/www.africa-press.net\/comores\/\"},{\"@type\":\"ListItem\",\"position\":2,\"name\":\"C\u00e9l\u00e9bration des 20 ans de l&#8217;Udc : \u00ab Une c\u00e9l\u00e9bration politique, \u00e0 la place d&#8217;un vrai bilan \u00bb\"}]},{\"@type\":\"WebSite\",\"@id\":\"https:\/\/www.africa-press.net\/comores\/#website\",\"url\":\"https:\/\/www.africa-press.net\/comores\/\",\"name\":\"Comores\",\"description\":\"Just another Africa News Agency Sites site\",\"potentialAction\":[{\"@type\":\"SearchAction\",\"target\":{\"@type\":\"EntryPoint\",\"urlTemplate\":\"https:\/\/www.africa-press.net\/comores\/?s={search_term_string}\"},\"query-input\":{\"@type\":\"PropertyValueSpecification\",\"valueRequired\":true,\"valueName\":\"search_term_string\"}}],\"inLanguage\":\"fr-FR\"},{\"@type\":\"Person\",\"@id\":\"https:\/\/www.africa-press.net\/comores\/#\/schema\/person\/2b1cf3cd81a31e3cd26889ca66d677f1\",\"name\":\"cfeditorfr\"}]}<\/script>\n<!-- \/ Yoast SEO Premium plugin. -->","yoast_head_json":{"title":"C\u00e9l\u00e9bration des 20 ans de l'Udc : \u00ab Une c\u00e9l\u00e9bration politique, \u00e0 la place d'un vrai bilan \u00bb - Comores","description":"L'administration centrale de l'universite\u0301 des Comores (UDC) en partenariat avec le gouvernement a ce\u0301le\u0301bre\u0301 le jeud ...","robots":{"index":"index","follow":"follow","max-snippet":"max-snippet:-1","max-image-preview":"max-image-preview:large","max-video-preview":"max-video-preview:-1"},"canonical":"https:\/\/www.africa-press.net\/comores\/politique\/celebration-des-20-ans-de-ludc-une-celebration-politique-a-la-place-dun-vrai-bilan","og_locale":"fr_FR","og_type":"article","og_title":"C\u00e9l\u00e9bration des 20 ans de l'Udc : \u00ab Une c\u00e9l\u00e9bration politique, \u00e0 la place d'un vrai bilan \u00bb","og_description":"L'administration centrale de l'universite\u0301 des Comores (UDC) en partenariat avec le gouvernement a ce\u0301le\u0301bre\u0301 le jeud ...","og_url":"https:\/\/www.africa-press.net\/comores\/politique\/celebration-des-20-ans-de-ludc-une-celebration-politique-a-la-place-dun-vrai-bilan","og_site_name":"Comores","article_published_time":"2023-11-28T18:44:45+00:00","article_modified_time":"2023-11-28T21:34:19+00:00","og_image":[{"width":960,"height":505,"url":"https:\/\/static.africa-press.net\/centrafricaine\/sites\/48\/2023\/11\/sm_1701190977.699633.jpg","type":"image\/jpeg"}],"author":"cfeditorfr","twitter_card":"summary_large_image","twitter_misc":{"\u00c9crit par":"cfeditorfr","Dur\u00e9e de lecture estim\u00e9e":"3 minutes"},"schema":{"@context":"https:\/\/schema.org","@graph":[{"@type":"Article","@id":"https:\/\/www.africa-press.net\/comores\/politique\/celebration-des-20-ans-de-ludc-une-celebration-politique-a-la-place-dun-vrai-bilan#article","isPartOf":{"@id":"https:\/\/www.africa-press.net\/comores\/politique\/celebration-des-20-ans-de-ludc-une-celebration-politique-a-la-place-dun-vrai-bilan"},"author":{"name":"cfeditorfr","@id":"https:\/\/www.africa-press.net\/comores\/#\/schema\/person\/2b1cf3cd81a31e3cd26889ca66d677f1"},"headline":"C\u00e9l\u00e9bration des 20 ans de l&rsquo;Udc : \u00ab Une c\u00e9l\u00e9bration politique, \u00e0 la place d&rsquo;un vrai bilan \u00bb","datePublished":"2023-11-28T18:44:45+00:00","dateModified":"2023-11-28T21:34:19+00:00","mainEntityOfPage":{"@id":"https:\/\/www.africa-press.net\/comores\/politique\/celebration-des-20-ans-de-ludc-une-celebration-politique-a-la-place-dun-vrai-bilan"},"wordCount":755,"commentCount":0,"image":{"@id":"https:\/\/www.africa-press.net\/comores\/politique\/celebration-des-20-ans-de-ludc-une-celebration-politique-a-la-place-dun-vrai-bilan#primaryimage"},"thumbnailUrl":"https:\/\/static.africa-press.net\/centrafricaine\/sites\/48\/2023\/11\/sm_1701190977.699633.jpg","keywords":["Africa Press","Africa Press-Comores","Comores"],"articleSection":["Politique","Toutes les actualit\u00e9s"],"inLanguage":"fr-FR","potentialAction":[{"@type":"CommentAction","name":"Comment","target":["https:\/\/www.africa-press.net\/comores\/politique\/celebration-des-20-ans-de-ludc-une-celebration-politique-a-la-place-dun-vrai-bilan#respond"]}]},{"@type":"WebPage","@id":"https:\/\/www.africa-press.net\/comores\/politique\/celebration-des-20-ans-de-ludc-une-celebration-politique-a-la-place-dun-vrai-bilan","url":"https:\/\/www.africa-press.net\/comores\/politique\/celebration-des-20-ans-de-ludc-une-celebration-politique-a-la-place-dun-vrai-bilan","name":"C\u00e9l\u00e9bration des 20 ans de l'Udc : \u00ab Une c\u00e9l\u00e9bration politique, \u00e0 la place d'un vrai bilan \u00bb - Comores","isPartOf":{"@id":"https:\/\/www.africa-press.net\/comores\/#website"},"primaryImageOfPage":{"@id":"https:\/\/www.africa-press.net\/comores\/politique\/celebration-des-20-ans-de-ludc-une-celebration-politique-a-la-place-dun-vrai-bilan#primaryimage"},"image":{"@id":"https:\/\/www.africa-press.net\/comores\/politique\/celebration-des-20-ans-de-ludc-une-celebration-politique-a-la-place-dun-vrai-bilan#primaryimage"},"thumbnailUrl":"https:\/\/static.africa-press.net\/centrafricaine\/sites\/48\/2023\/11\/sm_1701190977.699633.jpg","datePublished":"2023-11-28T18:44:45+00:00","dateModified":"2023-11-28T21:34:19+00:00","author":{"@id":"https:\/\/www.africa-press.net\/comores\/#\/schema\/person\/2b1cf3cd81a31e3cd26889ca66d677f1"},"description":"L'administration centrale de l'universite\u0301 des Comores (UDC) en partenariat avec le gouvernement a ce\u0301le\u0301bre\u0301 le jeud ...","breadcrumb":{"@id":"https:\/\/www.africa-press.net\/comores\/politique\/celebration-des-20-ans-de-ludc-une-celebration-politique-a-la-place-dun-vrai-bilan#breadcrumb"},"inLanguage":"fr-FR","potentialAction":[{"@type":"ReadAction","target":["https:\/\/www.africa-press.net\/comores\/politique\/celebration-des-20-ans-de-ludc-une-celebration-politique-a-la-place-dun-vrai-bilan"]}]},{"@type":"ImageObject","inLanguage":"fr-FR","@id":"https:\/\/www.africa-press.net\/comores\/politique\/celebration-des-20-ans-de-ludc-une-celebration-politique-a-la-place-dun-vrai-bilan#primaryimage","url":"https:\/\/static.africa-press.net\/centrafricaine\/sites\/48\/2023\/11\/sm_1701190977.699633.jpg","contentUrl":"https:\/\/static.africa-press.net\/centrafricaine\/sites\/48\/2023\/11\/sm_1701190977.699633.jpg","width":960,"height":505,"caption":"C\u00e9l\u00e9bration des 20 ans de l'Udc : \u00ab Une c\u00e9l\u00e9bration politique, \u00e0 la place d'un vrai bilan \u00bb"},{"@type":"BreadcrumbList","@id":"https:\/\/www.africa-press.net\/comores\/politique\/celebration-des-20-ans-de-ludc-une-celebration-politique-a-la-place-dun-vrai-bilan#breadcrumb","itemListElement":[{"@type":"ListItem","position":1,"name":"Accueil","item":"https:\/\/www.africa-press.net\/comores\/"},{"@type":"ListItem","position":2,"name":"C\u00e9l\u00e9bration des 20 ans de l&#8217;Udc : \u00ab Une c\u00e9l\u00e9bration politique, \u00e0 la place d&#8217;un vrai bilan \u00bb"}]},{"@type":"WebSite","@id":"https:\/\/www.africa-press.net\/comores\/#website","url":"https:\/\/www.africa-press.net\/comores\/","name":"Comores","description":"Just another Africa News Agency Sites site","potentialAction":[{"@type":"SearchAction","target":{"@type":"EntryPoint","urlTemplate":"https:\/\/www.africa-press.net\/comores\/?s={search_term_string}"},"query-input":{"@type":"PropertyValueSpecification","valueRequired":true,"valueName":"search_term_string"}}],"inLanguage":"fr-FR"},{"@type":"Person","@id":"https:\/\/www.africa-press.net\/comores\/#\/schema\/person\/2b1cf3cd81a31e3cd26889ca66d677f1","name":"cfeditorfr"}]}},"_links":{"self":[{"href":"https:\/\/www.africa-press.net\/comores\/wp-json\/wp\/v2\/posts\/14035","targetHints":{"allow":["GET"]}}],"collection":[{"href":"https:\/\/www.africa-press.net\/comores\/wp-json\/wp\/v2\/posts"}],"about":[{"href":"https:\/\/www.africa-press.net\/comores\/wp-json\/wp\/v2\/types\/post"}],"author":[{"embeddable":true,"href":"https:\/\/www.africa-press.net\/comores\/wp-json\/wp\/v2\/users\/82"}],"replies":[{"embeddable":true,"href":"https:\/\/www.africa-press.net\/comores\/wp-json\/wp\/v2\/comments?post=14035"}],"version-history":[{"count":0,"href":"https:\/\/www.africa-press.net\/comores\/wp-json\/wp\/v2\/posts\/14035\/revisions"}],"wp:featuredmedia":[{"embeddable":true,"href":"https:\/\/www.africa-press.net\/comores\/wp-json\/wp\/v2\/media\/14034"}],"wp:attachment":[{"href":"https:\/\/www.africa-press.net\/comores\/wp-json\/wp\/v2\/media?parent=14035"}],"wp:term":[{"taxonomy":"category","embeddable":true,"href":"https:\/\/www.africa-press.net\/comores\/wp-json\/wp\/v2\/categories?post=14035"},{"taxonomy":"post_tag","embeddable":true,"href":"https:\/\/www.africa-press.net\/comores\/wp-json\/wp\/v2\/tags?post=14035"}],"curies":[{"name":"wp","href":"https:\/\/api.w.org\/{rel}","templated":true}]}}