{"id":14108,"date":"2023-12-01T14:14:11","date_gmt":"2023-12-01T14:14:11","guid":{"rendered":"https:\/\/www.africa-press.net\/comores\/politique\/bras-de-fer-entre-les-candidats-crc-et-juwa-a-anjouan-me-fahmi-jai-lintime-conviction-que-le-droit-sera-dit"},"modified":"2023-12-01T15:32:45","modified_gmt":"2023-12-01T15:32:45","slug":"bras-de-fer-entre-les-candidats-crc-et-juwa-a-anjouan-me-fahmi-jai-lintime-conviction-que-le-droit-sera-dit","status":"publish","type":"post","link":"https:\/\/www.africa-press.net\/comores\/politique\/bras-de-fer-entre-les-candidats-crc-et-juwa-a-anjouan-me-fahmi-jai-lintime-conviction-que-le-droit-sera-dit","title":{"rendered":"Bras de fer entre les candidats CRC et Juwa \u00e0 Anjouan : Me Fahmi : \u00ab J\u2019ai l\u2019intime conviction que le droit sera dit \u00bb"},"content":{"rendered":"<p><span style=\"color: #ff6600\"><strong>Africa-Press &#8211; Comores. <\/strong><\/span><b>Le candidat de la CRC au poste de gouverneur d\u2019Anjouan, Zaidou Youssouf, a introduit un recours a\u0300 la Cour supre\u0302me demandant l\u2019annulation de la candidature de son adversaire de Juwa, Mohamed Soilihy. L\u2019avocat de ce dernier, Me Fahmi Said Ibrahim affirme que le candidat soutenu par le pouvoir est soupc\u0327onne\u0301 d\u2019avoir produit une fausse de\u0301cision pre\u0302te\u0301e a\u0300 la Cour de surete\u0301 de l\u2019E\u0301tat pour faire croire que Mohamed Soilihy a e\u0301te\u0301 condamne\u0301 a\u0300 4 ans de prison depuis mars 2022, ce qui le rendrait de facto ine\u0301ligible. Non seulement Mohamed Soilihy a attaque\u0301 par le biais de son avocat le recours de son adversaire, mais il compte aussi porter plainte. Interview.<\/b><br \/>\n<b>Question : Vous avez attaque\u0301 a\u0300 la Cour supre\u0302me le recours du candidat de la CRC a\u0300 Anjouan, Zaidou Youssouf, qui demande la disqualification de son adversaire de Juwa, Mohamed Soilihy. Pouvez-vous rappeler brie\u0300vement le contexte ?<\/b><br \/>\n<b>Fahmi Said Ibrahim<\/b> : Oui, il a introduit un recours pour demander l\u2019annulation de la candidature de mon client Mohamed Soilihy. La de\u0301fense des inte\u0301re\u0302ts de mon client repose sur deux moyens. Le premier, le recours a e\u0301te\u0301 introduit le 25 novembre a\u0300 08:45, soit 8 jours apre\u0300s la publication de la liste provisoire. Or, l\u2019article 245 de la loi portant organisation de la Cour supre\u0302me donne 5 jours, apre\u0300s publication de la liste provisoire, pour tout candidat de\u0301sireux d\u2019introduire un recours pour agir. Ce raisonnement est corrobore\u0301 par la publication du greffe de la Cour supre\u0302me qui a spe\u0301cifie\u0301 le de\u0301lai au-dela\u0300 duquel toute action sera forclose. On peut lire \u00ab tout recours doit e\u0302tre de\u0301pose\u0301 au plus tard le jeudi 23 a\u0300 14:30 \u00bb. Zaidou a saisi la Cour le samedi 25, rien que sur ce premier moyen, son action est irrecevable. Le second moyen, on a verse\u0301 un arre\u0302t dans lequel mon client est condamne\u0301. Sauf que nous avons produit l\u2019ordonnance de renvoi et le vrai arre\u0302t. Sur ces deux de\u0301cisions de justice, le nom de mon client n\u2019y figure pas. On peut de\u0301duire que l\u2019arre\u0302t produit a\u0300 l\u2019appui du recours est un grossier faux arre\u0302t. Mon client s\u2019appre\u0302te a\u0300 porter plainte contre celui qui produit ce document et contre toute personne qui aurait contribue\u0301 a\u0300 fabriquer ce faux.<\/p>\n<p><b>Question : La presse nationale dont La Gazette des Comores avait couvert ce proce\u0300s. Il a e\u0301te\u0301 me\u0302me diffuse\u0301 en direct sur les re\u0301seaux sociaux notamment par Fcbk FM. Votre client ne figure pas parmi les personnes condamne\u0301es. Du moins lors du proce\u0300s du dimanche 20 mars 2022. Comment expliquer la situation d\u2019aujourd\u2019hui ?<\/b><\/p>\n<p>FSI : Cette bande sonore est claire effectivement. Elle prouve si besoin est, qu\u2019a\u0300 l\u2019occasion du prononce\u0301 du de\u0301libe\u0301re\u0301 transmis en direct, en aucun moment, le nom de mon client n\u2019a e\u0301te\u0301 prononce\u0301 dans le dispositif du jugement. Cette bande sonore prouve, encore une fois, que mon client n\u2019a jamais e\u0301te\u0301 renvoye\u0301 dans la juridiction de jugement. Ainsi, il n\u2019a jamais e\u0301te\u0301 ni juge\u0301 ni condamne\u0301.<\/p>\n<p><b>Question : S\u2019il s\u2019ave\u0300re que le candidat de la CRC est coupable de faux et usage de faux, est-ce que cela peut constituer un motif suffisant de disqualification de sa candidature ? Avez-vous demande\u0301 cette disqualification ?<\/b><\/p>\n<p>FSI : La Cour statue uniquement sur les reque\u0302tes de\u0301pose\u0301es devant elle. Pour l\u2019heure, bien que nous ayons la conviction que Zaidou a produit un faux, nous savons aussi que tant qu\u2019un tribunal ne se sera pas prononce\u0301 sur ces faits au demeurent d\u2019une gravite\u0301 extre\u0302me, il est sur le plan du droit pe\u0301nal, pre\u0301sume\u0301 innocent. C\u2019est pourquoi mon client s\u2019appre\u0302te a\u0300 porter plainte contre Zaidou. Toutefois il faut rappeler que, en l\u2019e\u0301tat de la proce\u0301dure surtout devant le juge du contentieux e\u0301lectoral, il nous e\u0301tait impossible, en droit, de demander sa disqualification parce que la Cour est saisie par une reque\u0302te et nous e\u0301tions en de\u0301fense, et surtout, sa culpabilite\u0301 n\u2019est pas encore reconnue par les juridictions re\u0301pressives.<\/p>\n<p><b>Question : E\u0302tes-vous confiant quant a\u0300 l\u2019issue de votre recours ?<\/b><\/p>\n<p>FSI : Absolument, je suis parfaitement confiant. Avec les arguments que j\u2019ai de\u0301veloppe\u0301s, j\u2019ai l\u2019intime conviction que le droit sera dit et que le recours de Zaidou ne va pas prospe\u0301rer.<\/p>\n<p><b>Source: lagazettedescomores<\/b><\/p>\n<p><strong>Pour plus d&rsquo;informations et d&rsquo;analyses sur la <a href=\"https:\/\/www.africa-press.net\/comores\">Comores<\/a>, suivez <a href=\"https:\/\/www.africa-press.net\/\">Africa-Press<\/a><\/strong><\/p>\n","protected":false},"excerpt":{"rendered":"<p>Africa-Press &#8211; Comores. Le candidat de la CRC au poste de gouverneur d\u2019Anjouan, Zaidou Youssouf, a introduit un recours a\u0300 la Cour supre\u0302me demandant l\u2019annulation de la candidature de son adversaire de Juwa, Mohamed Soilihy. L\u2019avocat de ce dernier, Me Fahmi Said Ibrahim affirme que le candidat soutenu par le pouvoir est soupc\u0327onne\u0301 d\u2019avoir produit [&hellip;]<\/p>\n","protected":false},"author":82,"featured_media":14107,"comment_status":"open","ping_status":"closed","sticky":false,"template":"","format":"standard","meta":{"footnotes":""},"categories":[7,2,20,10],"tags":[36,53,45],"class_list":["post-14108","post","type-post","status-publish","format-standard","has-post-thumbnail","hentry","category-dossiers","category-politique","category-top-nouvelles","category-toutes-les-actualites","tag-africa-press","tag-africa-press-comores","tag-comores"],"yoast_head":"<!-- This site is optimized with the Yoast SEO Premium plugin v26.1 (Yoast SEO v27.0) - https:\/\/yoast.com\/product\/yoast-seo-premium-wordpress\/ -->\n<title>Bras de fer entre les candidats CRC et Juwa \u00e0 Anjouan : Me Fahmi : \u00ab J\u2019ai l\u2019intime conviction que le droit sera dit \u00bb - Comores<\/title>\n<meta name=\"description\" content=\"Le candidat de la CRC au poste de gouverneur d\u2019Anjouan, Zaidou Youssouf, a introduit un recours a\u0300 la Cour supre\u0302me d ...\" \/>\n<meta name=\"robots\" content=\"index, follow, max-snippet:-1, max-image-preview:large, max-video-preview:-1\" \/>\n<link rel=\"canonical\" href=\"https:\/\/www.africa-press.net\/comores\/politique\/bras-de-fer-entre-les-candidats-crc-et-juwa-a-anjouan-me-fahmi-jai-lintime-conviction-que-le-droit-sera-dit\" \/>\n<meta property=\"og:locale\" content=\"fr_FR\" \/>\n<meta property=\"og:type\" content=\"article\" \/>\n<meta property=\"og:title\" content=\"Bras de fer entre les candidats CRC et Juwa \u00e0 Anjouan : Me Fahmi : \u00ab J\u2019ai l\u2019intime conviction que le droit sera dit \u00bb\" \/>\n<meta property=\"og:description\" content=\"Le candidat de la CRC au poste de gouverneur d\u2019Anjouan, Zaidou Youssouf, a introduit un recours a\u0300 la Cour supre\u0302me d ...\" \/>\n<meta property=\"og:url\" content=\"https:\/\/www.africa-press.net\/comores\/politique\/bras-de-fer-entre-les-candidats-crc-et-juwa-a-anjouan-me-fahmi-jai-lintime-conviction-que-le-droit-sera-dit\" \/>\n<meta property=\"og:site_name\" content=\"Comores\" \/>\n<meta property=\"article:published_time\" content=\"2023-12-01T14:14:11+00:00\" \/>\n<meta property=\"article:modified_time\" content=\"2023-12-01T15:32:45+00:00\" \/>\n<meta property=\"og:image\" content=\"https:\/\/static.africa-press.net\/centrafricaine\/sites\/48\/2023\/12\/sm_1701428450.484399.jpg\" \/>\n\t<meta property=\"og:image:width\" content=\"1024\" \/>\n\t<meta property=\"og:image:height\" content=\"768\" \/>\n\t<meta property=\"og:image:type\" content=\"image\/jpeg\" \/>\n<meta name=\"author\" content=\"cfeditorfr\" \/>\n<meta name=\"twitter:card\" content=\"summary_large_image\" \/>\n<meta name=\"twitter:label1\" content=\"\u00c9crit par\" \/>\n\t<meta name=\"twitter:data1\" content=\"cfeditorfr\" \/>\n\t<meta name=\"twitter:label2\" content=\"Dur\u00e9e de lecture estim\u00e9e\" \/>\n\t<meta name=\"twitter:data2\" content=\"4 minutes\" \/>\n<script type=\"application\/ld+json\" class=\"yoast-schema-graph\">{\"@context\":\"https:\/\/schema.org\",\"@graph\":[{\"@type\":\"Article\",\"@id\":\"https:\/\/www.africa-press.net\/comores\/politique\/bras-de-fer-entre-les-candidats-crc-et-juwa-a-anjouan-me-fahmi-jai-lintime-conviction-que-le-droit-sera-dit#article\",\"isPartOf\":{\"@id\":\"https:\/\/www.africa-press.net\/comores\/politique\/bras-de-fer-entre-les-candidats-crc-et-juwa-a-anjouan-me-fahmi-jai-lintime-conviction-que-le-droit-sera-dit\"},\"author\":{\"name\":\"cfeditorfr\",\"@id\":\"https:\/\/www.africa-press.net\/comores\/#\/schema\/person\/2b1cf3cd81a31e3cd26889ca66d677f1\"},\"headline\":\"Bras de fer entre les candidats CRC et Juwa \u00e0 Anjouan : Me Fahmi : \u00ab J\u2019ai l\u2019intime conviction que le droit sera dit \u00bb\",\"datePublished\":\"2023-12-01T14:14:11+00:00\",\"dateModified\":\"2023-12-01T15:32:45+00:00\",\"mainEntityOfPage\":{\"@id\":\"https:\/\/www.africa-press.net\/comores\/politique\/bras-de-fer-entre-les-candidats-crc-et-juwa-a-anjouan-me-fahmi-jai-lintime-conviction-que-le-droit-sera-dit\"},\"wordCount\":794,\"commentCount\":0,\"image\":{\"@id\":\"https:\/\/www.africa-press.net\/comores\/politique\/bras-de-fer-entre-les-candidats-crc-et-juwa-a-anjouan-me-fahmi-jai-lintime-conviction-que-le-droit-sera-dit#primaryimage\"},\"thumbnailUrl\":\"https:\/\/static.africa-press.net\/centrafricaine\/sites\/48\/2023\/12\/sm_1701428450.484399.jpg\",\"keywords\":[\"Africa Press\",\"Africa Press-Comores\",\"Comores\"],\"articleSection\":[\"Dossiers\",\"Politique\",\"Top Nouvelles\",\"Toutes les actualit\u00e9s\"],\"inLanguage\":\"fr-FR\",\"potentialAction\":[{\"@type\":\"CommentAction\",\"name\":\"Comment\",\"target\":[\"https:\/\/www.africa-press.net\/comores\/politique\/bras-de-fer-entre-les-candidats-crc-et-juwa-a-anjouan-me-fahmi-jai-lintime-conviction-que-le-droit-sera-dit#respond\"]}]},{\"@type\":\"WebPage\",\"@id\":\"https:\/\/www.africa-press.net\/comores\/politique\/bras-de-fer-entre-les-candidats-crc-et-juwa-a-anjouan-me-fahmi-jai-lintime-conviction-que-le-droit-sera-dit\",\"url\":\"https:\/\/www.africa-press.net\/comores\/politique\/bras-de-fer-entre-les-candidats-crc-et-juwa-a-anjouan-me-fahmi-jai-lintime-conviction-que-le-droit-sera-dit\",\"name\":\"Bras de fer entre les candidats CRC et Juwa \u00e0 Anjouan : Me Fahmi : \u00ab J\u2019ai l\u2019intime conviction que le droit sera dit \u00bb - Comores\",\"isPartOf\":{\"@id\":\"https:\/\/www.africa-press.net\/comores\/#website\"},\"primaryImageOfPage\":{\"@id\":\"https:\/\/www.africa-press.net\/comores\/politique\/bras-de-fer-entre-les-candidats-crc-et-juwa-a-anjouan-me-fahmi-jai-lintime-conviction-que-le-droit-sera-dit#primaryimage\"},\"image\":{\"@id\":\"https:\/\/www.africa-press.net\/comores\/politique\/bras-de-fer-entre-les-candidats-crc-et-juwa-a-anjouan-me-fahmi-jai-lintime-conviction-que-le-droit-sera-dit#primaryimage\"},\"thumbnailUrl\":\"https:\/\/static.africa-press.net\/centrafricaine\/sites\/48\/2023\/12\/sm_1701428450.484399.jpg\",\"datePublished\":\"2023-12-01T14:14:11+00:00\",\"dateModified\":\"2023-12-01T15:32:45+00:00\",\"author\":{\"@id\":\"https:\/\/www.africa-press.net\/comores\/#\/schema\/person\/2b1cf3cd81a31e3cd26889ca66d677f1\"},\"description\":\"Le candidat de la CRC au poste de gouverneur d\u2019Anjouan, Zaidou Youssouf, a introduit un recours a\u0300 la Cour supre\u0302me d ...\",\"breadcrumb\":{\"@id\":\"https:\/\/www.africa-press.net\/comores\/politique\/bras-de-fer-entre-les-candidats-crc-et-juwa-a-anjouan-me-fahmi-jai-lintime-conviction-que-le-droit-sera-dit#breadcrumb\"},\"inLanguage\":\"fr-FR\",\"potentialAction\":[{\"@type\":\"ReadAction\",\"target\":[\"https:\/\/www.africa-press.net\/comores\/politique\/bras-de-fer-entre-les-candidats-crc-et-juwa-a-anjouan-me-fahmi-jai-lintime-conviction-que-le-droit-sera-dit\"]}]},{\"@type\":\"ImageObject\",\"inLanguage\":\"fr-FR\",\"@id\":\"https:\/\/www.africa-press.net\/comores\/politique\/bras-de-fer-entre-les-candidats-crc-et-juwa-a-anjouan-me-fahmi-jai-lintime-conviction-que-le-droit-sera-dit#primaryimage\",\"url\":\"https:\/\/static.africa-press.net\/centrafricaine\/sites\/48\/2023\/12\/sm_1701428450.484399.jpg\",\"contentUrl\":\"https:\/\/static.africa-press.net\/centrafricaine\/sites\/48\/2023\/12\/sm_1701428450.484399.jpg\",\"width\":1024,\"height\":768,\"caption\":\"Bras de fer entre les candidats CRC et Juwa \u00e0 Anjouan : Me Fahmi : \u00ab J\u2019ai l\u2019intime conviction que le droit sera dit \u00bb\"},{\"@type\":\"BreadcrumbList\",\"@id\":\"https:\/\/www.africa-press.net\/comores\/politique\/bras-de-fer-entre-les-candidats-crc-et-juwa-a-anjouan-me-fahmi-jai-lintime-conviction-que-le-droit-sera-dit#breadcrumb\",\"itemListElement\":[{\"@type\":\"ListItem\",\"position\":1,\"name\":\"Accueil\",\"item\":\"https:\/\/www.africa-press.net\/comores\/\"},{\"@type\":\"ListItem\",\"position\":2,\"name\":\"Bras de fer entre les candidats CRC et Juwa \u00e0 Anjouan : Me Fahmi : \u00ab J\u2019ai l\u2019intime conviction que le droit sera dit \u00bb\"}]},{\"@type\":\"WebSite\",\"@id\":\"https:\/\/www.africa-press.net\/comores\/#website\",\"url\":\"https:\/\/www.africa-press.net\/comores\/\",\"name\":\"Comores\",\"description\":\"Just another Africa News Agency Sites site\",\"potentialAction\":[{\"@type\":\"SearchAction\",\"target\":{\"@type\":\"EntryPoint\",\"urlTemplate\":\"https:\/\/www.africa-press.net\/comores\/?s={search_term_string}\"},\"query-input\":{\"@type\":\"PropertyValueSpecification\",\"valueRequired\":true,\"valueName\":\"search_term_string\"}}],\"inLanguage\":\"fr-FR\"},{\"@type\":\"Person\",\"@id\":\"https:\/\/www.africa-press.net\/comores\/#\/schema\/person\/2b1cf3cd81a31e3cd26889ca66d677f1\",\"name\":\"cfeditorfr\"}]}<\/script>\n<!-- \/ Yoast SEO Premium plugin. -->","yoast_head_json":{"title":"Bras de fer entre les candidats CRC et Juwa \u00e0 Anjouan : Me Fahmi : \u00ab J\u2019ai l\u2019intime conviction que le droit sera dit \u00bb - Comores","description":"Le candidat de la CRC au poste de gouverneur d\u2019Anjouan, Zaidou Youssouf, a introduit un recours a\u0300 la Cour supre\u0302me d ...","robots":{"index":"index","follow":"follow","max-snippet":"max-snippet:-1","max-image-preview":"max-image-preview:large","max-video-preview":"max-video-preview:-1"},"canonical":"https:\/\/www.africa-press.net\/comores\/politique\/bras-de-fer-entre-les-candidats-crc-et-juwa-a-anjouan-me-fahmi-jai-lintime-conviction-que-le-droit-sera-dit","og_locale":"fr_FR","og_type":"article","og_title":"Bras de fer entre les candidats CRC et Juwa \u00e0 Anjouan : Me Fahmi : \u00ab J\u2019ai l\u2019intime conviction que le droit sera dit \u00bb","og_description":"Le candidat de la CRC au poste de gouverneur d\u2019Anjouan, Zaidou Youssouf, a introduit un recours a\u0300 la Cour supre\u0302me d ...","og_url":"https:\/\/www.africa-press.net\/comores\/politique\/bras-de-fer-entre-les-candidats-crc-et-juwa-a-anjouan-me-fahmi-jai-lintime-conviction-que-le-droit-sera-dit","og_site_name":"Comores","article_published_time":"2023-12-01T14:14:11+00:00","article_modified_time":"2023-12-01T15:32:45+00:00","og_image":[{"width":1024,"height":768,"url":"https:\/\/static.africa-press.net\/centrafricaine\/sites\/48\/2023\/12\/sm_1701428450.484399.jpg","type":"image\/jpeg"}],"author":"cfeditorfr","twitter_card":"summary_large_image","twitter_misc":{"\u00c9crit par":"cfeditorfr","Dur\u00e9e de lecture estim\u00e9e":"4 minutes"},"schema":{"@context":"https:\/\/schema.org","@graph":[{"@type":"Article","@id":"https:\/\/www.africa-press.net\/comores\/politique\/bras-de-fer-entre-les-candidats-crc-et-juwa-a-anjouan-me-fahmi-jai-lintime-conviction-que-le-droit-sera-dit#article","isPartOf":{"@id":"https:\/\/www.africa-press.net\/comores\/politique\/bras-de-fer-entre-les-candidats-crc-et-juwa-a-anjouan-me-fahmi-jai-lintime-conviction-que-le-droit-sera-dit"},"author":{"name":"cfeditorfr","@id":"https:\/\/www.africa-press.net\/comores\/#\/schema\/person\/2b1cf3cd81a31e3cd26889ca66d677f1"},"headline":"Bras de fer entre les candidats CRC et Juwa \u00e0 Anjouan : Me Fahmi : \u00ab J\u2019ai l\u2019intime conviction que le droit sera dit \u00bb","datePublished":"2023-12-01T14:14:11+00:00","dateModified":"2023-12-01T15:32:45+00:00","mainEntityOfPage":{"@id":"https:\/\/www.africa-press.net\/comores\/politique\/bras-de-fer-entre-les-candidats-crc-et-juwa-a-anjouan-me-fahmi-jai-lintime-conviction-que-le-droit-sera-dit"},"wordCount":794,"commentCount":0,"image":{"@id":"https:\/\/www.africa-press.net\/comores\/politique\/bras-de-fer-entre-les-candidats-crc-et-juwa-a-anjouan-me-fahmi-jai-lintime-conviction-que-le-droit-sera-dit#primaryimage"},"thumbnailUrl":"https:\/\/static.africa-press.net\/centrafricaine\/sites\/48\/2023\/12\/sm_1701428450.484399.jpg","keywords":["Africa Press","Africa Press-Comores","Comores"],"articleSection":["Dossiers","Politique","Top Nouvelles","Toutes les actualit\u00e9s"],"inLanguage":"fr-FR","potentialAction":[{"@type":"CommentAction","name":"Comment","target":["https:\/\/www.africa-press.net\/comores\/politique\/bras-de-fer-entre-les-candidats-crc-et-juwa-a-anjouan-me-fahmi-jai-lintime-conviction-que-le-droit-sera-dit#respond"]}]},{"@type":"WebPage","@id":"https:\/\/www.africa-press.net\/comores\/politique\/bras-de-fer-entre-les-candidats-crc-et-juwa-a-anjouan-me-fahmi-jai-lintime-conviction-que-le-droit-sera-dit","url":"https:\/\/www.africa-press.net\/comores\/politique\/bras-de-fer-entre-les-candidats-crc-et-juwa-a-anjouan-me-fahmi-jai-lintime-conviction-que-le-droit-sera-dit","name":"Bras de fer entre les candidats CRC et Juwa \u00e0 Anjouan : Me Fahmi : \u00ab J\u2019ai l\u2019intime conviction que le droit sera dit \u00bb - Comores","isPartOf":{"@id":"https:\/\/www.africa-press.net\/comores\/#website"},"primaryImageOfPage":{"@id":"https:\/\/www.africa-press.net\/comores\/politique\/bras-de-fer-entre-les-candidats-crc-et-juwa-a-anjouan-me-fahmi-jai-lintime-conviction-que-le-droit-sera-dit#primaryimage"},"image":{"@id":"https:\/\/www.africa-press.net\/comores\/politique\/bras-de-fer-entre-les-candidats-crc-et-juwa-a-anjouan-me-fahmi-jai-lintime-conviction-que-le-droit-sera-dit#primaryimage"},"thumbnailUrl":"https:\/\/static.africa-press.net\/centrafricaine\/sites\/48\/2023\/12\/sm_1701428450.484399.jpg","datePublished":"2023-12-01T14:14:11+00:00","dateModified":"2023-12-01T15:32:45+00:00","author":{"@id":"https:\/\/www.africa-press.net\/comores\/#\/schema\/person\/2b1cf3cd81a31e3cd26889ca66d677f1"},"description":"Le candidat de la CRC au poste de gouverneur d\u2019Anjouan, Zaidou Youssouf, a introduit un recours a\u0300 la Cour supre\u0302me d ...","breadcrumb":{"@id":"https:\/\/www.africa-press.net\/comores\/politique\/bras-de-fer-entre-les-candidats-crc-et-juwa-a-anjouan-me-fahmi-jai-lintime-conviction-que-le-droit-sera-dit#breadcrumb"},"inLanguage":"fr-FR","potentialAction":[{"@type":"ReadAction","target":["https:\/\/www.africa-press.net\/comores\/politique\/bras-de-fer-entre-les-candidats-crc-et-juwa-a-anjouan-me-fahmi-jai-lintime-conviction-que-le-droit-sera-dit"]}]},{"@type":"ImageObject","inLanguage":"fr-FR","@id":"https:\/\/www.africa-press.net\/comores\/politique\/bras-de-fer-entre-les-candidats-crc-et-juwa-a-anjouan-me-fahmi-jai-lintime-conviction-que-le-droit-sera-dit#primaryimage","url":"https:\/\/static.africa-press.net\/centrafricaine\/sites\/48\/2023\/12\/sm_1701428450.484399.jpg","contentUrl":"https:\/\/static.africa-press.net\/centrafricaine\/sites\/48\/2023\/12\/sm_1701428450.484399.jpg","width":1024,"height":768,"caption":"Bras de fer entre les candidats CRC et Juwa \u00e0 Anjouan : Me Fahmi : \u00ab J\u2019ai l\u2019intime conviction que le droit sera dit \u00bb"},{"@type":"BreadcrumbList","@id":"https:\/\/www.africa-press.net\/comores\/politique\/bras-de-fer-entre-les-candidats-crc-et-juwa-a-anjouan-me-fahmi-jai-lintime-conviction-que-le-droit-sera-dit#breadcrumb","itemListElement":[{"@type":"ListItem","position":1,"name":"Accueil","item":"https:\/\/www.africa-press.net\/comores\/"},{"@type":"ListItem","position":2,"name":"Bras de fer entre les candidats CRC et Juwa \u00e0 Anjouan : Me Fahmi : \u00ab J\u2019ai l\u2019intime conviction que le droit sera dit \u00bb"}]},{"@type":"WebSite","@id":"https:\/\/www.africa-press.net\/comores\/#website","url":"https:\/\/www.africa-press.net\/comores\/","name":"Comores","description":"Just another Africa News Agency Sites site","potentialAction":[{"@type":"SearchAction","target":{"@type":"EntryPoint","urlTemplate":"https:\/\/www.africa-press.net\/comores\/?s={search_term_string}"},"query-input":{"@type":"PropertyValueSpecification","valueRequired":true,"valueName":"search_term_string"}}],"inLanguage":"fr-FR"},{"@type":"Person","@id":"https:\/\/www.africa-press.net\/comores\/#\/schema\/person\/2b1cf3cd81a31e3cd26889ca66d677f1","name":"cfeditorfr"}]}},"_links":{"self":[{"href":"https:\/\/www.africa-press.net\/comores\/wp-json\/wp\/v2\/posts\/14108","targetHints":{"allow":["GET"]}}],"collection":[{"href":"https:\/\/www.africa-press.net\/comores\/wp-json\/wp\/v2\/posts"}],"about":[{"href":"https:\/\/www.africa-press.net\/comores\/wp-json\/wp\/v2\/types\/post"}],"author":[{"embeddable":true,"href":"https:\/\/www.africa-press.net\/comores\/wp-json\/wp\/v2\/users\/82"}],"replies":[{"embeddable":true,"href":"https:\/\/www.africa-press.net\/comores\/wp-json\/wp\/v2\/comments?post=14108"}],"version-history":[{"count":0,"href":"https:\/\/www.africa-press.net\/comores\/wp-json\/wp\/v2\/posts\/14108\/revisions"}],"wp:featuredmedia":[{"embeddable":true,"href":"https:\/\/www.africa-press.net\/comores\/wp-json\/wp\/v2\/media\/14107"}],"wp:attachment":[{"href":"https:\/\/www.africa-press.net\/comores\/wp-json\/wp\/v2\/media?parent=14108"}],"wp:term":[{"taxonomy":"category","embeddable":true,"href":"https:\/\/www.africa-press.net\/comores\/wp-json\/wp\/v2\/categories?post=14108"},{"taxonomy":"post_tag","embeddable":true,"href":"https:\/\/www.africa-press.net\/comores\/wp-json\/wp\/v2\/tags?post=14108"}],"curies":[{"name":"wp","href":"https:\/\/api.w.org\/{rel}","templated":true}]}}