{"id":14267,"date":"2023-12-06T13:18:57","date_gmt":"2023-12-06T13:18:57","guid":{"rendered":"https:\/\/www.africa-press.net\/comores\/politique\/chayhane-sen-prend-a-la-cour-supreme"},"modified":"2023-12-06T15:42:35","modified_gmt":"2023-12-06T15:42:35","slug":"chayhane-sen-prend-a-la-cour-supreme","status":"publish","type":"post","link":"https:\/\/www.africa-press.net\/comores\/politique\/chayhane-sen-prend-a-la-cour-supreme","title":{"rendered":"Chayhane s\u2019en prend \u00e0 la cour supr\u00eame"},"content":{"rendered":"<p><span style=\"color: #ff6600\"><strong>Africa-Press &#8211; Comores. <\/strong><\/span><b>Rejete\u0301 par la cour supre\u0302me, Said Ali Chayhane monte au cre\u0301neau. Il de\u0301nonce un non-respect de la loi et appelle les autres candidats a\u0300 unir leurs forces pour de\u0301fendre leurs droits pour des scrutins libres et transparents. <\/b><\/p>\n<p>C\u2019est un coup de massue pour Said Ali Chayhane, qui voulait se pre\u0301senter a\u0300 l\u2019e\u0301lection des gouverneurs de 2024. Malgre\u0301 ses efforts d\u2019une visibilite\u0301 hors norme, la cour supre\u0302me a rejete\u0301 sa candidature pour de\u0301faut de de\u0301claration de patrimoine. De\u0301c\u0327u, le candidat re\u0301voque\u0301 de\u0301nonce des irre\u0301gularite\u0301s et un non respects de la loi. Dans une vide\u0301o devenue virale, il dit haut et fort qu\u2019il refuse la de\u0301cision de la cour supre\u0302me. \u00ab Leur de\u0301cision est injustifie\u0301e, on ne m\u2019a jamais demande\u0301 de donner la valeur de mes biens ni le nom de mes grand parents. J\u2019ai rec\u0327u le me\u0302me formulaire que les autres candidats, alors de quoi on me reproche ? Ce n\u2019est pas normal. Cette de\u0301cision n\u2019honore pas notre pays et nous vivons dans une e\u0301poque ou\u0300 nous ne devons plus accepter des irre\u0301gularite\u0301s pareilles. C\u2019est dommage que notre justice suive les ordres de l\u2019exte\u0301rieur et au lieu de respecter la loi \u00bb, regrette celui qui a e\u0301te\u0301 pendant 6 ans le puissant ministre des finances et de devenir le patron de Comores te\u0301le\u0301com.<\/p>\n<p>Comme le pre\u0301sident de\u0301chu du Gabon Ali Bongo Ondimba, Chayhane appelle a\u0300 la solidarite\u0301. \u00ab J\u2019appelle tous les autres candidats a\u0300 nous unir afin de de\u0301fendre nos droits pour des scrutins libres et transparents. Il ne faut pas qu\u2019on e\u0301carte celui qui a une popularite\u0301 \u00bb, lance M. Chayhane en de\u0301sespoir de cause.<\/p>\n<p>Rappelons que de\u0300s l\u2019annonce de sa candidature, un ciel orageux s\u2019est de\u0301chaine\u0301 sur lui. Il a e\u0301te\u0301 accuse\u0301 par son parti la CRC d\u2019e\u0302tre indiscipline\u0301. Dans une interview qu\u2019il a accorde\u0301e a\u0300 La Gazette des Comores, l\u2019actuel ambassadeur des Comores a\u0300 Bruxelles, Mohamed Chatur Badaoui avait confie\u0301 que \u00ab le comportement de Chayhane est inquie\u0301tant. Il s\u2019est e\u0301loigne\u0301 des activite\u0301s du parti, il y a fort longtemps \u00bb, laissant entendre une probable rupture entre ce dernier et la CRC.<\/p>\n<p><strong>Pour plus d&rsquo;informations et d&rsquo;analyses sur la <a href=\"https:\/\/www.africa-press.net\/comores\">Comores<\/a>, suivez <a href=\"https:\/\/www.africa-press.net\/\">Africa-Press<\/a><\/strong><\/p>\n","protected":false},"excerpt":{"rendered":"<p>Africa-Press &#8211; Comores. Rejete\u0301 par la cour supre\u0302me, Said Ali Chayhane monte au cre\u0301neau. Il de\u0301nonce un non-respect de la loi et appelle les autres candidats a\u0300 unir leurs forces pour de\u0301fendre leurs droits pour des scrutins libres et transparents. C\u2019est un coup de massue pour Said Ali Chayhane, qui voulait se pre\u0301senter a\u0300 l\u2019e\u0301lection [&hellip;]<\/p>\n","protected":false},"author":82,"featured_media":14266,"comment_status":"open","ping_status":"closed","sticky":false,"template":"","format":"standard","meta":{"footnotes":""},"categories":[2,10],"tags":[36,53,45],"class_list":["post-14267","post","type-post","status-publish","format-standard","has-post-thumbnail","hentry","category-politique","category-toutes-les-actualites","tag-africa-press","tag-africa-press-comores","tag-comores"],"yoast_head":"<!-- This site is optimized with the Yoast SEO Premium plugin v26.1 (Yoast SEO v27.0) - https:\/\/yoast.com\/product\/yoast-seo-premium-wordpress\/ -->\n<title>Chayhane s\u2019en prend \u00e0 la cour supr\u00eame - Comores<\/title>\n<meta name=\"description\" content=\"Rejete\u0301 par la cour supre\u0302me, Said Ali Chayhane monte au cre\u0301neau. Il de\u0301nonce un non-respect de la loi et appelle le ...\" \/>\n<meta name=\"robots\" content=\"index, follow, max-snippet:-1, max-image-preview:large, max-video-preview:-1\" \/>\n<link rel=\"canonical\" href=\"https:\/\/www.africa-press.net\/comores\/politique\/chayhane-sen-prend-a-la-cour-supreme\" \/>\n<meta property=\"og:locale\" content=\"fr_FR\" \/>\n<meta property=\"og:type\" content=\"article\" \/>\n<meta property=\"og:title\" content=\"Chayhane s\u2019en prend \u00e0 la cour supr\u00eame\" \/>\n<meta property=\"og:description\" content=\"Rejete\u0301 par la cour supre\u0302me, Said Ali Chayhane monte au cre\u0301neau. Il de\u0301nonce un non-respect de la loi et appelle le ...\" \/>\n<meta property=\"og:url\" content=\"https:\/\/www.africa-press.net\/comores\/politique\/chayhane-sen-prend-a-la-cour-supreme\" \/>\n<meta property=\"og:site_name\" content=\"Comores\" \/>\n<meta property=\"article:published_time\" content=\"2023-12-06T13:18:57+00:00\" \/>\n<meta property=\"article:modified_time\" content=\"2023-12-06T15:42:35+00:00\" \/>\n<meta property=\"og:image\" content=\"https:\/\/static.africa-press.net\/centrafricaine\/sites\/48\/2023\/12\/sm_1701861083.982939.jpg\" \/>\n\t<meta property=\"og:image:width\" content=\"750\" \/>\n\t<meta property=\"og:image:height\" content=\"445\" \/>\n\t<meta property=\"og:image:type\" content=\"image\/jpeg\" \/>\n<meta name=\"author\" content=\"cfeditorfr\" \/>\n<meta name=\"twitter:card\" content=\"summary_large_image\" \/>\n<meta name=\"twitter:label1\" content=\"\u00c9crit par\" \/>\n\t<meta name=\"twitter:data1\" content=\"cfeditorfr\" \/>\n\t<meta name=\"twitter:label2\" content=\"Dur\u00e9e de lecture estim\u00e9e\" \/>\n\t<meta name=\"twitter:data2\" content=\"2 minutes\" \/>\n<script type=\"application\/ld+json\" class=\"yoast-schema-graph\">{\"@context\":\"https:\/\/schema.org\",\"@graph\":[{\"@type\":\"Article\",\"@id\":\"https:\/\/www.africa-press.net\/comores\/politique\/chayhane-sen-prend-a-la-cour-supreme#article\",\"isPartOf\":{\"@id\":\"https:\/\/www.africa-press.net\/comores\/politique\/chayhane-sen-prend-a-la-cour-supreme\"},\"author\":{\"name\":\"cfeditorfr\",\"@id\":\"https:\/\/www.africa-press.net\/comores\/#\/schema\/person\/2b1cf3cd81a31e3cd26889ca66d677f1\"},\"headline\":\"Chayhane s\u2019en prend \u00e0 la cour supr\u00eame\",\"datePublished\":\"2023-12-06T13:18:57+00:00\",\"dateModified\":\"2023-12-06T15:42:35+00:00\",\"mainEntityOfPage\":{\"@id\":\"https:\/\/www.africa-press.net\/comores\/politique\/chayhane-sen-prend-a-la-cour-supreme\"},\"wordCount\":419,\"commentCount\":0,\"image\":{\"@id\":\"https:\/\/www.africa-press.net\/comores\/politique\/chayhane-sen-prend-a-la-cour-supreme#primaryimage\"},\"thumbnailUrl\":\"https:\/\/static.africa-press.net\/centrafricaine\/sites\/48\/2023\/12\/sm_1701861083.982939.jpg\",\"keywords\":[\"Africa Press\",\"Africa Press-Comores\",\"Comores\"],\"articleSection\":[\"Politique\",\"Toutes les actualit\u00e9s\"],\"inLanguage\":\"fr-FR\",\"potentialAction\":[{\"@type\":\"CommentAction\",\"name\":\"Comment\",\"target\":[\"https:\/\/www.africa-press.net\/comores\/politique\/chayhane-sen-prend-a-la-cour-supreme#respond\"]}]},{\"@type\":\"WebPage\",\"@id\":\"https:\/\/www.africa-press.net\/comores\/politique\/chayhane-sen-prend-a-la-cour-supreme\",\"url\":\"https:\/\/www.africa-press.net\/comores\/politique\/chayhane-sen-prend-a-la-cour-supreme\",\"name\":\"Chayhane s\u2019en prend \u00e0 la cour supr\u00eame - Comores\",\"isPartOf\":{\"@id\":\"https:\/\/www.africa-press.net\/comores\/#website\"},\"primaryImageOfPage\":{\"@id\":\"https:\/\/www.africa-press.net\/comores\/politique\/chayhane-sen-prend-a-la-cour-supreme#primaryimage\"},\"image\":{\"@id\":\"https:\/\/www.africa-press.net\/comores\/politique\/chayhane-sen-prend-a-la-cour-supreme#primaryimage\"},\"thumbnailUrl\":\"https:\/\/static.africa-press.net\/centrafricaine\/sites\/48\/2023\/12\/sm_1701861083.982939.jpg\",\"datePublished\":\"2023-12-06T13:18:57+00:00\",\"dateModified\":\"2023-12-06T15:42:35+00:00\",\"author\":{\"@id\":\"https:\/\/www.africa-press.net\/comores\/#\/schema\/person\/2b1cf3cd81a31e3cd26889ca66d677f1\"},\"description\":\"Rejete\u0301 par la cour supre\u0302me, Said Ali Chayhane monte au cre\u0301neau. Il de\u0301nonce un non-respect de la loi et appelle le ...\",\"breadcrumb\":{\"@id\":\"https:\/\/www.africa-press.net\/comores\/politique\/chayhane-sen-prend-a-la-cour-supreme#breadcrumb\"},\"inLanguage\":\"fr-FR\",\"potentialAction\":[{\"@type\":\"ReadAction\",\"target\":[\"https:\/\/www.africa-press.net\/comores\/politique\/chayhane-sen-prend-a-la-cour-supreme\"]}]},{\"@type\":\"ImageObject\",\"inLanguage\":\"fr-FR\",\"@id\":\"https:\/\/www.africa-press.net\/comores\/politique\/chayhane-sen-prend-a-la-cour-supreme#primaryimage\",\"url\":\"https:\/\/static.africa-press.net\/centrafricaine\/sites\/48\/2023\/12\/sm_1701861083.982939.jpg\",\"contentUrl\":\"https:\/\/static.africa-press.net\/centrafricaine\/sites\/48\/2023\/12\/sm_1701861083.982939.jpg\",\"width\":750,\"height\":445,\"caption\":\"Chayhane s\u2019en prend \u00e0 la cour supr\u00eame\"},{\"@type\":\"BreadcrumbList\",\"@id\":\"https:\/\/www.africa-press.net\/comores\/politique\/chayhane-sen-prend-a-la-cour-supreme#breadcrumb\",\"itemListElement\":[{\"@type\":\"ListItem\",\"position\":1,\"name\":\"Accueil\",\"item\":\"https:\/\/www.africa-press.net\/comores\/\"},{\"@type\":\"ListItem\",\"position\":2,\"name\":\"Chayhane s\u2019en prend \u00e0 la cour supr\u00eame\"}]},{\"@type\":\"WebSite\",\"@id\":\"https:\/\/www.africa-press.net\/comores\/#website\",\"url\":\"https:\/\/www.africa-press.net\/comores\/\",\"name\":\"Comores\",\"description\":\"Just another Africa News Agency Sites site\",\"potentialAction\":[{\"@type\":\"SearchAction\",\"target\":{\"@type\":\"EntryPoint\",\"urlTemplate\":\"https:\/\/www.africa-press.net\/comores\/?s={search_term_string}\"},\"query-input\":{\"@type\":\"PropertyValueSpecification\",\"valueRequired\":true,\"valueName\":\"search_term_string\"}}],\"inLanguage\":\"fr-FR\"},{\"@type\":\"Person\",\"@id\":\"https:\/\/www.africa-press.net\/comores\/#\/schema\/person\/2b1cf3cd81a31e3cd26889ca66d677f1\",\"name\":\"cfeditorfr\"}]}<\/script>\n<!-- \/ Yoast SEO Premium plugin. -->","yoast_head_json":{"title":"Chayhane s\u2019en prend \u00e0 la cour supr\u00eame - Comores","description":"Rejete\u0301 par la cour supre\u0302me, Said Ali Chayhane monte au cre\u0301neau. Il de\u0301nonce un non-respect de la loi et appelle le ...","robots":{"index":"index","follow":"follow","max-snippet":"max-snippet:-1","max-image-preview":"max-image-preview:large","max-video-preview":"max-video-preview:-1"},"canonical":"https:\/\/www.africa-press.net\/comores\/politique\/chayhane-sen-prend-a-la-cour-supreme","og_locale":"fr_FR","og_type":"article","og_title":"Chayhane s\u2019en prend \u00e0 la cour supr\u00eame","og_description":"Rejete\u0301 par la cour supre\u0302me, Said Ali Chayhane monte au cre\u0301neau. Il de\u0301nonce un non-respect de la loi et appelle le ...","og_url":"https:\/\/www.africa-press.net\/comores\/politique\/chayhane-sen-prend-a-la-cour-supreme","og_site_name":"Comores","article_published_time":"2023-12-06T13:18:57+00:00","article_modified_time":"2023-12-06T15:42:35+00:00","og_image":[{"width":750,"height":445,"url":"https:\/\/static.africa-press.net\/centrafricaine\/sites\/48\/2023\/12\/sm_1701861083.982939.jpg","type":"image\/jpeg"}],"author":"cfeditorfr","twitter_card":"summary_large_image","twitter_misc":{"\u00c9crit par":"cfeditorfr","Dur\u00e9e de lecture estim\u00e9e":"2 minutes"},"schema":{"@context":"https:\/\/schema.org","@graph":[{"@type":"Article","@id":"https:\/\/www.africa-press.net\/comores\/politique\/chayhane-sen-prend-a-la-cour-supreme#article","isPartOf":{"@id":"https:\/\/www.africa-press.net\/comores\/politique\/chayhane-sen-prend-a-la-cour-supreme"},"author":{"name":"cfeditorfr","@id":"https:\/\/www.africa-press.net\/comores\/#\/schema\/person\/2b1cf3cd81a31e3cd26889ca66d677f1"},"headline":"Chayhane s\u2019en prend \u00e0 la cour supr\u00eame","datePublished":"2023-12-06T13:18:57+00:00","dateModified":"2023-12-06T15:42:35+00:00","mainEntityOfPage":{"@id":"https:\/\/www.africa-press.net\/comores\/politique\/chayhane-sen-prend-a-la-cour-supreme"},"wordCount":419,"commentCount":0,"image":{"@id":"https:\/\/www.africa-press.net\/comores\/politique\/chayhane-sen-prend-a-la-cour-supreme#primaryimage"},"thumbnailUrl":"https:\/\/static.africa-press.net\/centrafricaine\/sites\/48\/2023\/12\/sm_1701861083.982939.jpg","keywords":["Africa Press","Africa Press-Comores","Comores"],"articleSection":["Politique","Toutes les actualit\u00e9s"],"inLanguage":"fr-FR","potentialAction":[{"@type":"CommentAction","name":"Comment","target":["https:\/\/www.africa-press.net\/comores\/politique\/chayhane-sen-prend-a-la-cour-supreme#respond"]}]},{"@type":"WebPage","@id":"https:\/\/www.africa-press.net\/comores\/politique\/chayhane-sen-prend-a-la-cour-supreme","url":"https:\/\/www.africa-press.net\/comores\/politique\/chayhane-sen-prend-a-la-cour-supreme","name":"Chayhane s\u2019en prend \u00e0 la cour supr\u00eame - Comores","isPartOf":{"@id":"https:\/\/www.africa-press.net\/comores\/#website"},"primaryImageOfPage":{"@id":"https:\/\/www.africa-press.net\/comores\/politique\/chayhane-sen-prend-a-la-cour-supreme#primaryimage"},"image":{"@id":"https:\/\/www.africa-press.net\/comores\/politique\/chayhane-sen-prend-a-la-cour-supreme#primaryimage"},"thumbnailUrl":"https:\/\/static.africa-press.net\/centrafricaine\/sites\/48\/2023\/12\/sm_1701861083.982939.jpg","datePublished":"2023-12-06T13:18:57+00:00","dateModified":"2023-12-06T15:42:35+00:00","author":{"@id":"https:\/\/www.africa-press.net\/comores\/#\/schema\/person\/2b1cf3cd81a31e3cd26889ca66d677f1"},"description":"Rejete\u0301 par la cour supre\u0302me, Said Ali Chayhane monte au cre\u0301neau. Il de\u0301nonce un non-respect de la loi et appelle le ...","breadcrumb":{"@id":"https:\/\/www.africa-press.net\/comores\/politique\/chayhane-sen-prend-a-la-cour-supreme#breadcrumb"},"inLanguage":"fr-FR","potentialAction":[{"@type":"ReadAction","target":["https:\/\/www.africa-press.net\/comores\/politique\/chayhane-sen-prend-a-la-cour-supreme"]}]},{"@type":"ImageObject","inLanguage":"fr-FR","@id":"https:\/\/www.africa-press.net\/comores\/politique\/chayhane-sen-prend-a-la-cour-supreme#primaryimage","url":"https:\/\/static.africa-press.net\/centrafricaine\/sites\/48\/2023\/12\/sm_1701861083.982939.jpg","contentUrl":"https:\/\/static.africa-press.net\/centrafricaine\/sites\/48\/2023\/12\/sm_1701861083.982939.jpg","width":750,"height":445,"caption":"Chayhane s\u2019en prend \u00e0 la cour supr\u00eame"},{"@type":"BreadcrumbList","@id":"https:\/\/www.africa-press.net\/comores\/politique\/chayhane-sen-prend-a-la-cour-supreme#breadcrumb","itemListElement":[{"@type":"ListItem","position":1,"name":"Accueil","item":"https:\/\/www.africa-press.net\/comores\/"},{"@type":"ListItem","position":2,"name":"Chayhane s\u2019en prend \u00e0 la cour supr\u00eame"}]},{"@type":"WebSite","@id":"https:\/\/www.africa-press.net\/comores\/#website","url":"https:\/\/www.africa-press.net\/comores\/","name":"Comores","description":"Just another Africa News Agency Sites site","potentialAction":[{"@type":"SearchAction","target":{"@type":"EntryPoint","urlTemplate":"https:\/\/www.africa-press.net\/comores\/?s={search_term_string}"},"query-input":{"@type":"PropertyValueSpecification","valueRequired":true,"valueName":"search_term_string"}}],"inLanguage":"fr-FR"},{"@type":"Person","@id":"https:\/\/www.africa-press.net\/comores\/#\/schema\/person\/2b1cf3cd81a31e3cd26889ca66d677f1","name":"cfeditorfr"}]}},"_links":{"self":[{"href":"https:\/\/www.africa-press.net\/comores\/wp-json\/wp\/v2\/posts\/14267","targetHints":{"allow":["GET"]}}],"collection":[{"href":"https:\/\/www.africa-press.net\/comores\/wp-json\/wp\/v2\/posts"}],"about":[{"href":"https:\/\/www.africa-press.net\/comores\/wp-json\/wp\/v2\/types\/post"}],"author":[{"embeddable":true,"href":"https:\/\/www.africa-press.net\/comores\/wp-json\/wp\/v2\/users\/82"}],"replies":[{"embeddable":true,"href":"https:\/\/www.africa-press.net\/comores\/wp-json\/wp\/v2\/comments?post=14267"}],"version-history":[{"count":0,"href":"https:\/\/www.africa-press.net\/comores\/wp-json\/wp\/v2\/posts\/14267\/revisions"}],"wp:featuredmedia":[{"embeddable":true,"href":"https:\/\/www.africa-press.net\/comores\/wp-json\/wp\/v2\/media\/14266"}],"wp:attachment":[{"href":"https:\/\/www.africa-press.net\/comores\/wp-json\/wp\/v2\/media?parent=14267"}],"wp:term":[{"taxonomy":"category","embeddable":true,"href":"https:\/\/www.africa-press.net\/comores\/wp-json\/wp\/v2\/categories?post=14267"},{"taxonomy":"post_tag","embeddable":true,"href":"https:\/\/www.africa-press.net\/comores\/wp-json\/wp\/v2\/tags?post=14267"}],"curies":[{"name":"wp","href":"https:\/\/api.w.org\/{rel}","templated":true}]}}