{"id":14273,"date":"2023-12-06T13:27:42","date_gmt":"2023-12-06T13:27:42","guid":{"rendered":"https:\/\/www.africa-press.net\/comores\/politique\/une-mission-de-terre-dophtalmo-sejourne-aux-comores"},"modified":"2023-12-06T15:43:28","modified_gmt":"2023-12-06T15:43:28","slug":"une-mission-de-terre-dophtalmo-sejourne-aux-comores","status":"publish","type":"post","link":"https:\/\/www.africa-press.net\/comores\/politique\/une-mission-de-terre-dophtalmo-sejourne-aux-comores","title":{"rendered":"Une mission de \u00ab terre d\u2019ophtalmo \u00bb s\u00e9journe aux Comores"},"content":{"rendered":"<p><span style=\"color: #ff6600\"><strong>Africa-Press &#8211; Comores. <\/strong><\/span><b>Dans le cadre de la lutte contre la ce\u0301cite\u0301, les spe\u0301cialistes de \u00ab Terre d\u2019ophtalmo \u00bb, de la fondation TA et le centre hospitalier vont mener des activite\u0301s chirurgicales et de de\u0301pistage, des consultations sur des patients pre\u0301sentant des troubles visuels. C\u2019est aussi l\u2019occasion de ce\u0301le\u0301brer la 17e journe\u0301e d\u2019ophtalmologie ou\u0300 la sensibilisation sera au rendez-vous, mais aussi un partage d\u2019expe\u0301rience. <\/b><\/p>\n<p>Pour la e\u0301nie\u0300me fois, le programme national de lutte contre la ce\u0301cite\u0301 (PNLC) accueille une de\u0301le\u0301gation de la mission \u00ab Terre d\u2019ophtalmo \u00bb. Devant la presse, au centre hospitalier de re\u0301fe\u0301rence El-Maarouf ce lundi 4 de\u0301cembre, le coordinateur du PNLC, Dr Chanfi Mohamed a annonce\u0301 que cette mission vise trois objectifs a\u0300 savoir la prise en charge contre les maladies de la ce\u0301cite\u0301, c\u2019est-a\u0300-dire les interventions chirurgicales, le de\u0301pistage dans quelques e\u0301coles sur l\u2019ile surtout a\u0300 Moroni dans le cadre de la sante\u0301 oculaire et la ce\u0301le\u0301bration de la 17e e\u0301dition de la journe\u0301e d\u2019ophtalmologie. Cette anne\u0301e, la mission aura la collaboration de la fondation TA et du centre hospitalier d\u2019ophtalmologie des quinze-vingt.<\/p>\n<p>Ces misions rentrent dans le cadre des e\u0301changes et de partage d\u2019expe\u0301riences entre les ophtalmologistes locaux et l\u2019association Terre d\u2019ophtalmo mais e\u0301galement, d\u2019une formation continue. \u00ab Ce sont des chefs de clinique, des praticiens hospitaliers qui sont la\u0300 pour une mission d\u2019e\u0301changes et de partage d\u2019expe\u0301riences, mais aussi pour venir en aide aux patients comoriens a\u0300 partir des nouvelles techniques de soins que l\u2019on peut retrouver dans les grands ho\u0302pitaux e\u0301trangers. Cette anne\u0301e, dans le cadre de la journe\u0301e ophtalmologie, nous ferons des se\u0301ances de sensibilisation pour expliquer a\u0300 la population les diffe\u0301rentes maladies lie\u0301es a\u0300 la ce\u0301cite\u0301. La journe\u0301e se de\u0301roulera a\u0300 Ngazidja sous la the\u0301matique, la ce\u0301cite\u0301 et la grossesse \u00bb, a-t-il souligne\u0301.<\/p>\n<p>Pre\u0301sent, le repre\u0301sentant du directeur d\u2019El-maarouf M. Abdoulakarim a salue\u0301 cette belle initiative. \u00ab Nous saluons cette collaboration ainsi que nos partenaires. Ces e\u0301changes, sont un pas e\u0301norme dans la formation continue. Le renforcement des capacite\u0301s est un socle mais e\u0301galement cela va contribuer dans cette transition de l\u2019ho\u0302pital vers le centre hospitalier universitaire CHU \u00bb, s\u2019est-t-il re\u0301joui.<\/p>\n<p><strong>Pour plus d&rsquo;informations et d&rsquo;analyses sur la <a href=\"https:\/\/www.africa-press.net\/comores\">Comores<\/a>, suivez <a href=\"https:\/\/www.africa-press.net\/\">Africa-Press<\/a><\/strong><\/p>\n","protected":false},"excerpt":{"rendered":"<p>Africa-Press &#8211; Comores. Dans le cadre de la lutte contre la ce\u0301cite\u0301, les spe\u0301cialistes de \u00ab Terre d\u2019ophtalmo \u00bb, de la fondation TA et le centre hospitalier vont mener des activite\u0301s chirurgicales et de de\u0301pistage, des consultations sur des patients pre\u0301sentant des troubles visuels. C\u2019est aussi l\u2019occasion de ce\u0301le\u0301brer la 17e journe\u0301e d\u2019ophtalmologie ou\u0300 la [&hellip;]<\/p>\n","protected":false},"author":82,"featured_media":14271,"comment_status":"open","ping_status":"closed","sticky":false,"template":"","format":"standard","meta":{"footnotes":""},"categories":[2,10],"tags":[36,53,45],"class_list":["post-14273","post","type-post","status-publish","format-standard","has-post-thumbnail","hentry","category-politique","category-toutes-les-actualites","tag-africa-press","tag-africa-press-comores","tag-comores"],"yoast_head":"<!-- This site is optimized with the Yoast SEO Premium plugin v26.1 (Yoast SEO v27.0) - https:\/\/yoast.com\/product\/yoast-seo-premium-wordpress\/ -->\n<title>Une mission de \u00ab terre d\u2019ophtalmo \u00bb s\u00e9journe aux Comores - Comores<\/title>\n<meta name=\"description\" content=\"Dans le cadre de la lutte contre la ce\u0301cite\u0301, les spe\u0301cialistes de \u00ab Terre d\u2019ophtalmo \u00bb, de la fondation TA et le cen ...\" \/>\n<meta name=\"robots\" content=\"index, follow, max-snippet:-1, max-image-preview:large, max-video-preview:-1\" \/>\n<link rel=\"canonical\" href=\"https:\/\/www.africa-press.net\/comores\/politique\/une-mission-de-terre-dophtalmo-sejourne-aux-comores\" \/>\n<meta property=\"og:locale\" content=\"fr_FR\" \/>\n<meta property=\"og:type\" content=\"article\" \/>\n<meta property=\"og:title\" content=\"Une mission de \u00ab terre d\u2019ophtalmo \u00bb s\u00e9journe aux Comores\" \/>\n<meta property=\"og:description\" content=\"Dans le cadre de la lutte contre la ce\u0301cite\u0301, les spe\u0301cialistes de \u00ab Terre d\u2019ophtalmo \u00bb, de la fondation TA et le cen ...\" \/>\n<meta property=\"og:url\" content=\"https:\/\/www.africa-press.net\/comores\/politique\/une-mission-de-terre-dophtalmo-sejourne-aux-comores\" \/>\n<meta property=\"og:site_name\" content=\"Comores\" \/>\n<meta property=\"article:published_time\" content=\"2023-12-06T13:27:42+00:00\" \/>\n<meta property=\"article:modified_time\" content=\"2023-12-06T15:43:28+00:00\" \/>\n<meta property=\"og:image\" content=\"https:\/\/static.africa-press.net\/centrafricaine\/sites\/48\/2023\/12\/sm_1701861134.651737.jpg\" \/>\n\t<meta property=\"og:image:width\" content=\"1080\" \/>\n\t<meta property=\"og:image:height\" content=\"810\" \/>\n\t<meta property=\"og:image:type\" content=\"image\/jpeg\" \/>\n<meta name=\"author\" content=\"cfeditorfr\" \/>\n<meta name=\"twitter:card\" content=\"summary_large_image\" \/>\n<meta name=\"twitter:label1\" content=\"\u00c9crit par\" \/>\n\t<meta name=\"twitter:data1\" content=\"cfeditorfr\" \/>\n\t<meta name=\"twitter:label2\" content=\"Dur\u00e9e de lecture estim\u00e9e\" \/>\n\t<meta name=\"twitter:data2\" content=\"2 minutes\" \/>\n<script type=\"application\/ld+json\" class=\"yoast-schema-graph\">{\"@context\":\"https:\/\/schema.org\",\"@graph\":[{\"@type\":\"Article\",\"@id\":\"https:\/\/www.africa-press.net\/comores\/politique\/une-mission-de-terre-dophtalmo-sejourne-aux-comores#article\",\"isPartOf\":{\"@id\":\"https:\/\/www.africa-press.net\/comores\/politique\/une-mission-de-terre-dophtalmo-sejourne-aux-comores\"},\"author\":{\"name\":\"cfeditorfr\",\"@id\":\"https:\/\/www.africa-press.net\/comores\/#\/schema\/person\/2b1cf3cd81a31e3cd26889ca66d677f1\"},\"headline\":\"Une mission de \u00ab terre d\u2019ophtalmo \u00bb s\u00e9journe aux Comores\",\"datePublished\":\"2023-12-06T13:27:42+00:00\",\"dateModified\":\"2023-12-06T15:43:28+00:00\",\"mainEntityOfPage\":{\"@id\":\"https:\/\/www.africa-press.net\/comores\/politique\/une-mission-de-terre-dophtalmo-sejourne-aux-comores\"},\"wordCount\":434,\"commentCount\":0,\"image\":{\"@id\":\"https:\/\/www.africa-press.net\/comores\/politique\/une-mission-de-terre-dophtalmo-sejourne-aux-comores#primaryimage\"},\"thumbnailUrl\":\"https:\/\/static.africa-press.net\/centrafricaine\/sites\/48\/2023\/12\/sm_1701861134.651737.jpg\",\"keywords\":[\"Africa Press\",\"Africa Press-Comores\",\"Comores\"],\"articleSection\":[\"Politique\",\"Toutes les actualit\u00e9s\"],\"inLanguage\":\"fr-FR\",\"potentialAction\":[{\"@type\":\"CommentAction\",\"name\":\"Comment\",\"target\":[\"https:\/\/www.africa-press.net\/comores\/politique\/une-mission-de-terre-dophtalmo-sejourne-aux-comores#respond\"]}]},{\"@type\":\"WebPage\",\"@id\":\"https:\/\/www.africa-press.net\/comores\/politique\/une-mission-de-terre-dophtalmo-sejourne-aux-comores\",\"url\":\"https:\/\/www.africa-press.net\/comores\/politique\/une-mission-de-terre-dophtalmo-sejourne-aux-comores\",\"name\":\"Une mission de \u00ab terre d\u2019ophtalmo \u00bb s\u00e9journe aux Comores - Comores\",\"isPartOf\":{\"@id\":\"https:\/\/www.africa-press.net\/comores\/#website\"},\"primaryImageOfPage\":{\"@id\":\"https:\/\/www.africa-press.net\/comores\/politique\/une-mission-de-terre-dophtalmo-sejourne-aux-comores#primaryimage\"},\"image\":{\"@id\":\"https:\/\/www.africa-press.net\/comores\/politique\/une-mission-de-terre-dophtalmo-sejourne-aux-comores#primaryimage\"},\"thumbnailUrl\":\"https:\/\/static.africa-press.net\/centrafricaine\/sites\/48\/2023\/12\/sm_1701861134.651737.jpg\",\"datePublished\":\"2023-12-06T13:27:42+00:00\",\"dateModified\":\"2023-12-06T15:43:28+00:00\",\"author\":{\"@id\":\"https:\/\/www.africa-press.net\/comores\/#\/schema\/person\/2b1cf3cd81a31e3cd26889ca66d677f1\"},\"description\":\"Dans le cadre de la lutte contre la ce\u0301cite\u0301, les spe\u0301cialistes de \u00ab Terre d\u2019ophtalmo \u00bb, de la fondation TA et le cen ...\",\"breadcrumb\":{\"@id\":\"https:\/\/www.africa-press.net\/comores\/politique\/une-mission-de-terre-dophtalmo-sejourne-aux-comores#breadcrumb\"},\"inLanguage\":\"fr-FR\",\"potentialAction\":[{\"@type\":\"ReadAction\",\"target\":[\"https:\/\/www.africa-press.net\/comores\/politique\/une-mission-de-terre-dophtalmo-sejourne-aux-comores\"]}]},{\"@type\":\"ImageObject\",\"inLanguage\":\"fr-FR\",\"@id\":\"https:\/\/www.africa-press.net\/comores\/politique\/une-mission-de-terre-dophtalmo-sejourne-aux-comores#primaryimage\",\"url\":\"https:\/\/static.africa-press.net\/centrafricaine\/sites\/48\/2023\/12\/sm_1701861134.651737.jpg\",\"contentUrl\":\"https:\/\/static.africa-press.net\/centrafricaine\/sites\/48\/2023\/12\/sm_1701861134.651737.jpg\",\"width\":1080,\"height\":810,\"caption\":\"Une mission de \u00ab terre d\u2019ophtalmo \u00bb s\u00e9journe aux Comores\"},{\"@type\":\"BreadcrumbList\",\"@id\":\"https:\/\/www.africa-press.net\/comores\/politique\/une-mission-de-terre-dophtalmo-sejourne-aux-comores#breadcrumb\",\"itemListElement\":[{\"@type\":\"ListItem\",\"position\":1,\"name\":\"Accueil\",\"item\":\"https:\/\/www.africa-press.net\/comores\/\"},{\"@type\":\"ListItem\",\"position\":2,\"name\":\"Une mission de \u00ab terre d\u2019ophtalmo \u00bb s\u00e9journe aux Comores\"}]},{\"@type\":\"WebSite\",\"@id\":\"https:\/\/www.africa-press.net\/comores\/#website\",\"url\":\"https:\/\/www.africa-press.net\/comores\/\",\"name\":\"Comores\",\"description\":\"Just another Africa News Agency Sites site\",\"potentialAction\":[{\"@type\":\"SearchAction\",\"target\":{\"@type\":\"EntryPoint\",\"urlTemplate\":\"https:\/\/www.africa-press.net\/comores\/?s={search_term_string}\"},\"query-input\":{\"@type\":\"PropertyValueSpecification\",\"valueRequired\":true,\"valueName\":\"search_term_string\"}}],\"inLanguage\":\"fr-FR\"},{\"@type\":\"Person\",\"@id\":\"https:\/\/www.africa-press.net\/comores\/#\/schema\/person\/2b1cf3cd81a31e3cd26889ca66d677f1\",\"name\":\"cfeditorfr\"}]}<\/script>\n<!-- \/ Yoast SEO Premium plugin. -->","yoast_head_json":{"title":"Une mission de \u00ab terre d\u2019ophtalmo \u00bb s\u00e9journe aux Comores - Comores","description":"Dans le cadre de la lutte contre la ce\u0301cite\u0301, les spe\u0301cialistes de \u00ab Terre d\u2019ophtalmo \u00bb, de la fondation TA et le cen ...","robots":{"index":"index","follow":"follow","max-snippet":"max-snippet:-1","max-image-preview":"max-image-preview:large","max-video-preview":"max-video-preview:-1"},"canonical":"https:\/\/www.africa-press.net\/comores\/politique\/une-mission-de-terre-dophtalmo-sejourne-aux-comores","og_locale":"fr_FR","og_type":"article","og_title":"Une mission de \u00ab terre d\u2019ophtalmo \u00bb s\u00e9journe aux Comores","og_description":"Dans le cadre de la lutte contre la ce\u0301cite\u0301, les spe\u0301cialistes de \u00ab Terre d\u2019ophtalmo \u00bb, de la fondation TA et le cen ...","og_url":"https:\/\/www.africa-press.net\/comores\/politique\/une-mission-de-terre-dophtalmo-sejourne-aux-comores","og_site_name":"Comores","article_published_time":"2023-12-06T13:27:42+00:00","article_modified_time":"2023-12-06T15:43:28+00:00","og_image":[{"width":1080,"height":810,"url":"https:\/\/static.africa-press.net\/centrafricaine\/sites\/48\/2023\/12\/sm_1701861134.651737.jpg","type":"image\/jpeg"}],"author":"cfeditorfr","twitter_card":"summary_large_image","twitter_misc":{"\u00c9crit par":"cfeditorfr","Dur\u00e9e de lecture estim\u00e9e":"2 minutes"},"schema":{"@context":"https:\/\/schema.org","@graph":[{"@type":"Article","@id":"https:\/\/www.africa-press.net\/comores\/politique\/une-mission-de-terre-dophtalmo-sejourne-aux-comores#article","isPartOf":{"@id":"https:\/\/www.africa-press.net\/comores\/politique\/une-mission-de-terre-dophtalmo-sejourne-aux-comores"},"author":{"name":"cfeditorfr","@id":"https:\/\/www.africa-press.net\/comores\/#\/schema\/person\/2b1cf3cd81a31e3cd26889ca66d677f1"},"headline":"Une mission de \u00ab terre d\u2019ophtalmo \u00bb s\u00e9journe aux Comores","datePublished":"2023-12-06T13:27:42+00:00","dateModified":"2023-12-06T15:43:28+00:00","mainEntityOfPage":{"@id":"https:\/\/www.africa-press.net\/comores\/politique\/une-mission-de-terre-dophtalmo-sejourne-aux-comores"},"wordCount":434,"commentCount":0,"image":{"@id":"https:\/\/www.africa-press.net\/comores\/politique\/une-mission-de-terre-dophtalmo-sejourne-aux-comores#primaryimage"},"thumbnailUrl":"https:\/\/static.africa-press.net\/centrafricaine\/sites\/48\/2023\/12\/sm_1701861134.651737.jpg","keywords":["Africa Press","Africa Press-Comores","Comores"],"articleSection":["Politique","Toutes les actualit\u00e9s"],"inLanguage":"fr-FR","potentialAction":[{"@type":"CommentAction","name":"Comment","target":["https:\/\/www.africa-press.net\/comores\/politique\/une-mission-de-terre-dophtalmo-sejourne-aux-comores#respond"]}]},{"@type":"WebPage","@id":"https:\/\/www.africa-press.net\/comores\/politique\/une-mission-de-terre-dophtalmo-sejourne-aux-comores","url":"https:\/\/www.africa-press.net\/comores\/politique\/une-mission-de-terre-dophtalmo-sejourne-aux-comores","name":"Une mission de \u00ab terre d\u2019ophtalmo \u00bb s\u00e9journe aux Comores - Comores","isPartOf":{"@id":"https:\/\/www.africa-press.net\/comores\/#website"},"primaryImageOfPage":{"@id":"https:\/\/www.africa-press.net\/comores\/politique\/une-mission-de-terre-dophtalmo-sejourne-aux-comores#primaryimage"},"image":{"@id":"https:\/\/www.africa-press.net\/comores\/politique\/une-mission-de-terre-dophtalmo-sejourne-aux-comores#primaryimage"},"thumbnailUrl":"https:\/\/static.africa-press.net\/centrafricaine\/sites\/48\/2023\/12\/sm_1701861134.651737.jpg","datePublished":"2023-12-06T13:27:42+00:00","dateModified":"2023-12-06T15:43:28+00:00","author":{"@id":"https:\/\/www.africa-press.net\/comores\/#\/schema\/person\/2b1cf3cd81a31e3cd26889ca66d677f1"},"description":"Dans le cadre de la lutte contre la ce\u0301cite\u0301, les spe\u0301cialistes de \u00ab Terre d\u2019ophtalmo \u00bb, de la fondation TA et le cen ...","breadcrumb":{"@id":"https:\/\/www.africa-press.net\/comores\/politique\/une-mission-de-terre-dophtalmo-sejourne-aux-comores#breadcrumb"},"inLanguage":"fr-FR","potentialAction":[{"@type":"ReadAction","target":["https:\/\/www.africa-press.net\/comores\/politique\/une-mission-de-terre-dophtalmo-sejourne-aux-comores"]}]},{"@type":"ImageObject","inLanguage":"fr-FR","@id":"https:\/\/www.africa-press.net\/comores\/politique\/une-mission-de-terre-dophtalmo-sejourne-aux-comores#primaryimage","url":"https:\/\/static.africa-press.net\/centrafricaine\/sites\/48\/2023\/12\/sm_1701861134.651737.jpg","contentUrl":"https:\/\/static.africa-press.net\/centrafricaine\/sites\/48\/2023\/12\/sm_1701861134.651737.jpg","width":1080,"height":810,"caption":"Une mission de \u00ab terre d\u2019ophtalmo \u00bb s\u00e9journe aux Comores"},{"@type":"BreadcrumbList","@id":"https:\/\/www.africa-press.net\/comores\/politique\/une-mission-de-terre-dophtalmo-sejourne-aux-comores#breadcrumb","itemListElement":[{"@type":"ListItem","position":1,"name":"Accueil","item":"https:\/\/www.africa-press.net\/comores\/"},{"@type":"ListItem","position":2,"name":"Une mission de \u00ab terre d\u2019ophtalmo \u00bb s\u00e9journe aux Comores"}]},{"@type":"WebSite","@id":"https:\/\/www.africa-press.net\/comores\/#website","url":"https:\/\/www.africa-press.net\/comores\/","name":"Comores","description":"Just another Africa News Agency Sites site","potentialAction":[{"@type":"SearchAction","target":{"@type":"EntryPoint","urlTemplate":"https:\/\/www.africa-press.net\/comores\/?s={search_term_string}"},"query-input":{"@type":"PropertyValueSpecification","valueRequired":true,"valueName":"search_term_string"}}],"inLanguage":"fr-FR"},{"@type":"Person","@id":"https:\/\/www.africa-press.net\/comores\/#\/schema\/person\/2b1cf3cd81a31e3cd26889ca66d677f1","name":"cfeditorfr"}]}},"_links":{"self":[{"href":"https:\/\/www.africa-press.net\/comores\/wp-json\/wp\/v2\/posts\/14273","targetHints":{"allow":["GET"]}}],"collection":[{"href":"https:\/\/www.africa-press.net\/comores\/wp-json\/wp\/v2\/posts"}],"about":[{"href":"https:\/\/www.africa-press.net\/comores\/wp-json\/wp\/v2\/types\/post"}],"author":[{"embeddable":true,"href":"https:\/\/www.africa-press.net\/comores\/wp-json\/wp\/v2\/users\/82"}],"replies":[{"embeddable":true,"href":"https:\/\/www.africa-press.net\/comores\/wp-json\/wp\/v2\/comments?post=14273"}],"version-history":[{"count":0,"href":"https:\/\/www.africa-press.net\/comores\/wp-json\/wp\/v2\/posts\/14273\/revisions"}],"wp:featuredmedia":[{"embeddable":true,"href":"https:\/\/www.africa-press.net\/comores\/wp-json\/wp\/v2\/media\/14271"}],"wp:attachment":[{"href":"https:\/\/www.africa-press.net\/comores\/wp-json\/wp\/v2\/media?parent=14273"}],"wp:term":[{"taxonomy":"category","embeddable":true,"href":"https:\/\/www.africa-press.net\/comores\/wp-json\/wp\/v2\/categories?post=14273"},{"taxonomy":"post_tag","embeddable":true,"href":"https:\/\/www.africa-press.net\/comores\/wp-json\/wp\/v2\/tags?post=14273"}],"curies":[{"name":"wp","href":"https:\/\/api.w.org\/{rel}","templated":true}]}}