{"id":14276,"date":"2023-12-06T13:28:23","date_gmt":"2023-12-06T13:28:23","guid":{"rendered":"https:\/\/www.africa-press.net\/comores\/politique\/oublie-le-candidat-orange-de-moheli-est-reintegre"},"modified":"2023-12-06T15:44:03","modified_gmt":"2023-12-06T15:44:03","slug":"oublie-le-candidat-orange-de-moheli-est-reintegre","status":"publish","type":"post","link":"https:\/\/www.africa-press.net\/comores\/parties\/oublie-le-candidat-orange-de-moheli-est-reintegre","title":{"rendered":"Oubli\u00e9, le candidat Orange de Moh\u00e9li est r\u00e9int\u00e9gr\u00e9"},"content":{"rendered":"<p><span style=\"color: #ff6600\"><strong>Africa-Press &#8211; Comores. <\/strong><\/span><b>Le leader du parti Orange a informe\u0301 ses militants et sympathisants que leur candidat au poste du gouverneur de Mohe\u0301li est finalement re\u0301inte\u0301gre\u0301 sur la liste de\u0301finitive. L\u2019annonce a e\u0301te\u0301 faite par Mohamed Daoudou lors d&rsquo;un point de presse au cours de laquelle, il aborde plusieurs sujets relatifs aux dysfonctionnements de la Cour Supre\u0302me et de la Ceni ainsi que du ministe\u0300re de l&rsquo;inte\u0301rieur.<\/b><\/p>\n<p>\u00ab Nous informons nos militants et sympathisants que notre candidat est de\u0301sormais re\u0301inscrit sur la liste des candidats retenus a\u0300 l\u2019e\u0301lection des gouverneurs des i\u0302les a\u0300 Mohe\u0301li \u00bb, annonce Mohamed Daoudou, tout en montrant que la Cour est responsable de cet acte \u00ab puisqu&rsquo;il ne s&rsquo;agit pas d&rsquo;un oublie\u0301 d&rsquo;un stylo mais pluto\u0302t d\u2019un enjeu politique de notre pays \u00bb. L\u2019ancien ministre de l\u2019inte\u0301rieur d\u2019Azali a annonce\u0301 aussi que tous les candidats du parti Orange sont en course. \u00ab Visiblement, il n\u2019y a aucun proble\u0300me mais on ne sait pas dans l\u2019avenir puisque nous voyons ce qui se passe a\u0300 la Cour Supre\u0302me dans cette premie\u0300re phase de de\u0301po\u0302t des candidatures \u00bb, poursuit-il. Tout en se gardant de critiquer la de\u0301cision de la Cour, il ne peut pas non plus se taire, selon ses propos.<\/p>\n<p>Le leader du mouvement Orange aborde dans cette rencontre avec la presse, la question du rejet de la candidature de Sai\u0308d Ali Chayhane au poste de gouverneur de Ngazidja. Il dit ne pas comprendre la de\u0301cision de la Cour. \u00ab Chayhane a e\u0301crit tout ce que nous avons e\u0301crit. Nous re\u0301pondions par oui et par non. Il n&rsquo;y avait aucun endroit ou\u0300 on de\u0301taillait. Pourquoi lui et pas les autres, se demande-t-il, tout en indexant du doigt la Ceni. Et d\u2019ajouter : \u00ab Comment un candidat comme Ibrahim Mze a eu la de\u0301claration du patrimoine de Chayhane alors qu&rsquo;il s&rsquo;agit d&rsquo;un document confidentiel. Sinon le pre\u0301sident de la Ceni doit de\u0301missionner puisqu&rsquo;il viole les lois \u00bb.<\/p>\n<p>Et par rapport au rejet des autres candidatures au poste de pre\u0301sident de la Re\u0301publique, il affiche son inquie\u0301tude par rapport au motif affiche\u0301 pour les candidats rejete\u0301s sous pre\u0301texte de manque de re\u0301sidence. Selon lui, la Cour est mise en erreur par certaines institutions notamment la Ceni et le ministe\u0300re de l&rsquo;inte\u0301rieur. \u00ab Ils e\u0301taient tous avec nous dans les activite\u0301s coutumie\u0300res. D&rsquo;ailleurs la pe\u0301riode de promulgation de la loi et la tenue des e\u0301lections n&rsquo;a pas atteint la pe\u0301riode de 12 mois \u00bb, critique-t-il, faisant allusion aux trois recale\u0301s de la diaspora.<\/p>\n<p><strong>Pour plus d&rsquo;informations et d&rsquo;analyses sur la <a href=\"https:\/\/www.africa-press.net\/comores\">Comores<\/a>, suivez <a href=\"https:\/\/www.africa-press.net\/\">Africa-Press<\/a><\/strong><\/p>\n","protected":false},"excerpt":{"rendered":"<p>Africa-Press &#8211; Comores. Le leader du parti Orange a informe\u0301 ses militants et sympathisants que leur candidat au poste du gouverneur de Mohe\u0301li est finalement re\u0301inte\u0301gre\u0301 sur la liste de\u0301finitive. L\u2019annonce a e\u0301te\u0301 faite par Mohamed Daoudou lors d&rsquo;un point de presse au cours de laquelle, il aborde plusieurs sujets relatifs aux dysfonctionnements de la [&hellip;]<\/p>\n","protected":false},"author":82,"featured_media":14274,"comment_status":"open","ping_status":"closed","sticky":false,"template":"","format":"standard","meta":{"footnotes":""},"categories":[4,20,10],"tags":[36,53,45],"class_list":["post-14276","post","type-post","status-publish","format-standard","has-post-thumbnail","hentry","category-parties","category-top-nouvelles","category-toutes-les-actualites","tag-africa-press","tag-africa-press-comores","tag-comores"],"yoast_head":"<!-- This site is optimized with the Yoast SEO Premium plugin v26.1 (Yoast SEO v27.0) - https:\/\/yoast.com\/product\/yoast-seo-premium-wordpress\/ -->\n<title>Oubli\u00e9, le candidat Orange de Moh\u00e9li est r\u00e9int\u00e9gr\u00e9 - Comores<\/title>\n<meta name=\"description\" content=\"Le leader du parti Orange a informe\u0301 ses militants et sympathisants que leur candidat au poste du gouverneur de Mohe\u0301 ...\" \/>\n<meta name=\"robots\" content=\"index, follow, max-snippet:-1, max-image-preview:large, max-video-preview:-1\" \/>\n<link rel=\"canonical\" href=\"https:\/\/www.africa-press.net\/comores\/parties\/oublie-le-candidat-orange-de-moheli-est-reintegre\" \/>\n<meta property=\"og:locale\" content=\"fr_FR\" \/>\n<meta property=\"og:type\" content=\"article\" \/>\n<meta property=\"og:title\" content=\"Oubli\u00e9, le candidat Orange de Moh\u00e9li est r\u00e9int\u00e9gr\u00e9\" \/>\n<meta property=\"og:description\" content=\"Le leader du parti Orange a informe\u0301 ses militants et sympathisants que leur candidat au poste du gouverneur de Mohe\u0301 ...\" \/>\n<meta property=\"og:url\" content=\"https:\/\/www.africa-press.net\/comores\/parties\/oublie-le-candidat-orange-de-moheli-est-reintegre\" \/>\n<meta property=\"og:site_name\" content=\"Comores\" \/>\n<meta property=\"article:published_time\" content=\"2023-12-06T13:28:23+00:00\" \/>\n<meta property=\"article:modified_time\" content=\"2023-12-06T15:44:03+00:00\" \/>\n<meta property=\"og:image\" content=\"https:\/\/static.africa-press.net\/centrafricaine\/sites\/48\/2023\/12\/sm_1701861158.207784.jpg\" \/>\n\t<meta property=\"og:image:width\" content=\"1728\" \/>\n\t<meta property=\"og:image:height\" content=\"1151\" \/>\n\t<meta property=\"og:image:type\" content=\"image\/jpeg\" \/>\n<meta name=\"author\" content=\"cfeditorfr\" \/>\n<meta name=\"twitter:card\" content=\"summary_large_image\" \/>\n<meta name=\"twitter:label1\" content=\"\u00c9crit par\" \/>\n\t<meta name=\"twitter:data1\" content=\"cfeditorfr\" \/>\n\t<meta name=\"twitter:label2\" content=\"Dur\u00e9e de lecture estim\u00e9e\" \/>\n\t<meta name=\"twitter:data2\" content=\"2 minutes\" \/>\n<script type=\"application\/ld+json\" class=\"yoast-schema-graph\">{\"@context\":\"https:\/\/schema.org\",\"@graph\":[{\"@type\":\"Article\",\"@id\":\"https:\/\/www.africa-press.net\/comores\/parties\/oublie-le-candidat-orange-de-moheli-est-reintegre#article\",\"isPartOf\":{\"@id\":\"https:\/\/www.africa-press.net\/comores\/parties\/oublie-le-candidat-orange-de-moheli-est-reintegre\"},\"author\":{\"name\":\"cfeditorfr\",\"@id\":\"https:\/\/www.africa-press.net\/comores\/#\/schema\/person\/2b1cf3cd81a31e3cd26889ca66d677f1\"},\"headline\":\"Oubli\u00e9, le candidat Orange de Moh\u00e9li est r\u00e9int\u00e9gr\u00e9\",\"datePublished\":\"2023-12-06T13:28:23+00:00\",\"dateModified\":\"2023-12-06T15:44:03+00:00\",\"mainEntityOfPage\":{\"@id\":\"https:\/\/www.africa-press.net\/comores\/parties\/oublie-le-candidat-orange-de-moheli-est-reintegre\"},\"wordCount\":490,\"commentCount\":0,\"image\":{\"@id\":\"https:\/\/www.africa-press.net\/comores\/parties\/oublie-le-candidat-orange-de-moheli-est-reintegre#primaryimage\"},\"thumbnailUrl\":\"https:\/\/static.africa-press.net\/centrafricaine\/sites\/48\/2023\/12\/sm_1701861158.207784.jpg\",\"keywords\":[\"Africa Press\",\"Africa Press-Comores\",\"Comores\"],\"articleSection\":[\"Parties\",\"Top Nouvelles\",\"Toutes les actualit\u00e9s\"],\"inLanguage\":\"fr-FR\",\"potentialAction\":[{\"@type\":\"CommentAction\",\"name\":\"Comment\",\"target\":[\"https:\/\/www.africa-press.net\/comores\/parties\/oublie-le-candidat-orange-de-moheli-est-reintegre#respond\"]}]},{\"@type\":\"WebPage\",\"@id\":\"https:\/\/www.africa-press.net\/comores\/parties\/oublie-le-candidat-orange-de-moheli-est-reintegre\",\"url\":\"https:\/\/www.africa-press.net\/comores\/parties\/oublie-le-candidat-orange-de-moheli-est-reintegre\",\"name\":\"Oubli\u00e9, le candidat Orange de Moh\u00e9li est r\u00e9int\u00e9gr\u00e9 - Comores\",\"isPartOf\":{\"@id\":\"https:\/\/www.africa-press.net\/comores\/#website\"},\"primaryImageOfPage\":{\"@id\":\"https:\/\/www.africa-press.net\/comores\/parties\/oublie-le-candidat-orange-de-moheli-est-reintegre#primaryimage\"},\"image\":{\"@id\":\"https:\/\/www.africa-press.net\/comores\/parties\/oublie-le-candidat-orange-de-moheli-est-reintegre#primaryimage\"},\"thumbnailUrl\":\"https:\/\/static.africa-press.net\/centrafricaine\/sites\/48\/2023\/12\/sm_1701861158.207784.jpg\",\"datePublished\":\"2023-12-06T13:28:23+00:00\",\"dateModified\":\"2023-12-06T15:44:03+00:00\",\"author\":{\"@id\":\"https:\/\/www.africa-press.net\/comores\/#\/schema\/person\/2b1cf3cd81a31e3cd26889ca66d677f1\"},\"description\":\"Le leader du parti Orange a informe\u0301 ses militants et sympathisants que leur candidat au poste du gouverneur de Mohe\u0301 ...\",\"breadcrumb\":{\"@id\":\"https:\/\/www.africa-press.net\/comores\/parties\/oublie-le-candidat-orange-de-moheli-est-reintegre#breadcrumb\"},\"inLanguage\":\"fr-FR\",\"potentialAction\":[{\"@type\":\"ReadAction\",\"target\":[\"https:\/\/www.africa-press.net\/comores\/parties\/oublie-le-candidat-orange-de-moheli-est-reintegre\"]}]},{\"@type\":\"ImageObject\",\"inLanguage\":\"fr-FR\",\"@id\":\"https:\/\/www.africa-press.net\/comores\/parties\/oublie-le-candidat-orange-de-moheli-est-reintegre#primaryimage\",\"url\":\"https:\/\/static.africa-press.net\/centrafricaine\/sites\/48\/2023\/12\/sm_1701861158.207784.jpg\",\"contentUrl\":\"https:\/\/static.africa-press.net\/centrafricaine\/sites\/48\/2023\/12\/sm_1701861158.207784.jpg\",\"width\":1728,\"height\":1151,\"caption\":\"Oubli\u00e9, le candidat Orange de Moh\u00e9li est r\u00e9int\u00e9gr\u00e9\"},{\"@type\":\"BreadcrumbList\",\"@id\":\"https:\/\/www.africa-press.net\/comores\/parties\/oublie-le-candidat-orange-de-moheli-est-reintegre#breadcrumb\",\"itemListElement\":[{\"@type\":\"ListItem\",\"position\":1,\"name\":\"Accueil\",\"item\":\"https:\/\/www.africa-press.net\/comores\/\"},{\"@type\":\"ListItem\",\"position\":2,\"name\":\"Oubli\u00e9, le candidat Orange de Moh\u00e9li est r\u00e9int\u00e9gr\u00e9\"}]},{\"@type\":\"WebSite\",\"@id\":\"https:\/\/www.africa-press.net\/comores\/#website\",\"url\":\"https:\/\/www.africa-press.net\/comores\/\",\"name\":\"Comores\",\"description\":\"Just another Africa News Agency Sites site\",\"potentialAction\":[{\"@type\":\"SearchAction\",\"target\":{\"@type\":\"EntryPoint\",\"urlTemplate\":\"https:\/\/www.africa-press.net\/comores\/?s={search_term_string}\"},\"query-input\":{\"@type\":\"PropertyValueSpecification\",\"valueRequired\":true,\"valueName\":\"search_term_string\"}}],\"inLanguage\":\"fr-FR\"},{\"@type\":\"Person\",\"@id\":\"https:\/\/www.africa-press.net\/comores\/#\/schema\/person\/2b1cf3cd81a31e3cd26889ca66d677f1\",\"name\":\"cfeditorfr\"}]}<\/script>\n<!-- \/ Yoast SEO Premium plugin. -->","yoast_head_json":{"title":"Oubli\u00e9, le candidat Orange de Moh\u00e9li est r\u00e9int\u00e9gr\u00e9 - Comores","description":"Le leader du parti Orange a informe\u0301 ses militants et sympathisants que leur candidat au poste du gouverneur de Mohe\u0301 ...","robots":{"index":"index","follow":"follow","max-snippet":"max-snippet:-1","max-image-preview":"max-image-preview:large","max-video-preview":"max-video-preview:-1"},"canonical":"https:\/\/www.africa-press.net\/comores\/parties\/oublie-le-candidat-orange-de-moheli-est-reintegre","og_locale":"fr_FR","og_type":"article","og_title":"Oubli\u00e9, le candidat Orange de Moh\u00e9li est r\u00e9int\u00e9gr\u00e9","og_description":"Le leader du parti Orange a informe\u0301 ses militants et sympathisants que leur candidat au poste du gouverneur de Mohe\u0301 ...","og_url":"https:\/\/www.africa-press.net\/comores\/parties\/oublie-le-candidat-orange-de-moheli-est-reintegre","og_site_name":"Comores","article_published_time":"2023-12-06T13:28:23+00:00","article_modified_time":"2023-12-06T15:44:03+00:00","og_image":[{"width":1728,"height":1151,"url":"https:\/\/static.africa-press.net\/centrafricaine\/sites\/48\/2023\/12\/sm_1701861158.207784.jpg","type":"image\/jpeg"}],"author":"cfeditorfr","twitter_card":"summary_large_image","twitter_misc":{"\u00c9crit par":"cfeditorfr","Dur\u00e9e de lecture estim\u00e9e":"2 minutes"},"schema":{"@context":"https:\/\/schema.org","@graph":[{"@type":"Article","@id":"https:\/\/www.africa-press.net\/comores\/parties\/oublie-le-candidat-orange-de-moheli-est-reintegre#article","isPartOf":{"@id":"https:\/\/www.africa-press.net\/comores\/parties\/oublie-le-candidat-orange-de-moheli-est-reintegre"},"author":{"name":"cfeditorfr","@id":"https:\/\/www.africa-press.net\/comores\/#\/schema\/person\/2b1cf3cd81a31e3cd26889ca66d677f1"},"headline":"Oubli\u00e9, le candidat Orange de Moh\u00e9li est r\u00e9int\u00e9gr\u00e9","datePublished":"2023-12-06T13:28:23+00:00","dateModified":"2023-12-06T15:44:03+00:00","mainEntityOfPage":{"@id":"https:\/\/www.africa-press.net\/comores\/parties\/oublie-le-candidat-orange-de-moheli-est-reintegre"},"wordCount":490,"commentCount":0,"image":{"@id":"https:\/\/www.africa-press.net\/comores\/parties\/oublie-le-candidat-orange-de-moheli-est-reintegre#primaryimage"},"thumbnailUrl":"https:\/\/static.africa-press.net\/centrafricaine\/sites\/48\/2023\/12\/sm_1701861158.207784.jpg","keywords":["Africa Press","Africa Press-Comores","Comores"],"articleSection":["Parties","Top Nouvelles","Toutes les actualit\u00e9s"],"inLanguage":"fr-FR","potentialAction":[{"@type":"CommentAction","name":"Comment","target":["https:\/\/www.africa-press.net\/comores\/parties\/oublie-le-candidat-orange-de-moheli-est-reintegre#respond"]}]},{"@type":"WebPage","@id":"https:\/\/www.africa-press.net\/comores\/parties\/oublie-le-candidat-orange-de-moheli-est-reintegre","url":"https:\/\/www.africa-press.net\/comores\/parties\/oublie-le-candidat-orange-de-moheli-est-reintegre","name":"Oubli\u00e9, le candidat Orange de Moh\u00e9li est r\u00e9int\u00e9gr\u00e9 - Comores","isPartOf":{"@id":"https:\/\/www.africa-press.net\/comores\/#website"},"primaryImageOfPage":{"@id":"https:\/\/www.africa-press.net\/comores\/parties\/oublie-le-candidat-orange-de-moheli-est-reintegre#primaryimage"},"image":{"@id":"https:\/\/www.africa-press.net\/comores\/parties\/oublie-le-candidat-orange-de-moheli-est-reintegre#primaryimage"},"thumbnailUrl":"https:\/\/static.africa-press.net\/centrafricaine\/sites\/48\/2023\/12\/sm_1701861158.207784.jpg","datePublished":"2023-12-06T13:28:23+00:00","dateModified":"2023-12-06T15:44:03+00:00","author":{"@id":"https:\/\/www.africa-press.net\/comores\/#\/schema\/person\/2b1cf3cd81a31e3cd26889ca66d677f1"},"description":"Le leader du parti Orange a informe\u0301 ses militants et sympathisants que leur candidat au poste du gouverneur de Mohe\u0301 ...","breadcrumb":{"@id":"https:\/\/www.africa-press.net\/comores\/parties\/oublie-le-candidat-orange-de-moheli-est-reintegre#breadcrumb"},"inLanguage":"fr-FR","potentialAction":[{"@type":"ReadAction","target":["https:\/\/www.africa-press.net\/comores\/parties\/oublie-le-candidat-orange-de-moheli-est-reintegre"]}]},{"@type":"ImageObject","inLanguage":"fr-FR","@id":"https:\/\/www.africa-press.net\/comores\/parties\/oublie-le-candidat-orange-de-moheli-est-reintegre#primaryimage","url":"https:\/\/static.africa-press.net\/centrafricaine\/sites\/48\/2023\/12\/sm_1701861158.207784.jpg","contentUrl":"https:\/\/static.africa-press.net\/centrafricaine\/sites\/48\/2023\/12\/sm_1701861158.207784.jpg","width":1728,"height":1151,"caption":"Oubli\u00e9, le candidat Orange de Moh\u00e9li est r\u00e9int\u00e9gr\u00e9"},{"@type":"BreadcrumbList","@id":"https:\/\/www.africa-press.net\/comores\/parties\/oublie-le-candidat-orange-de-moheli-est-reintegre#breadcrumb","itemListElement":[{"@type":"ListItem","position":1,"name":"Accueil","item":"https:\/\/www.africa-press.net\/comores\/"},{"@type":"ListItem","position":2,"name":"Oubli\u00e9, le candidat Orange de Moh\u00e9li est r\u00e9int\u00e9gr\u00e9"}]},{"@type":"WebSite","@id":"https:\/\/www.africa-press.net\/comores\/#website","url":"https:\/\/www.africa-press.net\/comores\/","name":"Comores","description":"Just another Africa News Agency Sites site","potentialAction":[{"@type":"SearchAction","target":{"@type":"EntryPoint","urlTemplate":"https:\/\/www.africa-press.net\/comores\/?s={search_term_string}"},"query-input":{"@type":"PropertyValueSpecification","valueRequired":true,"valueName":"search_term_string"}}],"inLanguage":"fr-FR"},{"@type":"Person","@id":"https:\/\/www.africa-press.net\/comores\/#\/schema\/person\/2b1cf3cd81a31e3cd26889ca66d677f1","name":"cfeditorfr"}]}},"_links":{"self":[{"href":"https:\/\/www.africa-press.net\/comores\/wp-json\/wp\/v2\/posts\/14276","targetHints":{"allow":["GET"]}}],"collection":[{"href":"https:\/\/www.africa-press.net\/comores\/wp-json\/wp\/v2\/posts"}],"about":[{"href":"https:\/\/www.africa-press.net\/comores\/wp-json\/wp\/v2\/types\/post"}],"author":[{"embeddable":true,"href":"https:\/\/www.africa-press.net\/comores\/wp-json\/wp\/v2\/users\/82"}],"replies":[{"embeddable":true,"href":"https:\/\/www.africa-press.net\/comores\/wp-json\/wp\/v2\/comments?post=14276"}],"version-history":[{"count":0,"href":"https:\/\/www.africa-press.net\/comores\/wp-json\/wp\/v2\/posts\/14276\/revisions"}],"wp:featuredmedia":[{"embeddable":true,"href":"https:\/\/www.africa-press.net\/comores\/wp-json\/wp\/v2\/media\/14274"}],"wp:attachment":[{"href":"https:\/\/www.africa-press.net\/comores\/wp-json\/wp\/v2\/media?parent=14276"}],"wp:term":[{"taxonomy":"category","embeddable":true,"href":"https:\/\/www.africa-press.net\/comores\/wp-json\/wp\/v2\/categories?post=14276"},{"taxonomy":"post_tag","embeddable":true,"href":"https:\/\/www.africa-press.net\/comores\/wp-json\/wp\/v2\/tags?post=14276"}],"curies":[{"name":"wp","href":"https:\/\/api.w.org\/{rel}","templated":true}]}}