{"id":14662,"date":"2023-12-20T15:28:56","date_gmt":"2023-12-20T15:28:56","guid":{"rendered":"https:\/\/www.africa-press.net\/comores\/politique\/la-journee-mondiale-de-la-langue-arabe-celebree-a-moroni"},"modified":"2023-12-20T17:27:37","modified_gmt":"2023-12-20T17:27:37","slug":"la-journee-mondiale-de-la-langue-arabe-celebree-a-moroni","status":"publish","type":"post","link":"https:\/\/www.africa-press.net\/comores\/toutes-les-actualites\/la-journee-mondiale-de-la-langue-arabe-celebree-a-moroni","title":{"rendered":"La journ\u00e9e mondiale de la langue arabe c\u00e9l\u00e9br\u00e9e \u00e0 Moroni"},"content":{"rendered":"<p><span style=\"color: #ff6600\"><strong>Africa-Press &#8211; Comores. <\/strong><\/span><b>L\u2019e\u0301dition 2023 de la journe\u0301e mondiale de la langue Arabe, qui a eu lieu a\u0300 l&rsquo;Assemble\u0301e nationale lundi 18 de\u0301cembre dernier, a e\u0301te\u0301 organise\u0301e avec l\u2019appui de l&rsquo;ambassade du Royaume d\u2019Arabie Saoudite aux Comores, en collaboration avec le ministe\u0300re de l\u2019E\u0301ducation nationale et la faculte\u0301 Imam Chanfiou.<\/b><\/p>\n<p>A l&rsquo;instar du monde arabe, les Comores ont ce\u0301le\u0301bre\u0301 ce lundi 18 de\u0301cembre, la journe\u0301e mondiale de la langue arabe. La journe\u0301e a e\u0301te\u0301 marque\u0301e par la pre\u0301sence du gouverneur de Ngazidja, du pre\u0301sident de l&rsquo;universite\u0301 des Comores, et du personnel de l&rsquo;ambassade d&rsquo;Arabie Saoudite. Place\u0301e sous the\u0300me \u00ab l\u2019Arabe langue de poe\u0301sie et des arts \u00bb, cette journe\u0301e est ce\u0301le\u0301bre\u0301e par l\u2019Ambassade du Royaume d\u2019Arabie Saoudite a\u0300 Moroni en collaboration avec le ministe\u0300re de l\u2019E\u0301ducation nationale et la faculte\u0301 Imam Chanfiou. Dans son intervention, le Charge\u0301 d\u2019affaires de l\u2019ambassade saoudienne a rappele\u0301 que cette ce\u0301le\u0301bration aux Comores refle\u0300te la volonte\u0301 commune de soutenir les efforts du Pre\u0301sident Azali Assoumani de diffuser la langue arabe aux Comores. \u00ab Les de\u0301clarations re\u0301pe\u0301te\u0301es du pre\u0301sident concernant l&rsquo;inte\u0301gration de l&rsquo;enseignement de l&rsquo;arabe dans les programmes e\u0301ducatifs nationaux de\u0300s le niveau primaire illustrent ainsi sa volonte\u0301 de renforcer la langue arabe aux Comores \u00bb, avance-t-il. Et de poursuivre : \u00ab La langue arabe est l\u2019une des langues les plus anciennes dans le monde et les Arabes d\u2019antan la parlaient il y a de cela des milliers d\u2019anne\u0301es \u00bb.<\/p>\n<p>La ce\u0301le\u0301bration de la Journe\u0301e mondiale de la langue arabe permet de mettre en avant son importance en tant que langue universelle, l&rsquo;une des langues vivantes les plus utilise\u0301es de notre e\u0301poque. Selon lui, elle se distingue par sa prolixite\u0301 en matie\u0300re de prononciation de mots et par sa grande mai\u0302trise de l&rsquo;expression. \u00ab Dans cette optique, cette ce\u0301le\u0301bration est aussi un moyen pour le Royaume d&rsquo;Arabie Saoudite de soutenir ces efforts a\u0300 travers l&rsquo;Acade\u0301mie Mondiale Roi Salman pour la langue arabe. Il est ave\u0301re\u0301 que l&rsquo;utilisation de la langue arabe e\u0301tait pre\u0301dominante aux Comores dans le passe\u0301, laissant des traces visibles dans tous les domaines \u00bb, ajoute-t-il. Et d\u2019enchai\u0302ner : \u00ab Le Royaume d&rsquo;Arabie Saoudite continue d\u2019e\u0302tre un pionnier dans le soutien de l&rsquo;enseignement de la langue arabe aux Comores depuis les anne\u0301es 1980, en soutenant la construction des colle\u0300ges de la Ligue musulmane mondiale. Ces e\u0301tablissements scolaires ont joue\u0301 un ro\u0302le essentiel dans la propagation de l&rsquo;e\u0301ducation arabe et islamique dans le pays, ainsi que par l&rsquo;accueil d&rsquo;un certain nombre d&rsquo;e\u0301tudiants comoriens a\u0300 e\u0301tudier dans les Universite\u0301 du Royaume \u00bb.<\/p>\n<p>De son co\u0302te\u0301, le ministre de l\u2019Education nationale, Dr Takiddine Youssouf, a appele\u0301 les partenaires de l\u2019Union des Comores a\u0300 accompagner les autorite\u0301s e\u0301ducatives a\u0300 promouvoir le programme de la langue arabe aux Comores.<\/p>\n<p><strong>Pour plus d&rsquo;informations et d&rsquo;analyses sur la <a href=\"https:\/\/www.africa-press.net\/comores\">Comores<\/a>, suivez <a href=\"https:\/\/www.africa-press.net\/\">Africa-Press<\/a><\/strong><\/p>\n","protected":false},"excerpt":{"rendered":"<p>Africa-Press &#8211; Comores. L\u2019e\u0301dition 2023 de la journe\u0301e mondiale de la langue Arabe, qui a eu lieu a\u0300 l&rsquo;Assemble\u0301e nationale lundi 18 de\u0301cembre dernier, a e\u0301te\u0301 organise\u0301e avec l\u2019appui de l&rsquo;ambassade du Royaume d\u2019Arabie Saoudite aux Comores, en collaboration avec le ministe\u0300re de l\u2019E\u0301ducation nationale et la faculte\u0301 Imam Chanfiou. A l&rsquo;instar du monde arabe, [&hellip;]<\/p>\n","protected":false},"author":82,"featured_media":14661,"comment_status":"open","ping_status":"closed","sticky":false,"template":"","format":"standard","meta":{"footnotes":""},"categories":[21,10],"tags":[36,53,45],"class_list":["post-14662","post","type-post","status-publish","format-standard","has-post-thumbnail","hentry","category-communaute","category-toutes-les-actualites","tag-africa-press","tag-africa-press-comores","tag-comores"],"yoast_head":"<!-- This site is optimized with the Yoast SEO Premium plugin v26.1 (Yoast SEO v27.0) - https:\/\/yoast.com\/product\/yoast-seo-premium-wordpress\/ -->\n<title>La journ\u00e9e mondiale de la langue arabe c\u00e9l\u00e9br\u00e9e \u00e0 Moroni - Comores<\/title>\n<meta name=\"description\" content=\"L\u2019e\u0301dition 2023 de la journe\u0301e mondiale de la langue Arabe, qui a eu lieu a\u0300 l&#039;Assemble\u0301e nationale lundi 18 de\u0301cembr ...\" \/>\n<meta name=\"robots\" content=\"index, follow, max-snippet:-1, max-image-preview:large, max-video-preview:-1\" \/>\n<link rel=\"canonical\" href=\"https:\/\/www.africa-press.net\/comores\/toutes-les-actualites\/la-journee-mondiale-de-la-langue-arabe-celebree-a-moroni\" \/>\n<meta property=\"og:locale\" content=\"fr_FR\" \/>\n<meta property=\"og:type\" content=\"article\" \/>\n<meta property=\"og:title\" content=\"La journ\u00e9e mondiale de la langue arabe c\u00e9l\u00e9br\u00e9e \u00e0 Moroni\" \/>\n<meta property=\"og:description\" content=\"L\u2019e\u0301dition 2023 de la journe\u0301e mondiale de la langue Arabe, qui a eu lieu a\u0300 l&#039;Assemble\u0301e nationale lundi 18 de\u0301cembr ...\" \/>\n<meta property=\"og:url\" content=\"https:\/\/www.africa-press.net\/comores\/toutes-les-actualites\/la-journee-mondiale-de-la-langue-arabe-celebree-a-moroni\" \/>\n<meta property=\"og:site_name\" content=\"Comores\" \/>\n<meta property=\"article:published_time\" content=\"2023-12-20T15:28:56+00:00\" \/>\n<meta property=\"article:modified_time\" content=\"2023-12-20T17:27:37+00:00\" \/>\n<meta property=\"og:image\" content=\"https:\/\/static.africa-press.net\/centrafricaine\/sites\/48\/2023\/12\/sm_1703076921.411206.jpg\" \/>\n\t<meta property=\"og:image:width\" content=\"720\" \/>\n\t<meta property=\"og:image:height\" content=\"540\" \/>\n\t<meta property=\"og:image:type\" content=\"image\/jpeg\" \/>\n<meta name=\"author\" content=\"cfeditorfr\" \/>\n<meta name=\"twitter:card\" content=\"summary_large_image\" \/>\n<meta name=\"twitter:label1\" content=\"\u00c9crit par\" \/>\n\t<meta name=\"twitter:data1\" content=\"cfeditorfr\" \/>\n\t<meta name=\"twitter:label2\" content=\"Dur\u00e9e de lecture estim\u00e9e\" \/>\n\t<meta name=\"twitter:data2\" content=\"3 minutes\" \/>\n<script type=\"application\/ld+json\" class=\"yoast-schema-graph\">{\"@context\":\"https:\/\/schema.org\",\"@graph\":[{\"@type\":\"Article\",\"@id\":\"https:\/\/www.africa-press.net\/comores\/toutes-les-actualites\/la-journee-mondiale-de-la-langue-arabe-celebree-a-moroni#article\",\"isPartOf\":{\"@id\":\"https:\/\/www.africa-press.net\/comores\/toutes-les-actualites\/la-journee-mondiale-de-la-langue-arabe-celebree-a-moroni\"},\"author\":{\"name\":\"cfeditorfr\",\"@id\":\"https:\/\/www.africa-press.net\/comores\/#\/schema\/person\/2b1cf3cd81a31e3cd26889ca66d677f1\"},\"headline\":\"La journ\u00e9e mondiale de la langue arabe c\u00e9l\u00e9br\u00e9e \u00e0 Moroni\",\"datePublished\":\"2023-12-20T15:28:56+00:00\",\"dateModified\":\"2023-12-20T17:27:37+00:00\",\"mainEntityOfPage\":{\"@id\":\"https:\/\/www.africa-press.net\/comores\/toutes-les-actualites\/la-journee-mondiale-de-la-langue-arabe-celebree-a-moroni\"},\"wordCount\":560,\"commentCount\":0,\"image\":{\"@id\":\"https:\/\/www.africa-press.net\/comores\/toutes-les-actualites\/la-journee-mondiale-de-la-langue-arabe-celebree-a-moroni#primaryimage\"},\"thumbnailUrl\":\"https:\/\/static.africa-press.net\/centrafricaine\/sites\/48\/2023\/12\/sm_1703076921.411206.jpg\",\"keywords\":[\"Africa Press\",\"Africa Press-Comores\",\"Comores\"],\"articleSection\":[\"Communaut\u00e9\",\"Toutes les actualit\u00e9s\"],\"inLanguage\":\"fr-FR\",\"potentialAction\":[{\"@type\":\"CommentAction\",\"name\":\"Comment\",\"target\":[\"https:\/\/www.africa-press.net\/comores\/toutes-les-actualites\/la-journee-mondiale-de-la-langue-arabe-celebree-a-moroni#respond\"]}]},{\"@type\":\"WebPage\",\"@id\":\"https:\/\/www.africa-press.net\/comores\/toutes-les-actualites\/la-journee-mondiale-de-la-langue-arabe-celebree-a-moroni\",\"url\":\"https:\/\/www.africa-press.net\/comores\/toutes-les-actualites\/la-journee-mondiale-de-la-langue-arabe-celebree-a-moroni\",\"name\":\"La journ\u00e9e mondiale de la langue arabe c\u00e9l\u00e9br\u00e9e \u00e0 Moroni - Comores\",\"isPartOf\":{\"@id\":\"https:\/\/www.africa-press.net\/comores\/#website\"},\"primaryImageOfPage\":{\"@id\":\"https:\/\/www.africa-press.net\/comores\/toutes-les-actualites\/la-journee-mondiale-de-la-langue-arabe-celebree-a-moroni#primaryimage\"},\"image\":{\"@id\":\"https:\/\/www.africa-press.net\/comores\/toutes-les-actualites\/la-journee-mondiale-de-la-langue-arabe-celebree-a-moroni#primaryimage\"},\"thumbnailUrl\":\"https:\/\/static.africa-press.net\/centrafricaine\/sites\/48\/2023\/12\/sm_1703076921.411206.jpg\",\"datePublished\":\"2023-12-20T15:28:56+00:00\",\"dateModified\":\"2023-12-20T17:27:37+00:00\",\"author\":{\"@id\":\"https:\/\/www.africa-press.net\/comores\/#\/schema\/person\/2b1cf3cd81a31e3cd26889ca66d677f1\"},\"description\":\"L\u2019e\u0301dition 2023 de la journe\u0301e mondiale de la langue Arabe, qui a eu lieu a\u0300 l'Assemble\u0301e nationale lundi 18 de\u0301cembr ...\",\"breadcrumb\":{\"@id\":\"https:\/\/www.africa-press.net\/comores\/toutes-les-actualites\/la-journee-mondiale-de-la-langue-arabe-celebree-a-moroni#breadcrumb\"},\"inLanguage\":\"fr-FR\",\"potentialAction\":[{\"@type\":\"ReadAction\",\"target\":[\"https:\/\/www.africa-press.net\/comores\/toutes-les-actualites\/la-journee-mondiale-de-la-langue-arabe-celebree-a-moroni\"]}]},{\"@type\":\"ImageObject\",\"inLanguage\":\"fr-FR\",\"@id\":\"https:\/\/www.africa-press.net\/comores\/toutes-les-actualites\/la-journee-mondiale-de-la-langue-arabe-celebree-a-moroni#primaryimage\",\"url\":\"https:\/\/static.africa-press.net\/centrafricaine\/sites\/48\/2023\/12\/sm_1703076921.411206.jpg\",\"contentUrl\":\"https:\/\/static.africa-press.net\/centrafricaine\/sites\/48\/2023\/12\/sm_1703076921.411206.jpg\",\"width\":720,\"height\":540,\"caption\":\"La journ\u00e9e mondiale de la langue arabe c\u00e9l\u00e9br\u00e9e \u00e0 Moroni\"},{\"@type\":\"BreadcrumbList\",\"@id\":\"https:\/\/www.africa-press.net\/comores\/toutes-les-actualites\/la-journee-mondiale-de-la-langue-arabe-celebree-a-moroni#breadcrumb\",\"itemListElement\":[{\"@type\":\"ListItem\",\"position\":1,\"name\":\"Accueil\",\"item\":\"https:\/\/www.africa-press.net\/comores\/\"},{\"@type\":\"ListItem\",\"position\":2,\"name\":\"La journ\u00e9e mondiale de la langue arabe c\u00e9l\u00e9br\u00e9e \u00e0 Moroni\"}]},{\"@type\":\"WebSite\",\"@id\":\"https:\/\/www.africa-press.net\/comores\/#website\",\"url\":\"https:\/\/www.africa-press.net\/comores\/\",\"name\":\"Comores\",\"description\":\"Just another Africa News Agency Sites site\",\"potentialAction\":[{\"@type\":\"SearchAction\",\"target\":{\"@type\":\"EntryPoint\",\"urlTemplate\":\"https:\/\/www.africa-press.net\/comores\/?s={search_term_string}\"},\"query-input\":{\"@type\":\"PropertyValueSpecification\",\"valueRequired\":true,\"valueName\":\"search_term_string\"}}],\"inLanguage\":\"fr-FR\"},{\"@type\":\"Person\",\"@id\":\"https:\/\/www.africa-press.net\/comores\/#\/schema\/person\/2b1cf3cd81a31e3cd26889ca66d677f1\",\"name\":\"cfeditorfr\"}]}<\/script>\n<!-- \/ Yoast SEO Premium plugin. -->","yoast_head_json":{"title":"La journ\u00e9e mondiale de la langue arabe c\u00e9l\u00e9br\u00e9e \u00e0 Moroni - Comores","description":"L\u2019e\u0301dition 2023 de la journe\u0301e mondiale de la langue Arabe, qui a eu lieu a\u0300 l'Assemble\u0301e nationale lundi 18 de\u0301cembr ...","robots":{"index":"index","follow":"follow","max-snippet":"max-snippet:-1","max-image-preview":"max-image-preview:large","max-video-preview":"max-video-preview:-1"},"canonical":"https:\/\/www.africa-press.net\/comores\/toutes-les-actualites\/la-journee-mondiale-de-la-langue-arabe-celebree-a-moroni","og_locale":"fr_FR","og_type":"article","og_title":"La journ\u00e9e mondiale de la langue arabe c\u00e9l\u00e9br\u00e9e \u00e0 Moroni","og_description":"L\u2019e\u0301dition 2023 de la journe\u0301e mondiale de la langue Arabe, qui a eu lieu a\u0300 l'Assemble\u0301e nationale lundi 18 de\u0301cembr ...","og_url":"https:\/\/www.africa-press.net\/comores\/toutes-les-actualites\/la-journee-mondiale-de-la-langue-arabe-celebree-a-moroni","og_site_name":"Comores","article_published_time":"2023-12-20T15:28:56+00:00","article_modified_time":"2023-12-20T17:27:37+00:00","og_image":[{"width":720,"height":540,"url":"https:\/\/static.africa-press.net\/centrafricaine\/sites\/48\/2023\/12\/sm_1703076921.411206.jpg","type":"image\/jpeg"}],"author":"cfeditorfr","twitter_card":"summary_large_image","twitter_misc":{"\u00c9crit par":"cfeditorfr","Dur\u00e9e de lecture estim\u00e9e":"3 minutes"},"schema":{"@context":"https:\/\/schema.org","@graph":[{"@type":"Article","@id":"https:\/\/www.africa-press.net\/comores\/toutes-les-actualites\/la-journee-mondiale-de-la-langue-arabe-celebree-a-moroni#article","isPartOf":{"@id":"https:\/\/www.africa-press.net\/comores\/toutes-les-actualites\/la-journee-mondiale-de-la-langue-arabe-celebree-a-moroni"},"author":{"name":"cfeditorfr","@id":"https:\/\/www.africa-press.net\/comores\/#\/schema\/person\/2b1cf3cd81a31e3cd26889ca66d677f1"},"headline":"La journ\u00e9e mondiale de la langue arabe c\u00e9l\u00e9br\u00e9e \u00e0 Moroni","datePublished":"2023-12-20T15:28:56+00:00","dateModified":"2023-12-20T17:27:37+00:00","mainEntityOfPage":{"@id":"https:\/\/www.africa-press.net\/comores\/toutes-les-actualites\/la-journee-mondiale-de-la-langue-arabe-celebree-a-moroni"},"wordCount":560,"commentCount":0,"image":{"@id":"https:\/\/www.africa-press.net\/comores\/toutes-les-actualites\/la-journee-mondiale-de-la-langue-arabe-celebree-a-moroni#primaryimage"},"thumbnailUrl":"https:\/\/static.africa-press.net\/centrafricaine\/sites\/48\/2023\/12\/sm_1703076921.411206.jpg","keywords":["Africa Press","Africa Press-Comores","Comores"],"articleSection":["Communaut\u00e9","Toutes les actualit\u00e9s"],"inLanguage":"fr-FR","potentialAction":[{"@type":"CommentAction","name":"Comment","target":["https:\/\/www.africa-press.net\/comores\/toutes-les-actualites\/la-journee-mondiale-de-la-langue-arabe-celebree-a-moroni#respond"]}]},{"@type":"WebPage","@id":"https:\/\/www.africa-press.net\/comores\/toutes-les-actualites\/la-journee-mondiale-de-la-langue-arabe-celebree-a-moroni","url":"https:\/\/www.africa-press.net\/comores\/toutes-les-actualites\/la-journee-mondiale-de-la-langue-arabe-celebree-a-moroni","name":"La journ\u00e9e mondiale de la langue arabe c\u00e9l\u00e9br\u00e9e \u00e0 Moroni - Comores","isPartOf":{"@id":"https:\/\/www.africa-press.net\/comores\/#website"},"primaryImageOfPage":{"@id":"https:\/\/www.africa-press.net\/comores\/toutes-les-actualites\/la-journee-mondiale-de-la-langue-arabe-celebree-a-moroni#primaryimage"},"image":{"@id":"https:\/\/www.africa-press.net\/comores\/toutes-les-actualites\/la-journee-mondiale-de-la-langue-arabe-celebree-a-moroni#primaryimage"},"thumbnailUrl":"https:\/\/static.africa-press.net\/centrafricaine\/sites\/48\/2023\/12\/sm_1703076921.411206.jpg","datePublished":"2023-12-20T15:28:56+00:00","dateModified":"2023-12-20T17:27:37+00:00","author":{"@id":"https:\/\/www.africa-press.net\/comores\/#\/schema\/person\/2b1cf3cd81a31e3cd26889ca66d677f1"},"description":"L\u2019e\u0301dition 2023 de la journe\u0301e mondiale de la langue Arabe, qui a eu lieu a\u0300 l'Assemble\u0301e nationale lundi 18 de\u0301cembr ...","breadcrumb":{"@id":"https:\/\/www.africa-press.net\/comores\/toutes-les-actualites\/la-journee-mondiale-de-la-langue-arabe-celebree-a-moroni#breadcrumb"},"inLanguage":"fr-FR","potentialAction":[{"@type":"ReadAction","target":["https:\/\/www.africa-press.net\/comores\/toutes-les-actualites\/la-journee-mondiale-de-la-langue-arabe-celebree-a-moroni"]}]},{"@type":"ImageObject","inLanguage":"fr-FR","@id":"https:\/\/www.africa-press.net\/comores\/toutes-les-actualites\/la-journee-mondiale-de-la-langue-arabe-celebree-a-moroni#primaryimage","url":"https:\/\/static.africa-press.net\/centrafricaine\/sites\/48\/2023\/12\/sm_1703076921.411206.jpg","contentUrl":"https:\/\/static.africa-press.net\/centrafricaine\/sites\/48\/2023\/12\/sm_1703076921.411206.jpg","width":720,"height":540,"caption":"La journ\u00e9e mondiale de la langue arabe c\u00e9l\u00e9br\u00e9e \u00e0 Moroni"},{"@type":"BreadcrumbList","@id":"https:\/\/www.africa-press.net\/comores\/toutes-les-actualites\/la-journee-mondiale-de-la-langue-arabe-celebree-a-moroni#breadcrumb","itemListElement":[{"@type":"ListItem","position":1,"name":"Accueil","item":"https:\/\/www.africa-press.net\/comores\/"},{"@type":"ListItem","position":2,"name":"La journ\u00e9e mondiale de la langue arabe c\u00e9l\u00e9br\u00e9e \u00e0 Moroni"}]},{"@type":"WebSite","@id":"https:\/\/www.africa-press.net\/comores\/#website","url":"https:\/\/www.africa-press.net\/comores\/","name":"Comores","description":"Just another Africa News Agency Sites site","potentialAction":[{"@type":"SearchAction","target":{"@type":"EntryPoint","urlTemplate":"https:\/\/www.africa-press.net\/comores\/?s={search_term_string}"},"query-input":{"@type":"PropertyValueSpecification","valueRequired":true,"valueName":"search_term_string"}}],"inLanguage":"fr-FR"},{"@type":"Person","@id":"https:\/\/www.africa-press.net\/comores\/#\/schema\/person\/2b1cf3cd81a31e3cd26889ca66d677f1","name":"cfeditorfr"}]}},"_links":{"self":[{"href":"https:\/\/www.africa-press.net\/comores\/wp-json\/wp\/v2\/posts\/14662","targetHints":{"allow":["GET"]}}],"collection":[{"href":"https:\/\/www.africa-press.net\/comores\/wp-json\/wp\/v2\/posts"}],"about":[{"href":"https:\/\/www.africa-press.net\/comores\/wp-json\/wp\/v2\/types\/post"}],"author":[{"embeddable":true,"href":"https:\/\/www.africa-press.net\/comores\/wp-json\/wp\/v2\/users\/82"}],"replies":[{"embeddable":true,"href":"https:\/\/www.africa-press.net\/comores\/wp-json\/wp\/v2\/comments?post=14662"}],"version-history":[{"count":0,"href":"https:\/\/www.africa-press.net\/comores\/wp-json\/wp\/v2\/posts\/14662\/revisions"}],"wp:featuredmedia":[{"embeddable":true,"href":"https:\/\/www.africa-press.net\/comores\/wp-json\/wp\/v2\/media\/14661"}],"wp:attachment":[{"href":"https:\/\/www.africa-press.net\/comores\/wp-json\/wp\/v2\/media?parent=14662"}],"wp:term":[{"taxonomy":"category","embeddable":true,"href":"https:\/\/www.africa-press.net\/comores\/wp-json\/wp\/v2\/categories?post=14662"},{"taxonomy":"post_tag","embeddable":true,"href":"https:\/\/www.africa-press.net\/comores\/wp-json\/wp\/v2\/tags?post=14662"}],"curies":[{"name":"wp","href":"https:\/\/api.w.org\/{rel}","templated":true}]}}