{"id":14673,"date":"2023-12-20T15:31:38","date_gmt":"2023-12-20T15:31:38","guid":{"rendered":"https:\/\/www.africa-press.net\/comores\/politique\/le-cclb-celebre-ses-26-ans"},"modified":"2023-12-20T17:31:08","modified_gmt":"2023-12-20T17:31:08","slug":"le-cclb-celebre-ses-26-ans","status":"publish","type":"post","link":"https:\/\/www.africa-press.net\/comores\/culture-et-art\/le-cclb-celebre-ses-26-ans","title":{"rendered":"Le CCLB c\u00e9l\u00e8bre ses 26 ans"},"content":{"rendered":"<p><span style=\"color: #ff6600\"><strong>Africa-Press &#8211; Comores. <\/strong><\/span><b>Le Centre Culturel et de Loisirs de Badjanani connait un regain d\u2019animations depuis le 14 de\u0301cembre dernier, a\u0300 l\u2019occasion de ses 26 ans. Apre\u0300s plusieurs anne\u0301es d\u2019inactivite\u0301, le CCLB semble renaitre de ses cendres a\u0300 l\u2019instar d\u2019autres centres de la capitale.<\/b><\/p>\n<p>26 ans, c\u0327a se fe\u0302te ! Depuis plusieurs jours, le CCLB enchaine les activite\u0301s. Les petits et les grands de la communaute\u0301 ont retrousse\u0301 leur manche afin de redonner ses lettres de noblesse a\u0300 ce projet ne\u0301 en de\u0301cembre 1997, et qui a connu plusieurs anne\u0301es de sommeil. Le ba\u0302timent, situe\u0301 au c\u0153ur de la me\u0301dina face a\u0300 la mairie de Moroni, fait e\u0301galement peau neuve. \u00ab Des fournisseurs de la place ont de\u0301cide\u0301 de nous accorder leur confiance et nous fournissent le mate\u0301riel sans que l\u2019on ait a\u0300 payer. On compte vraiment sur la mobilisation de tous \u00bb, a confie\u0301 un membre tre\u0300s actif du comite\u0301 d\u2019organisation cre\u0301e pour l\u2019e\u0301ve\u0300nement.<\/p>\n<p>Pour plus d\u2019efficacite\u0301, une trentaine de personnes sont re\u0301parties dans diffe\u0301rentes commissions. \u00ab Il y a une commission charge\u0301e de la re\u0301novation et la re\u0301habilitation des lieux, une autre sur la re\u0301ouverture de la radio 105 RB ; une charge\u0301e des festivite\u0301s, et une dernie\u0300re commission qui compte les membres de la diaspora. Ceux-la\u0300 s\u2019occupent de la cagnotte en ligne (CotizUp pour Cclb) \u00bb, a-t-il pre\u0301cise\u0301.<\/p>\n<p>Une se\u0301rie d\u2019activite\u0301s a marque\u0301 le vingt-sixie\u0300me anniversaire du Centre avec une confe\u0301rence-de\u0301bat anime\u0301e par Ali Djalim sur l\u2019e\u0301volution du mouvement culturel et associatif de Moroni, une prie\u0300re devant le centre et une journe\u0301e de\u0301die\u0301e aux enfants avec une visite des sous-quartiers de Badjanani avec une halte devant le tombeau du Sultan Mouigni Mkuu, suivie plus tard de concours de danse, courses, quizz et football. La soire\u0301e a pris fin avec une danse traditionnelle (sambe) exe\u0301cute\u0301e par des jeunes du quartier sur la place publique. \u00ab On a appris beaucoup de choses pendant la visite et on s\u2019est me\u0302me fait de nouveaux amis \u00bb, a de\u0301clare\u0301 un enfant qui s\u2019est re\u0301joui des lots remporte\u0301s durant les diffe\u0301rentes activite\u0301s propose\u0301es. \u00ab C\u0327a n\u2019a pas e\u0301te\u0301 facile de motiver tout le monde mais il y a eu un formidable e\u0301lan de solidarite\u0301. On a e\u0301galement beaucoup communique\u0301 sur les re\u0301seaux sociaux. Une mention spe\u0301ciale pour les femmes et mamans de Badjanani, pour leur engagement sans faille \u00bb.<\/p>\n<p>Le bureau du CCLB a pour mission de relancer l\u2019association et ses programmes en faveur des jeunes. \u00ab Un e\u0301lan qui a e\u0301te\u0301 suspendu en raison du Covid et encore plus particulie\u0300rement du cyclone Kenneth qui avait fait voler la toiture et endommage\u0301 l\u2019antenne et l\u2019e\u0301metteur de la radio \u00bb, a explique\u0301 Touhoufat Abdelkader, Pre\u0301sidente du CCLB qui pro\u0302ne la collaboration avec les diffe\u0301rents centres culturels dans le but de contribuer au tissu social et a\u0300 l\u2019enrichissement intellectuel des jeunes. \u00ab Le CASM par exemple vient d\u2019e\u0301lire un nouveau bureau dont le pre\u0301sident est un ope\u0301rateur culturel chevronne\u0301. Je me permets d\u2019avancer qu\u2019en bonne intelligence, nous pourrons collaborer, ainsi qu\u2019avec d\u2019autres centres, sur des projets communs me\u0302me si chaque association a son propre programme guide\u0301 par ses spe\u0301cificite\u0301s et ses particularite\u0301s \u00bb.<\/p>\n<p>Pour l\u2019anne\u0301e 2024, le CCLB pre\u0301voit de recruter un Directeur du Centre qui en assurera le fonctionnement avec un programme de formations et d\u2019activite\u0301s, en synergie avec le bureau et le Comite\u0301 des Sages. Une excellente nouvelle pour les jeunes des quartiers a\u0300 qui il manquait un espace d\u2019expression, de promotion et de pre\u0301servation de la culture.<\/p>\n<p><strong>Pour plus d&rsquo;informations et d&rsquo;analyses sur la <a href=\"https:\/\/www.africa-press.net\/comores\">Comores<\/a>, suivez <a href=\"https:\/\/www.africa-press.net\/\">Africa-Press<\/a><\/strong><\/p>\n","protected":false},"excerpt":{"rendered":"<p>Africa-Press &#8211; Comores. Le Centre Culturel et de Loisirs de Badjanani connait un regain d\u2019animations depuis le 14 de\u0301cembre dernier, a\u0300 l\u2019occasion de ses 26 ans. Apre\u0300s plusieurs anne\u0301es d\u2019inactivite\u0301, le CCLB semble renaitre de ses cendres a\u0300 l\u2019instar d\u2019autres centres de la capitale. 26 ans, c\u0327a se fe\u0302te ! Depuis plusieurs jours, le CCLB [&hellip;]<\/p>\n","protected":false},"author":82,"featured_media":14672,"comment_status":"open","ping_status":"closed","sticky":false,"template":"","format":"standard","meta":{"footnotes":""},"categories":[5,10],"tags":[36,53,45],"class_list":["post-14673","post","type-post","status-publish","format-standard","has-post-thumbnail","hentry","category-culture-et-art","category-toutes-les-actualites","tag-africa-press","tag-africa-press-comores","tag-comores"],"yoast_head":"<!-- This site is optimized with the Yoast SEO Premium plugin v26.1 (Yoast SEO v27.0) - https:\/\/yoast.com\/product\/yoast-seo-premium-wordpress\/ -->\n<title>Le CCLB c\u00e9l\u00e8bre ses 26 ans - Comores<\/title>\n<meta name=\"description\" content=\"Le Centre Culturel et de Loisirs de Badjanani connait un regain d\u2019animations depuis le 14 de\u0301cembre dernier, a\u0300 l\u2019occ ...\" \/>\n<meta name=\"robots\" content=\"index, follow, max-snippet:-1, max-image-preview:large, max-video-preview:-1\" \/>\n<link rel=\"canonical\" href=\"https:\/\/www.africa-press.net\/comores\/culture-et-art\/le-cclb-celebre-ses-26-ans\" \/>\n<meta property=\"og:locale\" content=\"fr_FR\" \/>\n<meta property=\"og:type\" content=\"article\" \/>\n<meta property=\"og:title\" content=\"Le CCLB c\u00e9l\u00e8bre ses 26 ans\" \/>\n<meta property=\"og:description\" content=\"Le Centre Culturel et de Loisirs de Badjanani connait un regain d\u2019animations depuis le 14 de\u0301cembre dernier, a\u0300 l\u2019occ ...\" \/>\n<meta property=\"og:url\" content=\"https:\/\/www.africa-press.net\/comores\/culture-et-art\/le-cclb-celebre-ses-26-ans\" \/>\n<meta property=\"og:site_name\" content=\"Comores\" \/>\n<meta property=\"article:published_time\" content=\"2023-12-20T15:31:38+00:00\" \/>\n<meta property=\"article:modified_time\" content=\"2023-12-20T17:31:08+00:00\" \/>\n<meta property=\"og:image\" content=\"https:\/\/static.africa-press.net\/centrafricaine\/sites\/48\/2023\/12\/sm_1703077104.907769.jpg\" \/>\n\t<meta property=\"og:image:width\" content=\"1280\" \/>\n\t<meta property=\"og:image:height\" content=\"734\" \/>\n\t<meta property=\"og:image:type\" content=\"image\/jpeg\" \/>\n<meta name=\"author\" content=\"cfeditorfr\" \/>\n<meta name=\"twitter:card\" content=\"summary_large_image\" \/>\n<meta name=\"twitter:label1\" content=\"\u00c9crit par\" \/>\n\t<meta name=\"twitter:data1\" content=\"cfeditorfr\" \/>\n\t<meta name=\"twitter:label2\" content=\"Dur\u00e9e de lecture estim\u00e9e\" \/>\n\t<meta name=\"twitter:data2\" content=\"3 minutes\" \/>\n<script type=\"application\/ld+json\" class=\"yoast-schema-graph\">{\"@context\":\"https:\/\/schema.org\",\"@graph\":[{\"@type\":\"Article\",\"@id\":\"https:\/\/www.africa-press.net\/comores\/culture-et-art\/le-cclb-celebre-ses-26-ans#article\",\"isPartOf\":{\"@id\":\"https:\/\/www.africa-press.net\/comores\/culture-et-art\/le-cclb-celebre-ses-26-ans\"},\"author\":{\"name\":\"cfeditorfr\",\"@id\":\"https:\/\/www.africa-press.net\/comores\/#\/schema\/person\/2b1cf3cd81a31e3cd26889ca66d677f1\"},\"headline\":\"Le CCLB c\u00e9l\u00e8bre ses 26 ans\",\"datePublished\":\"2023-12-20T15:31:38+00:00\",\"dateModified\":\"2023-12-20T17:31:08+00:00\",\"mainEntityOfPage\":{\"@id\":\"https:\/\/www.africa-press.net\/comores\/culture-et-art\/le-cclb-celebre-ses-26-ans\"},\"wordCount\":674,\"commentCount\":0,\"image\":{\"@id\":\"https:\/\/www.africa-press.net\/comores\/culture-et-art\/le-cclb-celebre-ses-26-ans#primaryimage\"},\"thumbnailUrl\":\"https:\/\/static.africa-press.net\/centrafricaine\/sites\/48\/2023\/12\/sm_1703077104.907769.jpg\",\"keywords\":[\"Africa Press\",\"Africa Press-Comores\",\"Comores\"],\"articleSection\":[\"Culture et Art\",\"Toutes les actualit\u00e9s\"],\"inLanguage\":\"fr-FR\",\"potentialAction\":[{\"@type\":\"CommentAction\",\"name\":\"Comment\",\"target\":[\"https:\/\/www.africa-press.net\/comores\/culture-et-art\/le-cclb-celebre-ses-26-ans#respond\"]}]},{\"@type\":\"WebPage\",\"@id\":\"https:\/\/www.africa-press.net\/comores\/culture-et-art\/le-cclb-celebre-ses-26-ans\",\"url\":\"https:\/\/www.africa-press.net\/comores\/culture-et-art\/le-cclb-celebre-ses-26-ans\",\"name\":\"Le CCLB c\u00e9l\u00e8bre ses 26 ans - Comores\",\"isPartOf\":{\"@id\":\"https:\/\/www.africa-press.net\/comores\/#website\"},\"primaryImageOfPage\":{\"@id\":\"https:\/\/www.africa-press.net\/comores\/culture-et-art\/le-cclb-celebre-ses-26-ans#primaryimage\"},\"image\":{\"@id\":\"https:\/\/www.africa-press.net\/comores\/culture-et-art\/le-cclb-celebre-ses-26-ans#primaryimage\"},\"thumbnailUrl\":\"https:\/\/static.africa-press.net\/centrafricaine\/sites\/48\/2023\/12\/sm_1703077104.907769.jpg\",\"datePublished\":\"2023-12-20T15:31:38+00:00\",\"dateModified\":\"2023-12-20T17:31:08+00:00\",\"author\":{\"@id\":\"https:\/\/www.africa-press.net\/comores\/#\/schema\/person\/2b1cf3cd81a31e3cd26889ca66d677f1\"},\"description\":\"Le Centre Culturel et de Loisirs de Badjanani connait un regain d\u2019animations depuis le 14 de\u0301cembre dernier, a\u0300 l\u2019occ ...\",\"breadcrumb\":{\"@id\":\"https:\/\/www.africa-press.net\/comores\/culture-et-art\/le-cclb-celebre-ses-26-ans#breadcrumb\"},\"inLanguage\":\"fr-FR\",\"potentialAction\":[{\"@type\":\"ReadAction\",\"target\":[\"https:\/\/www.africa-press.net\/comores\/culture-et-art\/le-cclb-celebre-ses-26-ans\"]}]},{\"@type\":\"ImageObject\",\"inLanguage\":\"fr-FR\",\"@id\":\"https:\/\/www.africa-press.net\/comores\/culture-et-art\/le-cclb-celebre-ses-26-ans#primaryimage\",\"url\":\"https:\/\/static.africa-press.net\/centrafricaine\/sites\/48\/2023\/12\/sm_1703077104.907769.jpg\",\"contentUrl\":\"https:\/\/static.africa-press.net\/centrafricaine\/sites\/48\/2023\/12\/sm_1703077104.907769.jpg\",\"width\":1280,\"height\":734,\"caption\":\"Le CCLB c\u00e9l\u00e8bre ses 26 ans\"},{\"@type\":\"BreadcrumbList\",\"@id\":\"https:\/\/www.africa-press.net\/comores\/culture-et-art\/le-cclb-celebre-ses-26-ans#breadcrumb\",\"itemListElement\":[{\"@type\":\"ListItem\",\"position\":1,\"name\":\"Accueil\",\"item\":\"https:\/\/www.africa-press.net\/comores\/\"},{\"@type\":\"ListItem\",\"position\":2,\"name\":\"Le CCLB c\u00e9l\u00e8bre ses 26 ans\"}]},{\"@type\":\"WebSite\",\"@id\":\"https:\/\/www.africa-press.net\/comores\/#website\",\"url\":\"https:\/\/www.africa-press.net\/comores\/\",\"name\":\"Comores\",\"description\":\"Just another Africa News Agency Sites site\",\"potentialAction\":[{\"@type\":\"SearchAction\",\"target\":{\"@type\":\"EntryPoint\",\"urlTemplate\":\"https:\/\/www.africa-press.net\/comores\/?s={search_term_string}\"},\"query-input\":{\"@type\":\"PropertyValueSpecification\",\"valueRequired\":true,\"valueName\":\"search_term_string\"}}],\"inLanguage\":\"fr-FR\"},{\"@type\":\"Person\",\"@id\":\"https:\/\/www.africa-press.net\/comores\/#\/schema\/person\/2b1cf3cd81a31e3cd26889ca66d677f1\",\"name\":\"cfeditorfr\"}]}<\/script>\n<!-- \/ Yoast SEO Premium plugin. -->","yoast_head_json":{"title":"Le CCLB c\u00e9l\u00e8bre ses 26 ans - Comores","description":"Le Centre Culturel et de Loisirs de Badjanani connait un regain d\u2019animations depuis le 14 de\u0301cembre dernier, a\u0300 l\u2019occ ...","robots":{"index":"index","follow":"follow","max-snippet":"max-snippet:-1","max-image-preview":"max-image-preview:large","max-video-preview":"max-video-preview:-1"},"canonical":"https:\/\/www.africa-press.net\/comores\/culture-et-art\/le-cclb-celebre-ses-26-ans","og_locale":"fr_FR","og_type":"article","og_title":"Le CCLB c\u00e9l\u00e8bre ses 26 ans","og_description":"Le Centre Culturel et de Loisirs de Badjanani connait un regain d\u2019animations depuis le 14 de\u0301cembre dernier, a\u0300 l\u2019occ ...","og_url":"https:\/\/www.africa-press.net\/comores\/culture-et-art\/le-cclb-celebre-ses-26-ans","og_site_name":"Comores","article_published_time":"2023-12-20T15:31:38+00:00","article_modified_time":"2023-12-20T17:31:08+00:00","og_image":[{"width":1280,"height":734,"url":"https:\/\/static.africa-press.net\/centrafricaine\/sites\/48\/2023\/12\/sm_1703077104.907769.jpg","type":"image\/jpeg"}],"author":"cfeditorfr","twitter_card":"summary_large_image","twitter_misc":{"\u00c9crit par":"cfeditorfr","Dur\u00e9e de lecture estim\u00e9e":"3 minutes"},"schema":{"@context":"https:\/\/schema.org","@graph":[{"@type":"Article","@id":"https:\/\/www.africa-press.net\/comores\/culture-et-art\/le-cclb-celebre-ses-26-ans#article","isPartOf":{"@id":"https:\/\/www.africa-press.net\/comores\/culture-et-art\/le-cclb-celebre-ses-26-ans"},"author":{"name":"cfeditorfr","@id":"https:\/\/www.africa-press.net\/comores\/#\/schema\/person\/2b1cf3cd81a31e3cd26889ca66d677f1"},"headline":"Le CCLB c\u00e9l\u00e8bre ses 26 ans","datePublished":"2023-12-20T15:31:38+00:00","dateModified":"2023-12-20T17:31:08+00:00","mainEntityOfPage":{"@id":"https:\/\/www.africa-press.net\/comores\/culture-et-art\/le-cclb-celebre-ses-26-ans"},"wordCount":674,"commentCount":0,"image":{"@id":"https:\/\/www.africa-press.net\/comores\/culture-et-art\/le-cclb-celebre-ses-26-ans#primaryimage"},"thumbnailUrl":"https:\/\/static.africa-press.net\/centrafricaine\/sites\/48\/2023\/12\/sm_1703077104.907769.jpg","keywords":["Africa Press","Africa Press-Comores","Comores"],"articleSection":["Culture et Art","Toutes les actualit\u00e9s"],"inLanguage":"fr-FR","potentialAction":[{"@type":"CommentAction","name":"Comment","target":["https:\/\/www.africa-press.net\/comores\/culture-et-art\/le-cclb-celebre-ses-26-ans#respond"]}]},{"@type":"WebPage","@id":"https:\/\/www.africa-press.net\/comores\/culture-et-art\/le-cclb-celebre-ses-26-ans","url":"https:\/\/www.africa-press.net\/comores\/culture-et-art\/le-cclb-celebre-ses-26-ans","name":"Le CCLB c\u00e9l\u00e8bre ses 26 ans - Comores","isPartOf":{"@id":"https:\/\/www.africa-press.net\/comores\/#website"},"primaryImageOfPage":{"@id":"https:\/\/www.africa-press.net\/comores\/culture-et-art\/le-cclb-celebre-ses-26-ans#primaryimage"},"image":{"@id":"https:\/\/www.africa-press.net\/comores\/culture-et-art\/le-cclb-celebre-ses-26-ans#primaryimage"},"thumbnailUrl":"https:\/\/static.africa-press.net\/centrafricaine\/sites\/48\/2023\/12\/sm_1703077104.907769.jpg","datePublished":"2023-12-20T15:31:38+00:00","dateModified":"2023-12-20T17:31:08+00:00","author":{"@id":"https:\/\/www.africa-press.net\/comores\/#\/schema\/person\/2b1cf3cd81a31e3cd26889ca66d677f1"},"description":"Le Centre Culturel et de Loisirs de Badjanani connait un regain d\u2019animations depuis le 14 de\u0301cembre dernier, a\u0300 l\u2019occ ...","breadcrumb":{"@id":"https:\/\/www.africa-press.net\/comores\/culture-et-art\/le-cclb-celebre-ses-26-ans#breadcrumb"},"inLanguage":"fr-FR","potentialAction":[{"@type":"ReadAction","target":["https:\/\/www.africa-press.net\/comores\/culture-et-art\/le-cclb-celebre-ses-26-ans"]}]},{"@type":"ImageObject","inLanguage":"fr-FR","@id":"https:\/\/www.africa-press.net\/comores\/culture-et-art\/le-cclb-celebre-ses-26-ans#primaryimage","url":"https:\/\/static.africa-press.net\/centrafricaine\/sites\/48\/2023\/12\/sm_1703077104.907769.jpg","contentUrl":"https:\/\/static.africa-press.net\/centrafricaine\/sites\/48\/2023\/12\/sm_1703077104.907769.jpg","width":1280,"height":734,"caption":"Le CCLB c\u00e9l\u00e8bre ses 26 ans"},{"@type":"BreadcrumbList","@id":"https:\/\/www.africa-press.net\/comores\/culture-et-art\/le-cclb-celebre-ses-26-ans#breadcrumb","itemListElement":[{"@type":"ListItem","position":1,"name":"Accueil","item":"https:\/\/www.africa-press.net\/comores\/"},{"@type":"ListItem","position":2,"name":"Le CCLB c\u00e9l\u00e8bre ses 26 ans"}]},{"@type":"WebSite","@id":"https:\/\/www.africa-press.net\/comores\/#website","url":"https:\/\/www.africa-press.net\/comores\/","name":"Comores","description":"Just another Africa News Agency Sites site","potentialAction":[{"@type":"SearchAction","target":{"@type":"EntryPoint","urlTemplate":"https:\/\/www.africa-press.net\/comores\/?s={search_term_string}"},"query-input":{"@type":"PropertyValueSpecification","valueRequired":true,"valueName":"search_term_string"}}],"inLanguage":"fr-FR"},{"@type":"Person","@id":"https:\/\/www.africa-press.net\/comores\/#\/schema\/person\/2b1cf3cd81a31e3cd26889ca66d677f1","name":"cfeditorfr"}]}},"_links":{"self":[{"href":"https:\/\/www.africa-press.net\/comores\/wp-json\/wp\/v2\/posts\/14673","targetHints":{"allow":["GET"]}}],"collection":[{"href":"https:\/\/www.africa-press.net\/comores\/wp-json\/wp\/v2\/posts"}],"about":[{"href":"https:\/\/www.africa-press.net\/comores\/wp-json\/wp\/v2\/types\/post"}],"author":[{"embeddable":true,"href":"https:\/\/www.africa-press.net\/comores\/wp-json\/wp\/v2\/users\/82"}],"replies":[{"embeddable":true,"href":"https:\/\/www.africa-press.net\/comores\/wp-json\/wp\/v2\/comments?post=14673"}],"version-history":[{"count":0,"href":"https:\/\/www.africa-press.net\/comores\/wp-json\/wp\/v2\/posts\/14673\/revisions"}],"wp:featuredmedia":[{"embeddable":true,"href":"https:\/\/www.africa-press.net\/comores\/wp-json\/wp\/v2\/media\/14672"}],"wp:attachment":[{"href":"https:\/\/www.africa-press.net\/comores\/wp-json\/wp\/v2\/media?parent=14673"}],"wp:term":[{"taxonomy":"category","embeddable":true,"href":"https:\/\/www.africa-press.net\/comores\/wp-json\/wp\/v2\/categories?post=14673"},{"taxonomy":"post_tag","embeddable":true,"href":"https:\/\/www.africa-press.net\/comores\/wp-json\/wp\/v2\/tags?post=14673"}],"curies":[{"name":"wp","href":"https:\/\/api.w.org\/{rel}","templated":true}]}}