{"id":14680,"date":"2023-12-20T16:18:00","date_gmt":"2023-12-20T16:18:00","guid":{"rendered":"https:\/\/www.africa-press.net\/comores\/politique\/loi-immigration-votee-au-parlement-que-prevoit-le-texte-pour-les-outre-mer"},"modified":"2023-12-20T17:38:15","modified_gmt":"2023-12-20T17:38:15","slug":"loi-immigration-votee-au-parlement-que-prevoit-le-texte-pour-les-outre-mer","status":"publish","type":"post","link":"https:\/\/www.africa-press.net\/comores\/politique\/loi-immigration-votee-au-parlement-que-prevoit-le-texte-pour-les-outre-mer","title":{"rendered":"Loi immigration vot\u00e9e au Parlement : que pr\u00e9voit le texte pour les Outre-mer ?"},"content":{"rendered":"<p><span style=\"color: #ff6600\"><strong>Africa-Press &#8211; Comores. <\/strong><\/span>Le projet de loi immigration porte\u0301 par le ministre de l&rsquo;Inte\u0301rieur et des Outre-mer Ge\u0301rald Darmanin a e\u0301te\u0301 adopte\u0301 par l&rsquo;Assemble\u0301e nationale et le Se\u0301nat mardi 19 de\u0301cembre apre\u0300s qu&rsquo;un accord a e\u0301te\u0301 trouve\u0301 en commission mixte paritaire. Le texte, durci par la droite, pre\u0301voit des dispositions spe\u0301cifiques pour les territoires ultramarins.<\/p>\n<p>Apre\u0300s des semaines de discussions, de soubresauts politiques et de concessions faites a\u0300 la droite parlementaire, les de\u0301pute\u0301s et se\u0301nateurs ont finalement adopte\u0301 la loi immigration porte\u0301e et de\u0301fendue par le ministre de l&rsquo;Inte\u0301rieur et des Outre-mer Ge\u0301rald Darmanin mardi 19 de\u0301cembre (214 voix pour, 114 contre au Se\u0301nat; 349 pour, 186 contre a\u0300 l&rsquo;Assemble\u0301e). Mais l&rsquo;avenir du texte reste tout de me\u0302me incertain, Emmanuel Macron ayant fait savoir a\u0300 ses troupes que la loi ne devait pas e\u0302tre adopte\u0301e gra\u0302ce aux voix du Rassemblement national, et qu&rsquo;il envisageait de demander une deuxie\u0300me de\u0301libe\u0301ration parlementaire si c&rsquo;e\u0301tait le cas.<\/p>\n<p>Largement durci lors de son passage au Se\u0301nat, a\u0300 majorite\u0301 de droite, le texte avait e\u0301te\u0301 rejete\u0301 d&#8217;emble\u0301e par l&rsquo;Assemble\u0301e nationale, ou\u0300 le gouvernement ne posse\u0300de qu&rsquo;une majorite\u0301 relative. Emmanuel Macron avait donc place\u0301 le destin de cette loi dans les mains d&rsquo;une commission mixte paritaire (CMP), dont la majorite\u0301 des membres ont mis pre\u0300s de 24 heures avant de se mettre d&rsquo;accord mardi apre\u0300s-midi.<\/p>\n<p>Re\u0301vision a\u0300 venir de l&rsquo;aide me\u0301dicale d&rsquo;e\u0301tat, quotas, restriction des aides accorde\u0301es aux e\u0301trangers&#8230; La droite d&rsquo;Eric Ciotti et de Bruno Retailleau ont amplement modele\u0301 le texte, forc\u0327ant le gouvernement a\u0300 accepter cette version plus dure que la copie originale, sans quoi la loi serait tombe\u0301e aux oubliettes.<\/p>\n<p><img loading=\"lazy\" decoding=\"async\" width=\"884\" height=\"492\" class=\"alignnone wp-image-14677 size-full\" src=\"https:\/\/static.africa-press.net\/centrafricaine\/sites\/48\/2023\/12\/sm_1703077500.849016.jpg\" srcset=\"https:\/\/static.africa-press.net\/centrafricaine\/sites\/48\/2023\/12\/sm_1703077500.849016.jpg 884w, https:\/\/static.africa-press.net\/centrafricaine\/sites\/48\/2023\/12\/sm_1703077500.849016-300x167.jpg 300w, https:\/\/static.africa-press.net\/centrafricaine\/sites\/48\/2023\/12\/sm_1703077500.849016-768x427.jpg 768w\" sizes=\"auto, (max-width: 884px) 100vw, 884px\" \/><\/p>\n<p>Soucieux de rassembler le plus de voix possible derrie\u0300re sa loi, Ge\u0301rald Darmanin avait demande\u0301 au de\u0301pute\u0301 guadeloupe\u0301en Olivier Serva (Liberte\u0301s, inde\u0301pendants, Outre-mer et Territoires, LIOT) de re\u0301diger un rapport instaurant des dispositions spe\u0301cifiques pour les territoires ultramarins. Voici ce que la loi devrait changer en Outre-mer.<\/p>\n<p><b>Durcissement du droit du sol a\u0300 Mayotte, en Guyane et a\u0300 Saint-Martin<\/b><\/p>\n<p>Si le droit du sol est davantage restreint sur l&rsquo;ensemble de la France (la naturalisation des enfants ne\u0301s en France de parents e\u0301trangers n&rsquo;est de\u0301sormais plus automatique a\u0300 18 ans), il l&rsquo;est encore plus dans trois territoires d&rsquo;Outre-mer, qui font face a\u0300 une forte pression migratoire.<\/p>\n<p>A\u0300 Mayotte, pour qu&rsquo;un enfant ne\u0301 dans le de\u0301partement obtienne la nationalite\u0301 franc\u0327aise, il faut dore\u0301navant que ses deux parents (et non plus un seul) aient re\u0301side\u0301 de manie\u0300re re\u0301gulie\u0300re sur le territoire depuis au moins un an au moment de sa naissance. Jusqu&rsquo;ici, le de\u0301lai e\u0301tait de trois mois.<\/p>\n<p>Cette de\u0301rogation au droit commun s&rsquo;applique e\u0301galement a\u0300 la Guyane, de plus en plus attractive pour les migrants venant du Suriname voisin, d&rsquo;Hai\u0308ti mais aussi du Moyen-Orient. La naturalisation des enfants ne\u0301s sur le sol guyanais de parents e\u0301trangers n&rsquo;est de\u0301sormais possible que si l&rsquo;un des deux parents re\u0301sidait de manie\u0300re re\u0301gulie\u0300re depuis au moins neuf mois au moment de la naissance.<\/p>\n<p>Pour Saint-Martin, cette disposition est aussi mise en place. Mais le de\u0301lai n&rsquo;est la\u0300 que de trois mois.<\/p>\n<p><b>La re\u0301tention de mineurs interdite en France, mais possible a\u0300 Mayotte jusqu&rsquo;en 2027<\/b><\/p>\n<p>Alors que la loi immigration pre\u0301voit l&rsquo;interdiction d&rsquo;enfermer un jeune de moins de 18 ans dans tout centre ou local de re\u0301tention administrative, Mayotte fait figure d&rsquo;exception \u00ab\u00a0compte tenu de la pression migratoire particulie\u0300re qui s\u2019exerce sur le de\u0301partement\u00a0\u00bb, pre\u0301cise un amendement au projet de loi. Cette disposition n&rsquo;entrera donc en vigueur dans le de\u0301partement qu&rsquo;au 1er janvier 2027, soit dans trois ans.<\/p>\n<p>Dans un rapport publie\u0301 au mois de novembre, l\u2019UNICEF estimait qu\u2019entre 2012 et 2021, au moins 33 786 enfants ont e\u0301te\u0301 place\u0301s en re\u0301tention en France, dont \u00ab\u00a0l\u2019immense majorite\u0301 a\u0300 Mayotte\u00a0\u00bb. \u00ab\u00a0On se prononce pour l\u2019interdiction de l\u2019enfermement sur l\u2019ensemble du territoire et sans aucune de\u0301rogation\u00a0\u00bb, commentait alors Mathilde Delez, coordinatrice du rapport consacre\u0301 aux droits de l\u2019enfant en Outre-mer.<\/p>\n<p><img loading=\"lazy\" decoding=\"async\" width=\"565\" height=\"318\" class=\"alignnone wp-image-14678 size-full\" src=\"https:\/\/static.africa-press.net\/centrafricaine\/sites\/48\/2023\/12\/sm_1703077512.636639.jpg\" srcset=\"https:\/\/static.africa-press.net\/centrafricaine\/sites\/48\/2023\/12\/sm_1703077512.636639.jpg 565w, https:\/\/static.africa-press.net\/centrafricaine\/sites\/48\/2023\/12\/sm_1703077512.636639-300x169.jpg 300w\" sizes=\"auto, (max-width: 565px) 100vw, 565px\" \/><br \/>\n<b>Un comite\u0301 dans chaque Outre-mer pour de\u0301terminer la liste des me\u0301tiers en tension<\/b><\/p>\n<p>Les de\u0301pute\u0301s ultramarins ont obtenu la mise en place d&rsquo;un comite\u0301 spe\u0301cifique dans les cinq de\u0301partements et re\u0301gions d&rsquo;Outre-mer ainsi qu&rsquo;a\u0300 Saint-Pierre et Miquelon pour de\u0301terminer la liste des me\u0301tiers en tension. Il sera pre\u0301side\u0301 par le pre\u0301fet du territoire et compose\u0301 des acteurs e\u0301conomiques et e\u0301lus locaux.<\/p>\n<p>Ainsi, la pre\u0301fecture pourra de\u0301livrer des titres de se\u0301jour aux travailleurs e\u0301trangers en prenant en compte les re\u0301alite\u0301s e\u0301conomiques locales, de\u0301fend le texte.<\/p>\n<p><b>Rallongement possible des titres de se\u0301jour pour les travailleurs e\u0301trangers a\u0300 Saint-Pierre et Miquelon<\/b><\/p>\n<p>La loi vote\u0301e par les deux chambres du Parlement mardi soir pre\u0301voit de faciliter la de\u0301livrance de titres de se\u0301jour aux travailleurs e\u0301trangers dans l&rsquo;archipel de Saint-Pierre et Miquelon. Le territoire e\u0301tant particulie\u0300rement e\u0301loigne\u0301 et difficile d&rsquo;acce\u0300s (il faut ge\u0301ne\u0301ralement passer par le Canada pour y acce\u0301der, ce qui suppose d&rsquo;avoir obtenu un visa canadien), un salarie\u0301 en possession d&rsquo;une carte de se\u0301jour annuelle pourra, une fois celle-ci expire\u0301e, obtenir une carte de se\u0301jour pluriannuelle.<\/p>\n<p>Cette disposition doit permettre au territoire de mieux ge\u0301rer sa main d&rsquo;\u0153uvre, alors que les jeunes quittent de plus en plus l&rsquo;archipel.<\/p>\n<p><b>Le de\u0301lai de re\u0301tention pour ve\u0301rification d&rsquo;identite\u0301 allonge\u0301 en Guyane<\/b><\/p>\n<p>De\u0300s que la loi entrera en vigueur, les autorite\u0301s pourront retenir une personne a\u0300 des fins de ve\u0301rification d&rsquo;identite\u0301 pendant maximum 8 heures en Guyane, comme c&rsquo;est de\u0301ja\u0300 le cas a\u0300 Mayotte. Ailleurs en France, ce de\u0301lai est de 4 heures.<\/p>\n<p><b>Des mesures pour limiter l&rsquo;immigration a\u0300 Mayotte<\/b><\/p>\n<p>Le 101e de\u0301partement franc\u0327ais, qui subit une forte pression migratoire venue principalement des Comores, de Madagascar et de l&rsquo;Afrique continentale, est le sujet de plusieurs mesures spe\u0301cifiques adopte\u0301es dans le projet de loi. La plupart d&rsquo;entre elles e\u0301manent des deux de\u0301pute\u0301s du territoire, Estelle Youssouffa (LIOT) et Mansour Kamardine (Les Re\u0301publicains).<\/p>\n<p>Ainsi, un amendement de\u0301pose\u0301 par l&rsquo;e\u0301lue interdit le renouvellement de titre de se\u0301jour par la pre\u0301fecture pour les e\u0301trangers polygames (la polygamie e\u0301tant interdite a\u0300 Mayotte depuis 2010). Estelle Youssouffa a e\u0301galement fait voter un amendement instituant un volet sur l&rsquo;appartenance de Mayotte a\u0300 la Re\u0301publique franc\u0327aise dans les formations civiques a\u0300 destination des immigre\u0301s, pour la plupart originaire d&rsquo;un territoire, les Comores, qui revendique encore sa souverainete\u0301 sur l&rsquo;i\u0302le. Aussi, des e\u0301trangers condamne\u0301s par la justice pour violence, viol ou agression sexuelle seront plus facilement expulsables de Mayotte.<\/p>\n<p>Mansour Kamardine a quant a\u0300 lui fait adopter des amendements relatifs a\u0300 la famille. Par exemple, dore\u0301navant, un parent devra justifier de s&rsquo;e\u0302tre occupe\u0301 de son enfant pendant trois ans (et non plus deux) pour obtenir un titre de se\u0301jour \u00ab\u00a0parent d&rsquo;enfant franc\u0327ais\u00a0\u00bb. Le regroupement familial ne concerne lui plus que la famille nucle\u0301aire (le conjoint ou la conjointe, et les enfants).<\/p>\n<p><b>La commission du titre de se\u0301jour institue\u0301e en Guyane<\/b><\/p>\n<p>Re\u0301clame\u0301e par des de\u0301pute\u0301s de la Nupes, dont le Guyanais Davy Rimane (Gauche de\u0301mocrate et re\u0301publicaine, GDR) et la Re\u0301unionnaise E\u0301meline K\/Bidi (GDR), la mise en place de la commission du titre de se\u0301jour en Guyane est acte\u0301e, alors que le de\u0301partement en e\u0301tait jusqu&rsquo;aujourd&rsquo;hui exclu.<\/p>\n<p>\u00ab\u00a0Cette commission donne l\u2019opportunite\u0301 a\u0300 l\u2019e\u0301tranger (&#8230;) d\u2019exercer un droit de parole qui lui permet de mettre en avant son insertion professionnelle, personnelle et sociale\u00a0\u00bb, justifient les de\u0301pute\u0301s dans leur amendement.<\/p>\n<p><b>Le gouvernement devra remettre des rapports sur sa politique migratoire en Outre-mer<\/b><\/p>\n<p>Au-dela\u0300 des mesures cite\u0301es pre\u0301ce\u0301demment et qui entreront en vigueur lorsque la loi sera publie\u0301e au Journal officiel, des articles demandent au gouvernement de se pencher sur plusieurs aspects de sa politique migratoire en Outre-mer, dont il devra rendre compte devant le Parlement.<\/p>\n<p>Dans les six mois, il devra remettre un rapport pre\u0301sentant les moyens technologiques et humains pour assurer la surveillance des co\u0302tes antillaises. Sur Mayotte, l&rsquo;E\u0301tat devra, d&rsquo;ici trois mois, remettre un rapport sur la manie\u0300re de lutter plus efficacement contre l&rsquo;immigration irre\u0301gulie\u0300re. D&rsquo;autant que le pouvoir est tre\u0300s attendu sur une loi spe\u0301cifiquement de\u0301die\u0301e a\u0300 Mayotte, et qui doit re\u0301pondre aux nombreux de\u0301fis de ce territoire de l&rsquo;oce\u0301an Indien.<\/p>\n<p>Enfin, les e\u0301lus de la Nupes veulent que le gouvernement produise un rapport sur les conditions d&rsquo;accueil dans les territoires d&rsquo;Outre-mer, alors que la pression migratoire y est par endroit tre\u0300s forte et que les places en he\u0301bergement se font extre\u0302mement rares.<\/p>\n<p><strong>Pour plus d&rsquo;informations et d&rsquo;analyses sur la <a href=\"https:\/\/www.africa-press.net\/comores\">Comores<\/a>, suivez <a href=\"https:\/\/www.africa-press.net\/\">Africa-Press<\/a><\/strong><\/p>\n","protected":false},"excerpt":{"rendered":"<p>Africa-Press &#8211; Comores. Le projet de loi immigration porte\u0301 par le ministre de l&rsquo;Inte\u0301rieur et des Outre-mer Ge\u0301rald Darmanin a e\u0301te\u0301 adopte\u0301 par l&rsquo;Assemble\u0301e nationale et le Se\u0301nat mardi 19 de\u0301cembre apre\u0300s qu&rsquo;un accord a e\u0301te\u0301 trouve\u0301 en commission mixte paritaire. Le texte, durci par la droite, pre\u0301voit des dispositions spe\u0301cifiques pour les territoires ultramarins. [&hellip;]<\/p>\n","protected":false},"author":82,"featured_media":14679,"comment_status":"open","ping_status":"closed","sticky":false,"template":"","format":"standard","meta":{"footnotes":""},"categories":[7,2,20,10],"tags":[36,53,45],"class_list":["post-14680","post","type-post","status-publish","format-standard","has-post-thumbnail","hentry","category-dossiers","category-politique","category-top-nouvelles","category-toutes-les-actualites","tag-africa-press","tag-africa-press-comores","tag-comores"],"yoast_head":"<!-- This site is optimized with the Yoast SEO Premium plugin v26.1 (Yoast SEO v27.0) - https:\/\/yoast.com\/product\/yoast-seo-premium-wordpress\/ -->\n<title>Loi immigration vot\u00e9e au Parlement : que pr\u00e9voit le texte pour les Outre-mer ? - Comores<\/title>\n<meta name=\"description\" content=\"Le projet de loi immigration porte\u0301 par le ministre de l&#039;Inte\u0301rieur et des Outre-mer Ge\u0301rald Darmanin a e\u0301te\u0301 adopte\u0301 pa ...\" \/>\n<meta name=\"robots\" content=\"index, follow, max-snippet:-1, max-image-preview:large, max-video-preview:-1\" \/>\n<link rel=\"canonical\" href=\"https:\/\/www.africa-press.net\/comores\/politique\/loi-immigration-votee-au-parlement-que-prevoit-le-texte-pour-les-outre-mer\" \/>\n<meta property=\"og:locale\" content=\"fr_FR\" \/>\n<meta property=\"og:type\" content=\"article\" \/>\n<meta property=\"og:title\" content=\"Loi immigration vot\u00e9e au Parlement : que pr\u00e9voit le texte pour les Outre-mer ?\" \/>\n<meta property=\"og:description\" content=\"Le projet de loi immigration porte\u0301 par le ministre de l&#039;Inte\u0301rieur et des Outre-mer Ge\u0301rald Darmanin a e\u0301te\u0301 adopte\u0301 pa ...\" \/>\n<meta property=\"og:url\" content=\"https:\/\/www.africa-press.net\/comores\/politique\/loi-immigration-votee-au-parlement-que-prevoit-le-texte-pour-les-outre-mer\" \/>\n<meta property=\"og:site_name\" content=\"Comores\" \/>\n<meta property=\"article:published_time\" content=\"2023-12-20T16:18:00+00:00\" \/>\n<meta property=\"article:modified_time\" content=\"2023-12-20T17:38:15+00:00\" \/>\n<meta property=\"og:image\" content=\"https:\/\/static.africa-press.net\/centrafricaine\/sites\/48\/2023\/12\/sm_1703077522.406993.jpg\" \/>\n\t<meta property=\"og:image:width\" content=\"930\" \/>\n\t<meta property=\"og:image:height\" content=\"620\" \/>\n\t<meta property=\"og:image:type\" content=\"image\/jpeg\" \/>\n<meta name=\"author\" content=\"cfeditorfr\" \/>\n<meta name=\"twitter:card\" content=\"summary_large_image\" \/>\n<meta name=\"twitter:label1\" content=\"\u00c9crit par\" \/>\n\t<meta name=\"twitter:data1\" content=\"cfeditorfr\" \/>\n\t<meta name=\"twitter:label2\" content=\"Dur\u00e9e de lecture estim\u00e9e\" \/>\n\t<meta name=\"twitter:data2\" content=\"8 minutes\" \/>\n<script type=\"application\/ld+json\" class=\"yoast-schema-graph\">{\"@context\":\"https:\/\/schema.org\",\"@graph\":[{\"@type\":\"Article\",\"@id\":\"https:\/\/www.africa-press.net\/comores\/politique\/loi-immigration-votee-au-parlement-que-prevoit-le-texte-pour-les-outre-mer#article\",\"isPartOf\":{\"@id\":\"https:\/\/www.africa-press.net\/comores\/politique\/loi-immigration-votee-au-parlement-que-prevoit-le-texte-pour-les-outre-mer\"},\"author\":{\"name\":\"cfeditorfr\",\"@id\":\"https:\/\/www.africa-press.net\/comores\/#\/schema\/person\/2b1cf3cd81a31e3cd26889ca66d677f1\"},\"headline\":\"Loi immigration vot\u00e9e au Parlement : que pr\u00e9voit le texte pour les Outre-mer ?\",\"datePublished\":\"2023-12-20T16:18:00+00:00\",\"dateModified\":\"2023-12-20T17:38:15+00:00\",\"mainEntityOfPage\":{\"@id\":\"https:\/\/www.africa-press.net\/comores\/politique\/loi-immigration-votee-au-parlement-que-prevoit-le-texte-pour-les-outre-mer\"},\"wordCount\":1623,\"commentCount\":0,\"image\":{\"@id\":\"https:\/\/www.africa-press.net\/comores\/politique\/loi-immigration-votee-au-parlement-que-prevoit-le-texte-pour-les-outre-mer#primaryimage\"},\"thumbnailUrl\":\"https:\/\/static.africa-press.net\/centrafricaine\/sites\/48\/2023\/12\/sm_1703077522.406993.jpg\",\"keywords\":[\"Africa Press\",\"Africa Press-Comores\",\"Comores\"],\"articleSection\":[\"Dossiers\",\"Politique\",\"Top Nouvelles\",\"Toutes les actualit\u00e9s\"],\"inLanguage\":\"fr-FR\",\"potentialAction\":[{\"@type\":\"CommentAction\",\"name\":\"Comment\",\"target\":[\"https:\/\/www.africa-press.net\/comores\/politique\/loi-immigration-votee-au-parlement-que-prevoit-le-texte-pour-les-outre-mer#respond\"]}]},{\"@type\":\"WebPage\",\"@id\":\"https:\/\/www.africa-press.net\/comores\/politique\/loi-immigration-votee-au-parlement-que-prevoit-le-texte-pour-les-outre-mer\",\"url\":\"https:\/\/www.africa-press.net\/comores\/politique\/loi-immigration-votee-au-parlement-que-prevoit-le-texte-pour-les-outre-mer\",\"name\":\"Loi immigration vot\u00e9e au Parlement : que pr\u00e9voit le texte pour les Outre-mer ? - Comores\",\"isPartOf\":{\"@id\":\"https:\/\/www.africa-press.net\/comores\/#website\"},\"primaryImageOfPage\":{\"@id\":\"https:\/\/www.africa-press.net\/comores\/politique\/loi-immigration-votee-au-parlement-que-prevoit-le-texte-pour-les-outre-mer#primaryimage\"},\"image\":{\"@id\":\"https:\/\/www.africa-press.net\/comores\/politique\/loi-immigration-votee-au-parlement-que-prevoit-le-texte-pour-les-outre-mer#primaryimage\"},\"thumbnailUrl\":\"https:\/\/static.africa-press.net\/centrafricaine\/sites\/48\/2023\/12\/sm_1703077522.406993.jpg\",\"datePublished\":\"2023-12-20T16:18:00+00:00\",\"dateModified\":\"2023-12-20T17:38:15+00:00\",\"author\":{\"@id\":\"https:\/\/www.africa-press.net\/comores\/#\/schema\/person\/2b1cf3cd81a31e3cd26889ca66d677f1\"},\"description\":\"Le projet de loi immigration porte\u0301 par le ministre de l'Inte\u0301rieur et des Outre-mer Ge\u0301rald Darmanin a e\u0301te\u0301 adopte\u0301 pa ...\",\"breadcrumb\":{\"@id\":\"https:\/\/www.africa-press.net\/comores\/politique\/loi-immigration-votee-au-parlement-que-prevoit-le-texte-pour-les-outre-mer#breadcrumb\"},\"inLanguage\":\"fr-FR\",\"potentialAction\":[{\"@type\":\"ReadAction\",\"target\":[\"https:\/\/www.africa-press.net\/comores\/politique\/loi-immigration-votee-au-parlement-que-prevoit-le-texte-pour-les-outre-mer\"]}]},{\"@type\":\"ImageObject\",\"inLanguage\":\"fr-FR\",\"@id\":\"https:\/\/www.africa-press.net\/comores\/politique\/loi-immigration-votee-au-parlement-que-prevoit-le-texte-pour-les-outre-mer#primaryimage\",\"url\":\"https:\/\/static.africa-press.net\/centrafricaine\/sites\/48\/2023\/12\/sm_1703077522.406993.jpg\",\"contentUrl\":\"https:\/\/static.africa-press.net\/centrafricaine\/sites\/48\/2023\/12\/sm_1703077522.406993.jpg\",\"width\":930,\"height\":620,\"caption\":\"Loi immigration vot\u00e9e au Parlement : que pr\u00e9voit le texte pour les Outre-mer ?\"},{\"@type\":\"BreadcrumbList\",\"@id\":\"https:\/\/www.africa-press.net\/comores\/politique\/loi-immigration-votee-au-parlement-que-prevoit-le-texte-pour-les-outre-mer#breadcrumb\",\"itemListElement\":[{\"@type\":\"ListItem\",\"position\":1,\"name\":\"Accueil\",\"item\":\"https:\/\/www.africa-press.net\/comores\/\"},{\"@type\":\"ListItem\",\"position\":2,\"name\":\"Loi immigration vot\u00e9e au Parlement : que pr\u00e9voit le texte pour les Outre-mer ?\"}]},{\"@type\":\"WebSite\",\"@id\":\"https:\/\/www.africa-press.net\/comores\/#website\",\"url\":\"https:\/\/www.africa-press.net\/comores\/\",\"name\":\"Comores\",\"description\":\"Just another Africa News Agency Sites site\",\"potentialAction\":[{\"@type\":\"SearchAction\",\"target\":{\"@type\":\"EntryPoint\",\"urlTemplate\":\"https:\/\/www.africa-press.net\/comores\/?s={search_term_string}\"},\"query-input\":{\"@type\":\"PropertyValueSpecification\",\"valueRequired\":true,\"valueName\":\"search_term_string\"}}],\"inLanguage\":\"fr-FR\"},{\"@type\":\"Person\",\"@id\":\"https:\/\/www.africa-press.net\/comores\/#\/schema\/person\/2b1cf3cd81a31e3cd26889ca66d677f1\",\"name\":\"cfeditorfr\"}]}<\/script>\n<!-- \/ Yoast SEO Premium plugin. -->","yoast_head_json":{"title":"Loi immigration vot\u00e9e au Parlement : que pr\u00e9voit le texte pour les Outre-mer ? - Comores","description":"Le projet de loi immigration porte\u0301 par le ministre de l'Inte\u0301rieur et des Outre-mer Ge\u0301rald Darmanin a e\u0301te\u0301 adopte\u0301 pa ...","robots":{"index":"index","follow":"follow","max-snippet":"max-snippet:-1","max-image-preview":"max-image-preview:large","max-video-preview":"max-video-preview:-1"},"canonical":"https:\/\/www.africa-press.net\/comores\/politique\/loi-immigration-votee-au-parlement-que-prevoit-le-texte-pour-les-outre-mer","og_locale":"fr_FR","og_type":"article","og_title":"Loi immigration vot\u00e9e au Parlement : que pr\u00e9voit le texte pour les Outre-mer ?","og_description":"Le projet de loi immigration porte\u0301 par le ministre de l'Inte\u0301rieur et des Outre-mer Ge\u0301rald Darmanin a e\u0301te\u0301 adopte\u0301 pa ...","og_url":"https:\/\/www.africa-press.net\/comores\/politique\/loi-immigration-votee-au-parlement-que-prevoit-le-texte-pour-les-outre-mer","og_site_name":"Comores","article_published_time":"2023-12-20T16:18:00+00:00","article_modified_time":"2023-12-20T17:38:15+00:00","og_image":[{"width":930,"height":620,"url":"https:\/\/static.africa-press.net\/centrafricaine\/sites\/48\/2023\/12\/sm_1703077522.406993.jpg","type":"image\/jpeg"}],"author":"cfeditorfr","twitter_card":"summary_large_image","twitter_misc":{"\u00c9crit par":"cfeditorfr","Dur\u00e9e de lecture estim\u00e9e":"8 minutes"},"schema":{"@context":"https:\/\/schema.org","@graph":[{"@type":"Article","@id":"https:\/\/www.africa-press.net\/comores\/politique\/loi-immigration-votee-au-parlement-que-prevoit-le-texte-pour-les-outre-mer#article","isPartOf":{"@id":"https:\/\/www.africa-press.net\/comores\/politique\/loi-immigration-votee-au-parlement-que-prevoit-le-texte-pour-les-outre-mer"},"author":{"name":"cfeditorfr","@id":"https:\/\/www.africa-press.net\/comores\/#\/schema\/person\/2b1cf3cd81a31e3cd26889ca66d677f1"},"headline":"Loi immigration vot\u00e9e au Parlement : que pr\u00e9voit le texte pour les Outre-mer ?","datePublished":"2023-12-20T16:18:00+00:00","dateModified":"2023-12-20T17:38:15+00:00","mainEntityOfPage":{"@id":"https:\/\/www.africa-press.net\/comores\/politique\/loi-immigration-votee-au-parlement-que-prevoit-le-texte-pour-les-outre-mer"},"wordCount":1623,"commentCount":0,"image":{"@id":"https:\/\/www.africa-press.net\/comores\/politique\/loi-immigration-votee-au-parlement-que-prevoit-le-texte-pour-les-outre-mer#primaryimage"},"thumbnailUrl":"https:\/\/static.africa-press.net\/centrafricaine\/sites\/48\/2023\/12\/sm_1703077522.406993.jpg","keywords":["Africa Press","Africa Press-Comores","Comores"],"articleSection":["Dossiers","Politique","Top Nouvelles","Toutes les actualit\u00e9s"],"inLanguage":"fr-FR","potentialAction":[{"@type":"CommentAction","name":"Comment","target":["https:\/\/www.africa-press.net\/comores\/politique\/loi-immigration-votee-au-parlement-que-prevoit-le-texte-pour-les-outre-mer#respond"]}]},{"@type":"WebPage","@id":"https:\/\/www.africa-press.net\/comores\/politique\/loi-immigration-votee-au-parlement-que-prevoit-le-texte-pour-les-outre-mer","url":"https:\/\/www.africa-press.net\/comores\/politique\/loi-immigration-votee-au-parlement-que-prevoit-le-texte-pour-les-outre-mer","name":"Loi immigration vot\u00e9e au Parlement : que pr\u00e9voit le texte pour les Outre-mer ? - Comores","isPartOf":{"@id":"https:\/\/www.africa-press.net\/comores\/#website"},"primaryImageOfPage":{"@id":"https:\/\/www.africa-press.net\/comores\/politique\/loi-immigration-votee-au-parlement-que-prevoit-le-texte-pour-les-outre-mer#primaryimage"},"image":{"@id":"https:\/\/www.africa-press.net\/comores\/politique\/loi-immigration-votee-au-parlement-que-prevoit-le-texte-pour-les-outre-mer#primaryimage"},"thumbnailUrl":"https:\/\/static.africa-press.net\/centrafricaine\/sites\/48\/2023\/12\/sm_1703077522.406993.jpg","datePublished":"2023-12-20T16:18:00+00:00","dateModified":"2023-12-20T17:38:15+00:00","author":{"@id":"https:\/\/www.africa-press.net\/comores\/#\/schema\/person\/2b1cf3cd81a31e3cd26889ca66d677f1"},"description":"Le projet de loi immigration porte\u0301 par le ministre de l'Inte\u0301rieur et des Outre-mer Ge\u0301rald Darmanin a e\u0301te\u0301 adopte\u0301 pa ...","breadcrumb":{"@id":"https:\/\/www.africa-press.net\/comores\/politique\/loi-immigration-votee-au-parlement-que-prevoit-le-texte-pour-les-outre-mer#breadcrumb"},"inLanguage":"fr-FR","potentialAction":[{"@type":"ReadAction","target":["https:\/\/www.africa-press.net\/comores\/politique\/loi-immigration-votee-au-parlement-que-prevoit-le-texte-pour-les-outre-mer"]}]},{"@type":"ImageObject","inLanguage":"fr-FR","@id":"https:\/\/www.africa-press.net\/comores\/politique\/loi-immigration-votee-au-parlement-que-prevoit-le-texte-pour-les-outre-mer#primaryimage","url":"https:\/\/static.africa-press.net\/centrafricaine\/sites\/48\/2023\/12\/sm_1703077522.406993.jpg","contentUrl":"https:\/\/static.africa-press.net\/centrafricaine\/sites\/48\/2023\/12\/sm_1703077522.406993.jpg","width":930,"height":620,"caption":"Loi immigration vot\u00e9e au Parlement : que pr\u00e9voit le texte pour les Outre-mer ?"},{"@type":"BreadcrumbList","@id":"https:\/\/www.africa-press.net\/comores\/politique\/loi-immigration-votee-au-parlement-que-prevoit-le-texte-pour-les-outre-mer#breadcrumb","itemListElement":[{"@type":"ListItem","position":1,"name":"Accueil","item":"https:\/\/www.africa-press.net\/comores\/"},{"@type":"ListItem","position":2,"name":"Loi immigration vot\u00e9e au Parlement : que pr\u00e9voit le texte pour les Outre-mer ?"}]},{"@type":"WebSite","@id":"https:\/\/www.africa-press.net\/comores\/#website","url":"https:\/\/www.africa-press.net\/comores\/","name":"Comores","description":"Just another Africa News Agency Sites site","potentialAction":[{"@type":"SearchAction","target":{"@type":"EntryPoint","urlTemplate":"https:\/\/www.africa-press.net\/comores\/?s={search_term_string}"},"query-input":{"@type":"PropertyValueSpecification","valueRequired":true,"valueName":"search_term_string"}}],"inLanguage":"fr-FR"},{"@type":"Person","@id":"https:\/\/www.africa-press.net\/comores\/#\/schema\/person\/2b1cf3cd81a31e3cd26889ca66d677f1","name":"cfeditorfr"}]}},"_links":{"self":[{"href":"https:\/\/www.africa-press.net\/comores\/wp-json\/wp\/v2\/posts\/14680","targetHints":{"allow":["GET"]}}],"collection":[{"href":"https:\/\/www.africa-press.net\/comores\/wp-json\/wp\/v2\/posts"}],"about":[{"href":"https:\/\/www.africa-press.net\/comores\/wp-json\/wp\/v2\/types\/post"}],"author":[{"embeddable":true,"href":"https:\/\/www.africa-press.net\/comores\/wp-json\/wp\/v2\/users\/82"}],"replies":[{"embeddable":true,"href":"https:\/\/www.africa-press.net\/comores\/wp-json\/wp\/v2\/comments?post=14680"}],"version-history":[{"count":0,"href":"https:\/\/www.africa-press.net\/comores\/wp-json\/wp\/v2\/posts\/14680\/revisions"}],"wp:featuredmedia":[{"embeddable":true,"href":"https:\/\/www.africa-press.net\/comores\/wp-json\/wp\/v2\/media\/14679"}],"wp:attachment":[{"href":"https:\/\/www.africa-press.net\/comores\/wp-json\/wp\/v2\/media?parent=14680"}],"wp:term":[{"taxonomy":"category","embeddable":true,"href":"https:\/\/www.africa-press.net\/comores\/wp-json\/wp\/v2\/categories?post=14680"},{"taxonomy":"post_tag","embeddable":true,"href":"https:\/\/www.africa-press.net\/comores\/wp-json\/wp\/v2\/tags?post=14680"}],"curies":[{"name":"wp","href":"https:\/\/api.w.org\/{rel}","templated":true}]}}