{"id":14775,"date":"2023-12-23T11:09:08","date_gmt":"2023-12-23T11:09:08","guid":{"rendered":"https:\/\/www.africa-press.net\/comores\/politique\/dr-salim-sengage-a-retablir-la-presidence-tournante-entre-les-iles"},"modified":"2023-12-23T12:24:39","modified_gmt":"2023-12-23T12:24:39","slug":"dr-salim-sengage-a-retablir-la-presidence-tournante-entre-les-iles","status":"publish","type":"post","link":"https:\/\/www.africa-press.net\/comores\/parties\/dr-salim-sengage-a-retablir-la-presidence-tournante-entre-les-iles","title":{"rendered":"Dr Salim s&rsquo;engage \u00e0 r\u00e9tablir la pr\u00e9sidence tournante entre les \u00eeles"},"content":{"rendered":"<p><span style=\"color: #ff6600\"><strong>Africa-Press &#8211; Comores. <\/strong><\/span><b>Le candidat du Mouvement Nalawe soutenue par le Front Commun Elections &#8211; parti Juwa, Dr Salim Isaa Abdillah s&rsquo;engage a\u0300 re\u0301tablir la re\u0300gle constitutionnelle de la pre\u0301sidence tournante entre les i\u0302les dans les 2 anne\u0301es de son mandat s\u2019il est e\u0301lu Pre\u0301sident de l\u2019Union en 2024, en re\u0301activant l\u2019accord de Fomboni de 2001, pour permettre aux natifs de chacune des i\u0302les de gouverner ce pays tous les cinq ans. <\/b><\/p>\n<p>Dans sa de\u0301claration solennelle de lancement de la campagne e\u0301lectorale, le candidat soutenu par le Front Commun pro-e\u0301lections et parti Juwa, Dr Salim Issa Abdillah annonce qu&rsquo;il est d&rsquo;abord conscient qu&rsquo;il va affronter une gouvernance \u00ab dictatoriale \u00bb ayant une domination sur la Cour Supre\u0302me (juge e\u0301lectoral), sur la CENI, l\u2019Arme\u0301e et autres institutions. \u00ab Nous savons aussi que Azali est impopulaire aujourd\u2019hui, plus qu\u2019en 2019 \u00bb, marte\u0300le-t-il. Et de poursuivre : \u00ab L\u2019arme\u0301e de notre pays est depuis 2019 utilise\u0301e pour commettre des assassinats, des crimes contre la population et la re\u0301pression des opposants. Aujourd\u2019hui, il se pre\u0301pare a\u0300 un nouveau hold-up e\u0301lectoral \u00bb. D&rsquo;apre\u0300s lui, Azali compte utiliser l\u2019arme\u0301e pour s\u2019accaparer du vote des citoyens comoriens. \u00ab Nous savons surtout qu\u2019Azali compte abuser du pacifisme le\u0301gendaire de la population de notre archipel pour aboutir a\u0300 sa forfaiture de \u00ab Gwa Dzima \u00bb, vote a\u0300 un seul tour non fonde\u0301 et non justifie\u0301 par la loi du nombre \u00bb, ajoute-t-il.<\/p>\n<p>Pour lui, l\u2019arme\u0301e doit se placer au service de tous les citoyens, pauvres ou riches, forts ou faibles, opposants ou pouvoir. \u00ab Avec ou sans Azali, vous e\u0302tes l\u2019institution la plus fiable car la mieux organise\u0301e. Avec ou sans Azali et son gouvernement et ses amis, vous e\u0302tes notre de\u0301fenseur a\u0300 tous, vous e\u0302tes les de\u0301fenseurs le\u0301gitimes de notre pays. Nous aimons et respectons notre arme\u0301e. Refusez d\u2019e\u0302tre les boucliers contre les faibles, contre l\u2019opposition. Pour ces e\u0301lections nous plac\u0327ons en premier notre confiance en vous, arme\u0301e re\u0301publicaine \u00bb, dit-il. Et d\u2019enchai\u0302ner : \u00ab Si l\u2019opposition perd ces e\u0301lections, de\u0301fendez le re\u0301gime en place pour que justice soit faite. Si le re\u0301gime tente de confisquer le vote du peule par des manigances, osez dire non et faite triompher la loi des urnes \u00bb.<\/p>\n<p>Le candidat appelle a\u0300 la vigilance de la communaute\u0301 internationale inte\u0301resse\u0301e par le processus e\u0301lectoral de 2024 et a\u0300 notre vaillante arme\u0301e de rester e\u0301veille\u0301e pour une e\u0301lection juste et de\u0301mocratique. \u00ab En conse\u0301quence, je m\u2019engage a\u0300 re\u0301activer le processus de la pre\u0301sidence tournante des i\u0302les et le cadre institutionnel de Fomboni pour permettre aux natifs de Mohe\u0301li et Anjouan de gouverner ce pays dans les 2 ans a\u0300 venir \u00bb, s\u2019engage-t-il. Le directeur de campagne du mouvement, Mansoib Djanffar a profite\u0301 de cette ouverture du quartier ge\u0301ne\u0301ral de la campagne du candidat pour interpeller le directeur de campagne de la mouvance pre\u0301sidentielle. \u00ab Si Msaidie\u0301 dit vrai, qu&rsquo;il enle\u0300ve sa veste de ministre afin de nous faire face. Mais utiliser le pourvoir ainsi que tous les moyens de l\u2019Etat, il ne pourra pas dire qu&rsquo;il nous a battu \u00bb, avance-t-il.<\/p>\n<p><strong>Pour plus d&rsquo;informations et d&rsquo;analyses sur la <a href=\"https:\/\/www.africa-press.net\/comores\">Comores<\/a>, suivez <a href=\"https:\/\/www.africa-press.net\/\">Africa-Press<\/a><\/strong><\/p>\n","protected":false},"excerpt":{"rendered":"<p>Africa-Press &#8211; Comores. Le candidat du Mouvement Nalawe soutenue par le Front Commun Elections &#8211; parti Juwa, Dr Salim Isaa Abdillah s&rsquo;engage a\u0300 re\u0301tablir la re\u0300gle constitutionnelle de la pre\u0301sidence tournante entre les i\u0302les dans les 2 anne\u0301es de son mandat s\u2019il est e\u0301lu Pre\u0301sident de l\u2019Union en 2024, en re\u0301activant l\u2019accord de Fomboni de [&hellip;]<\/p>\n","protected":false},"author":82,"featured_media":14774,"comment_status":"open","ping_status":"closed","sticky":false,"template":"","format":"standard","meta":{"footnotes":""},"categories":[4,10],"tags":[36,53,45],"class_list":["post-14775","post","type-post","status-publish","format-standard","has-post-thumbnail","hentry","category-parties","category-toutes-les-actualites","tag-africa-press","tag-africa-press-comores","tag-comores"],"yoast_head":"<!-- This site is optimized with the Yoast SEO Premium plugin v26.1 (Yoast SEO v27.0) - https:\/\/yoast.com\/product\/yoast-seo-premium-wordpress\/ -->\n<title>Dr Salim s&#039;engage \u00e0 r\u00e9tablir la pr\u00e9sidence tournante entre les \u00eeles - Comores<\/title>\n<meta name=\"description\" content=\"Le candidat du Mouvement Nalawe soutenue par le Front Commun Elections - parti Juwa, Dr Salim Isaa Abdillah s&#039;engage ...\" \/>\n<meta name=\"robots\" content=\"index, follow, max-snippet:-1, max-image-preview:large, max-video-preview:-1\" \/>\n<link rel=\"canonical\" href=\"https:\/\/www.africa-press.net\/comores\/parties\/dr-salim-sengage-a-retablir-la-presidence-tournante-entre-les-iles\" \/>\n<meta property=\"og:locale\" content=\"fr_FR\" \/>\n<meta property=\"og:type\" content=\"article\" \/>\n<meta property=\"og:title\" content=\"Dr Salim s&#039;engage \u00e0 r\u00e9tablir la pr\u00e9sidence tournante entre les \u00eeles\" \/>\n<meta property=\"og:description\" content=\"Le candidat du Mouvement Nalawe soutenue par le Front Commun Elections - parti Juwa, Dr Salim Isaa Abdillah s&#039;engage ...\" \/>\n<meta property=\"og:url\" content=\"https:\/\/www.africa-press.net\/comores\/parties\/dr-salim-sengage-a-retablir-la-presidence-tournante-entre-les-iles\" \/>\n<meta property=\"og:site_name\" content=\"Comores\" \/>\n<meta property=\"article:published_time\" content=\"2023-12-23T11:09:08+00:00\" \/>\n<meta property=\"article:modified_time\" content=\"2023-12-23T12:24:39+00:00\" \/>\n<meta property=\"og:image\" content=\"https:\/\/static.africa-press.net\/centrafricaine\/sites\/48\/2023\/12\/sm_1703318013.19839.jpg\" \/>\n\t<meta property=\"og:image:width\" content=\"1728\" \/>\n\t<meta property=\"og:image:height\" content=\"1031\" \/>\n\t<meta property=\"og:image:type\" content=\"image\/jpeg\" \/>\n<meta name=\"author\" content=\"cfeditorfr\" \/>\n<meta name=\"twitter:card\" content=\"summary_large_image\" \/>\n<meta name=\"twitter:label1\" content=\"\u00c9crit par\" \/>\n\t<meta name=\"twitter:data1\" content=\"cfeditorfr\" \/>\n\t<meta name=\"twitter:label2\" content=\"Dur\u00e9e de lecture estim\u00e9e\" \/>\n\t<meta name=\"twitter:data2\" content=\"3 minutes\" \/>\n<script type=\"application\/ld+json\" class=\"yoast-schema-graph\">{\"@context\":\"https:\/\/schema.org\",\"@graph\":[{\"@type\":\"Article\",\"@id\":\"https:\/\/www.africa-press.net\/comores\/parties\/dr-salim-sengage-a-retablir-la-presidence-tournante-entre-les-iles#article\",\"isPartOf\":{\"@id\":\"https:\/\/www.africa-press.net\/comores\/parties\/dr-salim-sengage-a-retablir-la-presidence-tournante-entre-les-iles\"},\"author\":{\"name\":\"cfeditorfr\",\"@id\":\"https:\/\/www.africa-press.net\/comores\/#\/schema\/person\/2b1cf3cd81a31e3cd26889ca66d677f1\"},\"headline\":\"Dr Salim s&rsquo;engage \u00e0 r\u00e9tablir la pr\u00e9sidence tournante entre les \u00eeles\",\"datePublished\":\"2023-12-23T11:09:08+00:00\",\"dateModified\":\"2023-12-23T12:24:39+00:00\",\"mainEntityOfPage\":{\"@id\":\"https:\/\/www.africa-press.net\/comores\/parties\/dr-salim-sengage-a-retablir-la-presidence-tournante-entre-les-iles\"},\"wordCount\":592,\"commentCount\":0,\"image\":{\"@id\":\"https:\/\/www.africa-press.net\/comores\/parties\/dr-salim-sengage-a-retablir-la-presidence-tournante-entre-les-iles#primaryimage\"},\"thumbnailUrl\":\"https:\/\/static.africa-press.net\/centrafricaine\/sites\/48\/2023\/12\/sm_1703318013.19839.jpg\",\"keywords\":[\"Africa Press\",\"Africa Press-Comores\",\"Comores\"],\"articleSection\":[\"Parties\",\"Toutes les actualit\u00e9s\"],\"inLanguage\":\"fr-FR\",\"potentialAction\":[{\"@type\":\"CommentAction\",\"name\":\"Comment\",\"target\":[\"https:\/\/www.africa-press.net\/comores\/parties\/dr-salim-sengage-a-retablir-la-presidence-tournante-entre-les-iles#respond\"]}]},{\"@type\":\"WebPage\",\"@id\":\"https:\/\/www.africa-press.net\/comores\/parties\/dr-salim-sengage-a-retablir-la-presidence-tournante-entre-les-iles\",\"url\":\"https:\/\/www.africa-press.net\/comores\/parties\/dr-salim-sengage-a-retablir-la-presidence-tournante-entre-les-iles\",\"name\":\"Dr Salim s'engage \u00e0 r\u00e9tablir la pr\u00e9sidence tournante entre les \u00eeles - Comores\",\"isPartOf\":{\"@id\":\"https:\/\/www.africa-press.net\/comores\/#website\"},\"primaryImageOfPage\":{\"@id\":\"https:\/\/www.africa-press.net\/comores\/parties\/dr-salim-sengage-a-retablir-la-presidence-tournante-entre-les-iles#primaryimage\"},\"image\":{\"@id\":\"https:\/\/www.africa-press.net\/comores\/parties\/dr-salim-sengage-a-retablir-la-presidence-tournante-entre-les-iles#primaryimage\"},\"thumbnailUrl\":\"https:\/\/static.africa-press.net\/centrafricaine\/sites\/48\/2023\/12\/sm_1703318013.19839.jpg\",\"datePublished\":\"2023-12-23T11:09:08+00:00\",\"dateModified\":\"2023-12-23T12:24:39+00:00\",\"author\":{\"@id\":\"https:\/\/www.africa-press.net\/comores\/#\/schema\/person\/2b1cf3cd81a31e3cd26889ca66d677f1\"},\"description\":\"Le candidat du Mouvement Nalawe soutenue par le Front Commun Elections - parti Juwa, Dr Salim Isaa Abdillah s'engage ...\",\"breadcrumb\":{\"@id\":\"https:\/\/www.africa-press.net\/comores\/parties\/dr-salim-sengage-a-retablir-la-presidence-tournante-entre-les-iles#breadcrumb\"},\"inLanguage\":\"fr-FR\",\"potentialAction\":[{\"@type\":\"ReadAction\",\"target\":[\"https:\/\/www.africa-press.net\/comores\/parties\/dr-salim-sengage-a-retablir-la-presidence-tournante-entre-les-iles\"]}]},{\"@type\":\"ImageObject\",\"inLanguage\":\"fr-FR\",\"@id\":\"https:\/\/www.africa-press.net\/comores\/parties\/dr-salim-sengage-a-retablir-la-presidence-tournante-entre-les-iles#primaryimage\",\"url\":\"https:\/\/static.africa-press.net\/centrafricaine\/sites\/48\/2023\/12\/sm_1703318013.19839.jpg\",\"contentUrl\":\"https:\/\/static.africa-press.net\/centrafricaine\/sites\/48\/2023\/12\/sm_1703318013.19839.jpg\",\"width\":1728,\"height\":1031,\"caption\":\"Dr Salim s'engage \u00e0 r\u00e9tablir la pr\u00e9sidence tournante entre les \u00eeles\"},{\"@type\":\"BreadcrumbList\",\"@id\":\"https:\/\/www.africa-press.net\/comores\/parties\/dr-salim-sengage-a-retablir-la-presidence-tournante-entre-les-iles#breadcrumb\",\"itemListElement\":[{\"@type\":\"ListItem\",\"position\":1,\"name\":\"Accueil\",\"item\":\"https:\/\/www.africa-press.net\/comores\/\"},{\"@type\":\"ListItem\",\"position\":2,\"name\":\"Dr Salim s&#8217;engage \u00e0 r\u00e9tablir la pr\u00e9sidence tournante entre les \u00eeles\"}]},{\"@type\":\"WebSite\",\"@id\":\"https:\/\/www.africa-press.net\/comores\/#website\",\"url\":\"https:\/\/www.africa-press.net\/comores\/\",\"name\":\"Comores\",\"description\":\"Just another Africa News Agency Sites site\",\"potentialAction\":[{\"@type\":\"SearchAction\",\"target\":{\"@type\":\"EntryPoint\",\"urlTemplate\":\"https:\/\/www.africa-press.net\/comores\/?s={search_term_string}\"},\"query-input\":{\"@type\":\"PropertyValueSpecification\",\"valueRequired\":true,\"valueName\":\"search_term_string\"}}],\"inLanguage\":\"fr-FR\"},{\"@type\":\"Person\",\"@id\":\"https:\/\/www.africa-press.net\/comores\/#\/schema\/person\/2b1cf3cd81a31e3cd26889ca66d677f1\",\"name\":\"cfeditorfr\"}]}<\/script>\n<!-- \/ Yoast SEO Premium plugin. -->","yoast_head_json":{"title":"Dr Salim s'engage \u00e0 r\u00e9tablir la pr\u00e9sidence tournante entre les \u00eeles - Comores","description":"Le candidat du Mouvement Nalawe soutenue par le Front Commun Elections - parti Juwa, Dr Salim Isaa Abdillah s'engage ...","robots":{"index":"index","follow":"follow","max-snippet":"max-snippet:-1","max-image-preview":"max-image-preview:large","max-video-preview":"max-video-preview:-1"},"canonical":"https:\/\/www.africa-press.net\/comores\/parties\/dr-salim-sengage-a-retablir-la-presidence-tournante-entre-les-iles","og_locale":"fr_FR","og_type":"article","og_title":"Dr Salim s'engage \u00e0 r\u00e9tablir la pr\u00e9sidence tournante entre les \u00eeles","og_description":"Le candidat du Mouvement Nalawe soutenue par le Front Commun Elections - parti Juwa, Dr Salim Isaa Abdillah s'engage ...","og_url":"https:\/\/www.africa-press.net\/comores\/parties\/dr-salim-sengage-a-retablir-la-presidence-tournante-entre-les-iles","og_site_name":"Comores","article_published_time":"2023-12-23T11:09:08+00:00","article_modified_time":"2023-12-23T12:24:39+00:00","og_image":[{"width":1728,"height":1031,"url":"https:\/\/static.africa-press.net\/centrafricaine\/sites\/48\/2023\/12\/sm_1703318013.19839.jpg","type":"image\/jpeg"}],"author":"cfeditorfr","twitter_card":"summary_large_image","twitter_misc":{"\u00c9crit par":"cfeditorfr","Dur\u00e9e de lecture estim\u00e9e":"3 minutes"},"schema":{"@context":"https:\/\/schema.org","@graph":[{"@type":"Article","@id":"https:\/\/www.africa-press.net\/comores\/parties\/dr-salim-sengage-a-retablir-la-presidence-tournante-entre-les-iles#article","isPartOf":{"@id":"https:\/\/www.africa-press.net\/comores\/parties\/dr-salim-sengage-a-retablir-la-presidence-tournante-entre-les-iles"},"author":{"name":"cfeditorfr","@id":"https:\/\/www.africa-press.net\/comores\/#\/schema\/person\/2b1cf3cd81a31e3cd26889ca66d677f1"},"headline":"Dr Salim s&rsquo;engage \u00e0 r\u00e9tablir la pr\u00e9sidence tournante entre les \u00eeles","datePublished":"2023-12-23T11:09:08+00:00","dateModified":"2023-12-23T12:24:39+00:00","mainEntityOfPage":{"@id":"https:\/\/www.africa-press.net\/comores\/parties\/dr-salim-sengage-a-retablir-la-presidence-tournante-entre-les-iles"},"wordCount":592,"commentCount":0,"image":{"@id":"https:\/\/www.africa-press.net\/comores\/parties\/dr-salim-sengage-a-retablir-la-presidence-tournante-entre-les-iles#primaryimage"},"thumbnailUrl":"https:\/\/static.africa-press.net\/centrafricaine\/sites\/48\/2023\/12\/sm_1703318013.19839.jpg","keywords":["Africa Press","Africa Press-Comores","Comores"],"articleSection":["Parties","Toutes les actualit\u00e9s"],"inLanguage":"fr-FR","potentialAction":[{"@type":"CommentAction","name":"Comment","target":["https:\/\/www.africa-press.net\/comores\/parties\/dr-salim-sengage-a-retablir-la-presidence-tournante-entre-les-iles#respond"]}]},{"@type":"WebPage","@id":"https:\/\/www.africa-press.net\/comores\/parties\/dr-salim-sengage-a-retablir-la-presidence-tournante-entre-les-iles","url":"https:\/\/www.africa-press.net\/comores\/parties\/dr-salim-sengage-a-retablir-la-presidence-tournante-entre-les-iles","name":"Dr Salim s'engage \u00e0 r\u00e9tablir la pr\u00e9sidence tournante entre les \u00eeles - Comores","isPartOf":{"@id":"https:\/\/www.africa-press.net\/comores\/#website"},"primaryImageOfPage":{"@id":"https:\/\/www.africa-press.net\/comores\/parties\/dr-salim-sengage-a-retablir-la-presidence-tournante-entre-les-iles#primaryimage"},"image":{"@id":"https:\/\/www.africa-press.net\/comores\/parties\/dr-salim-sengage-a-retablir-la-presidence-tournante-entre-les-iles#primaryimage"},"thumbnailUrl":"https:\/\/static.africa-press.net\/centrafricaine\/sites\/48\/2023\/12\/sm_1703318013.19839.jpg","datePublished":"2023-12-23T11:09:08+00:00","dateModified":"2023-12-23T12:24:39+00:00","author":{"@id":"https:\/\/www.africa-press.net\/comores\/#\/schema\/person\/2b1cf3cd81a31e3cd26889ca66d677f1"},"description":"Le candidat du Mouvement Nalawe soutenue par le Front Commun Elections - parti Juwa, Dr Salim Isaa Abdillah s'engage ...","breadcrumb":{"@id":"https:\/\/www.africa-press.net\/comores\/parties\/dr-salim-sengage-a-retablir-la-presidence-tournante-entre-les-iles#breadcrumb"},"inLanguage":"fr-FR","potentialAction":[{"@type":"ReadAction","target":["https:\/\/www.africa-press.net\/comores\/parties\/dr-salim-sengage-a-retablir-la-presidence-tournante-entre-les-iles"]}]},{"@type":"ImageObject","inLanguage":"fr-FR","@id":"https:\/\/www.africa-press.net\/comores\/parties\/dr-salim-sengage-a-retablir-la-presidence-tournante-entre-les-iles#primaryimage","url":"https:\/\/static.africa-press.net\/centrafricaine\/sites\/48\/2023\/12\/sm_1703318013.19839.jpg","contentUrl":"https:\/\/static.africa-press.net\/centrafricaine\/sites\/48\/2023\/12\/sm_1703318013.19839.jpg","width":1728,"height":1031,"caption":"Dr Salim s'engage \u00e0 r\u00e9tablir la pr\u00e9sidence tournante entre les \u00eeles"},{"@type":"BreadcrumbList","@id":"https:\/\/www.africa-press.net\/comores\/parties\/dr-salim-sengage-a-retablir-la-presidence-tournante-entre-les-iles#breadcrumb","itemListElement":[{"@type":"ListItem","position":1,"name":"Accueil","item":"https:\/\/www.africa-press.net\/comores\/"},{"@type":"ListItem","position":2,"name":"Dr Salim s&#8217;engage \u00e0 r\u00e9tablir la pr\u00e9sidence tournante entre les \u00eeles"}]},{"@type":"WebSite","@id":"https:\/\/www.africa-press.net\/comores\/#website","url":"https:\/\/www.africa-press.net\/comores\/","name":"Comores","description":"Just another Africa News Agency Sites site","potentialAction":[{"@type":"SearchAction","target":{"@type":"EntryPoint","urlTemplate":"https:\/\/www.africa-press.net\/comores\/?s={search_term_string}"},"query-input":{"@type":"PropertyValueSpecification","valueRequired":true,"valueName":"search_term_string"}}],"inLanguage":"fr-FR"},{"@type":"Person","@id":"https:\/\/www.africa-press.net\/comores\/#\/schema\/person\/2b1cf3cd81a31e3cd26889ca66d677f1","name":"cfeditorfr"}]}},"_links":{"self":[{"href":"https:\/\/www.africa-press.net\/comores\/wp-json\/wp\/v2\/posts\/14775","targetHints":{"allow":["GET"]}}],"collection":[{"href":"https:\/\/www.africa-press.net\/comores\/wp-json\/wp\/v2\/posts"}],"about":[{"href":"https:\/\/www.africa-press.net\/comores\/wp-json\/wp\/v2\/types\/post"}],"author":[{"embeddable":true,"href":"https:\/\/www.africa-press.net\/comores\/wp-json\/wp\/v2\/users\/82"}],"replies":[{"embeddable":true,"href":"https:\/\/www.africa-press.net\/comores\/wp-json\/wp\/v2\/comments?post=14775"}],"version-history":[{"count":0,"href":"https:\/\/www.africa-press.net\/comores\/wp-json\/wp\/v2\/posts\/14775\/revisions"}],"wp:featuredmedia":[{"embeddable":true,"href":"https:\/\/www.africa-press.net\/comores\/wp-json\/wp\/v2\/media\/14774"}],"wp:attachment":[{"href":"https:\/\/www.africa-press.net\/comores\/wp-json\/wp\/v2\/media?parent=14775"}],"wp:term":[{"taxonomy":"category","embeddable":true,"href":"https:\/\/www.africa-press.net\/comores\/wp-json\/wp\/v2\/categories?post=14775"},{"taxonomy":"post_tag","embeddable":true,"href":"https:\/\/www.africa-press.net\/comores\/wp-json\/wp\/v2\/tags?post=14775"}],"curies":[{"name":"wp","href":"https:\/\/api.w.org\/{rel}","templated":true}]}}