{"id":14782,"date":"2023-12-23T11:10:57","date_gmt":"2023-12-23T11:10:57","guid":{"rendered":"https:\/\/www.africa-press.net\/comores\/politique\/la-sensibilisation-des-medias-se-poursuit-a-moheli"},"modified":"2023-12-23T12:25:46","modified_gmt":"2023-12-23T12:25:46","slug":"la-sensibilisation-des-medias-se-poursuit-a-moheli","status":"publish","type":"post","link":"https:\/\/www.africa-press.net\/comores\/politique\/la-sensibilisation-des-medias-se-poursuit-a-moheli","title":{"rendered":"La sensibilisation des m\u00e9dias se poursuit \u00e0 Moh\u00e9li"},"content":{"rendered":"<p><span style=\"color: #ff6600\"><strong>Africa-Press &#8211; Comores. <\/strong><\/span><b>Les me\u0301dias de l\u2019audiovisuel, de la presse e\u0301crite et des re\u0301seaux sociaux ainsi que la socie\u0301te\u0301 civile ont e\u0301te\u0301 invite\u0301s a\u0300 un atelier organise\u0301 par le CNPA (Conseil National de la Presse et de l&rsquo;audiovisuel) en partenariat avec le PNUD Comores et le Fonds Africain pour les E\u0301lections. L\u2019objectif est de lutter contre la de\u0301sinformation et le fact-checking en pe\u0301riode e\u0301lectorale. L\u2019atelier s\u2019est de\u0301roule\u0301 au motel Faradel a\u0300 Fomboni du mardi 19 au mercredi 20 de\u0301cembre dernier.<\/b><\/p>\n<p>Un renforcement de capacite\u0301s des journalistes et membres de la socie\u0301te\u0301 civile exerc\u0327ant a\u0300 Mohe\u0301lisur la lutte contre la de\u0301sinformation et le fact-checking en pe\u0301riode e\u0301lectorale a eu lieu au Motel Faradel du 19 au 20 de\u0301cembre dernier. Il s\u2019agit des bonnes pratiques a\u0300 adopter pour couvrir toute activite\u0301 lie\u0301e aux e\u0301lections de 2024, afin de garantir la paix et la cohe\u0301sion sociale. Une initiative du CNPA avec l&rsquo;appui du PNUD et du Fonds Africain pour les E\u0301lections.<\/p>\n<p>La re\u0300gle d&rsquo;or de ve\u0301rification de l&rsquo;information avant sa publication a constitue\u0301 le noyau principal de cet atelier anime\u0301 par Mariata Moussa, monitrice et conseille\u0300re du CNPA pour lutter contre la de\u0301sinformation ainsi que les enjeux de la circulation des informations dans cette pe\u0301riode e\u0301lectorale. \u00ab Une pe\u0301riode de vote est une pe\u0301riode tre\u0300s sensible. Une fausse information peut cre\u0301er des troubles dans la socie\u0301te\u0301 voir de\u0301stabiliser une communaute\u0301. Raison pour laquelle mieux vaut pre\u0301venir que gue\u0301rir \u00bb a martele\u0301 Mariata Moussa.<\/p>\n<p>\u00ab La formation e\u0301tait tre\u0300s importante surtout pour les jeunes qui exercent ce me\u0301tier mais aussi pour les anciens afin de se le rappeler car les enjeux sont de taille \u00bb estime Housseine Abdillah journaliste de l&rsquo;ORTC qui a pris part a\u0300 la formation. Cette activite\u0301 s&rsquo;est e\u0301galement tenue dans les autres i\u0302les.<\/p>\n<p><strong>Pour plus d&rsquo;informations et d&rsquo;analyses sur la <a href=\"https:\/\/www.africa-press.net\/comores\">Comores<\/a>, suivez <a href=\"https:\/\/www.africa-press.net\/\">Africa-Press<\/a><\/strong><\/p>\n","protected":false},"excerpt":{"rendered":"<p>Africa-Press &#8211; Comores. Les me\u0301dias de l\u2019audiovisuel, de la presse e\u0301crite et des re\u0301seaux sociaux ainsi que la socie\u0301te\u0301 civile ont e\u0301te\u0301 invite\u0301s a\u0300 un atelier organise\u0301 par le CNPA (Conseil National de la Presse et de l&rsquo;audiovisuel) en partenariat avec le PNUD Comores et le Fonds Africain pour les E\u0301lections. L\u2019objectif est de lutter [&hellip;]<\/p>\n","protected":false},"author":82,"featured_media":14781,"comment_status":"open","ping_status":"closed","sticky":false,"template":"","format":"standard","meta":{"footnotes":""},"categories":[2,10],"tags":[36,53,45],"class_list":["post-14782","post","type-post","status-publish","format-standard","has-post-thumbnail","hentry","category-politique","category-toutes-les-actualites","tag-africa-press","tag-africa-press-comores","tag-comores"],"yoast_head":"<!-- This site is optimized with the Yoast SEO Premium plugin v26.1 (Yoast SEO v27.0) - https:\/\/yoast.com\/product\/yoast-seo-premium-wordpress\/ -->\n<title>La sensibilisation des m\u00e9dias se poursuit \u00e0 Moh\u00e9li - Comores<\/title>\n<meta name=\"description\" content=\"Les me\u0301dias de l\u2019audiovisuel, de la presse e\u0301crite et des re\u0301seaux sociaux ainsi que la socie\u0301te\u0301 civile ont e\u0301te\u0301 in ...\" \/>\n<meta name=\"robots\" content=\"index, follow, max-snippet:-1, max-image-preview:large, max-video-preview:-1\" \/>\n<link rel=\"canonical\" href=\"https:\/\/www.africa-press.net\/comores\/politique\/la-sensibilisation-des-medias-se-poursuit-a-moheli\" \/>\n<meta property=\"og:locale\" content=\"fr_FR\" \/>\n<meta property=\"og:type\" content=\"article\" \/>\n<meta property=\"og:title\" content=\"La sensibilisation des m\u00e9dias se poursuit \u00e0 Moh\u00e9li\" \/>\n<meta property=\"og:description\" content=\"Les me\u0301dias de l\u2019audiovisuel, de la presse e\u0301crite et des re\u0301seaux sociaux ainsi que la socie\u0301te\u0301 civile ont e\u0301te\u0301 in ...\" \/>\n<meta property=\"og:url\" content=\"https:\/\/www.africa-press.net\/comores\/politique\/la-sensibilisation-des-medias-se-poursuit-a-moheli\" \/>\n<meta property=\"og:site_name\" content=\"Comores\" \/>\n<meta property=\"article:published_time\" content=\"2023-12-23T11:10:57+00:00\" \/>\n<meta property=\"article:modified_time\" content=\"2023-12-23T12:25:46+00:00\" \/>\n<meta property=\"og:image\" content=\"https:\/\/static.africa-press.net\/centrafricaine\/sites\/48\/2023\/12\/sm_1703318074.644135.jpg\" \/>\n\t<meta property=\"og:image:width\" content=\"1040\" \/>\n\t<meta property=\"og:image:height\" content=\"480\" \/>\n\t<meta property=\"og:image:type\" content=\"image\/jpeg\" \/>\n<meta name=\"author\" content=\"cfeditorfr\" \/>\n<meta name=\"twitter:card\" content=\"summary_large_image\" \/>\n<meta name=\"twitter:label1\" content=\"\u00c9crit par\" \/>\n\t<meta name=\"twitter:data1\" content=\"cfeditorfr\" \/>\n\t<meta name=\"twitter:label2\" content=\"Dur\u00e9e de lecture estim\u00e9e\" \/>\n\t<meta name=\"twitter:data2\" content=\"2 minutes\" \/>\n<script type=\"application\/ld+json\" class=\"yoast-schema-graph\">{\"@context\":\"https:\/\/schema.org\",\"@graph\":[{\"@type\":\"Article\",\"@id\":\"https:\/\/www.africa-press.net\/comores\/politique\/la-sensibilisation-des-medias-se-poursuit-a-moheli#article\",\"isPartOf\":{\"@id\":\"https:\/\/www.africa-press.net\/comores\/politique\/la-sensibilisation-des-medias-se-poursuit-a-moheli\"},\"author\":{\"name\":\"cfeditorfr\",\"@id\":\"https:\/\/www.africa-press.net\/comores\/#\/schema\/person\/2b1cf3cd81a31e3cd26889ca66d677f1\"},\"headline\":\"La sensibilisation des m\u00e9dias se poursuit \u00e0 Moh\u00e9li\",\"datePublished\":\"2023-12-23T11:10:57+00:00\",\"dateModified\":\"2023-12-23T12:25:46+00:00\",\"mainEntityOfPage\":{\"@id\":\"https:\/\/www.africa-press.net\/comores\/politique\/la-sensibilisation-des-medias-se-poursuit-a-moheli\"},\"wordCount\":359,\"commentCount\":0,\"image\":{\"@id\":\"https:\/\/www.africa-press.net\/comores\/politique\/la-sensibilisation-des-medias-se-poursuit-a-moheli#primaryimage\"},\"thumbnailUrl\":\"https:\/\/static.africa-press.net\/centrafricaine\/sites\/48\/2023\/12\/sm_1703318074.644135.jpg\",\"keywords\":[\"Africa Press\",\"Africa Press-Comores\",\"Comores\"],\"articleSection\":[\"Politique\",\"Toutes les actualit\u00e9s\"],\"inLanguage\":\"fr-FR\",\"potentialAction\":[{\"@type\":\"CommentAction\",\"name\":\"Comment\",\"target\":[\"https:\/\/www.africa-press.net\/comores\/politique\/la-sensibilisation-des-medias-se-poursuit-a-moheli#respond\"]}]},{\"@type\":\"WebPage\",\"@id\":\"https:\/\/www.africa-press.net\/comores\/politique\/la-sensibilisation-des-medias-se-poursuit-a-moheli\",\"url\":\"https:\/\/www.africa-press.net\/comores\/politique\/la-sensibilisation-des-medias-se-poursuit-a-moheli\",\"name\":\"La sensibilisation des m\u00e9dias se poursuit \u00e0 Moh\u00e9li - Comores\",\"isPartOf\":{\"@id\":\"https:\/\/www.africa-press.net\/comores\/#website\"},\"primaryImageOfPage\":{\"@id\":\"https:\/\/www.africa-press.net\/comores\/politique\/la-sensibilisation-des-medias-se-poursuit-a-moheli#primaryimage\"},\"image\":{\"@id\":\"https:\/\/www.africa-press.net\/comores\/politique\/la-sensibilisation-des-medias-se-poursuit-a-moheli#primaryimage\"},\"thumbnailUrl\":\"https:\/\/static.africa-press.net\/centrafricaine\/sites\/48\/2023\/12\/sm_1703318074.644135.jpg\",\"datePublished\":\"2023-12-23T11:10:57+00:00\",\"dateModified\":\"2023-12-23T12:25:46+00:00\",\"author\":{\"@id\":\"https:\/\/www.africa-press.net\/comores\/#\/schema\/person\/2b1cf3cd81a31e3cd26889ca66d677f1\"},\"description\":\"Les me\u0301dias de l\u2019audiovisuel, de la presse e\u0301crite et des re\u0301seaux sociaux ainsi que la socie\u0301te\u0301 civile ont e\u0301te\u0301 in ...\",\"breadcrumb\":{\"@id\":\"https:\/\/www.africa-press.net\/comores\/politique\/la-sensibilisation-des-medias-se-poursuit-a-moheli#breadcrumb\"},\"inLanguage\":\"fr-FR\",\"potentialAction\":[{\"@type\":\"ReadAction\",\"target\":[\"https:\/\/www.africa-press.net\/comores\/politique\/la-sensibilisation-des-medias-se-poursuit-a-moheli\"]}]},{\"@type\":\"ImageObject\",\"inLanguage\":\"fr-FR\",\"@id\":\"https:\/\/www.africa-press.net\/comores\/politique\/la-sensibilisation-des-medias-se-poursuit-a-moheli#primaryimage\",\"url\":\"https:\/\/static.africa-press.net\/centrafricaine\/sites\/48\/2023\/12\/sm_1703318074.644135.jpg\",\"contentUrl\":\"https:\/\/static.africa-press.net\/centrafricaine\/sites\/48\/2023\/12\/sm_1703318074.644135.jpg\",\"width\":1040,\"height\":480,\"caption\":\"La sensibilisation des m\u00e9dias se poursuit \u00e0 Moh\u00e9li\"},{\"@type\":\"BreadcrumbList\",\"@id\":\"https:\/\/www.africa-press.net\/comores\/politique\/la-sensibilisation-des-medias-se-poursuit-a-moheli#breadcrumb\",\"itemListElement\":[{\"@type\":\"ListItem\",\"position\":1,\"name\":\"Accueil\",\"item\":\"https:\/\/www.africa-press.net\/comores\/\"},{\"@type\":\"ListItem\",\"position\":2,\"name\":\"La sensibilisation des m\u00e9dias se poursuit \u00e0 Moh\u00e9li\"}]},{\"@type\":\"WebSite\",\"@id\":\"https:\/\/www.africa-press.net\/comores\/#website\",\"url\":\"https:\/\/www.africa-press.net\/comores\/\",\"name\":\"Comores\",\"description\":\"Just another Africa News Agency Sites site\",\"potentialAction\":[{\"@type\":\"SearchAction\",\"target\":{\"@type\":\"EntryPoint\",\"urlTemplate\":\"https:\/\/www.africa-press.net\/comores\/?s={search_term_string}\"},\"query-input\":{\"@type\":\"PropertyValueSpecification\",\"valueRequired\":true,\"valueName\":\"search_term_string\"}}],\"inLanguage\":\"fr-FR\"},{\"@type\":\"Person\",\"@id\":\"https:\/\/www.africa-press.net\/comores\/#\/schema\/person\/2b1cf3cd81a31e3cd26889ca66d677f1\",\"name\":\"cfeditorfr\"}]}<\/script>\n<!-- \/ Yoast SEO Premium plugin. -->","yoast_head_json":{"title":"La sensibilisation des m\u00e9dias se poursuit \u00e0 Moh\u00e9li - Comores","description":"Les me\u0301dias de l\u2019audiovisuel, de la presse e\u0301crite et des re\u0301seaux sociaux ainsi que la socie\u0301te\u0301 civile ont e\u0301te\u0301 in ...","robots":{"index":"index","follow":"follow","max-snippet":"max-snippet:-1","max-image-preview":"max-image-preview:large","max-video-preview":"max-video-preview:-1"},"canonical":"https:\/\/www.africa-press.net\/comores\/politique\/la-sensibilisation-des-medias-se-poursuit-a-moheli","og_locale":"fr_FR","og_type":"article","og_title":"La sensibilisation des m\u00e9dias se poursuit \u00e0 Moh\u00e9li","og_description":"Les me\u0301dias de l\u2019audiovisuel, de la presse e\u0301crite et des re\u0301seaux sociaux ainsi que la socie\u0301te\u0301 civile ont e\u0301te\u0301 in ...","og_url":"https:\/\/www.africa-press.net\/comores\/politique\/la-sensibilisation-des-medias-se-poursuit-a-moheli","og_site_name":"Comores","article_published_time":"2023-12-23T11:10:57+00:00","article_modified_time":"2023-12-23T12:25:46+00:00","og_image":[{"width":1040,"height":480,"url":"https:\/\/static.africa-press.net\/centrafricaine\/sites\/48\/2023\/12\/sm_1703318074.644135.jpg","type":"image\/jpeg"}],"author":"cfeditorfr","twitter_card":"summary_large_image","twitter_misc":{"\u00c9crit par":"cfeditorfr","Dur\u00e9e de lecture estim\u00e9e":"2 minutes"},"schema":{"@context":"https:\/\/schema.org","@graph":[{"@type":"Article","@id":"https:\/\/www.africa-press.net\/comores\/politique\/la-sensibilisation-des-medias-se-poursuit-a-moheli#article","isPartOf":{"@id":"https:\/\/www.africa-press.net\/comores\/politique\/la-sensibilisation-des-medias-se-poursuit-a-moheli"},"author":{"name":"cfeditorfr","@id":"https:\/\/www.africa-press.net\/comores\/#\/schema\/person\/2b1cf3cd81a31e3cd26889ca66d677f1"},"headline":"La sensibilisation des m\u00e9dias se poursuit \u00e0 Moh\u00e9li","datePublished":"2023-12-23T11:10:57+00:00","dateModified":"2023-12-23T12:25:46+00:00","mainEntityOfPage":{"@id":"https:\/\/www.africa-press.net\/comores\/politique\/la-sensibilisation-des-medias-se-poursuit-a-moheli"},"wordCount":359,"commentCount":0,"image":{"@id":"https:\/\/www.africa-press.net\/comores\/politique\/la-sensibilisation-des-medias-se-poursuit-a-moheli#primaryimage"},"thumbnailUrl":"https:\/\/static.africa-press.net\/centrafricaine\/sites\/48\/2023\/12\/sm_1703318074.644135.jpg","keywords":["Africa Press","Africa Press-Comores","Comores"],"articleSection":["Politique","Toutes les actualit\u00e9s"],"inLanguage":"fr-FR","potentialAction":[{"@type":"CommentAction","name":"Comment","target":["https:\/\/www.africa-press.net\/comores\/politique\/la-sensibilisation-des-medias-se-poursuit-a-moheli#respond"]}]},{"@type":"WebPage","@id":"https:\/\/www.africa-press.net\/comores\/politique\/la-sensibilisation-des-medias-se-poursuit-a-moheli","url":"https:\/\/www.africa-press.net\/comores\/politique\/la-sensibilisation-des-medias-se-poursuit-a-moheli","name":"La sensibilisation des m\u00e9dias se poursuit \u00e0 Moh\u00e9li - Comores","isPartOf":{"@id":"https:\/\/www.africa-press.net\/comores\/#website"},"primaryImageOfPage":{"@id":"https:\/\/www.africa-press.net\/comores\/politique\/la-sensibilisation-des-medias-se-poursuit-a-moheli#primaryimage"},"image":{"@id":"https:\/\/www.africa-press.net\/comores\/politique\/la-sensibilisation-des-medias-se-poursuit-a-moheli#primaryimage"},"thumbnailUrl":"https:\/\/static.africa-press.net\/centrafricaine\/sites\/48\/2023\/12\/sm_1703318074.644135.jpg","datePublished":"2023-12-23T11:10:57+00:00","dateModified":"2023-12-23T12:25:46+00:00","author":{"@id":"https:\/\/www.africa-press.net\/comores\/#\/schema\/person\/2b1cf3cd81a31e3cd26889ca66d677f1"},"description":"Les me\u0301dias de l\u2019audiovisuel, de la presse e\u0301crite et des re\u0301seaux sociaux ainsi que la socie\u0301te\u0301 civile ont e\u0301te\u0301 in ...","breadcrumb":{"@id":"https:\/\/www.africa-press.net\/comores\/politique\/la-sensibilisation-des-medias-se-poursuit-a-moheli#breadcrumb"},"inLanguage":"fr-FR","potentialAction":[{"@type":"ReadAction","target":["https:\/\/www.africa-press.net\/comores\/politique\/la-sensibilisation-des-medias-se-poursuit-a-moheli"]}]},{"@type":"ImageObject","inLanguage":"fr-FR","@id":"https:\/\/www.africa-press.net\/comores\/politique\/la-sensibilisation-des-medias-se-poursuit-a-moheli#primaryimage","url":"https:\/\/static.africa-press.net\/centrafricaine\/sites\/48\/2023\/12\/sm_1703318074.644135.jpg","contentUrl":"https:\/\/static.africa-press.net\/centrafricaine\/sites\/48\/2023\/12\/sm_1703318074.644135.jpg","width":1040,"height":480,"caption":"La sensibilisation des m\u00e9dias se poursuit \u00e0 Moh\u00e9li"},{"@type":"BreadcrumbList","@id":"https:\/\/www.africa-press.net\/comores\/politique\/la-sensibilisation-des-medias-se-poursuit-a-moheli#breadcrumb","itemListElement":[{"@type":"ListItem","position":1,"name":"Accueil","item":"https:\/\/www.africa-press.net\/comores\/"},{"@type":"ListItem","position":2,"name":"La sensibilisation des m\u00e9dias se poursuit \u00e0 Moh\u00e9li"}]},{"@type":"WebSite","@id":"https:\/\/www.africa-press.net\/comores\/#website","url":"https:\/\/www.africa-press.net\/comores\/","name":"Comores","description":"Just another Africa News Agency Sites site","potentialAction":[{"@type":"SearchAction","target":{"@type":"EntryPoint","urlTemplate":"https:\/\/www.africa-press.net\/comores\/?s={search_term_string}"},"query-input":{"@type":"PropertyValueSpecification","valueRequired":true,"valueName":"search_term_string"}}],"inLanguage":"fr-FR"},{"@type":"Person","@id":"https:\/\/www.africa-press.net\/comores\/#\/schema\/person\/2b1cf3cd81a31e3cd26889ca66d677f1","name":"cfeditorfr"}]}},"_links":{"self":[{"href":"https:\/\/www.africa-press.net\/comores\/wp-json\/wp\/v2\/posts\/14782","targetHints":{"allow":["GET"]}}],"collection":[{"href":"https:\/\/www.africa-press.net\/comores\/wp-json\/wp\/v2\/posts"}],"about":[{"href":"https:\/\/www.africa-press.net\/comores\/wp-json\/wp\/v2\/types\/post"}],"author":[{"embeddable":true,"href":"https:\/\/www.africa-press.net\/comores\/wp-json\/wp\/v2\/users\/82"}],"replies":[{"embeddable":true,"href":"https:\/\/www.africa-press.net\/comores\/wp-json\/wp\/v2\/comments?post=14782"}],"version-history":[{"count":0,"href":"https:\/\/www.africa-press.net\/comores\/wp-json\/wp\/v2\/posts\/14782\/revisions"}],"wp:featuredmedia":[{"embeddable":true,"href":"https:\/\/www.africa-press.net\/comores\/wp-json\/wp\/v2\/media\/14781"}],"wp:attachment":[{"href":"https:\/\/www.africa-press.net\/comores\/wp-json\/wp\/v2\/media?parent=14782"}],"wp:term":[{"taxonomy":"category","embeddable":true,"href":"https:\/\/www.africa-press.net\/comores\/wp-json\/wp\/v2\/categories?post=14782"},{"taxonomy":"post_tag","embeddable":true,"href":"https:\/\/www.africa-press.net\/comores\/wp-json\/wp\/v2\/tags?post=14782"}],"curies":[{"name":"wp","href":"https:\/\/api.w.org\/{rel}","templated":true}]}}