{"id":14785,"date":"2023-12-23T11:11:21","date_gmt":"2023-12-23T11:11:21","guid":{"rendered":"https:\/\/www.africa-press.net\/comores\/politique\/dr-abdoulanziz-a-devoile-son-plan-daction-pour-le-gouvernorat-de-moheli"},"modified":"2023-12-23T12:26:04","modified_gmt":"2023-12-23T12:26:04","slug":"dr-abdoulanziz-a-devoile-son-plan-daction-pour-le-gouvernorat-de-moheli","status":"publish","type":"post","link":"https:\/\/www.africa-press.net\/comores\/politique\/dr-abdoulanziz-a-devoile-son-plan-daction-pour-le-gouvernorat-de-moheli","title":{"rendered":"Dr Abdoulanziz a d\u00e9voil\u00e9 son plan d&rsquo;action pour le gouvernorat de Moh\u00e9li"},"content":{"rendered":"<p><span style=\"color: #ff6600\"><strong>Africa-Press &#8211; Comores. <\/strong><\/span><b>La campagne pour les e\u0301lections du pre\u0301sident de la Re\u0301publique et des gouverneurs des i\u0302les a de\u0301marre\u0301 le dimanche 17 de\u0301cembre pour se terminer le vendredi 12 janvier 2024. Les candidats ont vingt-six jours pour sillonner les villes et villages en vue de convaincre les e\u0301lecteurs. A\u0300 Mohe\u0301li, aucun meeting d\u2019ouverture n\u2019est encore organise\u0301 jusqu\u2019alors. Le candidat inde\u0301pendant Dr Hassanaly Abdoulanziz a pre\u0301fe\u0301re\u0301 donner son coup d\u2019envoi ce mercredi 20 de\u0301cembre par une confe\u0301rence de\u0301bat au foyer de Salamani. C\u2019e\u0301tait l\u2019occasion pour lui de de\u0301voiler son plan d&rsquo;action autour de 6 grands axes, une fois e\u0301lu gouverneur de Mohe\u0301li.<\/b><\/p>\n<p>La cohe\u0301sion sociale, l\u2019e\u0301cotourisme et l\u2019entreprenariat font partie des 6 grands axes de\u0301voile\u0301s l\u2019apre\u0300s midi du mercredi dernier au foyer de Salamani par le candidat inde\u0301pendant Dr Hassanaly Abdoulanziz. Cette confe\u0301rence de\u0301bat anime\u0301e par le candidat lui-me\u0302me accompagne\u0301 de son staff avait re\u0301uni plusieurs personnes dont des femmes. Le chirurgien s\u2019est d\u2019emble\u0301e attaque\u0301 a\u0300 la corruption qui, selon lui, a freine\u0301 le de\u0301veloppement de Mohe\u0301li depuis des de\u0301cennies, plongeant l&rsquo;i\u0302le dans l&rsquo;immobilisme et la re\u0301gression. L&rsquo;initialisation d&rsquo;une bonne gouvernance tout en accordant un ve\u0301ritable statut juridique et financier aux collectivite\u0301s territoriales est une priorite\u0301 pour lui. \u00ab Nous allons essayer de mettre en place un syste\u0300me de re\u0301conciliation des gouverne\u0301s et des gouvernants pour une bonne gouvernance et par la valorisation de la probite\u0301 en matie\u0300re de gestion publique. Quant a\u0300 la corruption, nous allons essayer de la re\u0301duire car on n\u2019arrivera pas a\u0300 l&rsquo;e\u0301radiquer d&rsquo;un revers de main \u00bb indique le candidat Abdoulanziz.<\/p>\n<p>Le chirurgien promet de ne pas pouvoir abandonner son me\u0301tier, le grand souci de la plus grande partie de la population comorienne. \u00ab La vie d&rsquo;un citoyen est supe\u0301rieure au fauteuil de gouverneur, en cas d&rsquo;urgence s&rsquo;il s&rsquo;agit d&rsquo;ope\u0301rer quelqu&rsquo;un pour sauver une vie je le ferai sans he\u0301siter et c&rsquo;est une promesse car dans l&rsquo;administration tout se planifie \u00bb assure-t-il avant de parler de la re\u0301forme du CHRI de Fomboni. Ame\u0301liorer les conditions pe\u0301dagogiques et techniques des e\u0301coles coraniques, la lutte contre la de\u0301linquance juve\u0301nile mais aussi la mise en \u0153uvre d&rsquo;un programme rigoureux d&rsquo;alphabe\u0301tisation au niveau de l&rsquo;i\u0302le en rendant la scolarisation obligatoire pour tous les enfants de moins de 18 ans, forment un de\u0301fi social important a\u0300 relever pour le docteur Abdoulanziz.<\/p>\n<p>Lailina Daniel, son directeur de campagne a plaide\u0301 pour la restauration de la fore\u0302t de l&rsquo;i\u0302le et la mise en place d&rsquo;une structure pour ge\u0301rer le label de la re\u0301serve de biosphe\u0300re. \u00ab Il faut savoir que l&rsquo;i\u0302le de Mohe\u0301li est classe\u0301e en 2020 dans les re\u0301serves de biosphe\u0300re par l&rsquo;UNESCO. Mais depuis ce temps la\u0300 jusqu&rsquo;a\u0300 pre\u0301sent il n&rsquo;existe pas une structure qui a la responsabilite\u0301 de ce label. Je ne sais pas pourquoi le gouverneur actuel ne l&rsquo;a pas fait, alors que beaucoup d\u2019activite\u0301s sont bloque\u0301es en l\u2019absence d\u2019une personne pour les faire. Le parc national de Mohe\u0301li ne fait que la moitie\u0301 de ces travaux, et il ne peut jamais y arriver seul \u00bb pre\u0301cise Lailina Daniel.<\/p>\n<p><strong>Pour plus d&rsquo;informations et d&rsquo;analyses sur la <a href=\"https:\/\/www.africa-press.net\/comores\">Comores<\/a>, suivez <a href=\"https:\/\/www.africa-press.net\/\">Africa-Press<\/a><\/strong><\/p>\n","protected":false},"excerpt":{"rendered":"<p>Africa-Press &#8211; Comores. La campagne pour les e\u0301lections du pre\u0301sident de la Re\u0301publique et des gouverneurs des i\u0302les a de\u0301marre\u0301 le dimanche 17 de\u0301cembre pour se terminer le vendredi 12 janvier 2024. Les candidats ont vingt-six jours pour sillonner les villes et villages en vue de convaincre les e\u0301lecteurs. A\u0300 Mohe\u0301li, aucun meeting d\u2019ouverture n\u2019est [&hellip;]<\/p>\n","protected":false},"author":82,"featured_media":14783,"comment_status":"open","ping_status":"closed","sticky":false,"template":"","format":"standard","meta":{"footnotes":""},"categories":[2,10],"tags":[36,53,45],"class_list":["post-14785","post","type-post","status-publish","format-standard","has-post-thumbnail","hentry","category-politique","category-toutes-les-actualites","tag-africa-press","tag-africa-press-comores","tag-comores"],"yoast_head":"<!-- This site is optimized with the Yoast SEO Premium plugin v26.1 (Yoast SEO v27.0) - https:\/\/yoast.com\/product\/yoast-seo-premium-wordpress\/ -->\n<title>Dr Abdoulanziz a d\u00e9voil\u00e9 son plan d&#039;action pour le gouvernorat de Moh\u00e9li - Comores<\/title>\n<meta name=\"description\" content=\"La campagne pour les e\u0301lections du pre\u0301sident de la Re\u0301publique et des gouverneurs des i\u0302les a de\u0301marre\u0301 le dimanche ...\" \/>\n<meta name=\"robots\" content=\"index, follow, max-snippet:-1, max-image-preview:large, max-video-preview:-1\" \/>\n<link rel=\"canonical\" href=\"https:\/\/www.africa-press.net\/comores\/politique\/dr-abdoulanziz-a-devoile-son-plan-daction-pour-le-gouvernorat-de-moheli\" \/>\n<meta property=\"og:locale\" content=\"fr_FR\" \/>\n<meta property=\"og:type\" content=\"article\" \/>\n<meta property=\"og:title\" content=\"Dr Abdoulanziz a d\u00e9voil\u00e9 son plan d&#039;action pour le gouvernorat de Moh\u00e9li\" \/>\n<meta property=\"og:description\" content=\"La campagne pour les e\u0301lections du pre\u0301sident de la Re\u0301publique et des gouverneurs des i\u0302les a de\u0301marre\u0301 le dimanche ...\" \/>\n<meta property=\"og:url\" content=\"https:\/\/www.africa-press.net\/comores\/politique\/dr-abdoulanziz-a-devoile-son-plan-daction-pour-le-gouvernorat-de-moheli\" \/>\n<meta property=\"og:site_name\" content=\"Comores\" \/>\n<meta property=\"article:published_time\" content=\"2023-12-23T11:11:21+00:00\" \/>\n<meta property=\"article:modified_time\" content=\"2023-12-23T12:26:04+00:00\" \/>\n<meta property=\"og:image\" content=\"https:\/\/static.africa-press.net\/centrafricaine\/sites\/48\/2023\/12\/sm_1703318093.999818.jpg\" \/>\n\t<meta property=\"og:image:width\" content=\"836\" \/>\n\t<meta property=\"og:image:height\" content=\"339\" \/>\n\t<meta property=\"og:image:type\" content=\"image\/jpeg\" \/>\n<meta name=\"author\" content=\"cfeditorfr\" \/>\n<meta name=\"twitter:card\" content=\"summary_large_image\" \/>\n<meta name=\"twitter:label1\" content=\"\u00c9crit par\" \/>\n\t<meta name=\"twitter:data1\" content=\"cfeditorfr\" \/>\n\t<meta name=\"twitter:label2\" content=\"Dur\u00e9e de lecture estim\u00e9e\" \/>\n\t<meta name=\"twitter:data2\" content=\"3 minutes\" \/>\n<script type=\"application\/ld+json\" class=\"yoast-schema-graph\">{\"@context\":\"https:\/\/schema.org\",\"@graph\":[{\"@type\":\"Article\",\"@id\":\"https:\/\/www.africa-press.net\/comores\/politique\/dr-abdoulanziz-a-devoile-son-plan-daction-pour-le-gouvernorat-de-moheli#article\",\"isPartOf\":{\"@id\":\"https:\/\/www.africa-press.net\/comores\/politique\/dr-abdoulanziz-a-devoile-son-plan-daction-pour-le-gouvernorat-de-moheli\"},\"author\":{\"name\":\"cfeditorfr\",\"@id\":\"https:\/\/www.africa-press.net\/comores\/#\/schema\/person\/2b1cf3cd81a31e3cd26889ca66d677f1\"},\"headline\":\"Dr Abdoulanziz a d\u00e9voil\u00e9 son plan d&rsquo;action pour le gouvernorat de Moh\u00e9li\",\"datePublished\":\"2023-12-23T11:11:21+00:00\",\"dateModified\":\"2023-12-23T12:26:04+00:00\",\"mainEntityOfPage\":{\"@id\":\"https:\/\/www.africa-press.net\/comores\/politique\/dr-abdoulanziz-a-devoile-son-plan-daction-pour-le-gouvernorat-de-moheli\"},\"wordCount\":625,\"commentCount\":0,\"image\":{\"@id\":\"https:\/\/www.africa-press.net\/comores\/politique\/dr-abdoulanziz-a-devoile-son-plan-daction-pour-le-gouvernorat-de-moheli#primaryimage\"},\"thumbnailUrl\":\"https:\/\/static.africa-press.net\/centrafricaine\/sites\/48\/2023\/12\/sm_1703318093.999818.jpg\",\"keywords\":[\"Africa Press\",\"Africa Press-Comores\",\"Comores\"],\"articleSection\":[\"Politique\",\"Toutes les actualit\u00e9s\"],\"inLanguage\":\"fr-FR\",\"potentialAction\":[{\"@type\":\"CommentAction\",\"name\":\"Comment\",\"target\":[\"https:\/\/www.africa-press.net\/comores\/politique\/dr-abdoulanziz-a-devoile-son-plan-daction-pour-le-gouvernorat-de-moheli#respond\"]}]},{\"@type\":\"WebPage\",\"@id\":\"https:\/\/www.africa-press.net\/comores\/politique\/dr-abdoulanziz-a-devoile-son-plan-daction-pour-le-gouvernorat-de-moheli\",\"url\":\"https:\/\/www.africa-press.net\/comores\/politique\/dr-abdoulanziz-a-devoile-son-plan-daction-pour-le-gouvernorat-de-moheli\",\"name\":\"Dr Abdoulanziz a d\u00e9voil\u00e9 son plan d'action pour le gouvernorat de Moh\u00e9li - Comores\",\"isPartOf\":{\"@id\":\"https:\/\/www.africa-press.net\/comores\/#website\"},\"primaryImageOfPage\":{\"@id\":\"https:\/\/www.africa-press.net\/comores\/politique\/dr-abdoulanziz-a-devoile-son-plan-daction-pour-le-gouvernorat-de-moheli#primaryimage\"},\"image\":{\"@id\":\"https:\/\/www.africa-press.net\/comores\/politique\/dr-abdoulanziz-a-devoile-son-plan-daction-pour-le-gouvernorat-de-moheli#primaryimage\"},\"thumbnailUrl\":\"https:\/\/static.africa-press.net\/centrafricaine\/sites\/48\/2023\/12\/sm_1703318093.999818.jpg\",\"datePublished\":\"2023-12-23T11:11:21+00:00\",\"dateModified\":\"2023-12-23T12:26:04+00:00\",\"author\":{\"@id\":\"https:\/\/www.africa-press.net\/comores\/#\/schema\/person\/2b1cf3cd81a31e3cd26889ca66d677f1\"},\"description\":\"La campagne pour les e\u0301lections du pre\u0301sident de la Re\u0301publique et des gouverneurs des i\u0302les a de\u0301marre\u0301 le dimanche ...\",\"breadcrumb\":{\"@id\":\"https:\/\/www.africa-press.net\/comores\/politique\/dr-abdoulanziz-a-devoile-son-plan-daction-pour-le-gouvernorat-de-moheli#breadcrumb\"},\"inLanguage\":\"fr-FR\",\"potentialAction\":[{\"@type\":\"ReadAction\",\"target\":[\"https:\/\/www.africa-press.net\/comores\/politique\/dr-abdoulanziz-a-devoile-son-plan-daction-pour-le-gouvernorat-de-moheli\"]}]},{\"@type\":\"ImageObject\",\"inLanguage\":\"fr-FR\",\"@id\":\"https:\/\/www.africa-press.net\/comores\/politique\/dr-abdoulanziz-a-devoile-son-plan-daction-pour-le-gouvernorat-de-moheli#primaryimage\",\"url\":\"https:\/\/static.africa-press.net\/centrafricaine\/sites\/48\/2023\/12\/sm_1703318093.999818.jpg\",\"contentUrl\":\"https:\/\/static.africa-press.net\/centrafricaine\/sites\/48\/2023\/12\/sm_1703318093.999818.jpg\",\"width\":836,\"height\":339,\"caption\":\"Dr Abdoulanziz a d\u00e9voil\u00e9 son plan d'action pour le gouvernorat de Moh\u00e9li\"},{\"@type\":\"BreadcrumbList\",\"@id\":\"https:\/\/www.africa-press.net\/comores\/politique\/dr-abdoulanziz-a-devoile-son-plan-daction-pour-le-gouvernorat-de-moheli#breadcrumb\",\"itemListElement\":[{\"@type\":\"ListItem\",\"position\":1,\"name\":\"Accueil\",\"item\":\"https:\/\/www.africa-press.net\/comores\/\"},{\"@type\":\"ListItem\",\"position\":2,\"name\":\"Dr Abdoulanziz a d\u00e9voil\u00e9 son plan d&#8217;action pour le gouvernorat de Moh\u00e9li\"}]},{\"@type\":\"WebSite\",\"@id\":\"https:\/\/www.africa-press.net\/comores\/#website\",\"url\":\"https:\/\/www.africa-press.net\/comores\/\",\"name\":\"Comores\",\"description\":\"Just another Africa News Agency Sites site\",\"potentialAction\":[{\"@type\":\"SearchAction\",\"target\":{\"@type\":\"EntryPoint\",\"urlTemplate\":\"https:\/\/www.africa-press.net\/comores\/?s={search_term_string}\"},\"query-input\":{\"@type\":\"PropertyValueSpecification\",\"valueRequired\":true,\"valueName\":\"search_term_string\"}}],\"inLanguage\":\"fr-FR\"},{\"@type\":\"Person\",\"@id\":\"https:\/\/www.africa-press.net\/comores\/#\/schema\/person\/2b1cf3cd81a31e3cd26889ca66d677f1\",\"name\":\"cfeditorfr\"}]}<\/script>\n<!-- \/ Yoast SEO Premium plugin. -->","yoast_head_json":{"title":"Dr Abdoulanziz a d\u00e9voil\u00e9 son plan d'action pour le gouvernorat de Moh\u00e9li - Comores","description":"La campagne pour les e\u0301lections du pre\u0301sident de la Re\u0301publique et des gouverneurs des i\u0302les a de\u0301marre\u0301 le dimanche ...","robots":{"index":"index","follow":"follow","max-snippet":"max-snippet:-1","max-image-preview":"max-image-preview:large","max-video-preview":"max-video-preview:-1"},"canonical":"https:\/\/www.africa-press.net\/comores\/politique\/dr-abdoulanziz-a-devoile-son-plan-daction-pour-le-gouvernorat-de-moheli","og_locale":"fr_FR","og_type":"article","og_title":"Dr Abdoulanziz a d\u00e9voil\u00e9 son plan d'action pour le gouvernorat de Moh\u00e9li","og_description":"La campagne pour les e\u0301lections du pre\u0301sident de la Re\u0301publique et des gouverneurs des i\u0302les a de\u0301marre\u0301 le dimanche ...","og_url":"https:\/\/www.africa-press.net\/comores\/politique\/dr-abdoulanziz-a-devoile-son-plan-daction-pour-le-gouvernorat-de-moheli","og_site_name":"Comores","article_published_time":"2023-12-23T11:11:21+00:00","article_modified_time":"2023-12-23T12:26:04+00:00","og_image":[{"width":836,"height":339,"url":"https:\/\/static.africa-press.net\/centrafricaine\/sites\/48\/2023\/12\/sm_1703318093.999818.jpg","type":"image\/jpeg"}],"author":"cfeditorfr","twitter_card":"summary_large_image","twitter_misc":{"\u00c9crit par":"cfeditorfr","Dur\u00e9e de lecture estim\u00e9e":"3 minutes"},"schema":{"@context":"https:\/\/schema.org","@graph":[{"@type":"Article","@id":"https:\/\/www.africa-press.net\/comores\/politique\/dr-abdoulanziz-a-devoile-son-plan-daction-pour-le-gouvernorat-de-moheli#article","isPartOf":{"@id":"https:\/\/www.africa-press.net\/comores\/politique\/dr-abdoulanziz-a-devoile-son-plan-daction-pour-le-gouvernorat-de-moheli"},"author":{"name":"cfeditorfr","@id":"https:\/\/www.africa-press.net\/comores\/#\/schema\/person\/2b1cf3cd81a31e3cd26889ca66d677f1"},"headline":"Dr Abdoulanziz a d\u00e9voil\u00e9 son plan d&rsquo;action pour le gouvernorat de Moh\u00e9li","datePublished":"2023-12-23T11:11:21+00:00","dateModified":"2023-12-23T12:26:04+00:00","mainEntityOfPage":{"@id":"https:\/\/www.africa-press.net\/comores\/politique\/dr-abdoulanziz-a-devoile-son-plan-daction-pour-le-gouvernorat-de-moheli"},"wordCount":625,"commentCount":0,"image":{"@id":"https:\/\/www.africa-press.net\/comores\/politique\/dr-abdoulanziz-a-devoile-son-plan-daction-pour-le-gouvernorat-de-moheli#primaryimage"},"thumbnailUrl":"https:\/\/static.africa-press.net\/centrafricaine\/sites\/48\/2023\/12\/sm_1703318093.999818.jpg","keywords":["Africa Press","Africa Press-Comores","Comores"],"articleSection":["Politique","Toutes les actualit\u00e9s"],"inLanguage":"fr-FR","potentialAction":[{"@type":"CommentAction","name":"Comment","target":["https:\/\/www.africa-press.net\/comores\/politique\/dr-abdoulanziz-a-devoile-son-plan-daction-pour-le-gouvernorat-de-moheli#respond"]}]},{"@type":"WebPage","@id":"https:\/\/www.africa-press.net\/comores\/politique\/dr-abdoulanziz-a-devoile-son-plan-daction-pour-le-gouvernorat-de-moheli","url":"https:\/\/www.africa-press.net\/comores\/politique\/dr-abdoulanziz-a-devoile-son-plan-daction-pour-le-gouvernorat-de-moheli","name":"Dr Abdoulanziz a d\u00e9voil\u00e9 son plan d'action pour le gouvernorat de Moh\u00e9li - Comores","isPartOf":{"@id":"https:\/\/www.africa-press.net\/comores\/#website"},"primaryImageOfPage":{"@id":"https:\/\/www.africa-press.net\/comores\/politique\/dr-abdoulanziz-a-devoile-son-plan-daction-pour-le-gouvernorat-de-moheli#primaryimage"},"image":{"@id":"https:\/\/www.africa-press.net\/comores\/politique\/dr-abdoulanziz-a-devoile-son-plan-daction-pour-le-gouvernorat-de-moheli#primaryimage"},"thumbnailUrl":"https:\/\/static.africa-press.net\/centrafricaine\/sites\/48\/2023\/12\/sm_1703318093.999818.jpg","datePublished":"2023-12-23T11:11:21+00:00","dateModified":"2023-12-23T12:26:04+00:00","author":{"@id":"https:\/\/www.africa-press.net\/comores\/#\/schema\/person\/2b1cf3cd81a31e3cd26889ca66d677f1"},"description":"La campagne pour les e\u0301lections du pre\u0301sident de la Re\u0301publique et des gouverneurs des i\u0302les a de\u0301marre\u0301 le dimanche ...","breadcrumb":{"@id":"https:\/\/www.africa-press.net\/comores\/politique\/dr-abdoulanziz-a-devoile-son-plan-daction-pour-le-gouvernorat-de-moheli#breadcrumb"},"inLanguage":"fr-FR","potentialAction":[{"@type":"ReadAction","target":["https:\/\/www.africa-press.net\/comores\/politique\/dr-abdoulanziz-a-devoile-son-plan-daction-pour-le-gouvernorat-de-moheli"]}]},{"@type":"ImageObject","inLanguage":"fr-FR","@id":"https:\/\/www.africa-press.net\/comores\/politique\/dr-abdoulanziz-a-devoile-son-plan-daction-pour-le-gouvernorat-de-moheli#primaryimage","url":"https:\/\/static.africa-press.net\/centrafricaine\/sites\/48\/2023\/12\/sm_1703318093.999818.jpg","contentUrl":"https:\/\/static.africa-press.net\/centrafricaine\/sites\/48\/2023\/12\/sm_1703318093.999818.jpg","width":836,"height":339,"caption":"Dr Abdoulanziz a d\u00e9voil\u00e9 son plan d'action pour le gouvernorat de Moh\u00e9li"},{"@type":"BreadcrumbList","@id":"https:\/\/www.africa-press.net\/comores\/politique\/dr-abdoulanziz-a-devoile-son-plan-daction-pour-le-gouvernorat-de-moheli#breadcrumb","itemListElement":[{"@type":"ListItem","position":1,"name":"Accueil","item":"https:\/\/www.africa-press.net\/comores\/"},{"@type":"ListItem","position":2,"name":"Dr Abdoulanziz a d\u00e9voil\u00e9 son plan d&#8217;action pour le gouvernorat de Moh\u00e9li"}]},{"@type":"WebSite","@id":"https:\/\/www.africa-press.net\/comores\/#website","url":"https:\/\/www.africa-press.net\/comores\/","name":"Comores","description":"Just another Africa News Agency Sites site","potentialAction":[{"@type":"SearchAction","target":{"@type":"EntryPoint","urlTemplate":"https:\/\/www.africa-press.net\/comores\/?s={search_term_string}"},"query-input":{"@type":"PropertyValueSpecification","valueRequired":true,"valueName":"search_term_string"}}],"inLanguage":"fr-FR"},{"@type":"Person","@id":"https:\/\/www.africa-press.net\/comores\/#\/schema\/person\/2b1cf3cd81a31e3cd26889ca66d677f1","name":"cfeditorfr"}]}},"_links":{"self":[{"href":"https:\/\/www.africa-press.net\/comores\/wp-json\/wp\/v2\/posts\/14785","targetHints":{"allow":["GET"]}}],"collection":[{"href":"https:\/\/www.africa-press.net\/comores\/wp-json\/wp\/v2\/posts"}],"about":[{"href":"https:\/\/www.africa-press.net\/comores\/wp-json\/wp\/v2\/types\/post"}],"author":[{"embeddable":true,"href":"https:\/\/www.africa-press.net\/comores\/wp-json\/wp\/v2\/users\/82"}],"replies":[{"embeddable":true,"href":"https:\/\/www.africa-press.net\/comores\/wp-json\/wp\/v2\/comments?post=14785"}],"version-history":[{"count":0,"href":"https:\/\/www.africa-press.net\/comores\/wp-json\/wp\/v2\/posts\/14785\/revisions"}],"wp:featuredmedia":[{"embeddable":true,"href":"https:\/\/www.africa-press.net\/comores\/wp-json\/wp\/v2\/media\/14783"}],"wp:attachment":[{"href":"https:\/\/www.africa-press.net\/comores\/wp-json\/wp\/v2\/media?parent=14785"}],"wp:term":[{"taxonomy":"category","embeddable":true,"href":"https:\/\/www.africa-press.net\/comores\/wp-json\/wp\/v2\/categories?post=14785"},{"taxonomy":"post_tag","embeddable":true,"href":"https:\/\/www.africa-press.net\/comores\/wp-json\/wp\/v2\/tags?post=14785"}],"curies":[{"name":"wp","href":"https:\/\/api.w.org\/{rel}","templated":true}]}}