{"id":18779,"date":"2024-05-24T12:00:00","date_gmt":"2024-05-24T12:00:00","guid":{"rendered":"https:\/\/www.africa-press.net\/comores\/politique\/quand-un-entrepreneur-se-fait-lavocat-du-peuple"},"modified":"2024-05-24T22:17:50","modified_gmt":"2024-05-24T22:17:50","slug":"quand-un-entrepreneur-se-fait-lavocat-du-peuple","status":"publish","type":"post","link":"https:\/\/www.africa-press.net\/comores\/politique\/quand-un-entrepreneur-se-fait-lavocat-du-peuple","title":{"rendered":"Quand un entrepreneur se fait l&rsquo;avocat du peuple"},"content":{"rendered":"<p><span style=\"color: #ff6600\"><strong>Africa-Press &#8211; Comores. <\/strong><\/span><b>Face aux multiples crises politique, e\u0301conomique, alimentaire et sanitaire qui frappent de plein fouet le peuple, Mahamoudou Ali Mohamed, patron de CBE et leader de l\u2019ANC, a rencontre\u0301 la presse le 22 mai dernier, pour de\u0301plorer le jusqu\u2019auboutisme politique incarne\u0301 par le pre\u0301sident Azali depuis son retour au pouvoir, avant de plaider pour la paix sociale et un retour a\u0300 l&rsquo;ordre re\u0301publicain. <\/b><\/p>\n<p>Mercredi dernier, l&rsquo;entrepreneur et homme politique Mahamoudou Ali Mohamed s&rsquo;est adresse\u0301 directement au chef de l\u2019Etat Azali Assoumani pour l\u2019interpeler sur le climat sociopolitique de\u0301le\u0301te\u0300re que traverse le pays, en forme d\u2019alerte avant l\u2019orage. \u00ab Mr le pre\u0301sident, vous e\u0302tes un soldat d&rsquo;expe\u0301rience. Et le moment le plus valeureux pour un soldat est celui qui le pousse a\u0300 poser les armes pour ne pas e\u0302tre une menace pour lui-me\u0302me et pour d\u2019autres. Vous e\u0302tes une menace pour ce pays qui vous a tout donne\u0301. Alors de\u0301posez les armes Mr le pre\u0301sident. Mettez fin a\u0300 cette re\u0301publique de la fe\u0302te permanente, parce que le comorien n&rsquo;a plus le c\u0153ur a\u0300 la fe\u0302te \u00bb.<\/p>\n<p>Cette plaidoirie faite devant la presse, n\u2019aurait qu\u2019un seul objectif, promouvoir une pe\u0301riode d&rsquo;apaisement politique mais aussi de provoquer un sentiment de compassion a\u0300 l&rsquo;e\u0301gard d\u2019un son peuple de\u0301boussole\u0301 par biento\u0302t un demi sie\u0300cle d\u2019inde\u0301pendance mal ge\u0301re\u0301e et inacheve\u0301e. \u00ab Le peuple comorien est frappe\u0301 par le malheur, d&rsquo;abord la Covid puis Kenneth et aujourd&rsquo;hui le chole\u0301ra qui poussent les comoriens, apre\u0300s avoir fui leur pays pour des raisons e\u0301conomiques, a\u0300 fuir la mort d&rsquo;une e\u0301pide\u0301mie de\u0301vastatrice qui vous de\u0301passe. Et pendant ce temps, vous mobilisez plusieurs centaines de millions de francs comoriens pour une fe\u0302te surre\u0301aliste qui n&rsquo;a de sens que pour vous-me\u0302me et une garde rapproche\u0301e qui a fait de l&rsquo;E\u0301tat une vache a\u0300 lait \u00bb, a regrette\u0301 Mahamadou Ali Mohamed.<\/p>\n<p>Le pre\u0301sident de l\u2019ANC a saisi l&rsquo;occasion pour se de\u0301clarer de\u0301termine\u0301 a\u0300 de\u0301fendre le bien-e\u0302tre de la patrie. \u00ab Je suis parfaitement conscient des risques pour mon inte\u0301grite\u0301 physique et pour mes affaires. Mais dans ma conception de la politique, rien n&rsquo;est plus important que le destin de mon pays. J&rsquo;ai l&rsquo;intime conviction que mon pays est en danger. Alors, au pe\u0301ril de ma vie, je serai aux co\u0302te\u0301s de celles et ceux qui voudront le sauver vaille que vaille \u00bb, a-t-il avance\u0301.<\/p>\n<p>Le parti au pouvoir s&rsquo;appre\u0302te a\u0300 ce\u0301le\u0301brer la re\u0301e\u0301lection du pre\u0301sident Azali a\u0300 l&rsquo;issue du processus e\u0301lectoral organise\u0301 en janvier dernier. Du moment ou\u0300, la population a e\u0301te\u0301 te\u0301moin des anomalies observe\u0301es lors des e\u0301lections du 14 janvier dernier, Mahamadou Ali Mohamed fait appel a\u0300 une mobilisation forte contre les simulacres politiques. \u00ab Le moment du sursaut est venu, celui du rassemblement ge\u0301ne\u0301ral des forces vives, au nom de l&rsquo;inte\u0301re\u0302t supre\u0302me de la nation. Parce que notre silence coupable sera inscrit dans les pages les plus sombres de notre histoire. J&rsquo;appelle aussi la socie\u0301te\u0301 civile comorienne a\u0300 sortir de son mutisme, de la culture de la fatalite\u0301 et a\u0300 de\u0301fendre les inte\u0301re\u0302ts sacre\u0301s de la re\u0301publique, en de\u0301nonc\u0327ant avec force et ve\u0301he\u0301mence la descente aux enfers de notre pays \u00bb, a-t-il soutenu.<\/p>\n<p>Son appel n&rsquo;a pas e\u0301te\u0301 seulement au niveau national mais aussi international. \u00ab J&rsquo;appelle les pays amis, les pays fre\u0300res et les pays voisins a\u0300 ne pas fermer les yeux par des pre\u0301textes fallacieux qui hypothe\u0300quent l&rsquo;avenir de nos enfants et le destin des Comores et a\u0300 encourager un dialogue re\u0301publicain dans les plus brefs de\u0301lais \u00bb.<\/p>\n<p><strong>Pour plus d&rsquo;informations et d&rsquo;analyses sur la <a href=\"https:\/\/www.africa-press.net\/comores\">Comores<\/a>, suivez <a href=\"https:\/\/www.africa-press.net\/\">Africa-Press<\/a><\/strong><\/p>\n","protected":false},"excerpt":{"rendered":"<p>Africa-Press &#8211; Comores. Face aux multiples crises politique, e\u0301conomique, alimentaire et sanitaire qui frappent de plein fouet le peuple, Mahamoudou Ali Mohamed, patron de CBE et leader de l\u2019ANC, a rencontre\u0301 la presse le 22 mai dernier, pour de\u0301plorer le jusqu\u2019auboutisme politique incarne\u0301 par le pre\u0301sident Azali depuis son retour au pouvoir, avant de plaider [&hellip;]<\/p>\n","protected":false},"author":82,"featured_media":18778,"comment_status":"open","ping_status":"closed","sticky":false,"template":"","format":"standard","meta":{"footnotes":""},"categories":[21,2,10],"tags":[36,53,45],"class_list":["post-18779","post","type-post","status-publish","format-standard","has-post-thumbnail","hentry","category-communaute","category-politique","category-toutes-les-actualites","tag-africa-press","tag-africa-press-comores","tag-comores"],"yoast_head":"<!-- This site is optimized with the Yoast SEO Premium plugin v26.1 (Yoast SEO v27.0) - https:\/\/yoast.com\/product\/yoast-seo-premium-wordpress\/ -->\n<title>Quand un entrepreneur se fait l&#039;avocat du peuple - Comores<\/title>\n<meta name=\"description\" content=\"Face aux multiples crises politique, e\u0301conomique, alimentaire et sanitaire qui frappent de plein fouet le peuple, Mah ...\" \/>\n<meta name=\"robots\" content=\"index, follow, max-snippet:-1, max-image-preview:large, max-video-preview:-1\" \/>\n<link rel=\"canonical\" href=\"https:\/\/www.africa-press.net\/comores\/politique\/quand-un-entrepreneur-se-fait-lavocat-du-peuple\" \/>\n<meta property=\"og:locale\" content=\"fr_FR\" \/>\n<meta property=\"og:type\" content=\"article\" \/>\n<meta property=\"og:title\" content=\"Quand un entrepreneur se fait l&#039;avocat du peuple\" \/>\n<meta property=\"og:description\" content=\"Face aux multiples crises politique, e\u0301conomique, alimentaire et sanitaire qui frappent de plein fouet le peuple, Mah ...\" \/>\n<meta property=\"og:url\" content=\"https:\/\/www.africa-press.net\/comores\/politique\/quand-un-entrepreneur-se-fait-lavocat-du-peuple\" \/>\n<meta property=\"og:site_name\" content=\"Comores\" \/>\n<meta property=\"article:published_time\" content=\"2024-05-24T12:00:00+00:00\" \/>\n<meta property=\"article:modified_time\" content=\"2024-05-24T22:17:50+00:00\" \/>\n<meta property=\"og:image\" content=\"https:\/\/static.africa-press.net\/centrafricaine\/sites\/48\/2024\/05\/sm_1716572746.004732.jpg\" \/>\n\t<meta property=\"og:image:width\" content=\"750\" \/>\n\t<meta property=\"og:image:height\" content=\"470\" \/>\n\t<meta property=\"og:image:type\" content=\"image\/jpeg\" \/>\n<meta name=\"author\" content=\"cfeditorfr\" \/>\n<meta name=\"twitter:card\" content=\"summary_large_image\" \/>\n<meta name=\"twitter:label1\" content=\"\u00c9crit par\" \/>\n\t<meta name=\"twitter:data1\" content=\"cfeditorfr\" \/>\n\t<meta name=\"twitter:label2\" content=\"Dur\u00e9e de lecture estim\u00e9e\" \/>\n\t<meta name=\"twitter:data2\" content=\"3 minutes\" \/>\n<script type=\"application\/ld+json\" class=\"yoast-schema-graph\">{\"@context\":\"https:\/\/schema.org\",\"@graph\":[{\"@type\":\"Article\",\"@id\":\"https:\/\/www.africa-press.net\/comores\/politique\/quand-un-entrepreneur-se-fait-lavocat-du-peuple#article\",\"isPartOf\":{\"@id\":\"https:\/\/www.africa-press.net\/comores\/politique\/quand-un-entrepreneur-se-fait-lavocat-du-peuple\"},\"author\":{\"name\":\"cfeditorfr\",\"@id\":\"https:\/\/www.africa-press.net\/comores\/#\/schema\/person\/2b1cf3cd81a31e3cd26889ca66d677f1\"},\"headline\":\"Quand un entrepreneur se fait l&rsquo;avocat du peuple\",\"datePublished\":\"2024-05-24T12:00:00+00:00\",\"dateModified\":\"2024-05-24T22:17:50+00:00\",\"mainEntityOfPage\":{\"@id\":\"https:\/\/www.africa-press.net\/comores\/politique\/quand-un-entrepreneur-se-fait-lavocat-du-peuple\"},\"wordCount\":697,\"commentCount\":0,\"image\":{\"@id\":\"https:\/\/www.africa-press.net\/comores\/politique\/quand-un-entrepreneur-se-fait-lavocat-du-peuple#primaryimage\"},\"thumbnailUrl\":\"https:\/\/static.africa-press.net\/centrafricaine\/sites\/48\/2024\/05\/sm_1716572746.004732.jpg\",\"keywords\":[\"Africa Press\",\"Africa Press-Comores\",\"Comores\"],\"articleSection\":[\"Communaut\u00e9\",\"Politique\",\"Toutes les actualit\u00e9s\"],\"inLanguage\":\"fr-FR\",\"potentialAction\":[{\"@type\":\"CommentAction\",\"name\":\"Comment\",\"target\":[\"https:\/\/www.africa-press.net\/comores\/politique\/quand-un-entrepreneur-se-fait-lavocat-du-peuple#respond\"]}]},{\"@type\":\"WebPage\",\"@id\":\"https:\/\/www.africa-press.net\/comores\/politique\/quand-un-entrepreneur-se-fait-lavocat-du-peuple\",\"url\":\"https:\/\/www.africa-press.net\/comores\/politique\/quand-un-entrepreneur-se-fait-lavocat-du-peuple\",\"name\":\"Quand un entrepreneur se fait l'avocat du peuple - Comores\",\"isPartOf\":{\"@id\":\"https:\/\/www.africa-press.net\/comores\/#website\"},\"primaryImageOfPage\":{\"@id\":\"https:\/\/www.africa-press.net\/comores\/politique\/quand-un-entrepreneur-se-fait-lavocat-du-peuple#primaryimage\"},\"image\":{\"@id\":\"https:\/\/www.africa-press.net\/comores\/politique\/quand-un-entrepreneur-se-fait-lavocat-du-peuple#primaryimage\"},\"thumbnailUrl\":\"https:\/\/static.africa-press.net\/centrafricaine\/sites\/48\/2024\/05\/sm_1716572746.004732.jpg\",\"datePublished\":\"2024-05-24T12:00:00+00:00\",\"dateModified\":\"2024-05-24T22:17:50+00:00\",\"author\":{\"@id\":\"https:\/\/www.africa-press.net\/comores\/#\/schema\/person\/2b1cf3cd81a31e3cd26889ca66d677f1\"},\"description\":\"Face aux multiples crises politique, e\u0301conomique, alimentaire et sanitaire qui frappent de plein fouet le peuple, Mah ...\",\"breadcrumb\":{\"@id\":\"https:\/\/www.africa-press.net\/comores\/politique\/quand-un-entrepreneur-se-fait-lavocat-du-peuple#breadcrumb\"},\"inLanguage\":\"fr-FR\",\"potentialAction\":[{\"@type\":\"ReadAction\",\"target\":[\"https:\/\/www.africa-press.net\/comores\/politique\/quand-un-entrepreneur-se-fait-lavocat-du-peuple\"]}]},{\"@type\":\"ImageObject\",\"inLanguage\":\"fr-FR\",\"@id\":\"https:\/\/www.africa-press.net\/comores\/politique\/quand-un-entrepreneur-se-fait-lavocat-du-peuple#primaryimage\",\"url\":\"https:\/\/static.africa-press.net\/centrafricaine\/sites\/48\/2024\/05\/sm_1716572746.004732.jpg\",\"contentUrl\":\"https:\/\/static.africa-press.net\/centrafricaine\/sites\/48\/2024\/05\/sm_1716572746.004732.jpg\",\"width\":750,\"height\":470,\"caption\":\"Quand un entrepreneur se fait l'avocat du peuple\"},{\"@type\":\"BreadcrumbList\",\"@id\":\"https:\/\/www.africa-press.net\/comores\/politique\/quand-un-entrepreneur-se-fait-lavocat-du-peuple#breadcrumb\",\"itemListElement\":[{\"@type\":\"ListItem\",\"position\":1,\"name\":\"Accueil\",\"item\":\"https:\/\/www.africa-press.net\/comores\/\"},{\"@type\":\"ListItem\",\"position\":2,\"name\":\"Quand un entrepreneur se fait l&#8217;avocat du peuple\"}]},{\"@type\":\"WebSite\",\"@id\":\"https:\/\/www.africa-press.net\/comores\/#website\",\"url\":\"https:\/\/www.africa-press.net\/comores\/\",\"name\":\"Comores\",\"description\":\"Just another Africa News Agency Sites site\",\"potentialAction\":[{\"@type\":\"SearchAction\",\"target\":{\"@type\":\"EntryPoint\",\"urlTemplate\":\"https:\/\/www.africa-press.net\/comores\/?s={search_term_string}\"},\"query-input\":{\"@type\":\"PropertyValueSpecification\",\"valueRequired\":true,\"valueName\":\"search_term_string\"}}],\"inLanguage\":\"fr-FR\"},{\"@type\":\"Person\",\"@id\":\"https:\/\/www.africa-press.net\/comores\/#\/schema\/person\/2b1cf3cd81a31e3cd26889ca66d677f1\",\"name\":\"cfeditorfr\"}]}<\/script>\n<!-- \/ Yoast SEO Premium plugin. -->","yoast_head_json":{"title":"Quand un entrepreneur se fait l'avocat du peuple - Comores","description":"Face aux multiples crises politique, e\u0301conomique, alimentaire et sanitaire qui frappent de plein fouet le peuple, Mah ...","robots":{"index":"index","follow":"follow","max-snippet":"max-snippet:-1","max-image-preview":"max-image-preview:large","max-video-preview":"max-video-preview:-1"},"canonical":"https:\/\/www.africa-press.net\/comores\/politique\/quand-un-entrepreneur-se-fait-lavocat-du-peuple","og_locale":"fr_FR","og_type":"article","og_title":"Quand un entrepreneur se fait l'avocat du peuple","og_description":"Face aux multiples crises politique, e\u0301conomique, alimentaire et sanitaire qui frappent de plein fouet le peuple, Mah ...","og_url":"https:\/\/www.africa-press.net\/comores\/politique\/quand-un-entrepreneur-se-fait-lavocat-du-peuple","og_site_name":"Comores","article_published_time":"2024-05-24T12:00:00+00:00","article_modified_time":"2024-05-24T22:17:50+00:00","og_image":[{"width":750,"height":470,"url":"https:\/\/static.africa-press.net\/centrafricaine\/sites\/48\/2024\/05\/sm_1716572746.004732.jpg","type":"image\/jpeg"}],"author":"cfeditorfr","twitter_card":"summary_large_image","twitter_misc":{"\u00c9crit par":"cfeditorfr","Dur\u00e9e de lecture estim\u00e9e":"3 minutes"},"schema":{"@context":"https:\/\/schema.org","@graph":[{"@type":"Article","@id":"https:\/\/www.africa-press.net\/comores\/politique\/quand-un-entrepreneur-se-fait-lavocat-du-peuple#article","isPartOf":{"@id":"https:\/\/www.africa-press.net\/comores\/politique\/quand-un-entrepreneur-se-fait-lavocat-du-peuple"},"author":{"name":"cfeditorfr","@id":"https:\/\/www.africa-press.net\/comores\/#\/schema\/person\/2b1cf3cd81a31e3cd26889ca66d677f1"},"headline":"Quand un entrepreneur se fait l&rsquo;avocat du peuple","datePublished":"2024-05-24T12:00:00+00:00","dateModified":"2024-05-24T22:17:50+00:00","mainEntityOfPage":{"@id":"https:\/\/www.africa-press.net\/comores\/politique\/quand-un-entrepreneur-se-fait-lavocat-du-peuple"},"wordCount":697,"commentCount":0,"image":{"@id":"https:\/\/www.africa-press.net\/comores\/politique\/quand-un-entrepreneur-se-fait-lavocat-du-peuple#primaryimage"},"thumbnailUrl":"https:\/\/static.africa-press.net\/centrafricaine\/sites\/48\/2024\/05\/sm_1716572746.004732.jpg","keywords":["Africa Press","Africa Press-Comores","Comores"],"articleSection":["Communaut\u00e9","Politique","Toutes les actualit\u00e9s"],"inLanguage":"fr-FR","potentialAction":[{"@type":"CommentAction","name":"Comment","target":["https:\/\/www.africa-press.net\/comores\/politique\/quand-un-entrepreneur-se-fait-lavocat-du-peuple#respond"]}]},{"@type":"WebPage","@id":"https:\/\/www.africa-press.net\/comores\/politique\/quand-un-entrepreneur-se-fait-lavocat-du-peuple","url":"https:\/\/www.africa-press.net\/comores\/politique\/quand-un-entrepreneur-se-fait-lavocat-du-peuple","name":"Quand un entrepreneur se fait l'avocat du peuple - Comores","isPartOf":{"@id":"https:\/\/www.africa-press.net\/comores\/#website"},"primaryImageOfPage":{"@id":"https:\/\/www.africa-press.net\/comores\/politique\/quand-un-entrepreneur-se-fait-lavocat-du-peuple#primaryimage"},"image":{"@id":"https:\/\/www.africa-press.net\/comores\/politique\/quand-un-entrepreneur-se-fait-lavocat-du-peuple#primaryimage"},"thumbnailUrl":"https:\/\/static.africa-press.net\/centrafricaine\/sites\/48\/2024\/05\/sm_1716572746.004732.jpg","datePublished":"2024-05-24T12:00:00+00:00","dateModified":"2024-05-24T22:17:50+00:00","author":{"@id":"https:\/\/www.africa-press.net\/comores\/#\/schema\/person\/2b1cf3cd81a31e3cd26889ca66d677f1"},"description":"Face aux multiples crises politique, e\u0301conomique, alimentaire et sanitaire qui frappent de plein fouet le peuple, Mah ...","breadcrumb":{"@id":"https:\/\/www.africa-press.net\/comores\/politique\/quand-un-entrepreneur-se-fait-lavocat-du-peuple#breadcrumb"},"inLanguage":"fr-FR","potentialAction":[{"@type":"ReadAction","target":["https:\/\/www.africa-press.net\/comores\/politique\/quand-un-entrepreneur-se-fait-lavocat-du-peuple"]}]},{"@type":"ImageObject","inLanguage":"fr-FR","@id":"https:\/\/www.africa-press.net\/comores\/politique\/quand-un-entrepreneur-se-fait-lavocat-du-peuple#primaryimage","url":"https:\/\/static.africa-press.net\/centrafricaine\/sites\/48\/2024\/05\/sm_1716572746.004732.jpg","contentUrl":"https:\/\/static.africa-press.net\/centrafricaine\/sites\/48\/2024\/05\/sm_1716572746.004732.jpg","width":750,"height":470,"caption":"Quand un entrepreneur se fait l'avocat du peuple"},{"@type":"BreadcrumbList","@id":"https:\/\/www.africa-press.net\/comores\/politique\/quand-un-entrepreneur-se-fait-lavocat-du-peuple#breadcrumb","itemListElement":[{"@type":"ListItem","position":1,"name":"Accueil","item":"https:\/\/www.africa-press.net\/comores\/"},{"@type":"ListItem","position":2,"name":"Quand un entrepreneur se fait l&#8217;avocat du peuple"}]},{"@type":"WebSite","@id":"https:\/\/www.africa-press.net\/comores\/#website","url":"https:\/\/www.africa-press.net\/comores\/","name":"Comores","description":"Just another Africa News Agency Sites site","potentialAction":[{"@type":"SearchAction","target":{"@type":"EntryPoint","urlTemplate":"https:\/\/www.africa-press.net\/comores\/?s={search_term_string}"},"query-input":{"@type":"PropertyValueSpecification","valueRequired":true,"valueName":"search_term_string"}}],"inLanguage":"fr-FR"},{"@type":"Person","@id":"https:\/\/www.africa-press.net\/comores\/#\/schema\/person\/2b1cf3cd81a31e3cd26889ca66d677f1","name":"cfeditorfr"}]}},"_links":{"self":[{"href":"https:\/\/www.africa-press.net\/comores\/wp-json\/wp\/v2\/posts\/18779","targetHints":{"allow":["GET"]}}],"collection":[{"href":"https:\/\/www.africa-press.net\/comores\/wp-json\/wp\/v2\/posts"}],"about":[{"href":"https:\/\/www.africa-press.net\/comores\/wp-json\/wp\/v2\/types\/post"}],"author":[{"embeddable":true,"href":"https:\/\/www.africa-press.net\/comores\/wp-json\/wp\/v2\/users\/82"}],"replies":[{"embeddable":true,"href":"https:\/\/www.africa-press.net\/comores\/wp-json\/wp\/v2\/comments?post=18779"}],"version-history":[{"count":0,"href":"https:\/\/www.africa-press.net\/comores\/wp-json\/wp\/v2\/posts\/18779\/revisions"}],"wp:featuredmedia":[{"embeddable":true,"href":"https:\/\/www.africa-press.net\/comores\/wp-json\/wp\/v2\/media\/18778"}],"wp:attachment":[{"href":"https:\/\/www.africa-press.net\/comores\/wp-json\/wp\/v2\/media?parent=18779"}],"wp:term":[{"taxonomy":"category","embeddable":true,"href":"https:\/\/www.africa-press.net\/comores\/wp-json\/wp\/v2\/categories?post=18779"},{"taxonomy":"post_tag","embeddable":true,"href":"https:\/\/www.africa-press.net\/comores\/wp-json\/wp\/v2\/tags?post=18779"}],"curies":[{"name":"wp","href":"https:\/\/api.w.org\/{rel}","templated":true}]}}