{"id":18827,"date":"2024-05-26T14:00:00","date_gmt":"2024-05-26T14:00:00","guid":{"rendered":"https:\/\/www.africa-press.net\/comores\/politique\/le-president-des-comores-prete-serment-pour-un-quatrieme-mandat-apres-un-scrutin-conteste"},"modified":"2024-05-26T23:03:07","modified_gmt":"2024-05-26T23:03:07","slug":"le-president-des-comores-prete-serment-pour-un-quatrieme-mandat-apres-un-scrutin-conteste","status":"publish","type":"post","link":"https:\/\/www.africa-press.net\/comores\/politique\/le-president-des-comores-prete-serment-pour-un-quatrieme-mandat-apres-un-scrutin-conteste","title":{"rendered":"Le pr\u00e9sident des Comores pr\u00eate serment pour un quatri\u00e8me mandat apr\u00e8s un scrutin contest\u00e9"},"content":{"rendered":"<p><span style=\"color: #ff6600\"><strong>Africa-Press &#8211; Comores. <\/strong><\/span>Le pre\u0301sident des Comores, Azali Assoumani, s&rsquo;est engage\u0301 dimanche a\u0300 \u0153uvrer pour la paix et a\u0300 de\u0301velopper rapidement l&rsquo;e\u0301conomie lors de sa prestation de serment pour son quatrie\u0300me mandat, a\u0300 la suite d&rsquo;une e\u0301lection tendue en janvier qui, selon ses opposants, a e\u0301te\u0301 entache\u0301e de fraudes e\u0301lectorales.<\/p>\n<p>Une personne a e\u0301te\u0301 tue\u0301e et au moins 25 autres blesse\u0301es lors de violentes manifestations qui ont e\u0301clate\u0301 dans le pays, un groupe de trois i\u0302les au large de la co\u0302te du Mozambique, apre\u0300s que l&rsquo;organisme e\u0301lectoral l&rsquo;ait de\u0301clare\u0301 re\u0301e\u0301lu pour un nouveau mandat de cinq ans avec 63 % des voix.<\/p>\n<p>Les Comores, qui comptent environ 800 000 habitants, ont connu une vingtaine de coups d&rsquo;E\u0301tat ou de tentatives de coup d&rsquo;E\u0301tat depuis qu&rsquo;elles ont obtenu leur inde\u0301pendance de la France en 1975 et constituent une source majeure d&rsquo;immigration clandestine vers l&rsquo;i\u0302le franc\u0327aise voisine de Mayotte.<\/p>\n<p>Les dirigeants de l&rsquo;opposition ont affirme\u0301 que le dernier scrutin pre\u0301sidentiel e\u0301tait truque\u0301, alle\u0301guant des cas de bourrage d&rsquo;urnes et de clo\u0302ture du vote avant l&rsquo;heure officielle de clo\u0302ture. Le gouvernement a nie\u0301 ces alle\u0301gations.<\/p>\n<p>\u00ab\u00a0Les conflits apre\u0300s les e\u0301lections ne sont pas une exception commorienne. Je remercie les Commoriens pour leur confiance renouvele\u0301e, je ne vous de\u0301cevrai pas\u00a0\u00bb, a de\u0301clare\u0301 M. Assoumani, qui portait une e\u0301charpe verte et jaune, lors d&rsquo;une ce\u0301re\u0301monie organise\u0301e dans un stade de la capitale, Moroni.<\/p>\n<p>\u00ab\u00a0Apre\u0300s cette investiture, j&rsquo;invite la socie\u0301te\u0301 civile, l&rsquo;opposition et tous les acteurs politiques a\u0300 mettre de co\u0302te\u0301 leurs divergences en faveur de la paix et de la de\u0301mocratie\u00a0\u00bb, a de\u0301clare\u0301 l&rsquo;ancien officier de l&rsquo;arme\u0301e, ajoutant qu&rsquo;il ferait croi\u0302tre l&rsquo;e\u0301conomie de 5 % par an.<\/p>\n<p>M. Assoumani est arrive\u0301 au pouvoir par un coup d&rsquo;E\u0301tat en 1999. Il a quitte\u0301 le pouvoir en 2002 et a remporte\u0301 les e\u0301lections 14 ans plus tard. Les re\u0301formes constitutionnelles de 2018 ont supprime\u0301 l&rsquo;obligation de rotation de la pre\u0301sidence entre les trois i\u0302les principales tous les cinq ans, ce qui a permis a\u0300 M. Assoumani de se pre\u0301senter a\u0300 la re\u0301e\u0301lection en 2019.<\/p>\n<p><strong>Pour plus d&rsquo;informations et d&rsquo;analyses sur la <a href=\"https:\/\/www.africa-press.net\/comores\">Comores<\/a>, suivez <a href=\"https:\/\/www.africa-press.net\/\">Africa-Press<\/a><\/strong><\/p>\n","protected":false},"excerpt":{"rendered":"<p>Africa-Press &#8211; Comores. Le pre\u0301sident des Comores, Azali Assoumani, s&rsquo;est engage\u0301 dimanche a\u0300 \u0153uvrer pour la paix et a\u0300 de\u0301velopper rapidement l&rsquo;e\u0301conomie lors de sa prestation de serment pour son quatrie\u0300me mandat, a\u0300 la suite d&rsquo;une e\u0301lection tendue en janvier qui, selon ses opposants, a e\u0301te\u0301 entache\u0301e de fraudes e\u0301lectorales. Une personne a e\u0301te\u0301 tue\u0301e [&hellip;]<\/p>\n","protected":false},"author":82,"featured_media":18826,"comment_status":"open","ping_status":"closed","sticky":false,"template":"","format":"standard","meta":{"footnotes":""},"categories":[2,20,10],"tags":[36,53,45],"class_list":["post-18827","post","type-post","status-publish","format-standard","has-post-thumbnail","hentry","category-politique","category-top-nouvelles","category-toutes-les-actualites","tag-africa-press","tag-africa-press-comores","tag-comores"],"yoast_head":"<!-- This site is optimized with the Yoast SEO Premium plugin v26.1 (Yoast SEO v27.0) - https:\/\/yoast.com\/product\/yoast-seo-premium-wordpress\/ -->\n<title>Le pr\u00e9sident des Comores pr\u00eate serment pour un quatri\u00e8me mandat apr\u00e8s un scrutin contest\u00e9 - Comores<\/title>\n<meta name=\"description\" content=\"Le pre\u0301sident des Comores, Azali Assoumani, s&#039;est engage\u0301 dimanche a\u0300 \u0153uvrer pour la paix et a\u0300 de\u0301velopper rapidement l ...\" \/>\n<meta name=\"robots\" content=\"index, follow, max-snippet:-1, max-image-preview:large, max-video-preview:-1\" \/>\n<link rel=\"canonical\" href=\"https:\/\/www.africa-press.net\/comores\/politique\/le-president-des-comores-prete-serment-pour-un-quatrieme-mandat-apres-un-scrutin-conteste\" \/>\n<meta property=\"og:locale\" content=\"fr_FR\" \/>\n<meta property=\"og:type\" content=\"article\" \/>\n<meta property=\"og:title\" content=\"Le pr\u00e9sident des Comores pr\u00eate serment pour un quatri\u00e8me mandat apr\u00e8s un scrutin contest\u00e9\" \/>\n<meta property=\"og:description\" content=\"Le pre\u0301sident des Comores, Azali Assoumani, s&#039;est engage\u0301 dimanche a\u0300 \u0153uvrer pour la paix et a\u0300 de\u0301velopper rapidement l ...\" \/>\n<meta property=\"og:url\" content=\"https:\/\/www.africa-press.net\/comores\/politique\/le-president-des-comores-prete-serment-pour-un-quatrieme-mandat-apres-un-scrutin-conteste\" \/>\n<meta property=\"og:site_name\" content=\"Comores\" \/>\n<meta property=\"article:published_time\" content=\"2024-05-26T14:00:00+00:00\" \/>\n<meta property=\"article:modified_time\" content=\"2024-05-26T23:03:07+00:00\" \/>\n<meta property=\"og:image\" content=\"https:\/\/static.africa-press.net\/centrafricaine\/sites\/48\/2024\/05\/sm_1716748273.144526.jpg\" \/>\n\t<meta property=\"og:image:width\" content=\"1084\" \/>\n\t<meta property=\"og:image:height\" content=\"610\" \/>\n\t<meta property=\"og:image:type\" content=\"image\/jpeg\" \/>\n<meta name=\"author\" content=\"cfeditorfr\" \/>\n<meta name=\"twitter:card\" content=\"summary_large_image\" \/>\n<meta name=\"twitter:label1\" content=\"\u00c9crit par\" \/>\n\t<meta name=\"twitter:data1\" content=\"cfeditorfr\" \/>\n\t<meta name=\"twitter:label2\" content=\"Dur\u00e9e de lecture estim\u00e9e\" \/>\n\t<meta name=\"twitter:data2\" content=\"2 minutes\" \/>\n<script type=\"application\/ld+json\" class=\"yoast-schema-graph\">{\"@context\":\"https:\/\/schema.org\",\"@graph\":[{\"@type\":\"Article\",\"@id\":\"https:\/\/www.africa-press.net\/comores\/politique\/le-president-des-comores-prete-serment-pour-un-quatrieme-mandat-apres-un-scrutin-conteste#article\",\"isPartOf\":{\"@id\":\"https:\/\/www.africa-press.net\/comores\/politique\/le-president-des-comores-prete-serment-pour-un-quatrieme-mandat-apres-un-scrutin-conteste\"},\"author\":{\"name\":\"cfeditorfr\",\"@id\":\"https:\/\/www.africa-press.net\/comores\/#\/schema\/person\/2b1cf3cd81a31e3cd26889ca66d677f1\"},\"headline\":\"Le pr\u00e9sident des Comores pr\u00eate serment pour un quatri\u00e8me mandat apr\u00e8s un scrutin contest\u00e9\",\"datePublished\":\"2024-05-26T14:00:00+00:00\",\"dateModified\":\"2024-05-26T23:03:07+00:00\",\"mainEntityOfPage\":{\"@id\":\"https:\/\/www.africa-press.net\/comores\/politique\/le-president-des-comores-prete-serment-pour-un-quatrieme-mandat-apres-un-scrutin-conteste\"},\"wordCount\":431,\"commentCount\":0,\"image\":{\"@id\":\"https:\/\/www.africa-press.net\/comores\/politique\/le-president-des-comores-prete-serment-pour-un-quatrieme-mandat-apres-un-scrutin-conteste#primaryimage\"},\"thumbnailUrl\":\"https:\/\/static.africa-press.net\/centrafricaine\/sites\/48\/2024\/05\/sm_1716748273.144526.jpg\",\"keywords\":[\"Africa Press\",\"Africa Press-Comores\",\"Comores\"],\"articleSection\":[\"Politique\",\"Top Nouvelles\",\"Toutes les actualit\u00e9s\"],\"inLanguage\":\"fr-FR\",\"potentialAction\":[{\"@type\":\"CommentAction\",\"name\":\"Comment\",\"target\":[\"https:\/\/www.africa-press.net\/comores\/politique\/le-president-des-comores-prete-serment-pour-un-quatrieme-mandat-apres-un-scrutin-conteste#respond\"]}]},{\"@type\":\"WebPage\",\"@id\":\"https:\/\/www.africa-press.net\/comores\/politique\/le-president-des-comores-prete-serment-pour-un-quatrieme-mandat-apres-un-scrutin-conteste\",\"url\":\"https:\/\/www.africa-press.net\/comores\/politique\/le-president-des-comores-prete-serment-pour-un-quatrieme-mandat-apres-un-scrutin-conteste\",\"name\":\"Le pr\u00e9sident des Comores pr\u00eate serment pour un quatri\u00e8me mandat apr\u00e8s un scrutin contest\u00e9 - Comores\",\"isPartOf\":{\"@id\":\"https:\/\/www.africa-press.net\/comores\/#website\"},\"primaryImageOfPage\":{\"@id\":\"https:\/\/www.africa-press.net\/comores\/politique\/le-president-des-comores-prete-serment-pour-un-quatrieme-mandat-apres-un-scrutin-conteste#primaryimage\"},\"image\":{\"@id\":\"https:\/\/www.africa-press.net\/comores\/politique\/le-president-des-comores-prete-serment-pour-un-quatrieme-mandat-apres-un-scrutin-conteste#primaryimage\"},\"thumbnailUrl\":\"https:\/\/static.africa-press.net\/centrafricaine\/sites\/48\/2024\/05\/sm_1716748273.144526.jpg\",\"datePublished\":\"2024-05-26T14:00:00+00:00\",\"dateModified\":\"2024-05-26T23:03:07+00:00\",\"author\":{\"@id\":\"https:\/\/www.africa-press.net\/comores\/#\/schema\/person\/2b1cf3cd81a31e3cd26889ca66d677f1\"},\"description\":\"Le pre\u0301sident des Comores, Azali Assoumani, s'est engage\u0301 dimanche a\u0300 \u0153uvrer pour la paix et a\u0300 de\u0301velopper rapidement l ...\",\"breadcrumb\":{\"@id\":\"https:\/\/www.africa-press.net\/comores\/politique\/le-president-des-comores-prete-serment-pour-un-quatrieme-mandat-apres-un-scrutin-conteste#breadcrumb\"},\"inLanguage\":\"fr-FR\",\"potentialAction\":[{\"@type\":\"ReadAction\",\"target\":[\"https:\/\/www.africa-press.net\/comores\/politique\/le-president-des-comores-prete-serment-pour-un-quatrieme-mandat-apres-un-scrutin-conteste\"]}]},{\"@type\":\"ImageObject\",\"inLanguage\":\"fr-FR\",\"@id\":\"https:\/\/www.africa-press.net\/comores\/politique\/le-president-des-comores-prete-serment-pour-un-quatrieme-mandat-apres-un-scrutin-conteste#primaryimage\",\"url\":\"https:\/\/static.africa-press.net\/centrafricaine\/sites\/48\/2024\/05\/sm_1716748273.144526.jpg\",\"contentUrl\":\"https:\/\/static.africa-press.net\/centrafricaine\/sites\/48\/2024\/05\/sm_1716748273.144526.jpg\",\"width\":1084,\"height\":610,\"caption\":\"Le pr\u00e9sident des Comores pr\u00eate serment pour un quatri\u00e8me mandat apr\u00e8s un scrutin contest\u00e9\"},{\"@type\":\"BreadcrumbList\",\"@id\":\"https:\/\/www.africa-press.net\/comores\/politique\/le-president-des-comores-prete-serment-pour-un-quatrieme-mandat-apres-un-scrutin-conteste#breadcrumb\",\"itemListElement\":[{\"@type\":\"ListItem\",\"position\":1,\"name\":\"Accueil\",\"item\":\"https:\/\/www.africa-press.net\/comores\/\"},{\"@type\":\"ListItem\",\"position\":2,\"name\":\"Le pr\u00e9sident des Comores pr\u00eate serment pour un quatri\u00e8me mandat apr\u00e8s un scrutin contest\u00e9\"}]},{\"@type\":\"WebSite\",\"@id\":\"https:\/\/www.africa-press.net\/comores\/#website\",\"url\":\"https:\/\/www.africa-press.net\/comores\/\",\"name\":\"Comores\",\"description\":\"Just another Africa News Agency Sites site\",\"potentialAction\":[{\"@type\":\"SearchAction\",\"target\":{\"@type\":\"EntryPoint\",\"urlTemplate\":\"https:\/\/www.africa-press.net\/comores\/?s={search_term_string}\"},\"query-input\":{\"@type\":\"PropertyValueSpecification\",\"valueRequired\":true,\"valueName\":\"search_term_string\"}}],\"inLanguage\":\"fr-FR\"},{\"@type\":\"Person\",\"@id\":\"https:\/\/www.africa-press.net\/comores\/#\/schema\/person\/2b1cf3cd81a31e3cd26889ca66d677f1\",\"name\":\"cfeditorfr\"}]}<\/script>\n<!-- \/ Yoast SEO Premium plugin. -->","yoast_head_json":{"title":"Le pr\u00e9sident des Comores pr\u00eate serment pour un quatri\u00e8me mandat apr\u00e8s un scrutin contest\u00e9 - Comores","description":"Le pre\u0301sident des Comores, Azali Assoumani, s'est engage\u0301 dimanche a\u0300 \u0153uvrer pour la paix et a\u0300 de\u0301velopper rapidement l ...","robots":{"index":"index","follow":"follow","max-snippet":"max-snippet:-1","max-image-preview":"max-image-preview:large","max-video-preview":"max-video-preview:-1"},"canonical":"https:\/\/www.africa-press.net\/comores\/politique\/le-president-des-comores-prete-serment-pour-un-quatrieme-mandat-apres-un-scrutin-conteste","og_locale":"fr_FR","og_type":"article","og_title":"Le pr\u00e9sident des Comores pr\u00eate serment pour un quatri\u00e8me mandat apr\u00e8s un scrutin contest\u00e9","og_description":"Le pre\u0301sident des Comores, Azali Assoumani, s'est engage\u0301 dimanche a\u0300 \u0153uvrer pour la paix et a\u0300 de\u0301velopper rapidement l ...","og_url":"https:\/\/www.africa-press.net\/comores\/politique\/le-president-des-comores-prete-serment-pour-un-quatrieme-mandat-apres-un-scrutin-conteste","og_site_name":"Comores","article_published_time":"2024-05-26T14:00:00+00:00","article_modified_time":"2024-05-26T23:03:07+00:00","og_image":[{"width":1084,"height":610,"url":"https:\/\/static.africa-press.net\/centrafricaine\/sites\/48\/2024\/05\/sm_1716748273.144526.jpg","type":"image\/jpeg"}],"author":"cfeditorfr","twitter_card":"summary_large_image","twitter_misc":{"\u00c9crit par":"cfeditorfr","Dur\u00e9e de lecture estim\u00e9e":"2 minutes"},"schema":{"@context":"https:\/\/schema.org","@graph":[{"@type":"Article","@id":"https:\/\/www.africa-press.net\/comores\/politique\/le-president-des-comores-prete-serment-pour-un-quatrieme-mandat-apres-un-scrutin-conteste#article","isPartOf":{"@id":"https:\/\/www.africa-press.net\/comores\/politique\/le-president-des-comores-prete-serment-pour-un-quatrieme-mandat-apres-un-scrutin-conteste"},"author":{"name":"cfeditorfr","@id":"https:\/\/www.africa-press.net\/comores\/#\/schema\/person\/2b1cf3cd81a31e3cd26889ca66d677f1"},"headline":"Le pr\u00e9sident des Comores pr\u00eate serment pour un quatri\u00e8me mandat apr\u00e8s un scrutin contest\u00e9","datePublished":"2024-05-26T14:00:00+00:00","dateModified":"2024-05-26T23:03:07+00:00","mainEntityOfPage":{"@id":"https:\/\/www.africa-press.net\/comores\/politique\/le-president-des-comores-prete-serment-pour-un-quatrieme-mandat-apres-un-scrutin-conteste"},"wordCount":431,"commentCount":0,"image":{"@id":"https:\/\/www.africa-press.net\/comores\/politique\/le-president-des-comores-prete-serment-pour-un-quatrieme-mandat-apres-un-scrutin-conteste#primaryimage"},"thumbnailUrl":"https:\/\/static.africa-press.net\/centrafricaine\/sites\/48\/2024\/05\/sm_1716748273.144526.jpg","keywords":["Africa Press","Africa Press-Comores","Comores"],"articleSection":["Politique","Top Nouvelles","Toutes les actualit\u00e9s"],"inLanguage":"fr-FR","potentialAction":[{"@type":"CommentAction","name":"Comment","target":["https:\/\/www.africa-press.net\/comores\/politique\/le-president-des-comores-prete-serment-pour-un-quatrieme-mandat-apres-un-scrutin-conteste#respond"]}]},{"@type":"WebPage","@id":"https:\/\/www.africa-press.net\/comores\/politique\/le-president-des-comores-prete-serment-pour-un-quatrieme-mandat-apres-un-scrutin-conteste","url":"https:\/\/www.africa-press.net\/comores\/politique\/le-president-des-comores-prete-serment-pour-un-quatrieme-mandat-apres-un-scrutin-conteste","name":"Le pr\u00e9sident des Comores pr\u00eate serment pour un quatri\u00e8me mandat apr\u00e8s un scrutin contest\u00e9 - Comores","isPartOf":{"@id":"https:\/\/www.africa-press.net\/comores\/#website"},"primaryImageOfPage":{"@id":"https:\/\/www.africa-press.net\/comores\/politique\/le-president-des-comores-prete-serment-pour-un-quatrieme-mandat-apres-un-scrutin-conteste#primaryimage"},"image":{"@id":"https:\/\/www.africa-press.net\/comores\/politique\/le-president-des-comores-prete-serment-pour-un-quatrieme-mandat-apres-un-scrutin-conteste#primaryimage"},"thumbnailUrl":"https:\/\/static.africa-press.net\/centrafricaine\/sites\/48\/2024\/05\/sm_1716748273.144526.jpg","datePublished":"2024-05-26T14:00:00+00:00","dateModified":"2024-05-26T23:03:07+00:00","author":{"@id":"https:\/\/www.africa-press.net\/comores\/#\/schema\/person\/2b1cf3cd81a31e3cd26889ca66d677f1"},"description":"Le pre\u0301sident des Comores, Azali Assoumani, s'est engage\u0301 dimanche a\u0300 \u0153uvrer pour la paix et a\u0300 de\u0301velopper rapidement l ...","breadcrumb":{"@id":"https:\/\/www.africa-press.net\/comores\/politique\/le-president-des-comores-prete-serment-pour-un-quatrieme-mandat-apres-un-scrutin-conteste#breadcrumb"},"inLanguage":"fr-FR","potentialAction":[{"@type":"ReadAction","target":["https:\/\/www.africa-press.net\/comores\/politique\/le-president-des-comores-prete-serment-pour-un-quatrieme-mandat-apres-un-scrutin-conteste"]}]},{"@type":"ImageObject","inLanguage":"fr-FR","@id":"https:\/\/www.africa-press.net\/comores\/politique\/le-president-des-comores-prete-serment-pour-un-quatrieme-mandat-apres-un-scrutin-conteste#primaryimage","url":"https:\/\/static.africa-press.net\/centrafricaine\/sites\/48\/2024\/05\/sm_1716748273.144526.jpg","contentUrl":"https:\/\/static.africa-press.net\/centrafricaine\/sites\/48\/2024\/05\/sm_1716748273.144526.jpg","width":1084,"height":610,"caption":"Le pr\u00e9sident des Comores pr\u00eate serment pour un quatri\u00e8me mandat apr\u00e8s un scrutin contest\u00e9"},{"@type":"BreadcrumbList","@id":"https:\/\/www.africa-press.net\/comores\/politique\/le-president-des-comores-prete-serment-pour-un-quatrieme-mandat-apres-un-scrutin-conteste#breadcrumb","itemListElement":[{"@type":"ListItem","position":1,"name":"Accueil","item":"https:\/\/www.africa-press.net\/comores\/"},{"@type":"ListItem","position":2,"name":"Le pr\u00e9sident des Comores pr\u00eate serment pour un quatri\u00e8me mandat apr\u00e8s un scrutin contest\u00e9"}]},{"@type":"WebSite","@id":"https:\/\/www.africa-press.net\/comores\/#website","url":"https:\/\/www.africa-press.net\/comores\/","name":"Comores","description":"Just another Africa News Agency Sites site","potentialAction":[{"@type":"SearchAction","target":{"@type":"EntryPoint","urlTemplate":"https:\/\/www.africa-press.net\/comores\/?s={search_term_string}"},"query-input":{"@type":"PropertyValueSpecification","valueRequired":true,"valueName":"search_term_string"}}],"inLanguage":"fr-FR"},{"@type":"Person","@id":"https:\/\/www.africa-press.net\/comores\/#\/schema\/person\/2b1cf3cd81a31e3cd26889ca66d677f1","name":"cfeditorfr"}]}},"_links":{"self":[{"href":"https:\/\/www.africa-press.net\/comores\/wp-json\/wp\/v2\/posts\/18827","targetHints":{"allow":["GET"]}}],"collection":[{"href":"https:\/\/www.africa-press.net\/comores\/wp-json\/wp\/v2\/posts"}],"about":[{"href":"https:\/\/www.africa-press.net\/comores\/wp-json\/wp\/v2\/types\/post"}],"author":[{"embeddable":true,"href":"https:\/\/www.africa-press.net\/comores\/wp-json\/wp\/v2\/users\/82"}],"replies":[{"embeddable":true,"href":"https:\/\/www.africa-press.net\/comores\/wp-json\/wp\/v2\/comments?post=18827"}],"version-history":[{"count":0,"href":"https:\/\/www.africa-press.net\/comores\/wp-json\/wp\/v2\/posts\/18827\/revisions"}],"wp:featuredmedia":[{"embeddable":true,"href":"https:\/\/www.africa-press.net\/comores\/wp-json\/wp\/v2\/media\/18826"}],"wp:attachment":[{"href":"https:\/\/www.africa-press.net\/comores\/wp-json\/wp\/v2\/media?parent=18827"}],"wp:term":[{"taxonomy":"category","embeddable":true,"href":"https:\/\/www.africa-press.net\/comores\/wp-json\/wp\/v2\/categories?post=18827"},{"taxonomy":"post_tag","embeddable":true,"href":"https:\/\/www.africa-press.net\/comores\/wp-json\/wp\/v2\/tags?post=18827"}],"curies":[{"name":"wp","href":"https:\/\/api.w.org\/{rel}","templated":true}]}}