{"id":18839,"date":"2024-05-26T14:00:00","date_gmt":"2024-05-26T14:00:00","guid":{"rendered":"https:\/\/www.africa-press.net\/comores\/politique\/epidemie-de-cholera-a-mayotte-apres-un-enfant-de-trois-ans-une-femme-de-62-ans-est-decedee-a-son-tour"},"modified":"2024-05-28T04:01:12","modified_gmt":"2024-05-28T04:01:12","slug":"epidemie-de-cholera-a-mayotte-apres-un-enfant-de-trois-ans-une-femme-de-62-ans-est-decedee-a-son-tour","status":"publish","type":"post","link":"https:\/\/www.africa-press.net\/comores\/politique\/epidemie-de-cholera-a-mayotte-apres-un-enfant-de-trois-ans-une-femme-de-62-ans-est-decedee-a-son-tour","title":{"rendered":"\u00c9pid\u00e9mie de chol\u00e9ra \u00e0 Mayotte : apr\u00e8s un enfant de trois ans, une femme de 62 ans est d\u00e9c\u00e9d\u00e9e \u00e0 son tour"},"content":{"rendered":"<p><span style=\"color: #ff6600\"><strong>Africa-Press &#8211; Comores. <\/strong><\/span>Une femme de 62 ans est de\u0301ce\u0301de\u0301e samedi 25 mai 2024 a\u0300 Mamoudzou, ce qui porte a\u0300 deux le nombre de morts lie\u0301s au chole\u0301ra a\u0300 Mayotte, de\u0301partement franc\u0327ais d\u2019Outre-mer, dans l\u2019oce\u0301an Indien.<\/p>\n<p><b>Un enfant de trois ans mort le 8 mai<\/b><\/p>\n<p>La sexage\u0301naire est de\u0301ce\u0301de\u0301e \u00ab\u00a0a\u0300 son domicile sur les hauteurs du quartier de Cavani, a\u0300 Mamoudzou\u00a0\u00bb, a pre\u0301cise\u0301 dimanche 26 mai l\u2019Agence re\u0301gionale de sante\u0301 (ARS) dans un communique\u0301.<\/p>\n<p>\u00ab\u00a0En application du protocole de lutte contre le chole\u0301ra, les e\u0301quipes d\u2019intervention se sont rendues sur place afin de proce\u0301der a\u0300 la de\u0301sinfection du foyer et a\u0300 la prise en charge de l\u2019entourage de la de\u0301funte\u00a0\u00bb, ajoute l\u2019ARS. \u00ab\u00a0Les ope\u0301rations de vaccination des cas contacts sont mene\u0301es de\u0300s\u00a0\u00bb ce dimanche.<\/p>\n<p>Le 8 mai, un enfant de trois ans e\u0301tait mort du chole\u0301ra, dont ont e\u0301te\u0301 affecte\u0301es plusieurs dizaines de personnes ces derniers mois a\u0300 Mayotte, le plus pauvre des de\u0301partements franc\u0327ais.<\/p>\n<p><b>L\u2019e\u0301pide\u0301mie flambe aux Comores<\/b><\/p>\n<p>Les premiers cas de chole\u0301ra a\u0300 Mayotte ont e\u0301te\u0301 recense\u0301s mi-mars chez des personnes revenant des Comores voisines, ou\u0300 l\u2019e\u0301pide\u0301mie flambe.<\/p>\n<p>A\u0300 Mayotte, les premiers cas \u00ab\u00a0autochtones\u00a0\u00bb, diagnostique\u0301s chez des patients n\u2019ayant pas quitte\u0301 l\u2019i\u0302le franc\u0327aise, sont apparus fin avril.<\/p>\n<p>Le chole\u0301ra, maladie bacte\u0301rienne qui peut provoquer des diarrhe\u0301es aigue\u0308s et entrai\u0302ner la mort par de\u0301shydratation en un a\u0300 trois jours, se transmet par l\u2019eau ou des aliments contamine\u0301s. Il existe des vaccins et des traitements efficaces.<\/p>\n<p><strong>Pour plus d&rsquo;informations et d&rsquo;analyses sur la <a href=\"https:\/\/www.africa-press.net\/comores\">Comores<\/a>, suivez <a href=\"https:\/\/www.africa-press.net\/\">Africa-Press<\/a><\/strong><\/p>\n","protected":false},"excerpt":{"rendered":"<p>Africa-Press &#8211; Comores. Une femme de 62 ans est de\u0301ce\u0301de\u0301e samedi 25 mai 2024 a\u0300 Mamoudzou, ce qui porte a\u0300 deux le nombre de morts lie\u0301s au chole\u0301ra a\u0300 Mayotte, de\u0301partement franc\u0327ais d\u2019Outre-mer, dans l\u2019oce\u0301an Indien. Un enfant de trois ans mort le 8 mai La sexage\u0301naire est de\u0301ce\u0301de\u0301e \u00ab\u00a0a\u0300 son domicile sur les hauteurs [&hellip;]<\/p>\n","protected":false},"author":82,"featured_media":18838,"comment_status":"open","ping_status":"closed","sticky":false,"template":"","format":"standard","meta":{"footnotes":""},"categories":[21,2,10],"tags":[36,53,45],"class_list":["post-18839","post","type-post","status-publish","format-standard","has-post-thumbnail","hentry","category-communaute","category-politique","category-toutes-les-actualites","tag-africa-press","tag-africa-press-comores","tag-comores"],"yoast_head":"<!-- This site is optimized with the Yoast SEO Premium plugin v26.1 (Yoast SEO v27.0) - https:\/\/yoast.com\/product\/yoast-seo-premium-wordpress\/ -->\n<title>\u00c9pid\u00e9mie de chol\u00e9ra \u00e0 Mayotte : apr\u00e8s un enfant de trois ans, une femme de 62 ans est d\u00e9c\u00e9d\u00e9e \u00e0 son tour - Comores<\/title>\n<meta name=\"description\" content=\"Une femme de 62 ans est de\u0301ce\u0301de\u0301e samedi 25 mai 2024 a\u0300 Mamoudzou, ce qui porte a\u0300 deux le nombre de morts lie\u0301s au cho ...\" \/>\n<meta name=\"robots\" content=\"index, follow, max-snippet:-1, max-image-preview:large, max-video-preview:-1\" \/>\n<link rel=\"canonical\" href=\"https:\/\/www.africa-press.net\/comores\/politique\/epidemie-de-cholera-a-mayotte-apres-un-enfant-de-trois-ans-une-femme-de-62-ans-est-decedee-a-son-tour\" \/>\n<meta property=\"og:locale\" content=\"fr_FR\" \/>\n<meta property=\"og:type\" content=\"article\" \/>\n<meta property=\"og:title\" content=\"\u00c9pid\u00e9mie de chol\u00e9ra \u00e0 Mayotte : apr\u00e8s un enfant de trois ans, une femme de 62 ans est d\u00e9c\u00e9d\u00e9e \u00e0 son tour\" \/>\n<meta property=\"og:description\" content=\"Une femme de 62 ans est de\u0301ce\u0301de\u0301e samedi 25 mai 2024 a\u0300 Mamoudzou, ce qui porte a\u0300 deux le nombre de morts lie\u0301s au cho ...\" \/>\n<meta property=\"og:url\" content=\"https:\/\/www.africa-press.net\/comores\/politique\/epidemie-de-cholera-a-mayotte-apres-un-enfant-de-trois-ans-une-femme-de-62-ans-est-decedee-a-son-tour\" \/>\n<meta property=\"og:site_name\" content=\"Comores\" \/>\n<meta property=\"article:published_time\" content=\"2024-05-26T14:00:00+00:00\" \/>\n<meta property=\"article:modified_time\" content=\"2024-05-28T04:01:12+00:00\" \/>\n<meta property=\"og:image\" content=\"https:\/\/static.africa-press.net\/centrafricaine\/sites\/48\/2024\/05\/sm_1716749239.645135.jpg\" \/>\n\t<meta property=\"og:image:width\" content=\"885\" \/>\n\t<meta property=\"og:image:height\" content=\"500\" \/>\n\t<meta property=\"og:image:type\" content=\"image\/jpeg\" \/>\n<meta name=\"author\" content=\"cfeditorfr\" \/>\n<meta name=\"twitter:card\" content=\"summary_large_image\" \/>\n<meta name=\"twitter:label1\" content=\"\u00c9crit par\" \/>\n\t<meta name=\"twitter:data1\" content=\"cfeditorfr\" \/>\n\t<meta name=\"twitter:label2\" content=\"Dur\u00e9e de lecture estim\u00e9e\" \/>\n\t<meta name=\"twitter:data2\" content=\"1 minute\" \/>\n<script type=\"application\/ld+json\" class=\"yoast-schema-graph\">{\"@context\":\"https:\/\/schema.org\",\"@graph\":[{\"@type\":\"Article\",\"@id\":\"https:\/\/www.africa-press.net\/comores\/politique\/epidemie-de-cholera-a-mayotte-apres-un-enfant-de-trois-ans-une-femme-de-62-ans-est-decedee-a-son-tour#article\",\"isPartOf\":{\"@id\":\"https:\/\/www.africa-press.net\/comores\/politique\/epidemie-de-cholera-a-mayotte-apres-un-enfant-de-trois-ans-une-femme-de-62-ans-est-decedee-a-son-tour\"},\"author\":{\"name\":\"cfeditorfr\",\"@id\":\"https:\/\/www.africa-press.net\/comores\/#\/schema\/person\/2b1cf3cd81a31e3cd26889ca66d677f1\"},\"headline\":\"\u00c9pid\u00e9mie de chol\u00e9ra \u00e0 Mayotte : apr\u00e8s un enfant de trois ans, une femme de 62 ans est d\u00e9c\u00e9d\u00e9e \u00e0 son tour\",\"datePublished\":\"2024-05-26T14:00:00+00:00\",\"dateModified\":\"2024-05-28T04:01:12+00:00\",\"mainEntityOfPage\":{\"@id\":\"https:\/\/www.africa-press.net\/comores\/politique\/epidemie-de-cholera-a-mayotte-apres-un-enfant-de-trois-ans-une-femme-de-62-ans-est-decedee-a-son-tour\"},\"wordCount\":322,\"commentCount\":0,\"image\":{\"@id\":\"https:\/\/www.africa-press.net\/comores\/politique\/epidemie-de-cholera-a-mayotte-apres-un-enfant-de-trois-ans-une-femme-de-62-ans-est-decedee-a-son-tour#primaryimage\"},\"thumbnailUrl\":\"https:\/\/static.africa-press.net\/centrafricaine\/sites\/48\/2024\/05\/sm_1716749239.645135.jpg\",\"keywords\":[\"Africa Press\",\"Africa Press-Comores\",\"Comores\"],\"articleSection\":[\"Communaut\u00e9\",\"Politique\",\"Toutes les actualit\u00e9s\"],\"inLanguage\":\"fr-FR\",\"potentialAction\":[{\"@type\":\"CommentAction\",\"name\":\"Comment\",\"target\":[\"https:\/\/www.africa-press.net\/comores\/politique\/epidemie-de-cholera-a-mayotte-apres-un-enfant-de-trois-ans-une-femme-de-62-ans-est-decedee-a-son-tour#respond\"]}]},{\"@type\":\"WebPage\",\"@id\":\"https:\/\/www.africa-press.net\/comores\/politique\/epidemie-de-cholera-a-mayotte-apres-un-enfant-de-trois-ans-une-femme-de-62-ans-est-decedee-a-son-tour\",\"url\":\"https:\/\/www.africa-press.net\/comores\/politique\/epidemie-de-cholera-a-mayotte-apres-un-enfant-de-trois-ans-une-femme-de-62-ans-est-decedee-a-son-tour\",\"name\":\"\u00c9pid\u00e9mie de chol\u00e9ra \u00e0 Mayotte : apr\u00e8s un enfant de trois ans, une femme de 62 ans est d\u00e9c\u00e9d\u00e9e \u00e0 son tour - Comores\",\"isPartOf\":{\"@id\":\"https:\/\/www.africa-press.net\/comores\/#website\"},\"primaryImageOfPage\":{\"@id\":\"https:\/\/www.africa-press.net\/comores\/politique\/epidemie-de-cholera-a-mayotte-apres-un-enfant-de-trois-ans-une-femme-de-62-ans-est-decedee-a-son-tour#primaryimage\"},\"image\":{\"@id\":\"https:\/\/www.africa-press.net\/comores\/politique\/epidemie-de-cholera-a-mayotte-apres-un-enfant-de-trois-ans-une-femme-de-62-ans-est-decedee-a-son-tour#primaryimage\"},\"thumbnailUrl\":\"https:\/\/static.africa-press.net\/centrafricaine\/sites\/48\/2024\/05\/sm_1716749239.645135.jpg\",\"datePublished\":\"2024-05-26T14:00:00+00:00\",\"dateModified\":\"2024-05-28T04:01:12+00:00\",\"author\":{\"@id\":\"https:\/\/www.africa-press.net\/comores\/#\/schema\/person\/2b1cf3cd81a31e3cd26889ca66d677f1\"},\"description\":\"Une femme de 62 ans est de\u0301ce\u0301de\u0301e samedi 25 mai 2024 a\u0300 Mamoudzou, ce qui porte a\u0300 deux le nombre de morts lie\u0301s au cho ...\",\"breadcrumb\":{\"@id\":\"https:\/\/www.africa-press.net\/comores\/politique\/epidemie-de-cholera-a-mayotte-apres-un-enfant-de-trois-ans-une-femme-de-62-ans-est-decedee-a-son-tour#breadcrumb\"},\"inLanguage\":\"fr-FR\",\"potentialAction\":[{\"@type\":\"ReadAction\",\"target\":[\"https:\/\/www.africa-press.net\/comores\/politique\/epidemie-de-cholera-a-mayotte-apres-un-enfant-de-trois-ans-une-femme-de-62-ans-est-decedee-a-son-tour\"]}]},{\"@type\":\"ImageObject\",\"inLanguage\":\"fr-FR\",\"@id\":\"https:\/\/www.africa-press.net\/comores\/politique\/epidemie-de-cholera-a-mayotte-apres-un-enfant-de-trois-ans-une-femme-de-62-ans-est-decedee-a-son-tour#primaryimage\",\"url\":\"https:\/\/static.africa-press.net\/centrafricaine\/sites\/48\/2024\/05\/sm_1716749239.645135.jpg\",\"contentUrl\":\"https:\/\/static.africa-press.net\/centrafricaine\/sites\/48\/2024\/05\/sm_1716749239.645135.jpg\",\"width\":885,\"height\":500,\"caption\":\"\u00c9pid\u00e9mie de chol\u00e9ra \u00e0 Mayotte : apr\u00e8s un enfant de trois ans, une femme de 62 ans est d\u00e9c\u00e9d\u00e9e \u00e0 son tour\"},{\"@type\":\"BreadcrumbList\",\"@id\":\"https:\/\/www.africa-press.net\/comores\/politique\/epidemie-de-cholera-a-mayotte-apres-un-enfant-de-trois-ans-une-femme-de-62-ans-est-decedee-a-son-tour#breadcrumb\",\"itemListElement\":[{\"@type\":\"ListItem\",\"position\":1,\"name\":\"Accueil\",\"item\":\"https:\/\/www.africa-press.net\/comores\/\"},{\"@type\":\"ListItem\",\"position\":2,\"name\":\"\u00c9pid\u00e9mie de chol\u00e9ra \u00e0 Mayotte : apr\u00e8s un enfant de trois ans, une femme de 62 ans est d\u00e9c\u00e9d\u00e9e \u00e0 son tour\"}]},{\"@type\":\"WebSite\",\"@id\":\"https:\/\/www.africa-press.net\/comores\/#website\",\"url\":\"https:\/\/www.africa-press.net\/comores\/\",\"name\":\"Comores\",\"description\":\"Just another Africa News Agency Sites site\",\"potentialAction\":[{\"@type\":\"SearchAction\",\"target\":{\"@type\":\"EntryPoint\",\"urlTemplate\":\"https:\/\/www.africa-press.net\/comores\/?s={search_term_string}\"},\"query-input\":{\"@type\":\"PropertyValueSpecification\",\"valueRequired\":true,\"valueName\":\"search_term_string\"}}],\"inLanguage\":\"fr-FR\"},{\"@type\":\"Person\",\"@id\":\"https:\/\/www.africa-press.net\/comores\/#\/schema\/person\/2b1cf3cd81a31e3cd26889ca66d677f1\",\"name\":\"cfeditorfr\"}]}<\/script>\n<!-- \/ Yoast SEO Premium plugin. -->","yoast_head_json":{"title":"\u00c9pid\u00e9mie de chol\u00e9ra \u00e0 Mayotte : apr\u00e8s un enfant de trois ans, une femme de 62 ans est d\u00e9c\u00e9d\u00e9e \u00e0 son tour - Comores","description":"Une femme de 62 ans est de\u0301ce\u0301de\u0301e samedi 25 mai 2024 a\u0300 Mamoudzou, ce qui porte a\u0300 deux le nombre de morts lie\u0301s au cho ...","robots":{"index":"index","follow":"follow","max-snippet":"max-snippet:-1","max-image-preview":"max-image-preview:large","max-video-preview":"max-video-preview:-1"},"canonical":"https:\/\/www.africa-press.net\/comores\/politique\/epidemie-de-cholera-a-mayotte-apres-un-enfant-de-trois-ans-une-femme-de-62-ans-est-decedee-a-son-tour","og_locale":"fr_FR","og_type":"article","og_title":"\u00c9pid\u00e9mie de chol\u00e9ra \u00e0 Mayotte : apr\u00e8s un enfant de trois ans, une femme de 62 ans est d\u00e9c\u00e9d\u00e9e \u00e0 son tour","og_description":"Une femme de 62 ans est de\u0301ce\u0301de\u0301e samedi 25 mai 2024 a\u0300 Mamoudzou, ce qui porte a\u0300 deux le nombre de morts lie\u0301s au cho ...","og_url":"https:\/\/www.africa-press.net\/comores\/politique\/epidemie-de-cholera-a-mayotte-apres-un-enfant-de-trois-ans-une-femme-de-62-ans-est-decedee-a-son-tour","og_site_name":"Comores","article_published_time":"2024-05-26T14:00:00+00:00","article_modified_time":"2024-05-28T04:01:12+00:00","og_image":[{"width":885,"height":500,"url":"https:\/\/static.africa-press.net\/centrafricaine\/sites\/48\/2024\/05\/sm_1716749239.645135.jpg","type":"image\/jpeg"}],"author":"cfeditorfr","twitter_card":"summary_large_image","twitter_misc":{"\u00c9crit par":"cfeditorfr","Dur\u00e9e de lecture estim\u00e9e":"1 minute"},"schema":{"@context":"https:\/\/schema.org","@graph":[{"@type":"Article","@id":"https:\/\/www.africa-press.net\/comores\/politique\/epidemie-de-cholera-a-mayotte-apres-un-enfant-de-trois-ans-une-femme-de-62-ans-est-decedee-a-son-tour#article","isPartOf":{"@id":"https:\/\/www.africa-press.net\/comores\/politique\/epidemie-de-cholera-a-mayotte-apres-un-enfant-de-trois-ans-une-femme-de-62-ans-est-decedee-a-son-tour"},"author":{"name":"cfeditorfr","@id":"https:\/\/www.africa-press.net\/comores\/#\/schema\/person\/2b1cf3cd81a31e3cd26889ca66d677f1"},"headline":"\u00c9pid\u00e9mie de chol\u00e9ra \u00e0 Mayotte : apr\u00e8s un enfant de trois ans, une femme de 62 ans est d\u00e9c\u00e9d\u00e9e \u00e0 son tour","datePublished":"2024-05-26T14:00:00+00:00","dateModified":"2024-05-28T04:01:12+00:00","mainEntityOfPage":{"@id":"https:\/\/www.africa-press.net\/comores\/politique\/epidemie-de-cholera-a-mayotte-apres-un-enfant-de-trois-ans-une-femme-de-62-ans-est-decedee-a-son-tour"},"wordCount":322,"commentCount":0,"image":{"@id":"https:\/\/www.africa-press.net\/comores\/politique\/epidemie-de-cholera-a-mayotte-apres-un-enfant-de-trois-ans-une-femme-de-62-ans-est-decedee-a-son-tour#primaryimage"},"thumbnailUrl":"https:\/\/static.africa-press.net\/centrafricaine\/sites\/48\/2024\/05\/sm_1716749239.645135.jpg","keywords":["Africa Press","Africa Press-Comores","Comores"],"articleSection":["Communaut\u00e9","Politique","Toutes les actualit\u00e9s"],"inLanguage":"fr-FR","potentialAction":[{"@type":"CommentAction","name":"Comment","target":["https:\/\/www.africa-press.net\/comores\/politique\/epidemie-de-cholera-a-mayotte-apres-un-enfant-de-trois-ans-une-femme-de-62-ans-est-decedee-a-son-tour#respond"]}]},{"@type":"WebPage","@id":"https:\/\/www.africa-press.net\/comores\/politique\/epidemie-de-cholera-a-mayotte-apres-un-enfant-de-trois-ans-une-femme-de-62-ans-est-decedee-a-son-tour","url":"https:\/\/www.africa-press.net\/comores\/politique\/epidemie-de-cholera-a-mayotte-apres-un-enfant-de-trois-ans-une-femme-de-62-ans-est-decedee-a-son-tour","name":"\u00c9pid\u00e9mie de chol\u00e9ra \u00e0 Mayotte : apr\u00e8s un enfant de trois ans, une femme de 62 ans est d\u00e9c\u00e9d\u00e9e \u00e0 son tour - Comores","isPartOf":{"@id":"https:\/\/www.africa-press.net\/comores\/#website"},"primaryImageOfPage":{"@id":"https:\/\/www.africa-press.net\/comores\/politique\/epidemie-de-cholera-a-mayotte-apres-un-enfant-de-trois-ans-une-femme-de-62-ans-est-decedee-a-son-tour#primaryimage"},"image":{"@id":"https:\/\/www.africa-press.net\/comores\/politique\/epidemie-de-cholera-a-mayotte-apres-un-enfant-de-trois-ans-une-femme-de-62-ans-est-decedee-a-son-tour#primaryimage"},"thumbnailUrl":"https:\/\/static.africa-press.net\/centrafricaine\/sites\/48\/2024\/05\/sm_1716749239.645135.jpg","datePublished":"2024-05-26T14:00:00+00:00","dateModified":"2024-05-28T04:01:12+00:00","author":{"@id":"https:\/\/www.africa-press.net\/comores\/#\/schema\/person\/2b1cf3cd81a31e3cd26889ca66d677f1"},"description":"Une femme de 62 ans est de\u0301ce\u0301de\u0301e samedi 25 mai 2024 a\u0300 Mamoudzou, ce qui porte a\u0300 deux le nombre de morts lie\u0301s au cho ...","breadcrumb":{"@id":"https:\/\/www.africa-press.net\/comores\/politique\/epidemie-de-cholera-a-mayotte-apres-un-enfant-de-trois-ans-une-femme-de-62-ans-est-decedee-a-son-tour#breadcrumb"},"inLanguage":"fr-FR","potentialAction":[{"@type":"ReadAction","target":["https:\/\/www.africa-press.net\/comores\/politique\/epidemie-de-cholera-a-mayotte-apres-un-enfant-de-trois-ans-une-femme-de-62-ans-est-decedee-a-son-tour"]}]},{"@type":"ImageObject","inLanguage":"fr-FR","@id":"https:\/\/www.africa-press.net\/comores\/politique\/epidemie-de-cholera-a-mayotte-apres-un-enfant-de-trois-ans-une-femme-de-62-ans-est-decedee-a-son-tour#primaryimage","url":"https:\/\/static.africa-press.net\/centrafricaine\/sites\/48\/2024\/05\/sm_1716749239.645135.jpg","contentUrl":"https:\/\/static.africa-press.net\/centrafricaine\/sites\/48\/2024\/05\/sm_1716749239.645135.jpg","width":885,"height":500,"caption":"\u00c9pid\u00e9mie de chol\u00e9ra \u00e0 Mayotte : apr\u00e8s un enfant de trois ans, une femme de 62 ans est d\u00e9c\u00e9d\u00e9e \u00e0 son tour"},{"@type":"BreadcrumbList","@id":"https:\/\/www.africa-press.net\/comores\/politique\/epidemie-de-cholera-a-mayotte-apres-un-enfant-de-trois-ans-une-femme-de-62-ans-est-decedee-a-son-tour#breadcrumb","itemListElement":[{"@type":"ListItem","position":1,"name":"Accueil","item":"https:\/\/www.africa-press.net\/comores\/"},{"@type":"ListItem","position":2,"name":"\u00c9pid\u00e9mie de chol\u00e9ra \u00e0 Mayotte : apr\u00e8s un enfant de trois ans, une femme de 62 ans est d\u00e9c\u00e9d\u00e9e \u00e0 son tour"}]},{"@type":"WebSite","@id":"https:\/\/www.africa-press.net\/comores\/#website","url":"https:\/\/www.africa-press.net\/comores\/","name":"Comores","description":"Just another Africa News Agency Sites site","potentialAction":[{"@type":"SearchAction","target":{"@type":"EntryPoint","urlTemplate":"https:\/\/www.africa-press.net\/comores\/?s={search_term_string}"},"query-input":{"@type":"PropertyValueSpecification","valueRequired":true,"valueName":"search_term_string"}}],"inLanguage":"fr-FR"},{"@type":"Person","@id":"https:\/\/www.africa-press.net\/comores\/#\/schema\/person\/2b1cf3cd81a31e3cd26889ca66d677f1","name":"cfeditorfr"}]}},"_links":{"self":[{"href":"https:\/\/www.africa-press.net\/comores\/wp-json\/wp\/v2\/posts\/18839","targetHints":{"allow":["GET"]}}],"collection":[{"href":"https:\/\/www.africa-press.net\/comores\/wp-json\/wp\/v2\/posts"}],"about":[{"href":"https:\/\/www.africa-press.net\/comores\/wp-json\/wp\/v2\/types\/post"}],"author":[{"embeddable":true,"href":"https:\/\/www.africa-press.net\/comores\/wp-json\/wp\/v2\/users\/82"}],"replies":[{"embeddable":true,"href":"https:\/\/www.africa-press.net\/comores\/wp-json\/wp\/v2\/comments?post=18839"}],"version-history":[{"count":0,"href":"https:\/\/www.africa-press.net\/comores\/wp-json\/wp\/v2\/posts\/18839\/revisions"}],"wp:featuredmedia":[{"embeddable":true,"href":"https:\/\/www.africa-press.net\/comores\/wp-json\/wp\/v2\/media\/18838"}],"wp:attachment":[{"href":"https:\/\/www.africa-press.net\/comores\/wp-json\/wp\/v2\/media?parent=18839"}],"wp:term":[{"taxonomy":"category","embeddable":true,"href":"https:\/\/www.africa-press.net\/comores\/wp-json\/wp\/v2\/categories?post=18839"},{"taxonomy":"post_tag","embeddable":true,"href":"https:\/\/www.africa-press.net\/comores\/wp-json\/wp\/v2\/tags?post=18839"}],"curies":[{"name":"wp","href":"https:\/\/api.w.org\/{rel}","templated":true}]}}