{"id":18845,"date":"2024-05-27T12:00:00","date_gmt":"2024-05-27T12:00:00","guid":{"rendered":"https:\/\/www.africa-press.net\/comores\/politique\/26-mai-azali-investi-pour-3eme-quinquennat"},"modified":"2024-05-28T04:53:58","modified_gmt":"2024-05-28T04:53:58","slug":"26-mai-azali-investi-pour-3eme-quinquennat","status":"publish","type":"post","link":"https:\/\/www.africa-press.net\/comores\/politique\/26-mai-azali-investi-pour-3eme-quinquennat","title":{"rendered":"26 mai : Azali investi pour 3\u00e8me quinquennat"},"content":{"rendered":"<p><span style=\"color: #ff6600\"><strong>Africa-Press &#8211; Comores. <\/strong><\/span><b>Alors que l\u2019opposition continue de contester sa re\u0301e\u0301lection, le pre\u0301sident Azali est investi ce dimanche devant cinq chefs d\u2019Etat africains. Il appelle encore a\u0300 la paix, a\u0300 la stabilite\u0301 et a\u0300 la concorde nationale. <\/b><\/p>\n<p>De\u0301clare\u0301 e\u0301lu avec 57,02%, Azali Assoumani est officiellement investi ce dimanche 26 mai, 4 mois apre\u0300s sa re\u0301e\u0301lection pour un troisie\u0300me mandant. Pre\u0300s de 900 policiers, gendarmes et militaires e\u0301taient mobilise\u0301s pour assurer la se\u0301curite\u0301 au stade Omnisports de Malouzini ou\u0300 plusieurs hautes personnalite\u0301s et des milliers de personnes ont pris part a\u0300 l\u2019e\u0301ve\u0300nement. Pour la premie\u0300re fois, l&rsquo;e\u0301ve\u0301nement a e\u0301te\u0301 honore\u0301 par cinq chefs d\u2019Etat e\u0301trangers, les Pre\u0301sidents de l\u2019Angola Joa\u0303o Lourenc\u0327o, de la Guine\u0301e-Bissau Umaro Sissoco Embalo\u0301, de Madagascar Andy Rajoelina, de Congo-Brazzaville Sassou-Nguesso et du Mozambique Filipe Nyusi. Elle a e\u0301te\u0301 marque\u0301e aussi par la pre\u0301sence de hautes personnalite\u0301s comme le vice-pre\u0301sident de la Tanzanie et du Burundi, la ministre en charge des relations avec le Parlement franc\u0327ais Marie Lebec ou encore le Vice-pre\u0301sident de l\u2019Assemble\u0301e nationale Chinoise Bao Xin et le pre\u0301sident de l\u2019Assemble\u0301e du Royaume du Maroc, etc.<\/p>\n<p>Dans un contexte ou\u0300 l\u2019opposition conteste sa re\u0301e\u0301lection, Azali appelle toutes les forces vives de la nation, du pouvoir comme de l\u2019opposition et de la socie\u0301te\u0301 civile, a\u0300 se rassembler sur l\u2019essentiel, au-dela\u0300 de la divergence d\u2019opinions, pour \u0153uvrer ensemble, en faveur de la paix, de la stabilite\u0301 et de la concorde nationale. \u00ab Je mettrai tout en \u0153uvre, pour garantir la paix, la se\u0301curite\u0301, la cohe\u0301sion nationale et l\u2019inte\u0301grite\u0301 territoriale de notre pays \u00bb, avance celui qui s\u2019engage a\u0300 ne me\u0301nager aucun effort, pour faire des Comores un havre de paix et un mode\u0300le de stabilite\u0301 et de croissance e\u0301conomique.<\/p>\n<p>Il rappellera que depuis 2016, il s\u2019est engage\u0301 en faveur d\u2019un programme de de\u0301veloppement socioe\u0301conomique, fonde\u0301 sur une croissance e\u0301conomique forte qui permettra aux Comores d\u2019acce\u0301der au rang des pays e\u0301mergeants, a\u0300 l\u2019horizon 2030. En de\u0301pit de l\u2019ave\u0300nement du cyclone Kenneth, de la pande\u0301mie de Covid-19 qui a durement affecte\u0301 l\u2019e\u0301conomie, le pays a note\u0301 des avance\u0301es significatives dans la mise en \u0153uvre de certains projets phares du PCE et notamment des investissements strate\u0301giques re\u0301alise\u0301es dans les secteurs socio-e\u0301conomiques. \u00ab Dans le domaine de l\u2019e\u0301nergie, nous avons tenu compte du caracte\u0300re insulaire de notre pays et de sa vulne\u0301rabilite\u0301 face au changement climatique. A cet e\u0301gard, nous privile\u0301gions les e\u0301nergies renouvelables, notamment en construisant des centrales photovoltai\u0308ques et en projetant d\u2019exploiter, a\u0300 court terme, nos potentialite\u0301s, en matie\u0300re d\u2019e\u0301nergie hydraulique et de ge\u0301othermie, afin d\u2019orienter notre pays vers les e\u0301nergies propres, dans le respect de l\u2019Accord de Paris de 2015 \u00bb, souligne-t-il.<\/p>\n<p>Et d\u2019ajouter: \u00ab Il est a\u0300 noter qu\u2019en de\u0301pit des diffe\u0301rentes crises qui se sont succe\u0301de\u0301 durant la pe\u0301riode 2019 a\u0300 2023, notre pays a pu enregistrer une croissance positive autour de 3%, avec l\u2019objectif ambitieux de passer a\u0300 5% ou plus durant les cinq prochaines anne\u0301es \u00bb. Pour me\u0301moire, Azali est de\u0301clare\u0301 e\u0301lu avec 57,02% de\u0300s le premier tour, et ce malgre\u0301 les fortes contestations de l\u2019opposition qui continue a\u0300 de\u0301noncer \u00ab des fraudes massives \u00bb, le jour de scrutin du 14 janvier 2024.<\/p>\n<p><strong>Pour plus d&rsquo;informations et d&rsquo;analyses sur la <a href=\"https:\/\/www.africa-press.net\/comores\">Comores<\/a>, suivez <a href=\"https:\/\/www.africa-press.net\/\">Africa-Press<\/a><\/strong><\/p>\n","protected":false},"excerpt":{"rendered":"<p>Africa-Press &#8211; Comores. Alors que l\u2019opposition continue de contester sa re\u0301e\u0301lection, le pre\u0301sident Azali est investi ce dimanche devant cinq chefs d\u2019Etat africains. Il appelle encore a\u0300 la paix, a\u0300 la stabilite\u0301 et a\u0300 la concorde nationale. De\u0301clare\u0301 e\u0301lu avec 57,02%, Azali Assoumani est officiellement investi ce dimanche 26 mai, 4 mois apre\u0300s sa re\u0301e\u0301lection [&hellip;]<\/p>\n","protected":false},"author":82,"featured_media":18844,"comment_status":"open","ping_status":"closed","sticky":false,"template":"","format":"standard","meta":{"footnotes":""},"categories":[2,20,10],"tags":[36,53,45],"class_list":["post-18845","post","type-post","status-publish","format-standard","has-post-thumbnail","hentry","category-politique","category-top-nouvelles","category-toutes-les-actualites","tag-africa-press","tag-africa-press-comores","tag-comores"],"yoast_head":"<!-- This site is optimized with the Yoast SEO Premium plugin v26.1 (Yoast SEO v27.0) - https:\/\/yoast.com\/product\/yoast-seo-premium-wordpress\/ -->\n<title>26 mai : Azali investi pour 3\u00e8me quinquennat - Comores<\/title>\n<meta name=\"description\" content=\"Alors que l\u2019opposition continue de contester sa re\u0301e\u0301lection, le pre\u0301sident Azali est investi ce dimanche devant cinq ...\" \/>\n<meta name=\"robots\" content=\"index, follow, max-snippet:-1, max-image-preview:large, max-video-preview:-1\" \/>\n<link rel=\"canonical\" href=\"https:\/\/www.africa-press.net\/comores\/politique\/26-mai-azali-investi-pour-3eme-quinquennat\" \/>\n<meta property=\"og:locale\" content=\"fr_FR\" \/>\n<meta property=\"og:type\" content=\"article\" \/>\n<meta property=\"og:title\" content=\"26 mai : Azali investi pour 3\u00e8me quinquennat\" \/>\n<meta property=\"og:description\" content=\"Alors que l\u2019opposition continue de contester sa re\u0301e\u0301lection, le pre\u0301sident Azali est investi ce dimanche devant cinq ...\" \/>\n<meta property=\"og:url\" content=\"https:\/\/www.africa-press.net\/comores\/politique\/26-mai-azali-investi-pour-3eme-quinquennat\" \/>\n<meta property=\"og:site_name\" content=\"Comores\" \/>\n<meta property=\"article:published_time\" content=\"2024-05-27T12:00:00+00:00\" \/>\n<meta property=\"article:modified_time\" content=\"2024-05-28T04:53:58+00:00\" \/>\n<meta property=\"og:image\" content=\"https:\/\/static.africa-press.net\/centrafricaine\/sites\/48\/2024\/05\/sm_1716855768.243712.jpg\" \/>\n\t<meta property=\"og:image:width\" content=\"1430\" \/>\n\t<meta property=\"og:image:height\" content=\"960\" \/>\n\t<meta property=\"og:image:type\" content=\"image\/jpeg\" \/>\n<meta name=\"author\" content=\"cfeditorfr\" \/>\n<meta name=\"twitter:card\" content=\"summary_large_image\" \/>\n<meta name=\"twitter:label1\" content=\"\u00c9crit par\" \/>\n\t<meta name=\"twitter:data1\" content=\"cfeditorfr\" \/>\n\t<meta name=\"twitter:label2\" content=\"Dur\u00e9e de lecture estim\u00e9e\" \/>\n\t<meta name=\"twitter:data2\" content=\"3 minutes\" \/>\n<script type=\"application\/ld+json\" class=\"yoast-schema-graph\">{\"@context\":\"https:\/\/schema.org\",\"@graph\":[{\"@type\":\"Article\",\"@id\":\"https:\/\/www.africa-press.net\/comores\/politique\/26-mai-azali-investi-pour-3eme-quinquennat#article\",\"isPartOf\":{\"@id\":\"https:\/\/www.africa-press.net\/comores\/politique\/26-mai-azali-investi-pour-3eme-quinquennat\"},\"author\":{\"name\":\"cfeditorfr\",\"@id\":\"https:\/\/www.africa-press.net\/comores\/#\/schema\/person\/2b1cf3cd81a31e3cd26889ca66d677f1\"},\"headline\":\"26 mai : Azali investi pour 3\u00e8me quinquennat\",\"datePublished\":\"2024-05-27T12:00:00+00:00\",\"dateModified\":\"2024-05-28T04:53:58+00:00\",\"mainEntityOfPage\":{\"@id\":\"https:\/\/www.africa-press.net\/comores\/politique\/26-mai-azali-investi-pour-3eme-quinquennat\"},\"wordCount\":623,\"commentCount\":0,\"image\":{\"@id\":\"https:\/\/www.africa-press.net\/comores\/politique\/26-mai-azali-investi-pour-3eme-quinquennat#primaryimage\"},\"thumbnailUrl\":\"https:\/\/static.africa-press.net\/centrafricaine\/sites\/48\/2024\/05\/sm_1716855768.243712.jpg\",\"keywords\":[\"Africa Press\",\"Africa Press-Comores\",\"Comores\"],\"articleSection\":[\"Politique\",\"Top Nouvelles\",\"Toutes les actualit\u00e9s\"],\"inLanguage\":\"fr-FR\",\"potentialAction\":[{\"@type\":\"CommentAction\",\"name\":\"Comment\",\"target\":[\"https:\/\/www.africa-press.net\/comores\/politique\/26-mai-azali-investi-pour-3eme-quinquennat#respond\"]}]},{\"@type\":\"WebPage\",\"@id\":\"https:\/\/www.africa-press.net\/comores\/politique\/26-mai-azali-investi-pour-3eme-quinquennat\",\"url\":\"https:\/\/www.africa-press.net\/comores\/politique\/26-mai-azali-investi-pour-3eme-quinquennat\",\"name\":\"26 mai : Azali investi pour 3\u00e8me quinquennat - Comores\",\"isPartOf\":{\"@id\":\"https:\/\/www.africa-press.net\/comores\/#website\"},\"primaryImageOfPage\":{\"@id\":\"https:\/\/www.africa-press.net\/comores\/politique\/26-mai-azali-investi-pour-3eme-quinquennat#primaryimage\"},\"image\":{\"@id\":\"https:\/\/www.africa-press.net\/comores\/politique\/26-mai-azali-investi-pour-3eme-quinquennat#primaryimage\"},\"thumbnailUrl\":\"https:\/\/static.africa-press.net\/centrafricaine\/sites\/48\/2024\/05\/sm_1716855768.243712.jpg\",\"datePublished\":\"2024-05-27T12:00:00+00:00\",\"dateModified\":\"2024-05-28T04:53:58+00:00\",\"author\":{\"@id\":\"https:\/\/www.africa-press.net\/comores\/#\/schema\/person\/2b1cf3cd81a31e3cd26889ca66d677f1\"},\"description\":\"Alors que l\u2019opposition continue de contester sa re\u0301e\u0301lection, le pre\u0301sident Azali est investi ce dimanche devant cinq ...\",\"breadcrumb\":{\"@id\":\"https:\/\/www.africa-press.net\/comores\/politique\/26-mai-azali-investi-pour-3eme-quinquennat#breadcrumb\"},\"inLanguage\":\"fr-FR\",\"potentialAction\":[{\"@type\":\"ReadAction\",\"target\":[\"https:\/\/www.africa-press.net\/comores\/politique\/26-mai-azali-investi-pour-3eme-quinquennat\"]}]},{\"@type\":\"ImageObject\",\"inLanguage\":\"fr-FR\",\"@id\":\"https:\/\/www.africa-press.net\/comores\/politique\/26-mai-azali-investi-pour-3eme-quinquennat#primaryimage\",\"url\":\"https:\/\/static.africa-press.net\/centrafricaine\/sites\/48\/2024\/05\/sm_1716855768.243712.jpg\",\"contentUrl\":\"https:\/\/static.africa-press.net\/centrafricaine\/sites\/48\/2024\/05\/sm_1716855768.243712.jpg\",\"width\":1430,\"height\":960,\"caption\":\"26 mai : Azali investi pour 3\u00e8me quinquennat\"},{\"@type\":\"BreadcrumbList\",\"@id\":\"https:\/\/www.africa-press.net\/comores\/politique\/26-mai-azali-investi-pour-3eme-quinquennat#breadcrumb\",\"itemListElement\":[{\"@type\":\"ListItem\",\"position\":1,\"name\":\"Accueil\",\"item\":\"https:\/\/www.africa-press.net\/comores\/\"},{\"@type\":\"ListItem\",\"position\":2,\"name\":\"26 mai : Azali investi pour 3\u00e8me quinquennat\"}]},{\"@type\":\"WebSite\",\"@id\":\"https:\/\/www.africa-press.net\/comores\/#website\",\"url\":\"https:\/\/www.africa-press.net\/comores\/\",\"name\":\"Comores\",\"description\":\"Just another Africa News Agency Sites site\",\"potentialAction\":[{\"@type\":\"SearchAction\",\"target\":{\"@type\":\"EntryPoint\",\"urlTemplate\":\"https:\/\/www.africa-press.net\/comores\/?s={search_term_string}\"},\"query-input\":{\"@type\":\"PropertyValueSpecification\",\"valueRequired\":true,\"valueName\":\"search_term_string\"}}],\"inLanguage\":\"fr-FR\"},{\"@type\":\"Person\",\"@id\":\"https:\/\/www.africa-press.net\/comores\/#\/schema\/person\/2b1cf3cd81a31e3cd26889ca66d677f1\",\"name\":\"cfeditorfr\"}]}<\/script>\n<!-- \/ Yoast SEO Premium plugin. -->","yoast_head_json":{"title":"26 mai : Azali investi pour 3\u00e8me quinquennat - Comores","description":"Alors que l\u2019opposition continue de contester sa re\u0301e\u0301lection, le pre\u0301sident Azali est investi ce dimanche devant cinq ...","robots":{"index":"index","follow":"follow","max-snippet":"max-snippet:-1","max-image-preview":"max-image-preview:large","max-video-preview":"max-video-preview:-1"},"canonical":"https:\/\/www.africa-press.net\/comores\/politique\/26-mai-azali-investi-pour-3eme-quinquennat","og_locale":"fr_FR","og_type":"article","og_title":"26 mai : Azali investi pour 3\u00e8me quinquennat","og_description":"Alors que l\u2019opposition continue de contester sa re\u0301e\u0301lection, le pre\u0301sident Azali est investi ce dimanche devant cinq ...","og_url":"https:\/\/www.africa-press.net\/comores\/politique\/26-mai-azali-investi-pour-3eme-quinquennat","og_site_name":"Comores","article_published_time":"2024-05-27T12:00:00+00:00","article_modified_time":"2024-05-28T04:53:58+00:00","og_image":[{"width":1430,"height":960,"url":"https:\/\/static.africa-press.net\/centrafricaine\/sites\/48\/2024\/05\/sm_1716855768.243712.jpg","type":"image\/jpeg"}],"author":"cfeditorfr","twitter_card":"summary_large_image","twitter_misc":{"\u00c9crit par":"cfeditorfr","Dur\u00e9e de lecture estim\u00e9e":"3 minutes"},"schema":{"@context":"https:\/\/schema.org","@graph":[{"@type":"Article","@id":"https:\/\/www.africa-press.net\/comores\/politique\/26-mai-azali-investi-pour-3eme-quinquennat#article","isPartOf":{"@id":"https:\/\/www.africa-press.net\/comores\/politique\/26-mai-azali-investi-pour-3eme-quinquennat"},"author":{"name":"cfeditorfr","@id":"https:\/\/www.africa-press.net\/comores\/#\/schema\/person\/2b1cf3cd81a31e3cd26889ca66d677f1"},"headline":"26 mai : Azali investi pour 3\u00e8me quinquennat","datePublished":"2024-05-27T12:00:00+00:00","dateModified":"2024-05-28T04:53:58+00:00","mainEntityOfPage":{"@id":"https:\/\/www.africa-press.net\/comores\/politique\/26-mai-azali-investi-pour-3eme-quinquennat"},"wordCount":623,"commentCount":0,"image":{"@id":"https:\/\/www.africa-press.net\/comores\/politique\/26-mai-azali-investi-pour-3eme-quinquennat#primaryimage"},"thumbnailUrl":"https:\/\/static.africa-press.net\/centrafricaine\/sites\/48\/2024\/05\/sm_1716855768.243712.jpg","keywords":["Africa Press","Africa Press-Comores","Comores"],"articleSection":["Politique","Top Nouvelles","Toutes les actualit\u00e9s"],"inLanguage":"fr-FR","potentialAction":[{"@type":"CommentAction","name":"Comment","target":["https:\/\/www.africa-press.net\/comores\/politique\/26-mai-azali-investi-pour-3eme-quinquennat#respond"]}]},{"@type":"WebPage","@id":"https:\/\/www.africa-press.net\/comores\/politique\/26-mai-azali-investi-pour-3eme-quinquennat","url":"https:\/\/www.africa-press.net\/comores\/politique\/26-mai-azali-investi-pour-3eme-quinquennat","name":"26 mai : Azali investi pour 3\u00e8me quinquennat - Comores","isPartOf":{"@id":"https:\/\/www.africa-press.net\/comores\/#website"},"primaryImageOfPage":{"@id":"https:\/\/www.africa-press.net\/comores\/politique\/26-mai-azali-investi-pour-3eme-quinquennat#primaryimage"},"image":{"@id":"https:\/\/www.africa-press.net\/comores\/politique\/26-mai-azali-investi-pour-3eme-quinquennat#primaryimage"},"thumbnailUrl":"https:\/\/static.africa-press.net\/centrafricaine\/sites\/48\/2024\/05\/sm_1716855768.243712.jpg","datePublished":"2024-05-27T12:00:00+00:00","dateModified":"2024-05-28T04:53:58+00:00","author":{"@id":"https:\/\/www.africa-press.net\/comores\/#\/schema\/person\/2b1cf3cd81a31e3cd26889ca66d677f1"},"description":"Alors que l\u2019opposition continue de contester sa re\u0301e\u0301lection, le pre\u0301sident Azali est investi ce dimanche devant cinq ...","breadcrumb":{"@id":"https:\/\/www.africa-press.net\/comores\/politique\/26-mai-azali-investi-pour-3eme-quinquennat#breadcrumb"},"inLanguage":"fr-FR","potentialAction":[{"@type":"ReadAction","target":["https:\/\/www.africa-press.net\/comores\/politique\/26-mai-azali-investi-pour-3eme-quinquennat"]}]},{"@type":"ImageObject","inLanguage":"fr-FR","@id":"https:\/\/www.africa-press.net\/comores\/politique\/26-mai-azali-investi-pour-3eme-quinquennat#primaryimage","url":"https:\/\/static.africa-press.net\/centrafricaine\/sites\/48\/2024\/05\/sm_1716855768.243712.jpg","contentUrl":"https:\/\/static.africa-press.net\/centrafricaine\/sites\/48\/2024\/05\/sm_1716855768.243712.jpg","width":1430,"height":960,"caption":"26 mai : Azali investi pour 3\u00e8me quinquennat"},{"@type":"BreadcrumbList","@id":"https:\/\/www.africa-press.net\/comores\/politique\/26-mai-azali-investi-pour-3eme-quinquennat#breadcrumb","itemListElement":[{"@type":"ListItem","position":1,"name":"Accueil","item":"https:\/\/www.africa-press.net\/comores\/"},{"@type":"ListItem","position":2,"name":"26 mai : Azali investi pour 3\u00e8me quinquennat"}]},{"@type":"WebSite","@id":"https:\/\/www.africa-press.net\/comores\/#website","url":"https:\/\/www.africa-press.net\/comores\/","name":"Comores","description":"Just another Africa News Agency Sites site","potentialAction":[{"@type":"SearchAction","target":{"@type":"EntryPoint","urlTemplate":"https:\/\/www.africa-press.net\/comores\/?s={search_term_string}"},"query-input":{"@type":"PropertyValueSpecification","valueRequired":true,"valueName":"search_term_string"}}],"inLanguage":"fr-FR"},{"@type":"Person","@id":"https:\/\/www.africa-press.net\/comores\/#\/schema\/person\/2b1cf3cd81a31e3cd26889ca66d677f1","name":"cfeditorfr"}]}},"_links":{"self":[{"href":"https:\/\/www.africa-press.net\/comores\/wp-json\/wp\/v2\/posts\/18845","targetHints":{"allow":["GET"]}}],"collection":[{"href":"https:\/\/www.africa-press.net\/comores\/wp-json\/wp\/v2\/posts"}],"about":[{"href":"https:\/\/www.africa-press.net\/comores\/wp-json\/wp\/v2\/types\/post"}],"author":[{"embeddable":true,"href":"https:\/\/www.africa-press.net\/comores\/wp-json\/wp\/v2\/users\/82"}],"replies":[{"embeddable":true,"href":"https:\/\/www.africa-press.net\/comores\/wp-json\/wp\/v2\/comments?post=18845"}],"version-history":[{"count":0,"href":"https:\/\/www.africa-press.net\/comores\/wp-json\/wp\/v2\/posts\/18845\/revisions"}],"wp:featuredmedia":[{"embeddable":true,"href":"https:\/\/www.africa-press.net\/comores\/wp-json\/wp\/v2\/media\/18844"}],"wp:attachment":[{"href":"https:\/\/www.africa-press.net\/comores\/wp-json\/wp\/v2\/media?parent=18845"}],"wp:term":[{"taxonomy":"category","embeddable":true,"href":"https:\/\/www.africa-press.net\/comores\/wp-json\/wp\/v2\/categories?post=18845"},{"taxonomy":"post_tag","embeddable":true,"href":"https:\/\/www.africa-press.net\/comores\/wp-json\/wp\/v2\/tags?post=18845"}],"curies":[{"name":"wp","href":"https:\/\/api.w.org\/{rel}","templated":true}]}}