{"id":18982,"date":"2024-06-05T12:00:00","date_gmt":"2024-06-05T12:00:00","guid":{"rendered":"https:\/\/www.africa-press.net\/comores\/politique\/dix-comoriens-a-la-mecque-a-la-charge-du-roi-salman-bin-abdulaziz"},"modified":"2024-06-06T00:48:48","modified_gmt":"2024-06-06T00:48:48","slug":"dix-comoriens-a-la-mecque-a-la-charge-du-roi-salman-bin-abdulaziz","status":"publish","type":"post","link":"https:\/\/www.africa-press.net\/comores\/toutes-les-actualites\/dix-comoriens-a-la-mecque-a-la-charge-du-roi-salman-bin-abdulaziz","title":{"rendered":"Dix Comoriens \u00e0 la Mecque \u00e0 la charge du roi Salman bin Abdulaziz"},"content":{"rendered":"<p><span style=\"color: #ff6600\"><strong>Africa-Press &#8211; Comores. <\/strong><\/span><b>L&rsquo;ambassadeur saoudien aux Comores, le Dr Attallah bin Zaid Al-Zayed, annonce que dix citoyens comoriens effectueront le pe\u0300lerinage de cette anne\u0301e aux frais du roi Salman bin Abdulaziz. Cette initiative s&rsquo;inscrit dans le cadre de l&rsquo;engagement annuel du roi a\u0300 soutenir des pe\u0300lerins du monde entier. Les be\u0301ne\u0301ficiaires, reconnaissants, se pre\u0301parent a\u0300 repre\u0301senter dignement leur pays lors de ce voyage saint.<\/b><\/p>\n<p>Lors d&rsquo;une confe\u0301rence de presse a\u0300 l&rsquo;ambassade d&rsquo;Arabie Saoudite, le Dr Attallah bin Zaid Al-Zayed, ambassadeur saoudien aux Comores, annonce la se\u0301lection de dix citoyens comoriens pour effectuer le pe\u0300lerinage de cette anne\u0301e aux frais du roi Salman bin Abdulaziz. En pre\u0301sence des dix heureux e\u0301lus, le doyen des ambassadeurs a\u0300 Moroni de\u0301clare a\u0300 la presse que le roi Salman bin Abdulaziz s&rsquo;engage chaque anne\u0301e a\u0300 choisir un groupe de musulmans de diffe\u0301rents pays pour se rendre a\u0300 la Maison de Dieu, aux frais cent pour cent, du royaume, afin d&rsquo;accomplir le cinquie\u0300me pilier de l&rsquo;Islam. \u00ab Aujourd&rsquo;hui, vous avez e\u0301te\u0301 choisis comme repre\u0301sentants des Comores cette anne\u0301e, gra\u0302ce a\u0300 Dieu. Il y a des gens qui souhaitent accomplir le pe\u0300lerinage avec leur propre argent et non gratuitement, mais qui n&rsquo;ont pas re\u0301ussi. Je vous ai donc convoque\u0301s pour vous donner les instructions et directives ne\u0301cessaires avant de vous rendre en Arabie Saoudite \u00bb, s\u2019adresse-t-il aux pe\u0300lerins.<\/p>\n<p>Il les appelle a\u0300 respecter les re\u0300gles de bonne conduite, de proprete\u0301, de sante\u0301 et de vaccination pour se prote\u0301ger et prote\u0301ger les autres pe\u0300lerins. \u00ab Le gouvernement saoudien de\u0301ploie des efforts conside\u0301rables et sans pre\u0301ce\u0301dent pour le confort et la tranquillite\u0301 des invite\u0301s du Mise\u0301ricordieux. Il demande e\u0301galement a\u0300 ces pe\u0300lerins de transmettre une image fide\u0300le et positive de leur se\u0301jour au Royaume, et d&rsquo;e\u0302tre de bons ambassadeurs des Comores lors de ce cinquie\u0300me pilier, car le peuple comorien est re\u0301pute\u0301 pour sa bonne moralite\u0301 \u00bb, ajoute Dr Attallah bin Zaid Al-Zayed.<\/p>\n<p>Un des be\u0301ne\u0301ficiaires exprime sa gratitude tout en remerciant le tout puissant qui, d\u2019apre\u0300s lui, \u00ab nous a accorde\u0301 cette bourse cette anne\u0301e. Nous remercions ensuite le roi saoudien, son he\u0301ritier et l&rsquo;ambassade pour cet acte noble envers les Comores. Cela re\u0301sulte de la confiance mutuelle existant entre Moroni et Riyad depuis longtemps. Nous nous engageons devant Dieu et devant vous a\u0300 respecter ces re\u0300gles le\u0301gales et ne\u0301cessaires \u00bb, avance Mohamed Ousseine, directeur adjoint de l\u2019ANPI en priant que tout le monde ait cette chance.<\/p>\n<p><strong>Pour plus d&rsquo;informations et d&rsquo;analyses sur la <a href=\"https:\/\/www.africa-press.net\/comores\">Comores<\/a>, suivez <a href=\"https:\/\/www.africa-press.net\/\">Africa-Press<\/a><\/strong><\/p>\n","protected":false},"excerpt":{"rendered":"<p>Africa-Press &#8211; Comores. L&rsquo;ambassadeur saoudien aux Comores, le Dr Attallah bin Zaid Al-Zayed, annonce que dix citoyens comoriens effectueront le pe\u0300lerinage de cette anne\u0301e aux frais du roi Salman bin Abdulaziz. Cette initiative s&rsquo;inscrit dans le cadre de l&rsquo;engagement annuel du roi a\u0300 soutenir des pe\u0300lerins du monde entier. Les be\u0301ne\u0301ficiaires, reconnaissants, se pre\u0301parent a\u0300 [&hellip;]<\/p>\n","protected":false},"author":82,"featured_media":18981,"comment_status":"open","ping_status":"closed","sticky":false,"template":"","format":"standard","meta":{"footnotes":""},"categories":[21,10],"tags":[36,53,45],"class_list":["post-18982","post","type-post","status-publish","format-standard","has-post-thumbnail","hentry","category-communaute","category-toutes-les-actualites","tag-africa-press","tag-africa-press-comores","tag-comores"],"yoast_head":"<!-- This site is optimized with the Yoast SEO Premium plugin v26.1 (Yoast SEO v27.0) - https:\/\/yoast.com\/product\/yoast-seo-premium-wordpress\/ -->\n<title>Dix Comoriens \u00e0 la Mecque \u00e0 la charge du roi Salman bin Abdulaziz - Comores<\/title>\n<meta name=\"description\" content=\"L&#039;ambassadeur saoudien aux Comores, le Dr Attallah bin Zaid Al-Zayed, annonce que dix citoyens comoriens effectueront ...\" \/>\n<meta name=\"robots\" content=\"index, follow, max-snippet:-1, max-image-preview:large, max-video-preview:-1\" \/>\n<link rel=\"canonical\" href=\"https:\/\/www.africa-press.net\/comores\/toutes-les-actualites\/dix-comoriens-a-la-mecque-a-la-charge-du-roi-salman-bin-abdulaziz\" \/>\n<meta property=\"og:locale\" content=\"fr_FR\" \/>\n<meta property=\"og:type\" content=\"article\" \/>\n<meta property=\"og:title\" content=\"Dix Comoriens \u00e0 la Mecque \u00e0 la charge du roi Salman bin Abdulaziz\" \/>\n<meta property=\"og:description\" content=\"L&#039;ambassadeur saoudien aux Comores, le Dr Attallah bin Zaid Al-Zayed, annonce que dix citoyens comoriens effectueront ...\" \/>\n<meta property=\"og:url\" content=\"https:\/\/www.africa-press.net\/comores\/toutes-les-actualites\/dix-comoriens-a-la-mecque-a-la-charge-du-roi-salman-bin-abdulaziz\" \/>\n<meta property=\"og:site_name\" content=\"Comores\" \/>\n<meta property=\"article:published_time\" content=\"2024-06-05T12:00:00+00:00\" \/>\n<meta property=\"article:modified_time\" content=\"2024-06-06T00:48:48+00:00\" \/>\n<meta property=\"og:image\" content=\"https:\/\/static.africa-press.net\/centrafricaine\/sites\/48\/2024\/06\/sm_1717618545.009992.jpg\" \/>\n\t<meta property=\"og:image:width\" content=\"1600\" \/>\n\t<meta property=\"og:image:height\" content=\"1200\" \/>\n\t<meta property=\"og:image:type\" content=\"image\/jpeg\" \/>\n<meta name=\"author\" content=\"cfeditorfr\" \/>\n<meta name=\"twitter:card\" content=\"summary_large_image\" \/>\n<meta name=\"twitter:label1\" content=\"\u00c9crit par\" \/>\n\t<meta name=\"twitter:data1\" content=\"cfeditorfr\" \/>\n\t<meta name=\"twitter:label2\" content=\"Dur\u00e9e de lecture estim\u00e9e\" \/>\n\t<meta name=\"twitter:data2\" content=\"2 minutes\" \/>\n<script type=\"application\/ld+json\" class=\"yoast-schema-graph\">{\"@context\":\"https:\/\/schema.org\",\"@graph\":[{\"@type\":\"Article\",\"@id\":\"https:\/\/www.africa-press.net\/comores\/toutes-les-actualites\/dix-comoriens-a-la-mecque-a-la-charge-du-roi-salman-bin-abdulaziz#article\",\"isPartOf\":{\"@id\":\"https:\/\/www.africa-press.net\/comores\/toutes-les-actualites\/dix-comoriens-a-la-mecque-a-la-charge-du-roi-salman-bin-abdulaziz\"},\"author\":{\"name\":\"cfeditorfr\",\"@id\":\"https:\/\/www.africa-press.net\/comores\/#\/schema\/person\/2b1cf3cd81a31e3cd26889ca66d677f1\"},\"headline\":\"Dix Comoriens \u00e0 la Mecque \u00e0 la charge du roi Salman bin Abdulaziz\",\"datePublished\":\"2024-06-05T12:00:00+00:00\",\"dateModified\":\"2024-06-06T00:48:48+00:00\",\"mainEntityOfPage\":{\"@id\":\"https:\/\/www.africa-press.net\/comores\/toutes-les-actualites\/dix-comoriens-a-la-mecque-a-la-charge-du-roi-salman-bin-abdulaziz\"},\"wordCount\":484,\"commentCount\":0,\"image\":{\"@id\":\"https:\/\/www.africa-press.net\/comores\/toutes-les-actualites\/dix-comoriens-a-la-mecque-a-la-charge-du-roi-salman-bin-abdulaziz#primaryimage\"},\"thumbnailUrl\":\"https:\/\/static.africa-press.net\/centrafricaine\/sites\/48\/2024\/06\/sm_1717618545.009992.jpg\",\"keywords\":[\"Africa Press\",\"Africa Press-Comores\",\"Comores\"],\"articleSection\":[\"Communaut\u00e9\",\"Toutes les actualit\u00e9s\"],\"inLanguage\":\"fr-FR\",\"potentialAction\":[{\"@type\":\"CommentAction\",\"name\":\"Comment\",\"target\":[\"https:\/\/www.africa-press.net\/comores\/toutes-les-actualites\/dix-comoriens-a-la-mecque-a-la-charge-du-roi-salman-bin-abdulaziz#respond\"]}]},{\"@type\":\"WebPage\",\"@id\":\"https:\/\/www.africa-press.net\/comores\/toutes-les-actualites\/dix-comoriens-a-la-mecque-a-la-charge-du-roi-salman-bin-abdulaziz\",\"url\":\"https:\/\/www.africa-press.net\/comores\/toutes-les-actualites\/dix-comoriens-a-la-mecque-a-la-charge-du-roi-salman-bin-abdulaziz\",\"name\":\"Dix Comoriens \u00e0 la Mecque \u00e0 la charge du roi Salman bin Abdulaziz - Comores\",\"isPartOf\":{\"@id\":\"https:\/\/www.africa-press.net\/comores\/#website\"},\"primaryImageOfPage\":{\"@id\":\"https:\/\/www.africa-press.net\/comores\/toutes-les-actualites\/dix-comoriens-a-la-mecque-a-la-charge-du-roi-salman-bin-abdulaziz#primaryimage\"},\"image\":{\"@id\":\"https:\/\/www.africa-press.net\/comores\/toutes-les-actualites\/dix-comoriens-a-la-mecque-a-la-charge-du-roi-salman-bin-abdulaziz#primaryimage\"},\"thumbnailUrl\":\"https:\/\/static.africa-press.net\/centrafricaine\/sites\/48\/2024\/06\/sm_1717618545.009992.jpg\",\"datePublished\":\"2024-06-05T12:00:00+00:00\",\"dateModified\":\"2024-06-06T00:48:48+00:00\",\"author\":{\"@id\":\"https:\/\/www.africa-press.net\/comores\/#\/schema\/person\/2b1cf3cd81a31e3cd26889ca66d677f1\"},\"description\":\"L'ambassadeur saoudien aux Comores, le Dr Attallah bin Zaid Al-Zayed, annonce que dix citoyens comoriens effectueront ...\",\"breadcrumb\":{\"@id\":\"https:\/\/www.africa-press.net\/comores\/toutes-les-actualites\/dix-comoriens-a-la-mecque-a-la-charge-du-roi-salman-bin-abdulaziz#breadcrumb\"},\"inLanguage\":\"fr-FR\",\"potentialAction\":[{\"@type\":\"ReadAction\",\"target\":[\"https:\/\/www.africa-press.net\/comores\/toutes-les-actualites\/dix-comoriens-a-la-mecque-a-la-charge-du-roi-salman-bin-abdulaziz\"]}]},{\"@type\":\"ImageObject\",\"inLanguage\":\"fr-FR\",\"@id\":\"https:\/\/www.africa-press.net\/comores\/toutes-les-actualites\/dix-comoriens-a-la-mecque-a-la-charge-du-roi-salman-bin-abdulaziz#primaryimage\",\"url\":\"https:\/\/static.africa-press.net\/centrafricaine\/sites\/48\/2024\/06\/sm_1717618545.009992.jpg\",\"contentUrl\":\"https:\/\/static.africa-press.net\/centrafricaine\/sites\/48\/2024\/06\/sm_1717618545.009992.jpg\",\"width\":1600,\"height\":1200,\"caption\":\"Dix Comoriens \u00e0 la Mecque \u00e0 la charge du roi Salman bin Abdulaziz\"},{\"@type\":\"BreadcrumbList\",\"@id\":\"https:\/\/www.africa-press.net\/comores\/toutes-les-actualites\/dix-comoriens-a-la-mecque-a-la-charge-du-roi-salman-bin-abdulaziz#breadcrumb\",\"itemListElement\":[{\"@type\":\"ListItem\",\"position\":1,\"name\":\"Accueil\",\"item\":\"https:\/\/www.africa-press.net\/comores\/\"},{\"@type\":\"ListItem\",\"position\":2,\"name\":\"Dix Comoriens \u00e0 la Mecque \u00e0 la charge du roi Salman bin Abdulaziz\"}]},{\"@type\":\"WebSite\",\"@id\":\"https:\/\/www.africa-press.net\/comores\/#website\",\"url\":\"https:\/\/www.africa-press.net\/comores\/\",\"name\":\"Comores\",\"description\":\"Just another Africa News Agency Sites site\",\"potentialAction\":[{\"@type\":\"SearchAction\",\"target\":{\"@type\":\"EntryPoint\",\"urlTemplate\":\"https:\/\/www.africa-press.net\/comores\/?s={search_term_string}\"},\"query-input\":{\"@type\":\"PropertyValueSpecification\",\"valueRequired\":true,\"valueName\":\"search_term_string\"}}],\"inLanguage\":\"fr-FR\"},{\"@type\":\"Person\",\"@id\":\"https:\/\/www.africa-press.net\/comores\/#\/schema\/person\/2b1cf3cd81a31e3cd26889ca66d677f1\",\"name\":\"cfeditorfr\"}]}<\/script>\n<!-- \/ Yoast SEO Premium plugin. -->","yoast_head_json":{"title":"Dix Comoriens \u00e0 la Mecque \u00e0 la charge du roi Salman bin Abdulaziz - Comores","description":"L'ambassadeur saoudien aux Comores, le Dr Attallah bin Zaid Al-Zayed, annonce que dix citoyens comoriens effectueront ...","robots":{"index":"index","follow":"follow","max-snippet":"max-snippet:-1","max-image-preview":"max-image-preview:large","max-video-preview":"max-video-preview:-1"},"canonical":"https:\/\/www.africa-press.net\/comores\/toutes-les-actualites\/dix-comoriens-a-la-mecque-a-la-charge-du-roi-salman-bin-abdulaziz","og_locale":"fr_FR","og_type":"article","og_title":"Dix Comoriens \u00e0 la Mecque \u00e0 la charge du roi Salman bin Abdulaziz","og_description":"L'ambassadeur saoudien aux Comores, le Dr Attallah bin Zaid Al-Zayed, annonce que dix citoyens comoriens effectueront ...","og_url":"https:\/\/www.africa-press.net\/comores\/toutes-les-actualites\/dix-comoriens-a-la-mecque-a-la-charge-du-roi-salman-bin-abdulaziz","og_site_name":"Comores","article_published_time":"2024-06-05T12:00:00+00:00","article_modified_time":"2024-06-06T00:48:48+00:00","og_image":[{"width":1600,"height":1200,"url":"https:\/\/static.africa-press.net\/centrafricaine\/sites\/48\/2024\/06\/sm_1717618545.009992.jpg","type":"image\/jpeg"}],"author":"cfeditorfr","twitter_card":"summary_large_image","twitter_misc":{"\u00c9crit par":"cfeditorfr","Dur\u00e9e de lecture estim\u00e9e":"2 minutes"},"schema":{"@context":"https:\/\/schema.org","@graph":[{"@type":"Article","@id":"https:\/\/www.africa-press.net\/comores\/toutes-les-actualites\/dix-comoriens-a-la-mecque-a-la-charge-du-roi-salman-bin-abdulaziz#article","isPartOf":{"@id":"https:\/\/www.africa-press.net\/comores\/toutes-les-actualites\/dix-comoriens-a-la-mecque-a-la-charge-du-roi-salman-bin-abdulaziz"},"author":{"name":"cfeditorfr","@id":"https:\/\/www.africa-press.net\/comores\/#\/schema\/person\/2b1cf3cd81a31e3cd26889ca66d677f1"},"headline":"Dix Comoriens \u00e0 la Mecque \u00e0 la charge du roi Salman bin Abdulaziz","datePublished":"2024-06-05T12:00:00+00:00","dateModified":"2024-06-06T00:48:48+00:00","mainEntityOfPage":{"@id":"https:\/\/www.africa-press.net\/comores\/toutes-les-actualites\/dix-comoriens-a-la-mecque-a-la-charge-du-roi-salman-bin-abdulaziz"},"wordCount":484,"commentCount":0,"image":{"@id":"https:\/\/www.africa-press.net\/comores\/toutes-les-actualites\/dix-comoriens-a-la-mecque-a-la-charge-du-roi-salman-bin-abdulaziz#primaryimage"},"thumbnailUrl":"https:\/\/static.africa-press.net\/centrafricaine\/sites\/48\/2024\/06\/sm_1717618545.009992.jpg","keywords":["Africa Press","Africa Press-Comores","Comores"],"articleSection":["Communaut\u00e9","Toutes les actualit\u00e9s"],"inLanguage":"fr-FR","potentialAction":[{"@type":"CommentAction","name":"Comment","target":["https:\/\/www.africa-press.net\/comores\/toutes-les-actualites\/dix-comoriens-a-la-mecque-a-la-charge-du-roi-salman-bin-abdulaziz#respond"]}]},{"@type":"WebPage","@id":"https:\/\/www.africa-press.net\/comores\/toutes-les-actualites\/dix-comoriens-a-la-mecque-a-la-charge-du-roi-salman-bin-abdulaziz","url":"https:\/\/www.africa-press.net\/comores\/toutes-les-actualites\/dix-comoriens-a-la-mecque-a-la-charge-du-roi-salman-bin-abdulaziz","name":"Dix Comoriens \u00e0 la Mecque \u00e0 la charge du roi Salman bin Abdulaziz - Comores","isPartOf":{"@id":"https:\/\/www.africa-press.net\/comores\/#website"},"primaryImageOfPage":{"@id":"https:\/\/www.africa-press.net\/comores\/toutes-les-actualites\/dix-comoriens-a-la-mecque-a-la-charge-du-roi-salman-bin-abdulaziz#primaryimage"},"image":{"@id":"https:\/\/www.africa-press.net\/comores\/toutes-les-actualites\/dix-comoriens-a-la-mecque-a-la-charge-du-roi-salman-bin-abdulaziz#primaryimage"},"thumbnailUrl":"https:\/\/static.africa-press.net\/centrafricaine\/sites\/48\/2024\/06\/sm_1717618545.009992.jpg","datePublished":"2024-06-05T12:00:00+00:00","dateModified":"2024-06-06T00:48:48+00:00","author":{"@id":"https:\/\/www.africa-press.net\/comores\/#\/schema\/person\/2b1cf3cd81a31e3cd26889ca66d677f1"},"description":"L'ambassadeur saoudien aux Comores, le Dr Attallah bin Zaid Al-Zayed, annonce que dix citoyens comoriens effectueront ...","breadcrumb":{"@id":"https:\/\/www.africa-press.net\/comores\/toutes-les-actualites\/dix-comoriens-a-la-mecque-a-la-charge-du-roi-salman-bin-abdulaziz#breadcrumb"},"inLanguage":"fr-FR","potentialAction":[{"@type":"ReadAction","target":["https:\/\/www.africa-press.net\/comores\/toutes-les-actualites\/dix-comoriens-a-la-mecque-a-la-charge-du-roi-salman-bin-abdulaziz"]}]},{"@type":"ImageObject","inLanguage":"fr-FR","@id":"https:\/\/www.africa-press.net\/comores\/toutes-les-actualites\/dix-comoriens-a-la-mecque-a-la-charge-du-roi-salman-bin-abdulaziz#primaryimage","url":"https:\/\/static.africa-press.net\/centrafricaine\/sites\/48\/2024\/06\/sm_1717618545.009992.jpg","contentUrl":"https:\/\/static.africa-press.net\/centrafricaine\/sites\/48\/2024\/06\/sm_1717618545.009992.jpg","width":1600,"height":1200,"caption":"Dix Comoriens \u00e0 la Mecque \u00e0 la charge du roi Salman bin Abdulaziz"},{"@type":"BreadcrumbList","@id":"https:\/\/www.africa-press.net\/comores\/toutes-les-actualites\/dix-comoriens-a-la-mecque-a-la-charge-du-roi-salman-bin-abdulaziz#breadcrumb","itemListElement":[{"@type":"ListItem","position":1,"name":"Accueil","item":"https:\/\/www.africa-press.net\/comores\/"},{"@type":"ListItem","position":2,"name":"Dix Comoriens \u00e0 la Mecque \u00e0 la charge du roi Salman bin Abdulaziz"}]},{"@type":"WebSite","@id":"https:\/\/www.africa-press.net\/comores\/#website","url":"https:\/\/www.africa-press.net\/comores\/","name":"Comores","description":"Just another Africa News Agency Sites site","potentialAction":[{"@type":"SearchAction","target":{"@type":"EntryPoint","urlTemplate":"https:\/\/www.africa-press.net\/comores\/?s={search_term_string}"},"query-input":{"@type":"PropertyValueSpecification","valueRequired":true,"valueName":"search_term_string"}}],"inLanguage":"fr-FR"},{"@type":"Person","@id":"https:\/\/www.africa-press.net\/comores\/#\/schema\/person\/2b1cf3cd81a31e3cd26889ca66d677f1","name":"cfeditorfr"}]}},"_links":{"self":[{"href":"https:\/\/www.africa-press.net\/comores\/wp-json\/wp\/v2\/posts\/18982","targetHints":{"allow":["GET"]}}],"collection":[{"href":"https:\/\/www.africa-press.net\/comores\/wp-json\/wp\/v2\/posts"}],"about":[{"href":"https:\/\/www.africa-press.net\/comores\/wp-json\/wp\/v2\/types\/post"}],"author":[{"embeddable":true,"href":"https:\/\/www.africa-press.net\/comores\/wp-json\/wp\/v2\/users\/82"}],"replies":[{"embeddable":true,"href":"https:\/\/www.africa-press.net\/comores\/wp-json\/wp\/v2\/comments?post=18982"}],"version-history":[{"count":0,"href":"https:\/\/www.africa-press.net\/comores\/wp-json\/wp\/v2\/posts\/18982\/revisions"}],"wp:featuredmedia":[{"embeddable":true,"href":"https:\/\/www.africa-press.net\/comores\/wp-json\/wp\/v2\/media\/18981"}],"wp:attachment":[{"href":"https:\/\/www.africa-press.net\/comores\/wp-json\/wp\/v2\/media?parent=18982"}],"wp:term":[{"taxonomy":"category","embeddable":true,"href":"https:\/\/www.africa-press.net\/comores\/wp-json\/wp\/v2\/categories?post=18982"},{"taxonomy":"post_tag","embeddable":true,"href":"https:\/\/www.africa-press.net\/comores\/wp-json\/wp\/v2\/tags?post=18982"}],"curies":[{"name":"wp","href":"https:\/\/api.w.org\/{rel}","templated":true}]}}