{"id":18997,"date":"2024-06-05T12:00:00","date_gmt":"2024-06-05T12:00:00","guid":{"rendered":"https:\/\/www.africa-press.net\/comores\/politique\/anjouan-incendies-et-destructions-dans-un-conflit-inter-villageois"},"modified":"2024-06-06T00:54:25","modified_gmt":"2024-06-06T00:54:25","slug":"anjouan-incendies-et-destructions-dans-un-conflit-inter-villageois","status":"publish","type":"post","link":"https:\/\/www.africa-press.net\/comores\/toutes-les-actualites\/anjouan-incendies-et-destructions-dans-un-conflit-inter-villageois","title":{"rendered":"Anjouan : incendies et destructions dans un conflit inter-villageois"},"content":{"rendered":"<p><span style=\"color: #ff6600\"><strong>Africa-Press &#8211; Comores. <\/strong><\/span>Un conflit entre deux localite\u0301s, Barakani et Ouani, a pris une ampleur ine\u0301dite. Les jeunes s\u2019affrontent violemment depuis trois jours, bru\u0302lant des voitures et des maisons.<\/p>\n<p>Ouani, la ville ou\u0300 se situe l\u2019ae\u0301roport d\u2019Anjouan, est situe\u0301e en contrebas du village de Barakani. Une querelle a e\u0301clate\u0301 a\u0300 l\u2019occasion d\u2019une fe\u0302te d\u2019anniversaire a\u0300 Ouani ou\u0300 un jeune de Barakani, aurait eu maille a\u0300 partir avec ceux de Ouani. Cela a de\u0301ge\u0301ne\u0301re\u0301, des jeunes de Barakani s\u2019en sont pris a\u0300 ceux de Ouani, et inversement.<\/p>\n<p>Les de\u0301ga\u0302ts sont impressionnants: des maisons, des commerces, des voitures, et me\u0302me des barques de pe\u0302che ont e\u0301te\u0301 incendie\u0301s. Un ho\u0302tel et plusieurs magasins ont e\u0301te\u0301 saccage\u0301s.<\/p>\n<p><b>Des expulse\u0301s de Mayotte parmi les e\u0301meutiers, selon des te\u0301moins<\/b><\/p>\n<p>L\u2019affaire a pris de l\u2019ampleur mardi avec la de\u0301couverte du corps d\u2019un homme de Barakani, coule\u0301 dans une rivie\u0300re, enveloppe\u0301 dans des sacs de riz leste\u0301s de pierres.<\/p>\n<p>L\u2019arme\u0301e a e\u0301te\u0301 de\u0301ploye\u0301e mardi soir pour se\u0301parer les deux camps. Plusieurs interlocuteurs affirment que des de\u0301linquants re\u0301cemment expulse\u0301s de Mayotte prennent part a\u0300 ces violences. La psychose s\u2019est empare\u0301e des habitants des deux localite\u0301s qui se barricadent chez eux, ou me\u0302me quittent leurs domiciles.<\/p>\n<p><strong>Pour plus d&rsquo;informations et d&rsquo;analyses sur la <a href=\"https:\/\/www.africa-press.net\/comores\">Comores<\/a>, suivez <a href=\"https:\/\/www.africa-press.net\/\">Africa-Press<\/a><\/strong><\/p>\n","protected":false},"excerpt":{"rendered":"<p>Africa-Press &#8211; Comores. Un conflit entre deux localite\u0301s, Barakani et Ouani, a pris une ampleur ine\u0301dite. Les jeunes s\u2019affrontent violemment depuis trois jours, bru\u0302lant des voitures et des maisons. Ouani, la ville ou\u0300 se situe l\u2019ae\u0301roport d\u2019Anjouan, est situe\u0301e en contrebas du village de Barakani. Une querelle a e\u0301clate\u0301 a\u0300 l\u2019occasion d\u2019une fe\u0302te d\u2019anniversaire a\u0300 [&hellip;]<\/p>\n","protected":false},"author":82,"featured_media":18996,"comment_status":"open","ping_status":"closed","sticky":false,"template":"","format":"standard","meta":{"footnotes":""},"categories":[21,10],"tags":[36,53,45],"class_list":["post-18997","post","type-post","status-publish","format-standard","has-post-thumbnail","hentry","category-communaute","category-toutes-les-actualites","tag-africa-press","tag-africa-press-comores","tag-comores"],"yoast_head":"<!-- This site is optimized with the Yoast SEO Premium plugin v26.1 (Yoast SEO v27.0) - https:\/\/yoast.com\/product\/yoast-seo-premium-wordpress\/ -->\n<title>Anjouan : incendies et destructions dans un conflit inter-villageois - Comores<\/title>\n<meta name=\"description\" content=\"Un conflit entre deux localite\u0301s, Barakani et Ouani, a pris une ampleur ine\u0301dite. Les jeunes s\u2019affrontent violemment dep ...\" \/>\n<meta name=\"robots\" content=\"index, follow, max-snippet:-1, max-image-preview:large, max-video-preview:-1\" \/>\n<link rel=\"canonical\" href=\"https:\/\/www.africa-press.net\/comores\/toutes-les-actualites\/anjouan-incendies-et-destructions-dans-un-conflit-inter-villageois\" \/>\n<meta property=\"og:locale\" content=\"fr_FR\" \/>\n<meta property=\"og:type\" content=\"article\" \/>\n<meta property=\"og:title\" content=\"Anjouan : incendies et destructions dans un conflit inter-villageois\" \/>\n<meta property=\"og:description\" content=\"Un conflit entre deux localite\u0301s, Barakani et Ouani, a pris une ampleur ine\u0301dite. Les jeunes s\u2019affrontent violemment dep ...\" \/>\n<meta property=\"og:url\" content=\"https:\/\/www.africa-press.net\/comores\/toutes-les-actualites\/anjouan-incendies-et-destructions-dans-un-conflit-inter-villageois\" \/>\n<meta property=\"og:site_name\" content=\"Comores\" \/>\n<meta property=\"article:published_time\" content=\"2024-06-05T12:00:00+00:00\" \/>\n<meta property=\"article:modified_time\" content=\"2024-06-06T00:54:25+00:00\" \/>\n<meta property=\"og:image\" content=\"https:\/\/static.africa-press.net\/centrafricaine\/sites\/48\/2024\/06\/sm_1717618943.82031.jpg\" \/>\n\t<meta property=\"og:image:width\" content=\"930\" \/>\n\t<meta property=\"og:image:height\" content=\"620\" \/>\n\t<meta property=\"og:image:type\" content=\"image\/jpeg\" \/>\n<meta name=\"author\" content=\"cfeditorfr\" \/>\n<meta name=\"twitter:card\" content=\"summary_large_image\" \/>\n<meta name=\"twitter:label1\" content=\"\u00c9crit par\" \/>\n\t<meta name=\"twitter:data1\" content=\"cfeditorfr\" \/>\n\t<meta name=\"twitter:label2\" content=\"Dur\u00e9e de lecture estim\u00e9e\" \/>\n\t<meta name=\"twitter:data2\" content=\"1 minute\" \/>\n<script type=\"application\/ld+json\" class=\"yoast-schema-graph\">{\"@context\":\"https:\/\/schema.org\",\"@graph\":[{\"@type\":\"Article\",\"@id\":\"https:\/\/www.africa-press.net\/comores\/toutes-les-actualites\/anjouan-incendies-et-destructions-dans-un-conflit-inter-villageois#article\",\"isPartOf\":{\"@id\":\"https:\/\/www.africa-press.net\/comores\/toutes-les-actualites\/anjouan-incendies-et-destructions-dans-un-conflit-inter-villageois\"},\"author\":{\"name\":\"cfeditorfr\",\"@id\":\"https:\/\/www.africa-press.net\/comores\/#\/schema\/person\/2b1cf3cd81a31e3cd26889ca66d677f1\"},\"headline\":\"Anjouan : incendies et destructions dans un conflit inter-villageois\",\"datePublished\":\"2024-06-05T12:00:00+00:00\",\"dateModified\":\"2024-06-06T00:54:25+00:00\",\"mainEntityOfPage\":{\"@id\":\"https:\/\/www.africa-press.net\/comores\/toutes-les-actualites\/anjouan-incendies-et-destructions-dans-un-conflit-inter-villageois\"},\"wordCount\":264,\"commentCount\":0,\"image\":{\"@id\":\"https:\/\/www.africa-press.net\/comores\/toutes-les-actualites\/anjouan-incendies-et-destructions-dans-un-conflit-inter-villageois#primaryimage\"},\"thumbnailUrl\":\"https:\/\/static.africa-press.net\/centrafricaine\/sites\/48\/2024\/06\/sm_1717618943.82031.jpg\",\"keywords\":[\"Africa Press\",\"Africa Press-Comores\",\"Comores\"],\"articleSection\":[\"Communaut\u00e9\",\"Toutes les actualit\u00e9s\"],\"inLanguage\":\"fr-FR\",\"potentialAction\":[{\"@type\":\"CommentAction\",\"name\":\"Comment\",\"target\":[\"https:\/\/www.africa-press.net\/comores\/toutes-les-actualites\/anjouan-incendies-et-destructions-dans-un-conflit-inter-villageois#respond\"]}]},{\"@type\":\"WebPage\",\"@id\":\"https:\/\/www.africa-press.net\/comores\/toutes-les-actualites\/anjouan-incendies-et-destructions-dans-un-conflit-inter-villageois\",\"url\":\"https:\/\/www.africa-press.net\/comores\/toutes-les-actualites\/anjouan-incendies-et-destructions-dans-un-conflit-inter-villageois\",\"name\":\"Anjouan : incendies et destructions dans un conflit inter-villageois - Comores\",\"isPartOf\":{\"@id\":\"https:\/\/www.africa-press.net\/comores\/#website\"},\"primaryImageOfPage\":{\"@id\":\"https:\/\/www.africa-press.net\/comores\/toutes-les-actualites\/anjouan-incendies-et-destructions-dans-un-conflit-inter-villageois#primaryimage\"},\"image\":{\"@id\":\"https:\/\/www.africa-press.net\/comores\/toutes-les-actualites\/anjouan-incendies-et-destructions-dans-un-conflit-inter-villageois#primaryimage\"},\"thumbnailUrl\":\"https:\/\/static.africa-press.net\/centrafricaine\/sites\/48\/2024\/06\/sm_1717618943.82031.jpg\",\"datePublished\":\"2024-06-05T12:00:00+00:00\",\"dateModified\":\"2024-06-06T00:54:25+00:00\",\"author\":{\"@id\":\"https:\/\/www.africa-press.net\/comores\/#\/schema\/person\/2b1cf3cd81a31e3cd26889ca66d677f1\"},\"description\":\"Un conflit entre deux localite\u0301s, Barakani et Ouani, a pris une ampleur ine\u0301dite. Les jeunes s\u2019affrontent violemment dep ...\",\"breadcrumb\":{\"@id\":\"https:\/\/www.africa-press.net\/comores\/toutes-les-actualites\/anjouan-incendies-et-destructions-dans-un-conflit-inter-villageois#breadcrumb\"},\"inLanguage\":\"fr-FR\",\"potentialAction\":[{\"@type\":\"ReadAction\",\"target\":[\"https:\/\/www.africa-press.net\/comores\/toutes-les-actualites\/anjouan-incendies-et-destructions-dans-un-conflit-inter-villageois\"]}]},{\"@type\":\"ImageObject\",\"inLanguage\":\"fr-FR\",\"@id\":\"https:\/\/www.africa-press.net\/comores\/toutes-les-actualites\/anjouan-incendies-et-destructions-dans-un-conflit-inter-villageois#primaryimage\",\"url\":\"https:\/\/static.africa-press.net\/centrafricaine\/sites\/48\/2024\/06\/sm_1717618943.82031.jpg\",\"contentUrl\":\"https:\/\/static.africa-press.net\/centrafricaine\/sites\/48\/2024\/06\/sm_1717618943.82031.jpg\",\"width\":930,\"height\":620,\"caption\":\"Anjouan : incendies et destructions dans un conflit inter-villageois\"},{\"@type\":\"BreadcrumbList\",\"@id\":\"https:\/\/www.africa-press.net\/comores\/toutes-les-actualites\/anjouan-incendies-et-destructions-dans-un-conflit-inter-villageois#breadcrumb\",\"itemListElement\":[{\"@type\":\"ListItem\",\"position\":1,\"name\":\"Accueil\",\"item\":\"https:\/\/www.africa-press.net\/comores\/\"},{\"@type\":\"ListItem\",\"position\":2,\"name\":\"Anjouan : incendies et destructions dans un conflit inter-villageois\"}]},{\"@type\":\"WebSite\",\"@id\":\"https:\/\/www.africa-press.net\/comores\/#website\",\"url\":\"https:\/\/www.africa-press.net\/comores\/\",\"name\":\"Comores\",\"description\":\"Just another Africa News Agency Sites site\",\"potentialAction\":[{\"@type\":\"SearchAction\",\"target\":{\"@type\":\"EntryPoint\",\"urlTemplate\":\"https:\/\/www.africa-press.net\/comores\/?s={search_term_string}\"},\"query-input\":{\"@type\":\"PropertyValueSpecification\",\"valueRequired\":true,\"valueName\":\"search_term_string\"}}],\"inLanguage\":\"fr-FR\"},{\"@type\":\"Person\",\"@id\":\"https:\/\/www.africa-press.net\/comores\/#\/schema\/person\/2b1cf3cd81a31e3cd26889ca66d677f1\",\"name\":\"cfeditorfr\"}]}<\/script>\n<!-- \/ Yoast SEO Premium plugin. -->","yoast_head_json":{"title":"Anjouan : incendies et destructions dans un conflit inter-villageois - Comores","description":"Un conflit entre deux localite\u0301s, Barakani et Ouani, a pris une ampleur ine\u0301dite. Les jeunes s\u2019affrontent violemment dep ...","robots":{"index":"index","follow":"follow","max-snippet":"max-snippet:-1","max-image-preview":"max-image-preview:large","max-video-preview":"max-video-preview:-1"},"canonical":"https:\/\/www.africa-press.net\/comores\/toutes-les-actualites\/anjouan-incendies-et-destructions-dans-un-conflit-inter-villageois","og_locale":"fr_FR","og_type":"article","og_title":"Anjouan : incendies et destructions dans un conflit inter-villageois","og_description":"Un conflit entre deux localite\u0301s, Barakani et Ouani, a pris une ampleur ine\u0301dite. Les jeunes s\u2019affrontent violemment dep ...","og_url":"https:\/\/www.africa-press.net\/comores\/toutes-les-actualites\/anjouan-incendies-et-destructions-dans-un-conflit-inter-villageois","og_site_name":"Comores","article_published_time":"2024-06-05T12:00:00+00:00","article_modified_time":"2024-06-06T00:54:25+00:00","og_image":[{"width":930,"height":620,"url":"https:\/\/static.africa-press.net\/centrafricaine\/sites\/48\/2024\/06\/sm_1717618943.82031.jpg","type":"image\/jpeg"}],"author":"cfeditorfr","twitter_card":"summary_large_image","twitter_misc":{"\u00c9crit par":"cfeditorfr","Dur\u00e9e de lecture estim\u00e9e":"1 minute"},"schema":{"@context":"https:\/\/schema.org","@graph":[{"@type":"Article","@id":"https:\/\/www.africa-press.net\/comores\/toutes-les-actualites\/anjouan-incendies-et-destructions-dans-un-conflit-inter-villageois#article","isPartOf":{"@id":"https:\/\/www.africa-press.net\/comores\/toutes-les-actualites\/anjouan-incendies-et-destructions-dans-un-conflit-inter-villageois"},"author":{"name":"cfeditorfr","@id":"https:\/\/www.africa-press.net\/comores\/#\/schema\/person\/2b1cf3cd81a31e3cd26889ca66d677f1"},"headline":"Anjouan : incendies et destructions dans un conflit inter-villageois","datePublished":"2024-06-05T12:00:00+00:00","dateModified":"2024-06-06T00:54:25+00:00","mainEntityOfPage":{"@id":"https:\/\/www.africa-press.net\/comores\/toutes-les-actualites\/anjouan-incendies-et-destructions-dans-un-conflit-inter-villageois"},"wordCount":264,"commentCount":0,"image":{"@id":"https:\/\/www.africa-press.net\/comores\/toutes-les-actualites\/anjouan-incendies-et-destructions-dans-un-conflit-inter-villageois#primaryimage"},"thumbnailUrl":"https:\/\/static.africa-press.net\/centrafricaine\/sites\/48\/2024\/06\/sm_1717618943.82031.jpg","keywords":["Africa Press","Africa Press-Comores","Comores"],"articleSection":["Communaut\u00e9","Toutes les actualit\u00e9s"],"inLanguage":"fr-FR","potentialAction":[{"@type":"CommentAction","name":"Comment","target":["https:\/\/www.africa-press.net\/comores\/toutes-les-actualites\/anjouan-incendies-et-destructions-dans-un-conflit-inter-villageois#respond"]}]},{"@type":"WebPage","@id":"https:\/\/www.africa-press.net\/comores\/toutes-les-actualites\/anjouan-incendies-et-destructions-dans-un-conflit-inter-villageois","url":"https:\/\/www.africa-press.net\/comores\/toutes-les-actualites\/anjouan-incendies-et-destructions-dans-un-conflit-inter-villageois","name":"Anjouan : incendies et destructions dans un conflit inter-villageois - Comores","isPartOf":{"@id":"https:\/\/www.africa-press.net\/comores\/#website"},"primaryImageOfPage":{"@id":"https:\/\/www.africa-press.net\/comores\/toutes-les-actualites\/anjouan-incendies-et-destructions-dans-un-conflit-inter-villageois#primaryimage"},"image":{"@id":"https:\/\/www.africa-press.net\/comores\/toutes-les-actualites\/anjouan-incendies-et-destructions-dans-un-conflit-inter-villageois#primaryimage"},"thumbnailUrl":"https:\/\/static.africa-press.net\/centrafricaine\/sites\/48\/2024\/06\/sm_1717618943.82031.jpg","datePublished":"2024-06-05T12:00:00+00:00","dateModified":"2024-06-06T00:54:25+00:00","author":{"@id":"https:\/\/www.africa-press.net\/comores\/#\/schema\/person\/2b1cf3cd81a31e3cd26889ca66d677f1"},"description":"Un conflit entre deux localite\u0301s, Barakani et Ouani, a pris une ampleur ine\u0301dite. Les jeunes s\u2019affrontent violemment dep ...","breadcrumb":{"@id":"https:\/\/www.africa-press.net\/comores\/toutes-les-actualites\/anjouan-incendies-et-destructions-dans-un-conflit-inter-villageois#breadcrumb"},"inLanguage":"fr-FR","potentialAction":[{"@type":"ReadAction","target":["https:\/\/www.africa-press.net\/comores\/toutes-les-actualites\/anjouan-incendies-et-destructions-dans-un-conflit-inter-villageois"]}]},{"@type":"ImageObject","inLanguage":"fr-FR","@id":"https:\/\/www.africa-press.net\/comores\/toutes-les-actualites\/anjouan-incendies-et-destructions-dans-un-conflit-inter-villageois#primaryimage","url":"https:\/\/static.africa-press.net\/centrafricaine\/sites\/48\/2024\/06\/sm_1717618943.82031.jpg","contentUrl":"https:\/\/static.africa-press.net\/centrafricaine\/sites\/48\/2024\/06\/sm_1717618943.82031.jpg","width":930,"height":620,"caption":"Anjouan : incendies et destructions dans un conflit inter-villageois"},{"@type":"BreadcrumbList","@id":"https:\/\/www.africa-press.net\/comores\/toutes-les-actualites\/anjouan-incendies-et-destructions-dans-un-conflit-inter-villageois#breadcrumb","itemListElement":[{"@type":"ListItem","position":1,"name":"Accueil","item":"https:\/\/www.africa-press.net\/comores\/"},{"@type":"ListItem","position":2,"name":"Anjouan : incendies et destructions dans un conflit inter-villageois"}]},{"@type":"WebSite","@id":"https:\/\/www.africa-press.net\/comores\/#website","url":"https:\/\/www.africa-press.net\/comores\/","name":"Comores","description":"Just another Africa News Agency Sites site","potentialAction":[{"@type":"SearchAction","target":{"@type":"EntryPoint","urlTemplate":"https:\/\/www.africa-press.net\/comores\/?s={search_term_string}"},"query-input":{"@type":"PropertyValueSpecification","valueRequired":true,"valueName":"search_term_string"}}],"inLanguage":"fr-FR"},{"@type":"Person","@id":"https:\/\/www.africa-press.net\/comores\/#\/schema\/person\/2b1cf3cd81a31e3cd26889ca66d677f1","name":"cfeditorfr"}]}},"_links":{"self":[{"href":"https:\/\/www.africa-press.net\/comores\/wp-json\/wp\/v2\/posts\/18997","targetHints":{"allow":["GET"]}}],"collection":[{"href":"https:\/\/www.africa-press.net\/comores\/wp-json\/wp\/v2\/posts"}],"about":[{"href":"https:\/\/www.africa-press.net\/comores\/wp-json\/wp\/v2\/types\/post"}],"author":[{"embeddable":true,"href":"https:\/\/www.africa-press.net\/comores\/wp-json\/wp\/v2\/users\/82"}],"replies":[{"embeddable":true,"href":"https:\/\/www.africa-press.net\/comores\/wp-json\/wp\/v2\/comments?post=18997"}],"version-history":[{"count":0,"href":"https:\/\/www.africa-press.net\/comores\/wp-json\/wp\/v2\/posts\/18997\/revisions"}],"wp:featuredmedia":[{"embeddable":true,"href":"https:\/\/www.africa-press.net\/comores\/wp-json\/wp\/v2\/media\/18996"}],"wp:attachment":[{"href":"https:\/\/www.africa-press.net\/comores\/wp-json\/wp\/v2\/media?parent=18997"}],"wp:term":[{"taxonomy":"category","embeddable":true,"href":"https:\/\/www.africa-press.net\/comores\/wp-json\/wp\/v2\/categories?post=18997"},{"taxonomy":"post_tag","embeddable":true,"href":"https:\/\/www.africa-press.net\/comores\/wp-json\/wp\/v2\/tags?post=18997"}],"curies":[{"name":"wp","href":"https:\/\/api.w.org\/{rel}","templated":true}]}}