{"id":19117,"date":"2024-06-11T13:00:00","date_gmt":"2024-06-11T13:00:00","guid":{"rendered":"https:\/\/www.africa-press.net\/comores\/politique\/coupe-du-monde-2026-tchad-comores-un-match-de-rachat-pour-les-verts"},"modified":"2024-06-12T00:55:46","modified_gmt":"2024-06-12T00:55:46","slug":"coupe-du-monde-2026-tchad-comores-un-match-de-rachat-pour-les-verts","status":"publish","type":"post","link":"https:\/\/www.africa-press.net\/comores\/sports\/coupe-du-monde-2026-tchad-comores-un-match-de-rachat-pour-les-verts","title":{"rendered":"Coupe du Monde 2026 Tchad-Comores, un match de rachat pour les verts"},"content":{"rendered":"<p><span style=\"color: #ff6600\"><strong>Africa-Press &#8211; Comores. <\/strong><\/span><b>Apre\u0300s le non-match des C\u0153lacanthes contre les Barea, les hommes de Stefano Cusin ont l\u2019occasion ce mardi de se racheter contre les modestes Sao du Tchad. Avec un seul point au compteur, le Tchad reste l\u2019e\u0301quipe la plus faible et sur le papier et sur le terrain. Ce mardi, au stade d\u2019Honneur d\u2019Oujda, Ben Fardou et ses amis auront la volonte\u0301 de reprendre la premie\u0300re place a\u0300 Madagascar en espe\u0301rant que ce dernier ne gagne pas contre le Mali. <\/b><\/p>\n<p>Arrive\u0301s tard (19h) dans la journe\u0301e de dimanche a\u0300 Oujda, les C\u0153lacanthes n\u2019ont eu qu\u2019une journe\u0301e d\u2019entrainement pour pre\u0301parer le match de la quatrie\u0300me journe\u0301e des e\u0301liminatoires de la Coupe du Monde 2026 qui aura lieu ce jour a\u0300 19h, heure de Moroni. Attendus au Maroc dimanche matin, les Verts n\u2019ont pu rejoindre le Royaume Che\u0301rifien que tard dans la nuit a\u0300 cause d\u2019un itine\u0301raire non maitrise\u0301 par ceux (ministe\u0300re des sports) qui ont loue\u0301 l\u2019appareil appartenant a\u0300 une compagnie cap-verdienne. Cense\u0301 ramener les joueurs directement a\u0300 Oujda, l\u2019appareil a du passer par Yaounde\u0301 pour prendre les joueurs du Cap-Vert qui jouaient contre le Cameroun la veille avant de passer par Dakar pour faire le plein et enfin Oujda pour de\u0301poser les Verts.<\/p>\n<p>Une histoire qui a fait les choux gras des re\u0301seaux sociaux jusqu\u2019a\u0300 e\u0301clipser l\u2019essentiel, a\u0300 savoir le match de ce mardi qui doit servir de rachat pour les prote\u0301ge\u0301s de Stefano Cusin. Deuxie\u0300me au classement du groupe I (6 pts+2) derrie\u0300re Madagascar gra\u0302ce a\u0300 une meilleure diffe\u0301rence de but en faveur de ce dernier, les coe\u0301quipiers de Youssouf Mchangama doivent impe\u0301rativement revenir a\u0300 Moroni avec les trois points pour ne pas sombrer de\u0301finitivement dans le doute apre\u0300s un bon de\u0301but de parcours couronne\u0301 par les deux victoires du mois de novembre contre La Centrafrique et le Ghana a\u0300 Moroni.<\/p>\n<p>Sous la conduite du se\u0301lectionneur roumain, Ke\u0301vin Nicaise, le Tchad 179e\u0300me nation au classement FIFA va essayer de son cote\u0301 de vaincre et inscrire sa premie\u0300re victoire dans une phase e\u0301liminatoire de Coupe du Monde. Parmi les rares pays a\u0300 n\u2019avoir jamais pris part a\u0300 une coupe d\u2019Afrique des Nations, le Tchad n\u2019a aucune ambition sur ces e\u0301liminatoires sauf celle de jouer les troubles fe\u0302tes ou e\u0302tre le faiseur de Roi le cas e\u0301che\u0301ant. Inexistant sans pour autant e\u0302tre malmene\u0301 contre les malgaches, les C\u0153lacanthes doivent vite retrouver leur jeu. Une victoire avec la manie\u0300re s\u2019il le faut, peut leur permettre d\u2019oublier l\u2019he\u0301catombe de Johannesburg en se relanc\u0327ant dans ces qualifications en attendant de recevoir le Mali en mars prochain a\u0300 Maluzini.<\/p>\n<p><strong>Pour plus d&rsquo;informations et d&rsquo;analyses sur la <a href=\"https:\/\/www.africa-press.net\/comores\">Comores<\/a>, suivez <a href=\"https:\/\/www.africa-press.net\/\">Africa-Press<\/a><\/strong><\/p>\n","protected":false},"excerpt":{"rendered":"<p>Africa-Press &#8211; Comores. Apre\u0300s le non-match des C\u0153lacanthes contre les Barea, les hommes de Stefano Cusin ont l\u2019occasion ce mardi de se racheter contre les modestes Sao du Tchad. Avec un seul point au compteur, le Tchad reste l\u2019e\u0301quipe la plus faible et sur le papier et sur le terrain. Ce mardi, au stade d\u2019Honneur [&hellip;]<\/p>\n","protected":false},"author":82,"featured_media":19116,"comment_status":"open","ping_status":"closed","sticky":false,"template":"","format":"standard","meta":{"footnotes":""},"categories":[6,10],"tags":[36,53,45],"class_list":["post-19117","post","type-post","status-publish","format-standard","has-post-thumbnail","hentry","category-sports","category-toutes-les-actualites","tag-africa-press","tag-africa-press-comores","tag-comores"],"yoast_head":"<!-- This site is optimized with the Yoast SEO Premium plugin v26.1 (Yoast SEO v27.0) - https:\/\/yoast.com\/product\/yoast-seo-premium-wordpress\/ -->\n<title>Coupe du Monde 2026 Tchad-Comores, un match de rachat pour les verts - Comores<\/title>\n<meta name=\"description\" content=\"Apre\u0300s le non-match des C\u0153lacanthes contre les Barea, les hommes de Stefano Cusin ont l\u2019occasion ce mardi de se rache ...\" \/>\n<meta name=\"robots\" content=\"index, follow, max-snippet:-1, max-image-preview:large, max-video-preview:-1\" \/>\n<link rel=\"canonical\" href=\"https:\/\/www.africa-press.net\/comores\/sports\/coupe-du-monde-2026-tchad-comores-un-match-de-rachat-pour-les-verts\" \/>\n<meta property=\"og:locale\" content=\"fr_FR\" \/>\n<meta property=\"og:type\" content=\"article\" \/>\n<meta property=\"og:title\" content=\"Coupe du Monde 2026 Tchad-Comores, un match de rachat pour les verts\" \/>\n<meta property=\"og:description\" content=\"Apre\u0300s le non-match des C\u0153lacanthes contre les Barea, les hommes de Stefano Cusin ont l\u2019occasion ce mardi de se rache ...\" \/>\n<meta property=\"og:url\" content=\"https:\/\/www.africa-press.net\/comores\/sports\/coupe-du-monde-2026-tchad-comores-un-match-de-rachat-pour-les-verts\" \/>\n<meta property=\"og:site_name\" content=\"Comores\" \/>\n<meta property=\"article:published_time\" content=\"2024-06-11T13:00:00+00:00\" \/>\n<meta property=\"article:modified_time\" content=\"2024-06-12T00:55:46+00:00\" \/>\n<meta property=\"og:image\" content=\"https:\/\/static.africa-press.net\/centrafricaine\/sites\/48\/2024\/06\/sm_1718137497.532313.jpg\" \/>\n\t<meta property=\"og:image:width\" content=\"960\" \/>\n\t<meta property=\"og:image:height\" content=\"640\" \/>\n\t<meta property=\"og:image:type\" content=\"image\/jpeg\" \/>\n<meta name=\"author\" content=\"cfeditorfr\" \/>\n<meta name=\"twitter:card\" content=\"summary_large_image\" \/>\n<meta name=\"twitter:label1\" content=\"\u00c9crit par\" \/>\n\t<meta name=\"twitter:data1\" content=\"cfeditorfr\" \/>\n\t<meta name=\"twitter:label2\" content=\"Dur\u00e9e de lecture estim\u00e9e\" \/>\n\t<meta name=\"twitter:data2\" content=\"2 minutes\" \/>\n<script type=\"application\/ld+json\" class=\"yoast-schema-graph\">{\"@context\":\"https:\/\/schema.org\",\"@graph\":[{\"@type\":\"Article\",\"@id\":\"https:\/\/www.africa-press.net\/comores\/sports\/coupe-du-monde-2026-tchad-comores-un-match-de-rachat-pour-les-verts#article\",\"isPartOf\":{\"@id\":\"https:\/\/www.africa-press.net\/comores\/sports\/coupe-du-monde-2026-tchad-comores-un-match-de-rachat-pour-les-verts\"},\"author\":{\"name\":\"cfeditorfr\",\"@id\":\"https:\/\/www.africa-press.net\/comores\/#\/schema\/person\/2b1cf3cd81a31e3cd26889ca66d677f1\"},\"headline\":\"Coupe du Monde 2026 Tchad-Comores, un match de rachat pour les verts\",\"datePublished\":\"2024-06-11T13:00:00+00:00\",\"dateModified\":\"2024-06-12T00:55:46+00:00\",\"mainEntityOfPage\":{\"@id\":\"https:\/\/www.africa-press.net\/comores\/sports\/coupe-du-monde-2026-tchad-comores-un-match-de-rachat-pour-les-verts\"},\"wordCount\":511,\"commentCount\":0,\"image\":{\"@id\":\"https:\/\/www.africa-press.net\/comores\/sports\/coupe-du-monde-2026-tchad-comores-un-match-de-rachat-pour-les-verts#primaryimage\"},\"thumbnailUrl\":\"https:\/\/static.africa-press.net\/centrafricaine\/sites\/48\/2024\/06\/sm_1718137497.532313.jpg\",\"keywords\":[\"Africa Press\",\"Africa Press-Comores\",\"Comores\"],\"articleSection\":[\"Sports\",\"Toutes les actualit\u00e9s\"],\"inLanguage\":\"fr-FR\",\"potentialAction\":[{\"@type\":\"CommentAction\",\"name\":\"Comment\",\"target\":[\"https:\/\/www.africa-press.net\/comores\/sports\/coupe-du-monde-2026-tchad-comores-un-match-de-rachat-pour-les-verts#respond\"]}]},{\"@type\":\"WebPage\",\"@id\":\"https:\/\/www.africa-press.net\/comores\/sports\/coupe-du-monde-2026-tchad-comores-un-match-de-rachat-pour-les-verts\",\"url\":\"https:\/\/www.africa-press.net\/comores\/sports\/coupe-du-monde-2026-tchad-comores-un-match-de-rachat-pour-les-verts\",\"name\":\"Coupe du Monde 2026 Tchad-Comores, un match de rachat pour les verts - Comores\",\"isPartOf\":{\"@id\":\"https:\/\/www.africa-press.net\/comores\/#website\"},\"primaryImageOfPage\":{\"@id\":\"https:\/\/www.africa-press.net\/comores\/sports\/coupe-du-monde-2026-tchad-comores-un-match-de-rachat-pour-les-verts#primaryimage\"},\"image\":{\"@id\":\"https:\/\/www.africa-press.net\/comores\/sports\/coupe-du-monde-2026-tchad-comores-un-match-de-rachat-pour-les-verts#primaryimage\"},\"thumbnailUrl\":\"https:\/\/static.africa-press.net\/centrafricaine\/sites\/48\/2024\/06\/sm_1718137497.532313.jpg\",\"datePublished\":\"2024-06-11T13:00:00+00:00\",\"dateModified\":\"2024-06-12T00:55:46+00:00\",\"author\":{\"@id\":\"https:\/\/www.africa-press.net\/comores\/#\/schema\/person\/2b1cf3cd81a31e3cd26889ca66d677f1\"},\"description\":\"Apre\u0300s le non-match des C\u0153lacanthes contre les Barea, les hommes de Stefano Cusin ont l\u2019occasion ce mardi de se rache ...\",\"breadcrumb\":{\"@id\":\"https:\/\/www.africa-press.net\/comores\/sports\/coupe-du-monde-2026-tchad-comores-un-match-de-rachat-pour-les-verts#breadcrumb\"},\"inLanguage\":\"fr-FR\",\"potentialAction\":[{\"@type\":\"ReadAction\",\"target\":[\"https:\/\/www.africa-press.net\/comores\/sports\/coupe-du-monde-2026-tchad-comores-un-match-de-rachat-pour-les-verts\"]}]},{\"@type\":\"ImageObject\",\"inLanguage\":\"fr-FR\",\"@id\":\"https:\/\/www.africa-press.net\/comores\/sports\/coupe-du-monde-2026-tchad-comores-un-match-de-rachat-pour-les-verts#primaryimage\",\"url\":\"https:\/\/static.africa-press.net\/centrafricaine\/sites\/48\/2024\/06\/sm_1718137497.532313.jpg\",\"contentUrl\":\"https:\/\/static.africa-press.net\/centrafricaine\/sites\/48\/2024\/06\/sm_1718137497.532313.jpg\",\"width\":960,\"height\":640,\"caption\":\"Coupe du Monde 2026 Tchad-Comores, un match de rachat pour les verts\"},{\"@type\":\"BreadcrumbList\",\"@id\":\"https:\/\/www.africa-press.net\/comores\/sports\/coupe-du-monde-2026-tchad-comores-un-match-de-rachat-pour-les-verts#breadcrumb\",\"itemListElement\":[{\"@type\":\"ListItem\",\"position\":1,\"name\":\"Accueil\",\"item\":\"https:\/\/www.africa-press.net\/comores\/\"},{\"@type\":\"ListItem\",\"position\":2,\"name\":\"Coupe du Monde 2026 Tchad-Comores, un match de rachat pour les verts\"}]},{\"@type\":\"WebSite\",\"@id\":\"https:\/\/www.africa-press.net\/comores\/#website\",\"url\":\"https:\/\/www.africa-press.net\/comores\/\",\"name\":\"Comores\",\"description\":\"Just another Africa News Agency Sites site\",\"potentialAction\":[{\"@type\":\"SearchAction\",\"target\":{\"@type\":\"EntryPoint\",\"urlTemplate\":\"https:\/\/www.africa-press.net\/comores\/?s={search_term_string}\"},\"query-input\":{\"@type\":\"PropertyValueSpecification\",\"valueRequired\":true,\"valueName\":\"search_term_string\"}}],\"inLanguage\":\"fr-FR\"},{\"@type\":\"Person\",\"@id\":\"https:\/\/www.africa-press.net\/comores\/#\/schema\/person\/2b1cf3cd81a31e3cd26889ca66d677f1\",\"name\":\"cfeditorfr\"}]}<\/script>\n<!-- \/ Yoast SEO Premium plugin. -->","yoast_head_json":{"title":"Coupe du Monde 2026 Tchad-Comores, un match de rachat pour les verts - Comores","description":"Apre\u0300s le non-match des C\u0153lacanthes contre les Barea, les hommes de Stefano Cusin ont l\u2019occasion ce mardi de se rache ...","robots":{"index":"index","follow":"follow","max-snippet":"max-snippet:-1","max-image-preview":"max-image-preview:large","max-video-preview":"max-video-preview:-1"},"canonical":"https:\/\/www.africa-press.net\/comores\/sports\/coupe-du-monde-2026-tchad-comores-un-match-de-rachat-pour-les-verts","og_locale":"fr_FR","og_type":"article","og_title":"Coupe du Monde 2026 Tchad-Comores, un match de rachat pour les verts","og_description":"Apre\u0300s le non-match des C\u0153lacanthes contre les Barea, les hommes de Stefano Cusin ont l\u2019occasion ce mardi de se rache ...","og_url":"https:\/\/www.africa-press.net\/comores\/sports\/coupe-du-monde-2026-tchad-comores-un-match-de-rachat-pour-les-verts","og_site_name":"Comores","article_published_time":"2024-06-11T13:00:00+00:00","article_modified_time":"2024-06-12T00:55:46+00:00","og_image":[{"width":960,"height":640,"url":"https:\/\/static.africa-press.net\/centrafricaine\/sites\/48\/2024\/06\/sm_1718137497.532313.jpg","type":"image\/jpeg"}],"author":"cfeditorfr","twitter_card":"summary_large_image","twitter_misc":{"\u00c9crit par":"cfeditorfr","Dur\u00e9e de lecture estim\u00e9e":"2 minutes"},"schema":{"@context":"https:\/\/schema.org","@graph":[{"@type":"Article","@id":"https:\/\/www.africa-press.net\/comores\/sports\/coupe-du-monde-2026-tchad-comores-un-match-de-rachat-pour-les-verts#article","isPartOf":{"@id":"https:\/\/www.africa-press.net\/comores\/sports\/coupe-du-monde-2026-tchad-comores-un-match-de-rachat-pour-les-verts"},"author":{"name":"cfeditorfr","@id":"https:\/\/www.africa-press.net\/comores\/#\/schema\/person\/2b1cf3cd81a31e3cd26889ca66d677f1"},"headline":"Coupe du Monde 2026 Tchad-Comores, un match de rachat pour les verts","datePublished":"2024-06-11T13:00:00+00:00","dateModified":"2024-06-12T00:55:46+00:00","mainEntityOfPage":{"@id":"https:\/\/www.africa-press.net\/comores\/sports\/coupe-du-monde-2026-tchad-comores-un-match-de-rachat-pour-les-verts"},"wordCount":511,"commentCount":0,"image":{"@id":"https:\/\/www.africa-press.net\/comores\/sports\/coupe-du-monde-2026-tchad-comores-un-match-de-rachat-pour-les-verts#primaryimage"},"thumbnailUrl":"https:\/\/static.africa-press.net\/centrafricaine\/sites\/48\/2024\/06\/sm_1718137497.532313.jpg","keywords":["Africa Press","Africa Press-Comores","Comores"],"articleSection":["Sports","Toutes les actualit\u00e9s"],"inLanguage":"fr-FR","potentialAction":[{"@type":"CommentAction","name":"Comment","target":["https:\/\/www.africa-press.net\/comores\/sports\/coupe-du-monde-2026-tchad-comores-un-match-de-rachat-pour-les-verts#respond"]}]},{"@type":"WebPage","@id":"https:\/\/www.africa-press.net\/comores\/sports\/coupe-du-monde-2026-tchad-comores-un-match-de-rachat-pour-les-verts","url":"https:\/\/www.africa-press.net\/comores\/sports\/coupe-du-monde-2026-tchad-comores-un-match-de-rachat-pour-les-verts","name":"Coupe du Monde 2026 Tchad-Comores, un match de rachat pour les verts - Comores","isPartOf":{"@id":"https:\/\/www.africa-press.net\/comores\/#website"},"primaryImageOfPage":{"@id":"https:\/\/www.africa-press.net\/comores\/sports\/coupe-du-monde-2026-tchad-comores-un-match-de-rachat-pour-les-verts#primaryimage"},"image":{"@id":"https:\/\/www.africa-press.net\/comores\/sports\/coupe-du-monde-2026-tchad-comores-un-match-de-rachat-pour-les-verts#primaryimage"},"thumbnailUrl":"https:\/\/static.africa-press.net\/centrafricaine\/sites\/48\/2024\/06\/sm_1718137497.532313.jpg","datePublished":"2024-06-11T13:00:00+00:00","dateModified":"2024-06-12T00:55:46+00:00","author":{"@id":"https:\/\/www.africa-press.net\/comores\/#\/schema\/person\/2b1cf3cd81a31e3cd26889ca66d677f1"},"description":"Apre\u0300s le non-match des C\u0153lacanthes contre les Barea, les hommes de Stefano Cusin ont l\u2019occasion ce mardi de se rache ...","breadcrumb":{"@id":"https:\/\/www.africa-press.net\/comores\/sports\/coupe-du-monde-2026-tchad-comores-un-match-de-rachat-pour-les-verts#breadcrumb"},"inLanguage":"fr-FR","potentialAction":[{"@type":"ReadAction","target":["https:\/\/www.africa-press.net\/comores\/sports\/coupe-du-monde-2026-tchad-comores-un-match-de-rachat-pour-les-verts"]}]},{"@type":"ImageObject","inLanguage":"fr-FR","@id":"https:\/\/www.africa-press.net\/comores\/sports\/coupe-du-monde-2026-tchad-comores-un-match-de-rachat-pour-les-verts#primaryimage","url":"https:\/\/static.africa-press.net\/centrafricaine\/sites\/48\/2024\/06\/sm_1718137497.532313.jpg","contentUrl":"https:\/\/static.africa-press.net\/centrafricaine\/sites\/48\/2024\/06\/sm_1718137497.532313.jpg","width":960,"height":640,"caption":"Coupe du Monde 2026 Tchad-Comores, un match de rachat pour les verts"},{"@type":"BreadcrumbList","@id":"https:\/\/www.africa-press.net\/comores\/sports\/coupe-du-monde-2026-tchad-comores-un-match-de-rachat-pour-les-verts#breadcrumb","itemListElement":[{"@type":"ListItem","position":1,"name":"Accueil","item":"https:\/\/www.africa-press.net\/comores\/"},{"@type":"ListItem","position":2,"name":"Coupe du Monde 2026 Tchad-Comores, un match de rachat pour les verts"}]},{"@type":"WebSite","@id":"https:\/\/www.africa-press.net\/comores\/#website","url":"https:\/\/www.africa-press.net\/comores\/","name":"Comores","description":"Just another Africa News Agency Sites site","potentialAction":[{"@type":"SearchAction","target":{"@type":"EntryPoint","urlTemplate":"https:\/\/www.africa-press.net\/comores\/?s={search_term_string}"},"query-input":{"@type":"PropertyValueSpecification","valueRequired":true,"valueName":"search_term_string"}}],"inLanguage":"fr-FR"},{"@type":"Person","@id":"https:\/\/www.africa-press.net\/comores\/#\/schema\/person\/2b1cf3cd81a31e3cd26889ca66d677f1","name":"cfeditorfr"}]}},"_links":{"self":[{"href":"https:\/\/www.africa-press.net\/comores\/wp-json\/wp\/v2\/posts\/19117","targetHints":{"allow":["GET"]}}],"collection":[{"href":"https:\/\/www.africa-press.net\/comores\/wp-json\/wp\/v2\/posts"}],"about":[{"href":"https:\/\/www.africa-press.net\/comores\/wp-json\/wp\/v2\/types\/post"}],"author":[{"embeddable":true,"href":"https:\/\/www.africa-press.net\/comores\/wp-json\/wp\/v2\/users\/82"}],"replies":[{"embeddable":true,"href":"https:\/\/www.africa-press.net\/comores\/wp-json\/wp\/v2\/comments?post=19117"}],"version-history":[{"count":0,"href":"https:\/\/www.africa-press.net\/comores\/wp-json\/wp\/v2\/posts\/19117\/revisions"}],"wp:featuredmedia":[{"embeddable":true,"href":"https:\/\/www.africa-press.net\/comores\/wp-json\/wp\/v2\/media\/19116"}],"wp:attachment":[{"href":"https:\/\/www.africa-press.net\/comores\/wp-json\/wp\/v2\/media?parent=19117"}],"wp:term":[{"taxonomy":"category","embeddable":true,"href":"https:\/\/www.africa-press.net\/comores\/wp-json\/wp\/v2\/categories?post=19117"},{"taxonomy":"post_tag","embeddable":true,"href":"https:\/\/www.africa-press.net\/comores\/wp-json\/wp\/v2\/tags?post=19117"}],"curies":[{"name":"wp","href":"https:\/\/api.w.org\/{rel}","templated":true}]}}