{"id":19203,"date":"2024-06-15T12:45:56","date_gmt":"2024-06-15T12:45:56","guid":{"rendered":"https:\/\/www.africa-press.net\/comores\/politique\/un-comorien-decede-a-bord-dun-vol-dethiopian-airlines-une-enque%cc%82te-ouverte"},"modified":"2024-06-16T02:05:29","modified_gmt":"2024-06-16T02:05:29","slug":"un-comorien-decede-a-bord-dun-vol-dethiopian-airlines-une-enque%cc%82te-ouverte","status":"publish","type":"post","link":"https:\/\/www.africa-press.net\/comores\/toutes-les-actualites\/un-comorien-decede-a-bord-dun-vol-dethiopian-airlines-une-enque%cc%82te-ouverte","title":{"rendered":"Un comorien de\u0301ce\u0301de\u0301 a\u0300 bord d\u2019un vol d\u2019Ethiopian Airlines, une enque\u0302te ouverte !"},"content":{"rendered":"<p><span style=\"color: #ff6600\"><strong>Africa-Press &#8211; Comores. <\/strong><\/span>Apre\u0300s le drame d\u2019Illinois ou\u0300 une fillette de 8 ans a perdu la vie en plein vol, un drame similaire s\u2019est produit dans un vol d\u2019Ethiopian Airlines, avant hier.<\/p>\n<p>Un comorien aurait perdu la vie a\u0300 bord de l\u2019avion de la compagnie ae\u0301rienne d\u2019Ethiopie qui allait se rendre aux Comores. Son de\u0301ce\u0300s a e\u0301te\u0301 constate\u0301 lors de l\u2019escale a\u0300 Addis Abeba.<\/p>\n<p>Les circonstances du de\u0301ce\u0300s restent encore floues. Des sources concordantes indiquent que les autorite\u0301s e\u0301thiopiennes et la compagnie ae\u0301rienne ont pris la de\u0301cision d\u2019ouvrir une enque\u0302te pour de\u0301terminer les causes du drame. Les passagers et le personnel navigant auraient e\u0301galement e\u0301te\u0301 interroge\u0301s selon les me\u0301dias comoriens.<\/p>\n<p><strong>Pour plus d&rsquo;informations et d&rsquo;analyses sur la Comores, suivez Africa-Press<\/strong><\/p>\n","protected":false},"excerpt":{"rendered":"<p>Africa-Press &#8211; Comores. Apre\u0300s le drame d\u2019Illinois ou\u0300 une fillette de 8 ans a perdu la vie en plein vol, un drame similaire s\u2019est produit dans un vol d\u2019Ethiopian Airlines, avant hier. Un comorien aurait perdu la vie a\u0300 bord de l\u2019avion de la compagnie ae\u0301rienne d\u2019Ethiopie qui allait se rendre aux Comores. Son de\u0301ce\u0300s [&hellip;]<\/p>\n","protected":false},"author":82,"featured_media":19202,"comment_status":"open","ping_status":"closed","sticky":false,"template":"","format":"standard","meta":{"footnotes":""},"categories":[21,20,10],"tags":[45],"class_list":["post-19203","post","type-post","status-publish","format-standard","has-post-thumbnail","hentry","category-communaute","category-top-nouvelles","category-toutes-les-actualites","tag-comores"],"yoast_head":"<!-- This site is optimized with the Yoast SEO Premium plugin v26.1 (Yoast SEO v27.0) - https:\/\/yoast.com\/product\/yoast-seo-premium-wordpress\/ -->\n<title>Un comorien de\u0301ce\u0301de\u0301 a\u0300 bord d\u2019un vol d\u2019Ethiopian Airlines, une enque\u0302te ouverte ! - Comores<\/title>\n<meta name=\"description\" content=\"Apre\u0300s le drame d\u2019Illinois ou\u0300 une fillette de 8 ans a perdu la vie en plein vol, un drame similaire s\u2019est produit dans ...\" \/>\n<meta name=\"robots\" content=\"index, follow, max-snippet:-1, max-image-preview:large, max-video-preview:-1\" \/>\n<link rel=\"canonical\" href=\"https:\/\/www.africa-press.net\/comores\/toutes-les-actualites\/un-comorien-decede-a-bord-dun-vol-dethiopian-airlines-une-enque\u0302te-ouverte\" \/>\n<meta property=\"og:locale\" content=\"fr_FR\" \/>\n<meta property=\"og:type\" content=\"article\" \/>\n<meta property=\"og:title\" content=\"Un comorien de\u0301ce\u0301de\u0301 a\u0300 bord d\u2019un vol d\u2019Ethiopian Airlines, une enque\u0302te ouverte !\" \/>\n<meta property=\"og:description\" content=\"Apre\u0300s le drame d\u2019Illinois ou\u0300 une fillette de 8 ans a perdu la vie en plein vol, un drame similaire s\u2019est produit dans ...\" \/>\n<meta property=\"og:url\" content=\"https:\/\/www.africa-press.net\/comores\/toutes-les-actualites\/un-comorien-decede-a-bord-dun-vol-dethiopian-airlines-une-enque\u0302te-ouverte\" \/>\n<meta property=\"og:site_name\" content=\"Comores\" \/>\n<meta property=\"article:published_time\" content=\"2024-06-15T12:45:56+00:00\" \/>\n<meta property=\"article:modified_time\" content=\"2024-06-16T02:05:29+00:00\" \/>\n<meta property=\"og:image\" content=\"https:\/\/static.africa-press.net\/centrafricaine\/sites\/48\/2024\/06\/sm_1718487204.958965.jpg\" \/>\n\t<meta property=\"og:image:width\" content=\"1000\" \/>\n\t<meta property=\"og:image:height\" content=\"562\" \/>\n\t<meta property=\"og:image:type\" content=\"image\/jpeg\" \/>\n<meta name=\"author\" content=\"cfeditorfr\" \/>\n<meta name=\"twitter:card\" content=\"summary_large_image\" \/>\n<meta name=\"twitter:label1\" content=\"\u00c9crit par\" \/>\n\t<meta name=\"twitter:data1\" content=\"cfeditorfr\" \/>\n\t<meta name=\"twitter:label2\" content=\"Dur\u00e9e de lecture estim\u00e9e\" \/>\n\t<meta name=\"twitter:data2\" content=\"1 minute\" \/>\n<script type=\"application\/ld+json\" class=\"yoast-schema-graph\">{\"@context\":\"https:\/\/schema.org\",\"@graph\":[{\"@type\":\"Article\",\"@id\":\"https:\/\/www.africa-press.net\/comores\/toutes-les-actualites\/un-comorien-decede-a-bord-dun-vol-dethiopian-airlines-une-enque%cc%82te-ouverte#article\",\"isPartOf\":{\"@id\":\"https:\/\/www.africa-press.net\/comores\/toutes-les-actualites\/un-comorien-decede-a-bord-dun-vol-dethiopian-airlines-une-enque%cc%82te-ouverte\"},\"author\":{\"name\":\"cfeditorfr\",\"@id\":\"https:\/\/www.africa-press.net\/comores\/#\/schema\/person\/2b1cf3cd81a31e3cd26889ca66d677f1\"},\"headline\":\"Un comorien de\u0301ce\u0301de\u0301 a\u0300 bord d\u2019un vol d\u2019Ethiopian Airlines, une enque\u0302te ouverte !\",\"datePublished\":\"2024-06-15T12:45:56+00:00\",\"dateModified\":\"2024-06-16T02:05:29+00:00\",\"mainEntityOfPage\":{\"@id\":\"https:\/\/www.africa-press.net\/comores\/toutes-les-actualites\/un-comorien-decede-a-bord-dun-vol-dethiopian-airlines-une-enque%cc%82te-ouverte\"},\"wordCount\":162,\"commentCount\":0,\"image\":{\"@id\":\"https:\/\/www.africa-press.net\/comores\/toutes-les-actualites\/un-comorien-decede-a-bord-dun-vol-dethiopian-airlines-une-enque%cc%82te-ouverte#primaryimage\"},\"thumbnailUrl\":\"https:\/\/static.africa-press.net\/centrafricaine\/sites\/48\/2024\/06\/sm_1718487204.958965.jpg\",\"keywords\":[\"Comores\"],\"articleSection\":[\"Communaut\u00e9\",\"Top Nouvelles\",\"Toutes les actualit\u00e9s\"],\"inLanguage\":\"fr-FR\",\"potentialAction\":[{\"@type\":\"CommentAction\",\"name\":\"Comment\",\"target\":[\"https:\/\/www.africa-press.net\/comores\/toutes-les-actualites\/un-comorien-decede-a-bord-dun-vol-dethiopian-airlines-une-enque%cc%82te-ouverte#respond\"]}]},{\"@type\":\"WebPage\",\"@id\":\"https:\/\/www.africa-press.net\/comores\/toutes-les-actualites\/un-comorien-decede-a-bord-dun-vol-dethiopian-airlines-une-enque%cc%82te-ouverte\",\"url\":\"https:\/\/www.africa-press.net\/comores\/toutes-les-actualites\/un-comorien-decede-a-bord-dun-vol-dethiopian-airlines-une-enque%cc%82te-ouverte\",\"name\":\"Un comorien de\u0301ce\u0301de\u0301 a\u0300 bord d\u2019un vol d\u2019Ethiopian Airlines, une enque\u0302te ouverte ! - Comores\",\"isPartOf\":{\"@id\":\"https:\/\/www.africa-press.net\/comores\/#website\"},\"primaryImageOfPage\":{\"@id\":\"https:\/\/www.africa-press.net\/comores\/toutes-les-actualites\/un-comorien-decede-a-bord-dun-vol-dethiopian-airlines-une-enque%cc%82te-ouverte#primaryimage\"},\"image\":{\"@id\":\"https:\/\/www.africa-press.net\/comores\/toutes-les-actualites\/un-comorien-decede-a-bord-dun-vol-dethiopian-airlines-une-enque%cc%82te-ouverte#primaryimage\"},\"thumbnailUrl\":\"https:\/\/static.africa-press.net\/centrafricaine\/sites\/48\/2024\/06\/sm_1718487204.958965.jpg\",\"datePublished\":\"2024-06-15T12:45:56+00:00\",\"dateModified\":\"2024-06-16T02:05:29+00:00\",\"author\":{\"@id\":\"https:\/\/www.africa-press.net\/comores\/#\/schema\/person\/2b1cf3cd81a31e3cd26889ca66d677f1\"},\"description\":\"Apre\u0300s le drame d\u2019Illinois ou\u0300 une fillette de 8 ans a perdu la vie en plein vol, un drame similaire s\u2019est produit dans ...\",\"breadcrumb\":{\"@id\":\"https:\/\/www.africa-press.net\/comores\/toutes-les-actualites\/un-comorien-decede-a-bord-dun-vol-dethiopian-airlines-une-enque%cc%82te-ouverte#breadcrumb\"},\"inLanguage\":\"fr-FR\",\"potentialAction\":[{\"@type\":\"ReadAction\",\"target\":[\"https:\/\/www.africa-press.net\/comores\/toutes-les-actualites\/un-comorien-decede-a-bord-dun-vol-dethiopian-airlines-une-enque%cc%82te-ouverte\"]}]},{\"@type\":\"ImageObject\",\"inLanguage\":\"fr-FR\",\"@id\":\"https:\/\/www.africa-press.net\/comores\/toutes-les-actualites\/un-comorien-decede-a-bord-dun-vol-dethiopian-airlines-une-enque%cc%82te-ouverte#primaryimage\",\"url\":\"https:\/\/static.africa-press.net\/centrafricaine\/sites\/48\/2024\/06\/sm_1718487204.958965.jpg\",\"contentUrl\":\"https:\/\/static.africa-press.net\/centrafricaine\/sites\/48\/2024\/06\/sm_1718487204.958965.jpg\",\"width\":1000,\"height\":562,\"caption\":\"Un comorien de\u0301ce\u0301de\u0301 a\u0300 bord d\u2019un vol d\u2019Ethiopian Airlines, une enque\u0302te ouverte !\"},{\"@type\":\"BreadcrumbList\",\"@id\":\"https:\/\/www.africa-press.net\/comores\/toutes-les-actualites\/un-comorien-decede-a-bord-dun-vol-dethiopian-airlines-une-enque%cc%82te-ouverte#breadcrumb\",\"itemListElement\":[{\"@type\":\"ListItem\",\"position\":1,\"name\":\"Accueil\",\"item\":\"https:\/\/www.africa-press.net\/comores\/\"},{\"@type\":\"ListItem\",\"position\":2,\"name\":\"Un comorien de\u0301ce\u0301de\u0301 a\u0300 bord d\u2019un vol d\u2019Ethiopian Airlines, une enque\u0302te ouverte !\"}]},{\"@type\":\"WebSite\",\"@id\":\"https:\/\/www.africa-press.net\/comores\/#website\",\"url\":\"https:\/\/www.africa-press.net\/comores\/\",\"name\":\"Comores\",\"description\":\"Just another Africa News Agency Sites site\",\"potentialAction\":[{\"@type\":\"SearchAction\",\"target\":{\"@type\":\"EntryPoint\",\"urlTemplate\":\"https:\/\/www.africa-press.net\/comores\/?s={search_term_string}\"},\"query-input\":{\"@type\":\"PropertyValueSpecification\",\"valueRequired\":true,\"valueName\":\"search_term_string\"}}],\"inLanguage\":\"fr-FR\"},{\"@type\":\"Person\",\"@id\":\"https:\/\/www.africa-press.net\/comores\/#\/schema\/person\/2b1cf3cd81a31e3cd26889ca66d677f1\",\"name\":\"cfeditorfr\"}]}<\/script>\n<!-- \/ Yoast SEO Premium plugin. -->","yoast_head_json":{"title":"Un comorien de\u0301ce\u0301de\u0301 a\u0300 bord d\u2019un vol d\u2019Ethiopian Airlines, une enque\u0302te ouverte ! - Comores","description":"Apre\u0300s le drame d\u2019Illinois ou\u0300 une fillette de 8 ans a perdu la vie en plein vol, un drame similaire s\u2019est produit dans ...","robots":{"index":"index","follow":"follow","max-snippet":"max-snippet:-1","max-image-preview":"max-image-preview:large","max-video-preview":"max-video-preview:-1"},"canonical":"https:\/\/www.africa-press.net\/comores\/toutes-les-actualites\/un-comorien-decede-a-bord-dun-vol-dethiopian-airlines-une-enque\u0302te-ouverte","og_locale":"fr_FR","og_type":"article","og_title":"Un comorien de\u0301ce\u0301de\u0301 a\u0300 bord d\u2019un vol d\u2019Ethiopian Airlines, une enque\u0302te ouverte !","og_description":"Apre\u0300s le drame d\u2019Illinois ou\u0300 une fillette de 8 ans a perdu la vie en plein vol, un drame similaire s\u2019est produit dans ...","og_url":"https:\/\/www.africa-press.net\/comores\/toutes-les-actualites\/un-comorien-decede-a-bord-dun-vol-dethiopian-airlines-une-enque\u0302te-ouverte","og_site_name":"Comores","article_published_time":"2024-06-15T12:45:56+00:00","article_modified_time":"2024-06-16T02:05:29+00:00","og_image":[{"width":1000,"height":562,"url":"https:\/\/static.africa-press.net\/centrafricaine\/sites\/48\/2024\/06\/sm_1718487204.958965.jpg","type":"image\/jpeg"}],"author":"cfeditorfr","twitter_card":"summary_large_image","twitter_misc":{"\u00c9crit par":"cfeditorfr","Dur\u00e9e de lecture estim\u00e9e":"1 minute"},"schema":{"@context":"https:\/\/schema.org","@graph":[{"@type":"Article","@id":"https:\/\/www.africa-press.net\/comores\/toutes-les-actualites\/un-comorien-decede-a-bord-dun-vol-dethiopian-airlines-une-enque%cc%82te-ouverte#article","isPartOf":{"@id":"https:\/\/www.africa-press.net\/comores\/toutes-les-actualites\/un-comorien-decede-a-bord-dun-vol-dethiopian-airlines-une-enque%cc%82te-ouverte"},"author":{"name":"cfeditorfr","@id":"https:\/\/www.africa-press.net\/comores\/#\/schema\/person\/2b1cf3cd81a31e3cd26889ca66d677f1"},"headline":"Un comorien de\u0301ce\u0301de\u0301 a\u0300 bord d\u2019un vol d\u2019Ethiopian Airlines, une enque\u0302te ouverte !","datePublished":"2024-06-15T12:45:56+00:00","dateModified":"2024-06-16T02:05:29+00:00","mainEntityOfPage":{"@id":"https:\/\/www.africa-press.net\/comores\/toutes-les-actualites\/un-comorien-decede-a-bord-dun-vol-dethiopian-airlines-une-enque%cc%82te-ouverte"},"wordCount":162,"commentCount":0,"image":{"@id":"https:\/\/www.africa-press.net\/comores\/toutes-les-actualites\/un-comorien-decede-a-bord-dun-vol-dethiopian-airlines-une-enque%cc%82te-ouverte#primaryimage"},"thumbnailUrl":"https:\/\/static.africa-press.net\/centrafricaine\/sites\/48\/2024\/06\/sm_1718487204.958965.jpg","keywords":["Comores"],"articleSection":["Communaut\u00e9","Top Nouvelles","Toutes les actualit\u00e9s"],"inLanguage":"fr-FR","potentialAction":[{"@type":"CommentAction","name":"Comment","target":["https:\/\/www.africa-press.net\/comores\/toutes-les-actualites\/un-comorien-decede-a-bord-dun-vol-dethiopian-airlines-une-enque%cc%82te-ouverte#respond"]}]},{"@type":"WebPage","@id":"https:\/\/www.africa-press.net\/comores\/toutes-les-actualites\/un-comorien-decede-a-bord-dun-vol-dethiopian-airlines-une-enque%cc%82te-ouverte","url":"https:\/\/www.africa-press.net\/comores\/toutes-les-actualites\/un-comorien-decede-a-bord-dun-vol-dethiopian-airlines-une-enque%cc%82te-ouverte","name":"Un comorien de\u0301ce\u0301de\u0301 a\u0300 bord d\u2019un vol d\u2019Ethiopian Airlines, une enque\u0302te ouverte ! - Comores","isPartOf":{"@id":"https:\/\/www.africa-press.net\/comores\/#website"},"primaryImageOfPage":{"@id":"https:\/\/www.africa-press.net\/comores\/toutes-les-actualites\/un-comorien-decede-a-bord-dun-vol-dethiopian-airlines-une-enque%cc%82te-ouverte#primaryimage"},"image":{"@id":"https:\/\/www.africa-press.net\/comores\/toutes-les-actualites\/un-comorien-decede-a-bord-dun-vol-dethiopian-airlines-une-enque%cc%82te-ouverte#primaryimage"},"thumbnailUrl":"https:\/\/static.africa-press.net\/centrafricaine\/sites\/48\/2024\/06\/sm_1718487204.958965.jpg","datePublished":"2024-06-15T12:45:56+00:00","dateModified":"2024-06-16T02:05:29+00:00","author":{"@id":"https:\/\/www.africa-press.net\/comores\/#\/schema\/person\/2b1cf3cd81a31e3cd26889ca66d677f1"},"description":"Apre\u0300s le drame d\u2019Illinois ou\u0300 une fillette de 8 ans a perdu la vie en plein vol, un drame similaire s\u2019est produit dans ...","breadcrumb":{"@id":"https:\/\/www.africa-press.net\/comores\/toutes-les-actualites\/un-comorien-decede-a-bord-dun-vol-dethiopian-airlines-une-enque%cc%82te-ouverte#breadcrumb"},"inLanguage":"fr-FR","potentialAction":[{"@type":"ReadAction","target":["https:\/\/www.africa-press.net\/comores\/toutes-les-actualites\/un-comorien-decede-a-bord-dun-vol-dethiopian-airlines-une-enque%cc%82te-ouverte"]}]},{"@type":"ImageObject","inLanguage":"fr-FR","@id":"https:\/\/www.africa-press.net\/comores\/toutes-les-actualites\/un-comorien-decede-a-bord-dun-vol-dethiopian-airlines-une-enque%cc%82te-ouverte#primaryimage","url":"https:\/\/static.africa-press.net\/centrafricaine\/sites\/48\/2024\/06\/sm_1718487204.958965.jpg","contentUrl":"https:\/\/static.africa-press.net\/centrafricaine\/sites\/48\/2024\/06\/sm_1718487204.958965.jpg","width":1000,"height":562,"caption":"Un comorien de\u0301ce\u0301de\u0301 a\u0300 bord d\u2019un vol d\u2019Ethiopian Airlines, une enque\u0302te ouverte !"},{"@type":"BreadcrumbList","@id":"https:\/\/www.africa-press.net\/comores\/toutes-les-actualites\/un-comorien-decede-a-bord-dun-vol-dethiopian-airlines-une-enque%cc%82te-ouverte#breadcrumb","itemListElement":[{"@type":"ListItem","position":1,"name":"Accueil","item":"https:\/\/www.africa-press.net\/comores\/"},{"@type":"ListItem","position":2,"name":"Un comorien de\u0301ce\u0301de\u0301 a\u0300 bord d\u2019un vol d\u2019Ethiopian Airlines, une enque\u0302te ouverte !"}]},{"@type":"WebSite","@id":"https:\/\/www.africa-press.net\/comores\/#website","url":"https:\/\/www.africa-press.net\/comores\/","name":"Comores","description":"Just another Africa News Agency Sites site","potentialAction":[{"@type":"SearchAction","target":{"@type":"EntryPoint","urlTemplate":"https:\/\/www.africa-press.net\/comores\/?s={search_term_string}"},"query-input":{"@type":"PropertyValueSpecification","valueRequired":true,"valueName":"search_term_string"}}],"inLanguage":"fr-FR"},{"@type":"Person","@id":"https:\/\/www.africa-press.net\/comores\/#\/schema\/person\/2b1cf3cd81a31e3cd26889ca66d677f1","name":"cfeditorfr"}]}},"_links":{"self":[{"href":"https:\/\/www.africa-press.net\/comores\/wp-json\/wp\/v2\/posts\/19203","targetHints":{"allow":["GET"]}}],"collection":[{"href":"https:\/\/www.africa-press.net\/comores\/wp-json\/wp\/v2\/posts"}],"about":[{"href":"https:\/\/www.africa-press.net\/comores\/wp-json\/wp\/v2\/types\/post"}],"author":[{"embeddable":true,"href":"https:\/\/www.africa-press.net\/comores\/wp-json\/wp\/v2\/users\/82"}],"replies":[{"embeddable":true,"href":"https:\/\/www.africa-press.net\/comores\/wp-json\/wp\/v2\/comments?post=19203"}],"version-history":[{"count":0,"href":"https:\/\/www.africa-press.net\/comores\/wp-json\/wp\/v2\/posts\/19203\/revisions"}],"wp:featuredmedia":[{"embeddable":true,"href":"https:\/\/www.africa-press.net\/comores\/wp-json\/wp\/v2\/media\/19202"}],"wp:attachment":[{"href":"https:\/\/www.africa-press.net\/comores\/wp-json\/wp\/v2\/media?parent=19203"}],"wp:term":[{"taxonomy":"category","embeddable":true,"href":"https:\/\/www.africa-press.net\/comores\/wp-json\/wp\/v2\/categories?post=19203"},{"taxonomy":"post_tag","embeddable":true,"href":"https:\/\/www.africa-press.net\/comores\/wp-json\/wp\/v2\/tags?post=19203"}],"curies":[{"name":"wp","href":"https:\/\/api.w.org\/{rel}","templated":true}]}}