{"id":21271,"date":"2024-11-07T12:51:14","date_gmt":"2024-11-07T12:51:14","guid":{"rendered":"https:\/\/www.africa-press.net\/comores\/politique\/parc-national-de-moheli-une-mission-du-projet-recos-a-moheli"},"modified":"2024-11-08T03:57:57","modified_gmt":"2024-11-08T03:57:57","slug":"parc-national-de-moheli-une-mission-du-projet-recos-a-moheli","status":"publish","type":"post","link":"https:\/\/www.africa-press.net\/comores\/toutes-les-actualites\/parc-national-de-moheli-une-mission-du-projet-recos-a-moheli","title":{"rendered":"Parc National de Mohe\u0301li: Une mission du projet RECOS a\u0300 Mohe\u0301li"},"content":{"rendered":"<p><span style=\"color: #ff6600\"><strong>Africa-Press &#8211; Comores. <\/strong><\/span><b>La Commission de l\u2019Oce\u0301an Indien (COI), a\u0300 travers son projet \u00ab Re\u0301silience des populations et des e\u0301cosyste\u0300mes co\u0302tiers du Sud-Ouest de l\u2019oce\u0301an Indien \u00bb (RECOS), me\u0300ne diverses activite\u0301s aux Comores. Re\u0301cemment, une de\u0301le\u0301gation de deux personnes s\u2019est rendue sur le site pilote du Parc National de Mohe\u0301li pour offrir un appui technique et a profite\u0301 de l\u2019occasion pour participer au lancement d&rsquo;une campagne de restauration des mangroves.<\/b><\/p>\n<p>Le projet RECOS soutient six sites pilotes de restauration des e\u0301cosyste\u0300mes co\u0302tiers dans les E\u0301tats membres de la COI, et le Parc National de Mohe\u0301li (PNM) en fait partie. Ce projet vise trois objectifs principaux: renforcer la protection des habitats marins et des espe\u0300ces sensibles (les mangroves, les herbiers, les tortues, et les dugongs), instaurer des mesures de gestion de la pe\u0302che et renforcer la re\u0301silience des communaute\u0301s co\u0302tie\u0300res. Entre le 29 octobre et le 2 novembre 2024, une mission RECOS s\u2019est de\u0301place\u0301e a\u0300 Mohe\u0301li pour suivre l\u2019avancement du projet et apporter un soutien administratif et technique aux e\u0301quipes locales. \u00ab Nous avons rec\u0327u une de\u0301le\u0301gation de deux personnes du projet RECOS, venue pour nous aider a\u0300 planifier les activite\u0301s de 2025 et a\u0300 faire le point sur les projets en cours \u00bb, explique Chekidine Said, directeur exe\u0301cutif du PNM.<\/p>\n<p>Gra\u0302ce a\u0300 l\u2019appui de RECOS, le PNM a lance\u0301 plusieurs initiatives visant a\u0300 renforcer la re\u0301silience des populations locales et des e\u0301cosyste\u0300mes co\u0302tiers. \u00ab Nous avons identifie\u0301 sept re\u0301serves marines que nous souhaitons baliser en collaboration avec les pe\u0302cheurs. Cette initiative permettra de constituer une re\u0301serve de poissons et d\u2019ame\u0301liorer les conditions des e\u0301cosyste\u0300mes marins \u00bb, indique-t-il. Il ajoute: \u00ab Nous effectuons e\u0301galement un suivi e\u0301cologique pour surveiller l\u2019e\u0301volution et l\u2019e\u0301tat de sante\u0301 des e\u0301cosyste\u0300mes marins. \u00bb Le directeur souligne aussi le soutien apporte\u0301 aux communaute\u0301s co\u0302tie\u0300res a\u0300 travers de mini-projets visant a\u0300 limiter la surexploitation des ressources marines.<\/p>\n<p>Un communique\u0301 de la COI pre\u0301cise que \u00ab cette mission a permis de de\u0301finir les actions pre\u0301vues pour 2025, telles que la re\u0301vision des accords de cogestion, le balisage des re\u0301serves marines et le renforcement des associations de pe\u0302cheurs de Mohe\u0301li. Une sortie de terrain a e\u0301galement mis en e\u0301vidence l\u2019urgence de prote\u0301ger l\u2019herbier marin \u00bb. Ce communique\u0301 ajoute: \u00ab La protection de l\u2019herbier marin est essentielle pour pre\u0301server la biodiversite\u0301 marine, et cette mesure est incluse dans le projet d\u2019arre\u0302te\u0301 sur la de\u0301limitation des re\u0301serves marines du Parc. \u00bb Le projet RECOS a e\u0301galement participe\u0301 au lancement de la campagne de restauration des mangroves de Bangacharini, a\u0300 Mohe\u0301li, dans le cadre d\u2019un projet finance\u0301 par la Banque mondiale. La ce\u0301re\u0301monie s\u2019est tenue le 1er novembre, sur le site de restauration, en pre\u0301sence de plusieurs officiels comoriens, dont le ministre de l\u2019Environnement et le ministre de l\u2019Agriculture.<\/p>\n<p>Lors de cet e\u0301ve\u0301nement, M. Chekidine Said, directeur exe\u0301cutif du PNM, a rappele\u0301 les efforts du Parc pour prote\u0301ger les mangroves de Mohe\u0301li depuis sa cre\u0301ation, et a souligne\u0301 le partenariat de longue date avec la COI, illustre\u0301 par le soutien actuel du projet RECOS. Il a e\u0301galement appele\u0301 a\u0300 une synergie entre le projet de la Banque mondiale et celui de la COI pour maximiser l\u2019impact des actions de protection et de restauration des mangroves.<\/p>\n<p><strong>Pour plus d&rsquo;informations et d&rsquo;analyses sur la Comores, suivez Africa-Press<\/strong><\/p>\n","protected":false},"excerpt":{"rendered":"<p>Africa-Press &#8211; Comores. La Commission de l\u2019Oce\u0301an Indien (COI), a\u0300 travers son projet \u00ab Re\u0301silience des populations et des e\u0301cosyste\u0300mes co\u0302tiers du Sud-Ouest de l\u2019oce\u0301an Indien \u00bb (RECOS), me\u0300ne diverses activite\u0301s aux Comores. Re\u0301cemment, une de\u0301le\u0301gation de deux personnes s\u2019est rendue sur le site pilote du Parc National de Mohe\u0301li pour offrir un appui technique [&hellip;]<\/p>\n","protected":false},"author":82,"featured_media":21270,"comment_status":"open","ping_status":"closed","sticky":false,"template":"","format":"standard","meta":{"footnotes":""},"categories":[21,10],"tags":[45],"class_list":["post-21271","post","type-post","status-publish","format-standard","has-post-thumbnail","hentry","category-communaute","category-toutes-les-actualites","tag-comores"],"yoast_head":"<!-- This site is optimized with the Yoast SEO Premium plugin v26.1 (Yoast SEO v27.0) - https:\/\/yoast.com\/product\/yoast-seo-premium-wordpress\/ -->\n<title>Parc National de Mohe\u0301li: Une mission du projet RECOS a\u0300 Mohe\u0301li - Comores<\/title>\n<meta name=\"description\" content=\"La Commission de l\u2019Oce\u0301an Indien (COI), a\u0300 travers son projet \u00ab Re\u0301silience des populations et des e\u0301cosyste\u0300mes co\u0302t ...\" \/>\n<meta name=\"robots\" content=\"index, follow, max-snippet:-1, max-image-preview:large, max-video-preview:-1\" \/>\n<link rel=\"canonical\" href=\"https:\/\/www.africa-press.net\/comores\/toutes-les-actualites\/parc-national-de-moheli-une-mission-du-projet-recos-a-moheli\" \/>\n<meta property=\"og:locale\" content=\"fr_FR\" \/>\n<meta property=\"og:type\" content=\"article\" \/>\n<meta property=\"og:title\" content=\"Parc National de Mohe\u0301li: Une mission du projet RECOS a\u0300 Mohe\u0301li\" \/>\n<meta property=\"og:description\" content=\"La Commission de l\u2019Oce\u0301an Indien (COI), a\u0300 travers son projet \u00ab Re\u0301silience des populations et des e\u0301cosyste\u0300mes co\u0302t ...\" \/>\n<meta property=\"og:url\" content=\"https:\/\/www.africa-press.net\/comores\/toutes-les-actualites\/parc-national-de-moheli-une-mission-du-projet-recos-a-moheli\" \/>\n<meta property=\"og:site_name\" content=\"Comores\" \/>\n<meta property=\"article:published_time\" content=\"2024-11-07T12:51:14+00:00\" \/>\n<meta property=\"article:modified_time\" content=\"2024-11-08T03:57:57+00:00\" \/>\n<meta property=\"og:image\" content=\"https:\/\/static.africa-press.net\/centrafricaine\/sites\/48\/2024\/11\/sm_1731067026.21081.jpg\" \/>\n\t<meta property=\"og:image:width\" content=\"1280\" \/>\n\t<meta property=\"og:image:height\" content=\"720\" \/>\n\t<meta property=\"og:image:type\" content=\"image\/jpeg\" \/>\n<meta name=\"author\" content=\"cfeditorfr\" \/>\n<meta name=\"twitter:card\" content=\"summary_large_image\" \/>\n<meta name=\"twitter:label1\" content=\"\u00c9crit par\" \/>\n\t<meta name=\"twitter:data1\" content=\"cfeditorfr\" \/>\n\t<meta name=\"twitter:label2\" content=\"Dur\u00e9e de lecture estim\u00e9e\" \/>\n\t<meta name=\"twitter:data2\" content=\"3 minutes\" \/>\n<script type=\"application\/ld+json\" class=\"yoast-schema-graph\">{\"@context\":\"https:\/\/schema.org\",\"@graph\":[{\"@type\":\"Article\",\"@id\":\"https:\/\/www.africa-press.net\/comores\/toutes-les-actualites\/parc-national-de-moheli-une-mission-du-projet-recos-a-moheli#article\",\"isPartOf\":{\"@id\":\"https:\/\/www.africa-press.net\/comores\/toutes-les-actualites\/parc-national-de-moheli-une-mission-du-projet-recos-a-moheli\"},\"author\":{\"name\":\"cfeditorfr\",\"@id\":\"https:\/\/www.africa-press.net\/comores\/#\/schema\/person\/2b1cf3cd81a31e3cd26889ca66d677f1\"},\"headline\":\"Parc National de Mohe\u0301li: Une mission du projet RECOS a\u0300 Mohe\u0301li\",\"datePublished\":\"2024-11-07T12:51:14+00:00\",\"dateModified\":\"2024-11-08T03:57:57+00:00\",\"mainEntityOfPage\":{\"@id\":\"https:\/\/www.africa-press.net\/comores\/toutes-les-actualites\/parc-national-de-moheli-une-mission-du-projet-recos-a-moheli\"},\"wordCount\":638,\"commentCount\":0,\"image\":{\"@id\":\"https:\/\/www.africa-press.net\/comores\/toutes-les-actualites\/parc-national-de-moheli-une-mission-du-projet-recos-a-moheli#primaryimage\"},\"thumbnailUrl\":\"https:\/\/static.africa-press.net\/centrafricaine\/sites\/48\/2024\/11\/sm_1731067026.21081.jpg\",\"keywords\":[\"Comores\"],\"articleSection\":[\"Communaut\u00e9\",\"Toutes les actualit\u00e9s\"],\"inLanguage\":\"fr-FR\",\"potentialAction\":[{\"@type\":\"CommentAction\",\"name\":\"Comment\",\"target\":[\"https:\/\/www.africa-press.net\/comores\/toutes-les-actualites\/parc-national-de-moheli-une-mission-du-projet-recos-a-moheli#respond\"]}]},{\"@type\":\"WebPage\",\"@id\":\"https:\/\/www.africa-press.net\/comores\/toutes-les-actualites\/parc-national-de-moheli-une-mission-du-projet-recos-a-moheli\",\"url\":\"https:\/\/www.africa-press.net\/comores\/toutes-les-actualites\/parc-national-de-moheli-une-mission-du-projet-recos-a-moheli\",\"name\":\"Parc National de Mohe\u0301li: Une mission du projet RECOS a\u0300 Mohe\u0301li - Comores\",\"isPartOf\":{\"@id\":\"https:\/\/www.africa-press.net\/comores\/#website\"},\"primaryImageOfPage\":{\"@id\":\"https:\/\/www.africa-press.net\/comores\/toutes-les-actualites\/parc-national-de-moheli-une-mission-du-projet-recos-a-moheli#primaryimage\"},\"image\":{\"@id\":\"https:\/\/www.africa-press.net\/comores\/toutes-les-actualites\/parc-national-de-moheli-une-mission-du-projet-recos-a-moheli#primaryimage\"},\"thumbnailUrl\":\"https:\/\/static.africa-press.net\/centrafricaine\/sites\/48\/2024\/11\/sm_1731067026.21081.jpg\",\"datePublished\":\"2024-11-07T12:51:14+00:00\",\"dateModified\":\"2024-11-08T03:57:57+00:00\",\"author\":{\"@id\":\"https:\/\/www.africa-press.net\/comores\/#\/schema\/person\/2b1cf3cd81a31e3cd26889ca66d677f1\"},\"description\":\"La Commission de l\u2019Oce\u0301an Indien (COI), a\u0300 travers son projet \u00ab Re\u0301silience des populations et des e\u0301cosyste\u0300mes co\u0302t ...\",\"breadcrumb\":{\"@id\":\"https:\/\/www.africa-press.net\/comores\/toutes-les-actualites\/parc-national-de-moheli-une-mission-du-projet-recos-a-moheli#breadcrumb\"},\"inLanguage\":\"fr-FR\",\"potentialAction\":[{\"@type\":\"ReadAction\",\"target\":[\"https:\/\/www.africa-press.net\/comores\/toutes-les-actualites\/parc-national-de-moheli-une-mission-du-projet-recos-a-moheli\"]}]},{\"@type\":\"ImageObject\",\"inLanguage\":\"fr-FR\",\"@id\":\"https:\/\/www.africa-press.net\/comores\/toutes-les-actualites\/parc-national-de-moheli-une-mission-du-projet-recos-a-moheli#primaryimage\",\"url\":\"https:\/\/static.africa-press.net\/centrafricaine\/sites\/48\/2024\/11\/sm_1731067026.21081.jpg\",\"contentUrl\":\"https:\/\/static.africa-press.net\/centrafricaine\/sites\/48\/2024\/11\/sm_1731067026.21081.jpg\",\"width\":1280,\"height\":720,\"caption\":\"Parc National de Mohe\u0301li: Une mission du projet RECOS a\u0300 Mohe\u0301li\"},{\"@type\":\"BreadcrumbList\",\"@id\":\"https:\/\/www.africa-press.net\/comores\/toutes-les-actualites\/parc-national-de-moheli-une-mission-du-projet-recos-a-moheli#breadcrumb\",\"itemListElement\":[{\"@type\":\"ListItem\",\"position\":1,\"name\":\"Accueil\",\"item\":\"https:\/\/www.africa-press.net\/comores\/\"},{\"@type\":\"ListItem\",\"position\":2,\"name\":\"Parc National de Mohe\u0301li: Une mission du projet RECOS a\u0300 Mohe\u0301li\"}]},{\"@type\":\"WebSite\",\"@id\":\"https:\/\/www.africa-press.net\/comores\/#website\",\"url\":\"https:\/\/www.africa-press.net\/comores\/\",\"name\":\"Comores\",\"description\":\"Just another Africa News Agency Sites site\",\"potentialAction\":[{\"@type\":\"SearchAction\",\"target\":{\"@type\":\"EntryPoint\",\"urlTemplate\":\"https:\/\/www.africa-press.net\/comores\/?s={search_term_string}\"},\"query-input\":{\"@type\":\"PropertyValueSpecification\",\"valueRequired\":true,\"valueName\":\"search_term_string\"}}],\"inLanguage\":\"fr-FR\"},{\"@type\":\"Person\",\"@id\":\"https:\/\/www.africa-press.net\/comores\/#\/schema\/person\/2b1cf3cd81a31e3cd26889ca66d677f1\",\"name\":\"cfeditorfr\"}]}<\/script>\n<!-- \/ Yoast SEO Premium plugin. -->","yoast_head_json":{"title":"Parc National de Mohe\u0301li: Une mission du projet RECOS a\u0300 Mohe\u0301li - Comores","description":"La Commission de l\u2019Oce\u0301an Indien (COI), a\u0300 travers son projet \u00ab Re\u0301silience des populations et des e\u0301cosyste\u0300mes co\u0302t ...","robots":{"index":"index","follow":"follow","max-snippet":"max-snippet:-1","max-image-preview":"max-image-preview:large","max-video-preview":"max-video-preview:-1"},"canonical":"https:\/\/www.africa-press.net\/comores\/toutes-les-actualites\/parc-national-de-moheli-une-mission-du-projet-recos-a-moheli","og_locale":"fr_FR","og_type":"article","og_title":"Parc National de Mohe\u0301li: Une mission du projet RECOS a\u0300 Mohe\u0301li","og_description":"La Commission de l\u2019Oce\u0301an Indien (COI), a\u0300 travers son projet \u00ab Re\u0301silience des populations et des e\u0301cosyste\u0300mes co\u0302t ...","og_url":"https:\/\/www.africa-press.net\/comores\/toutes-les-actualites\/parc-national-de-moheli-une-mission-du-projet-recos-a-moheli","og_site_name":"Comores","article_published_time":"2024-11-07T12:51:14+00:00","article_modified_time":"2024-11-08T03:57:57+00:00","og_image":[{"width":1280,"height":720,"url":"https:\/\/static.africa-press.net\/centrafricaine\/sites\/48\/2024\/11\/sm_1731067026.21081.jpg","type":"image\/jpeg"}],"author":"cfeditorfr","twitter_card":"summary_large_image","twitter_misc":{"\u00c9crit par":"cfeditorfr","Dur\u00e9e de lecture estim\u00e9e":"3 minutes"},"schema":{"@context":"https:\/\/schema.org","@graph":[{"@type":"Article","@id":"https:\/\/www.africa-press.net\/comores\/toutes-les-actualites\/parc-national-de-moheli-une-mission-du-projet-recos-a-moheli#article","isPartOf":{"@id":"https:\/\/www.africa-press.net\/comores\/toutes-les-actualites\/parc-national-de-moheli-une-mission-du-projet-recos-a-moheli"},"author":{"name":"cfeditorfr","@id":"https:\/\/www.africa-press.net\/comores\/#\/schema\/person\/2b1cf3cd81a31e3cd26889ca66d677f1"},"headline":"Parc National de Mohe\u0301li: Une mission du projet RECOS a\u0300 Mohe\u0301li","datePublished":"2024-11-07T12:51:14+00:00","dateModified":"2024-11-08T03:57:57+00:00","mainEntityOfPage":{"@id":"https:\/\/www.africa-press.net\/comores\/toutes-les-actualites\/parc-national-de-moheli-une-mission-du-projet-recos-a-moheli"},"wordCount":638,"commentCount":0,"image":{"@id":"https:\/\/www.africa-press.net\/comores\/toutes-les-actualites\/parc-national-de-moheli-une-mission-du-projet-recos-a-moheli#primaryimage"},"thumbnailUrl":"https:\/\/static.africa-press.net\/centrafricaine\/sites\/48\/2024\/11\/sm_1731067026.21081.jpg","keywords":["Comores"],"articleSection":["Communaut\u00e9","Toutes les actualit\u00e9s"],"inLanguage":"fr-FR","potentialAction":[{"@type":"CommentAction","name":"Comment","target":["https:\/\/www.africa-press.net\/comores\/toutes-les-actualites\/parc-national-de-moheli-une-mission-du-projet-recos-a-moheli#respond"]}]},{"@type":"WebPage","@id":"https:\/\/www.africa-press.net\/comores\/toutes-les-actualites\/parc-national-de-moheli-une-mission-du-projet-recos-a-moheli","url":"https:\/\/www.africa-press.net\/comores\/toutes-les-actualites\/parc-national-de-moheli-une-mission-du-projet-recos-a-moheli","name":"Parc National de Mohe\u0301li: Une mission du projet RECOS a\u0300 Mohe\u0301li - Comores","isPartOf":{"@id":"https:\/\/www.africa-press.net\/comores\/#website"},"primaryImageOfPage":{"@id":"https:\/\/www.africa-press.net\/comores\/toutes-les-actualites\/parc-national-de-moheli-une-mission-du-projet-recos-a-moheli#primaryimage"},"image":{"@id":"https:\/\/www.africa-press.net\/comores\/toutes-les-actualites\/parc-national-de-moheli-une-mission-du-projet-recos-a-moheli#primaryimage"},"thumbnailUrl":"https:\/\/static.africa-press.net\/centrafricaine\/sites\/48\/2024\/11\/sm_1731067026.21081.jpg","datePublished":"2024-11-07T12:51:14+00:00","dateModified":"2024-11-08T03:57:57+00:00","author":{"@id":"https:\/\/www.africa-press.net\/comores\/#\/schema\/person\/2b1cf3cd81a31e3cd26889ca66d677f1"},"description":"La Commission de l\u2019Oce\u0301an Indien (COI), a\u0300 travers son projet \u00ab Re\u0301silience des populations et des e\u0301cosyste\u0300mes co\u0302t ...","breadcrumb":{"@id":"https:\/\/www.africa-press.net\/comores\/toutes-les-actualites\/parc-national-de-moheli-une-mission-du-projet-recos-a-moheli#breadcrumb"},"inLanguage":"fr-FR","potentialAction":[{"@type":"ReadAction","target":["https:\/\/www.africa-press.net\/comores\/toutes-les-actualites\/parc-national-de-moheli-une-mission-du-projet-recos-a-moheli"]}]},{"@type":"ImageObject","inLanguage":"fr-FR","@id":"https:\/\/www.africa-press.net\/comores\/toutes-les-actualites\/parc-national-de-moheli-une-mission-du-projet-recos-a-moheli#primaryimage","url":"https:\/\/static.africa-press.net\/centrafricaine\/sites\/48\/2024\/11\/sm_1731067026.21081.jpg","contentUrl":"https:\/\/static.africa-press.net\/centrafricaine\/sites\/48\/2024\/11\/sm_1731067026.21081.jpg","width":1280,"height":720,"caption":"Parc National de Mohe\u0301li: Une mission du projet RECOS a\u0300 Mohe\u0301li"},{"@type":"BreadcrumbList","@id":"https:\/\/www.africa-press.net\/comores\/toutes-les-actualites\/parc-national-de-moheli-une-mission-du-projet-recos-a-moheli#breadcrumb","itemListElement":[{"@type":"ListItem","position":1,"name":"Accueil","item":"https:\/\/www.africa-press.net\/comores\/"},{"@type":"ListItem","position":2,"name":"Parc National de Mohe\u0301li: Une mission du projet RECOS a\u0300 Mohe\u0301li"}]},{"@type":"WebSite","@id":"https:\/\/www.africa-press.net\/comores\/#website","url":"https:\/\/www.africa-press.net\/comores\/","name":"Comores","description":"Just another Africa News Agency Sites site","potentialAction":[{"@type":"SearchAction","target":{"@type":"EntryPoint","urlTemplate":"https:\/\/www.africa-press.net\/comores\/?s={search_term_string}"},"query-input":{"@type":"PropertyValueSpecification","valueRequired":true,"valueName":"search_term_string"}}],"inLanguage":"fr-FR"},{"@type":"Person","@id":"https:\/\/www.africa-press.net\/comores\/#\/schema\/person\/2b1cf3cd81a31e3cd26889ca66d677f1","name":"cfeditorfr"}]}},"_links":{"self":[{"href":"https:\/\/www.africa-press.net\/comores\/wp-json\/wp\/v2\/posts\/21271","targetHints":{"allow":["GET"]}}],"collection":[{"href":"https:\/\/www.africa-press.net\/comores\/wp-json\/wp\/v2\/posts"}],"about":[{"href":"https:\/\/www.africa-press.net\/comores\/wp-json\/wp\/v2\/types\/post"}],"author":[{"embeddable":true,"href":"https:\/\/www.africa-press.net\/comores\/wp-json\/wp\/v2\/users\/82"}],"replies":[{"embeddable":true,"href":"https:\/\/www.africa-press.net\/comores\/wp-json\/wp\/v2\/comments?post=21271"}],"version-history":[{"count":0,"href":"https:\/\/www.africa-press.net\/comores\/wp-json\/wp\/v2\/posts\/21271\/revisions"}],"wp:featuredmedia":[{"embeddable":true,"href":"https:\/\/www.africa-press.net\/comores\/wp-json\/wp\/v2\/media\/21270"}],"wp:attachment":[{"href":"https:\/\/www.africa-press.net\/comores\/wp-json\/wp\/v2\/media?parent=21271"}],"wp:term":[{"taxonomy":"category","embeddable":true,"href":"https:\/\/www.africa-press.net\/comores\/wp-json\/wp\/v2\/categories?post=21271"},{"taxonomy":"post_tag","embeddable":true,"href":"https:\/\/www.africa-press.net\/comores\/wp-json\/wp\/v2\/tags?post=21271"}],"curies":[{"name":"wp","href":"https:\/\/api.w.org\/{rel}","templated":true}]}}