{"id":21315,"date":"2024-11-11T14:00:00","date_gmt":"2024-11-11T14:00:00","guid":{"rendered":"https:\/\/www.africa-press.net\/comores\/politique\/legislatives-2025-la-date-limite-de-depot-prorogee"},"modified":"2024-11-11T23:00:30","modified_gmt":"2024-11-11T23:00:30","slug":"legislatives-2025-la-date-limite-de-depot-prorogee","status":"publish","type":"post","link":"https:\/\/www.africa-press.net\/comores\/politique\/legislatives-2025-la-date-limite-de-depot-prorogee","title":{"rendered":"Le\u0301gislatives 2025: La date limite de de\u0301po\u0302t proroge\u0301e"},"content":{"rendered":"<p><span style=\"color: #ff6600\"><strong>Africa-Press &#8211; Comores. <\/strong><\/span><b>C&rsquo;est peut-e\u0302tre l\u2019une des conse\u0301quences de la re\u0301union du cadre de concertation qui s&rsquo;est tenue en fin de semaine dernie\u0300re a\u0300 la CENI. Le chef de l\u2019E\u0301tat, Azali Assoumani a signe\u0301 samedi 09 novembre dernier, un de\u0301cret portant prorogation de la date limite de de\u0301po\u0302t des candidatures aux e\u0301lections le\u0301gislatives et celles des conseils communaux. De\u0301sormais, les candidats ont jusqu\u2019au 15 novembre, au lieu du 10 novembre pour de\u0301poser leurs dossiers.<\/b><\/p>\n<p>C&rsquo;est ce qu\u2019on appelle faire des heureux. La de\u0301cision du chef de l\u2019E\u0301tat de reporter de cinq jours la date limite pour le de\u0301po\u0302t des candidatures pour les le\u0301gislatives, et les communaux est dans une certaine mesure une forme de justice pour des nombreux candidats qui n\u2019ont pas jusqu&rsquo;a\u0300 maintenant re\u0301uni la paperasse ne\u0301cessaire au de\u0301po\u0302t de candidature. \u00ab Nous avons du mal a\u0300 re\u0301unir les dossiers ne\u0301cessaires \u00bb, se plaint, Abdoulkarim Mohamed, candidat dans une liste d\u2019opposition de la commune de Moroni. La faute selon lui, est que la machine a eu du mal a\u0300 de\u0301marrer. \u00ab La plupart de ceux qui sont de\u0301signe\u0301s pour repre\u0301senter leurs partis n\u2019avaient pas les pe\u0300ces ne\u0301cessaires (extraits, re\u0301sidences de moins de trois mois) ou encore le casier judiciaire \u00bb, re\u0301sume-t-il.<\/p>\n<p>En tout cas, ce sont parmi les arguments que l\u2019opposition a de\u0301fendu lors de la re\u0301union du cadre de concertation devant les instances en charge du processus e\u0301lectoral (CENI, Cour Supre\u0302me). \u00ab C&rsquo;est donc une demi-victoire pour les opposants du re\u0301gime qui avaient, une partie d\u2019entre eux demande\u0301 carre\u0301ment l\u2019arre\u0302t du processus e\u0301lectoral. \u00ab La date limite pour le de\u0301po\u0302t des candidatures aux e\u0301lections des de\u0301pute\u0301s, et des conseillers communaux initialement fixe\u0301e au 10 novembre a\u0300 23 heures 59 est proroge\u0301e jusqu&rsquo;au vendredi 15 novembre a\u0300 23H59 \u00bb, lit-on dans le de\u0301cret 24-168\/PR en date du 09 novembre 2024. Et le de\u0301cret de rappeler les dates d\u2019ouvertures de la campagne e\u0301lectorale: \u00ab La campagne e\u0301lectorale a\u0300 l\u2019occasion du 1er tour de l\u2019e\u0301lection des de\u0301pute\u0301s est ouverte le mercredi 18 de\u0301cembre 2024 a\u0300 ze\u0301ro heure, et close le vendredi 10 janvier 2025 a\u0300 23H59 \u00bb.<\/p>\n<p>Ce report a en tout cas, le me\u0301rite pour une fois de respecter les dispositions du code e\u0301lectoral, qui dispose en son article 149: \u00ab La de\u0301claration de candidature est de\u0301pose\u0301e entre trente (30) et quarante (40) jours avant le de\u0301marrage de la campagne e\u0301lectorale de chaque e\u0301lection, me\u0302me en cas de couplage. \u00bb Les retardataires ont donc jusqu&rsquo;a\u0300 vendredi prochain, pour essayer de re\u0301unir toutes les pie\u0300ces ne\u0301cessaires au de\u0301po\u0302t d\u2019une candidature.<\/p>\n<p><strong>Pour plus d&rsquo;informations et d&rsquo;analyses sur la <span style=\"color: #ff6600\">Comores<\/span>, suivez <span style=\"color: #ff6600\">Africa-Press<\/span><\/strong><\/p>\n","protected":false},"excerpt":{"rendered":"<p>Africa-Press &#8211; Comores. C&rsquo;est peut-e\u0302tre l\u2019une des conse\u0301quences de la re\u0301union du cadre de concertation qui s&rsquo;est tenue en fin de semaine dernie\u0300re a\u0300 la CENI. Le chef de l\u2019E\u0301tat, Azali Assoumani a signe\u0301 samedi 09 novembre dernier, un de\u0301cret portant prorogation de la date limite de de\u0301po\u0302t des candidatures aux e\u0301lections le\u0301gislatives et celles [&hellip;]<\/p>\n","protected":false},"author":82,"featured_media":21314,"comment_status":"open","ping_status":"closed","sticky":false,"template":"","format":"standard","meta":{"footnotes":""},"categories":[2,20,10],"tags":[45],"class_list":["post-21315","post","type-post","status-publish","format-standard","has-post-thumbnail","hentry","category-politique","category-top-nouvelles","category-toutes-les-actualites","tag-comores"],"yoast_head":"<!-- This site is optimized with the Yoast SEO Premium plugin v26.1 (Yoast SEO v27.0) - https:\/\/yoast.com\/product\/yoast-seo-premium-wordpress\/ -->\n<title>Le\u0301gislatives 2025: La date limite de de\u0301po\u0302t proroge\u0301e - Comores<\/title>\n<meta name=\"description\" content=\"C&#039;est peut-e\u0302tre l\u2019une des conse\u0301quences de la re\u0301union du cadre de concertation qui s&#039;est tenue en fin de semaine de ...\" \/>\n<meta name=\"robots\" content=\"index, follow, max-snippet:-1, max-image-preview:large, max-video-preview:-1\" \/>\n<link rel=\"canonical\" href=\"https:\/\/www.africa-press.net\/comores\/politique\/legislatives-2025-la-date-limite-de-depot-prorogee\" \/>\n<meta property=\"og:locale\" content=\"fr_FR\" \/>\n<meta property=\"og:type\" content=\"article\" \/>\n<meta property=\"og:title\" content=\"Le\u0301gislatives 2025: La date limite de de\u0301po\u0302t proroge\u0301e\" \/>\n<meta property=\"og:description\" content=\"C&#039;est peut-e\u0302tre l\u2019une des conse\u0301quences de la re\u0301union du cadre de concertation qui s&#039;est tenue en fin de semaine de ...\" \/>\n<meta property=\"og:url\" content=\"https:\/\/www.africa-press.net\/comores\/politique\/legislatives-2025-la-date-limite-de-depot-prorogee\" \/>\n<meta property=\"og:site_name\" content=\"Comores\" \/>\n<meta property=\"article:published_time\" content=\"2024-11-11T14:00:00+00:00\" \/>\n<meta property=\"article:modified_time\" content=\"2024-11-11T23:00:30+00:00\" \/>\n<meta property=\"og:image\" content=\"https:\/\/static.africa-press.net\/centrafricaine\/sites\/48\/2024\/11\/sm_1731353390.178076.jpg\" \/>\n\t<meta property=\"og:image:width\" content=\"1280\" \/>\n\t<meta property=\"og:image:height\" content=\"720\" \/>\n\t<meta property=\"og:image:type\" content=\"image\/jpeg\" \/>\n<meta name=\"author\" content=\"cfeditorfr\" \/>\n<meta name=\"twitter:card\" content=\"summary_large_image\" \/>\n<meta name=\"twitter:label1\" content=\"\u00c9crit par\" \/>\n\t<meta name=\"twitter:data1\" content=\"cfeditorfr\" \/>\n\t<meta name=\"twitter:label2\" content=\"Dur\u00e9e de lecture estim\u00e9e\" \/>\n\t<meta name=\"twitter:data2\" content=\"3 minutes\" \/>\n<script type=\"application\/ld+json\" class=\"yoast-schema-graph\">{\"@context\":\"https:\/\/schema.org\",\"@graph\":[{\"@type\":\"Article\",\"@id\":\"https:\/\/www.africa-press.net\/comores\/politique\/legislatives-2025-la-date-limite-de-depot-prorogee#article\",\"isPartOf\":{\"@id\":\"https:\/\/www.africa-press.net\/comores\/politique\/legislatives-2025-la-date-limite-de-depot-prorogee\"},\"author\":{\"name\":\"cfeditorfr\",\"@id\":\"https:\/\/www.africa-press.net\/comores\/#\/schema\/person\/2b1cf3cd81a31e3cd26889ca66d677f1\"},\"headline\":\"Le\u0301gislatives 2025: La date limite de de\u0301po\u0302t proroge\u0301e\",\"datePublished\":\"2024-11-11T14:00:00+00:00\",\"dateModified\":\"2024-11-11T23:00:30+00:00\",\"mainEntityOfPage\":{\"@id\":\"https:\/\/www.africa-press.net\/comores\/politique\/legislatives-2025-la-date-limite-de-depot-prorogee\"},\"wordCount\":507,\"commentCount\":0,\"image\":{\"@id\":\"https:\/\/www.africa-press.net\/comores\/politique\/legislatives-2025-la-date-limite-de-depot-prorogee#primaryimage\"},\"thumbnailUrl\":\"https:\/\/static.africa-press.net\/centrafricaine\/sites\/48\/2024\/11\/sm_1731353390.178076.jpg\",\"keywords\":[\"Comores\"],\"articleSection\":[\"Politique\",\"Top Nouvelles\",\"Toutes les actualit\u00e9s\"],\"inLanguage\":\"fr-FR\",\"potentialAction\":[{\"@type\":\"CommentAction\",\"name\":\"Comment\",\"target\":[\"https:\/\/www.africa-press.net\/comores\/politique\/legislatives-2025-la-date-limite-de-depot-prorogee#respond\"]}]},{\"@type\":\"WebPage\",\"@id\":\"https:\/\/www.africa-press.net\/comores\/politique\/legislatives-2025-la-date-limite-de-depot-prorogee\",\"url\":\"https:\/\/www.africa-press.net\/comores\/politique\/legislatives-2025-la-date-limite-de-depot-prorogee\",\"name\":\"Le\u0301gislatives 2025: La date limite de de\u0301po\u0302t proroge\u0301e - Comores\",\"isPartOf\":{\"@id\":\"https:\/\/www.africa-press.net\/comores\/#website\"},\"primaryImageOfPage\":{\"@id\":\"https:\/\/www.africa-press.net\/comores\/politique\/legislatives-2025-la-date-limite-de-depot-prorogee#primaryimage\"},\"image\":{\"@id\":\"https:\/\/www.africa-press.net\/comores\/politique\/legislatives-2025-la-date-limite-de-depot-prorogee#primaryimage\"},\"thumbnailUrl\":\"https:\/\/static.africa-press.net\/centrafricaine\/sites\/48\/2024\/11\/sm_1731353390.178076.jpg\",\"datePublished\":\"2024-11-11T14:00:00+00:00\",\"dateModified\":\"2024-11-11T23:00:30+00:00\",\"author\":{\"@id\":\"https:\/\/www.africa-press.net\/comores\/#\/schema\/person\/2b1cf3cd81a31e3cd26889ca66d677f1\"},\"description\":\"C'est peut-e\u0302tre l\u2019une des conse\u0301quences de la re\u0301union du cadre de concertation qui s'est tenue en fin de semaine de ...\",\"breadcrumb\":{\"@id\":\"https:\/\/www.africa-press.net\/comores\/politique\/legislatives-2025-la-date-limite-de-depot-prorogee#breadcrumb\"},\"inLanguage\":\"fr-FR\",\"potentialAction\":[{\"@type\":\"ReadAction\",\"target\":[\"https:\/\/www.africa-press.net\/comores\/politique\/legislatives-2025-la-date-limite-de-depot-prorogee\"]}]},{\"@type\":\"ImageObject\",\"inLanguage\":\"fr-FR\",\"@id\":\"https:\/\/www.africa-press.net\/comores\/politique\/legislatives-2025-la-date-limite-de-depot-prorogee#primaryimage\",\"url\":\"https:\/\/static.africa-press.net\/centrafricaine\/sites\/48\/2024\/11\/sm_1731353390.178076.jpg\",\"contentUrl\":\"https:\/\/static.africa-press.net\/centrafricaine\/sites\/48\/2024\/11\/sm_1731353390.178076.jpg\",\"width\":1280,\"height\":720,\"caption\":\"Le\u0301gislatives 2025: La date limite de de\u0301po\u0302t proroge\u0301e\"},{\"@type\":\"BreadcrumbList\",\"@id\":\"https:\/\/www.africa-press.net\/comores\/politique\/legislatives-2025-la-date-limite-de-depot-prorogee#breadcrumb\",\"itemListElement\":[{\"@type\":\"ListItem\",\"position\":1,\"name\":\"Accueil\",\"item\":\"https:\/\/www.africa-press.net\/comores\/\"},{\"@type\":\"ListItem\",\"position\":2,\"name\":\"Le\u0301gislatives 2025: La date limite de de\u0301po\u0302t proroge\u0301e\"}]},{\"@type\":\"WebSite\",\"@id\":\"https:\/\/www.africa-press.net\/comores\/#website\",\"url\":\"https:\/\/www.africa-press.net\/comores\/\",\"name\":\"Comores\",\"description\":\"Just another Africa News Agency Sites site\",\"potentialAction\":[{\"@type\":\"SearchAction\",\"target\":{\"@type\":\"EntryPoint\",\"urlTemplate\":\"https:\/\/www.africa-press.net\/comores\/?s={search_term_string}\"},\"query-input\":{\"@type\":\"PropertyValueSpecification\",\"valueRequired\":true,\"valueName\":\"search_term_string\"}}],\"inLanguage\":\"fr-FR\"},{\"@type\":\"Person\",\"@id\":\"https:\/\/www.africa-press.net\/comores\/#\/schema\/person\/2b1cf3cd81a31e3cd26889ca66d677f1\",\"name\":\"cfeditorfr\"}]}<\/script>\n<!-- \/ Yoast SEO Premium plugin. -->","yoast_head_json":{"title":"Le\u0301gislatives 2025: La date limite de de\u0301po\u0302t proroge\u0301e - Comores","description":"C'est peut-e\u0302tre l\u2019une des conse\u0301quences de la re\u0301union du cadre de concertation qui s'est tenue en fin de semaine de ...","robots":{"index":"index","follow":"follow","max-snippet":"max-snippet:-1","max-image-preview":"max-image-preview:large","max-video-preview":"max-video-preview:-1"},"canonical":"https:\/\/www.africa-press.net\/comores\/politique\/legislatives-2025-la-date-limite-de-depot-prorogee","og_locale":"fr_FR","og_type":"article","og_title":"Le\u0301gislatives 2025: La date limite de de\u0301po\u0302t proroge\u0301e","og_description":"C'est peut-e\u0302tre l\u2019une des conse\u0301quences de la re\u0301union du cadre de concertation qui s'est tenue en fin de semaine de ...","og_url":"https:\/\/www.africa-press.net\/comores\/politique\/legislatives-2025-la-date-limite-de-depot-prorogee","og_site_name":"Comores","article_published_time":"2024-11-11T14:00:00+00:00","article_modified_time":"2024-11-11T23:00:30+00:00","og_image":[{"width":1280,"height":720,"url":"https:\/\/static.africa-press.net\/centrafricaine\/sites\/48\/2024\/11\/sm_1731353390.178076.jpg","type":"image\/jpeg"}],"author":"cfeditorfr","twitter_card":"summary_large_image","twitter_misc":{"\u00c9crit par":"cfeditorfr","Dur\u00e9e de lecture estim\u00e9e":"3 minutes"},"schema":{"@context":"https:\/\/schema.org","@graph":[{"@type":"Article","@id":"https:\/\/www.africa-press.net\/comores\/politique\/legislatives-2025-la-date-limite-de-depot-prorogee#article","isPartOf":{"@id":"https:\/\/www.africa-press.net\/comores\/politique\/legislatives-2025-la-date-limite-de-depot-prorogee"},"author":{"name":"cfeditorfr","@id":"https:\/\/www.africa-press.net\/comores\/#\/schema\/person\/2b1cf3cd81a31e3cd26889ca66d677f1"},"headline":"Le\u0301gislatives 2025: La date limite de de\u0301po\u0302t proroge\u0301e","datePublished":"2024-11-11T14:00:00+00:00","dateModified":"2024-11-11T23:00:30+00:00","mainEntityOfPage":{"@id":"https:\/\/www.africa-press.net\/comores\/politique\/legislatives-2025-la-date-limite-de-depot-prorogee"},"wordCount":507,"commentCount":0,"image":{"@id":"https:\/\/www.africa-press.net\/comores\/politique\/legislatives-2025-la-date-limite-de-depot-prorogee#primaryimage"},"thumbnailUrl":"https:\/\/static.africa-press.net\/centrafricaine\/sites\/48\/2024\/11\/sm_1731353390.178076.jpg","keywords":["Comores"],"articleSection":["Politique","Top Nouvelles","Toutes les actualit\u00e9s"],"inLanguage":"fr-FR","potentialAction":[{"@type":"CommentAction","name":"Comment","target":["https:\/\/www.africa-press.net\/comores\/politique\/legislatives-2025-la-date-limite-de-depot-prorogee#respond"]}]},{"@type":"WebPage","@id":"https:\/\/www.africa-press.net\/comores\/politique\/legislatives-2025-la-date-limite-de-depot-prorogee","url":"https:\/\/www.africa-press.net\/comores\/politique\/legislatives-2025-la-date-limite-de-depot-prorogee","name":"Le\u0301gislatives 2025: La date limite de de\u0301po\u0302t proroge\u0301e - Comores","isPartOf":{"@id":"https:\/\/www.africa-press.net\/comores\/#website"},"primaryImageOfPage":{"@id":"https:\/\/www.africa-press.net\/comores\/politique\/legislatives-2025-la-date-limite-de-depot-prorogee#primaryimage"},"image":{"@id":"https:\/\/www.africa-press.net\/comores\/politique\/legislatives-2025-la-date-limite-de-depot-prorogee#primaryimage"},"thumbnailUrl":"https:\/\/static.africa-press.net\/centrafricaine\/sites\/48\/2024\/11\/sm_1731353390.178076.jpg","datePublished":"2024-11-11T14:00:00+00:00","dateModified":"2024-11-11T23:00:30+00:00","author":{"@id":"https:\/\/www.africa-press.net\/comores\/#\/schema\/person\/2b1cf3cd81a31e3cd26889ca66d677f1"},"description":"C'est peut-e\u0302tre l\u2019une des conse\u0301quences de la re\u0301union du cadre de concertation qui s'est tenue en fin de semaine de ...","breadcrumb":{"@id":"https:\/\/www.africa-press.net\/comores\/politique\/legislatives-2025-la-date-limite-de-depot-prorogee#breadcrumb"},"inLanguage":"fr-FR","potentialAction":[{"@type":"ReadAction","target":["https:\/\/www.africa-press.net\/comores\/politique\/legislatives-2025-la-date-limite-de-depot-prorogee"]}]},{"@type":"ImageObject","inLanguage":"fr-FR","@id":"https:\/\/www.africa-press.net\/comores\/politique\/legislatives-2025-la-date-limite-de-depot-prorogee#primaryimage","url":"https:\/\/static.africa-press.net\/centrafricaine\/sites\/48\/2024\/11\/sm_1731353390.178076.jpg","contentUrl":"https:\/\/static.africa-press.net\/centrafricaine\/sites\/48\/2024\/11\/sm_1731353390.178076.jpg","width":1280,"height":720,"caption":"Le\u0301gislatives 2025: La date limite de de\u0301po\u0302t proroge\u0301e"},{"@type":"BreadcrumbList","@id":"https:\/\/www.africa-press.net\/comores\/politique\/legislatives-2025-la-date-limite-de-depot-prorogee#breadcrumb","itemListElement":[{"@type":"ListItem","position":1,"name":"Accueil","item":"https:\/\/www.africa-press.net\/comores\/"},{"@type":"ListItem","position":2,"name":"Le\u0301gislatives 2025: La date limite de de\u0301po\u0302t proroge\u0301e"}]},{"@type":"WebSite","@id":"https:\/\/www.africa-press.net\/comores\/#website","url":"https:\/\/www.africa-press.net\/comores\/","name":"Comores","description":"Just another Africa News Agency Sites site","potentialAction":[{"@type":"SearchAction","target":{"@type":"EntryPoint","urlTemplate":"https:\/\/www.africa-press.net\/comores\/?s={search_term_string}"},"query-input":{"@type":"PropertyValueSpecification","valueRequired":true,"valueName":"search_term_string"}}],"inLanguage":"fr-FR"},{"@type":"Person","@id":"https:\/\/www.africa-press.net\/comores\/#\/schema\/person\/2b1cf3cd81a31e3cd26889ca66d677f1","name":"cfeditorfr"}]}},"_links":{"self":[{"href":"https:\/\/www.africa-press.net\/comores\/wp-json\/wp\/v2\/posts\/21315","targetHints":{"allow":["GET"]}}],"collection":[{"href":"https:\/\/www.africa-press.net\/comores\/wp-json\/wp\/v2\/posts"}],"about":[{"href":"https:\/\/www.africa-press.net\/comores\/wp-json\/wp\/v2\/types\/post"}],"author":[{"embeddable":true,"href":"https:\/\/www.africa-press.net\/comores\/wp-json\/wp\/v2\/users\/82"}],"replies":[{"embeddable":true,"href":"https:\/\/www.africa-press.net\/comores\/wp-json\/wp\/v2\/comments?post=21315"}],"version-history":[{"count":0,"href":"https:\/\/www.africa-press.net\/comores\/wp-json\/wp\/v2\/posts\/21315\/revisions"}],"wp:featuredmedia":[{"embeddable":true,"href":"https:\/\/www.africa-press.net\/comores\/wp-json\/wp\/v2\/media\/21314"}],"wp:attachment":[{"href":"https:\/\/www.africa-press.net\/comores\/wp-json\/wp\/v2\/media?parent=21315"}],"wp:term":[{"taxonomy":"category","embeddable":true,"href":"https:\/\/www.africa-press.net\/comores\/wp-json\/wp\/v2\/categories?post=21315"},{"taxonomy":"post_tag","embeddable":true,"href":"https:\/\/www.africa-press.net\/comores\/wp-json\/wp\/v2\/tags?post=21315"}],"curies":[{"name":"wp","href":"https:\/\/api.w.org\/{rel}","templated":true}]}}