{"id":25905,"date":"2025-05-10T14:00:00","date_gmt":"2025-05-10T14:00:00","guid":{"rendered":"https:\/\/www.africa-press.net\/comores\/politique\/education-le-lycee-de-moroni-bientot-en-chantier"},"modified":"2025-05-11T02:25:27","modified_gmt":"2025-05-11T02:25:27","slug":"education-le-lycee-de-moroni-bientot-en-chantier","status":"publish","type":"post","link":"https:\/\/www.africa-press.net\/comores\/politique\/education-le-lycee-de-moroni-bientot-en-chantier","title":{"rendered":"E\u0301Ducation: le Lyce\u0301e de Moroni Biento\u0302T en Chantier"},"content":{"rendered":"<p><span style=\"color: #ff6600\"><strong>Africa-Press &#8211; Comores. <\/strong><\/span>L\u2019annonce a e\u0301te\u0301 faite lors du conseil des ministres du mercredi 7 mai dernier. Selon le gouvernement, la pose de la premie\u0300re pierre marquant le lancement des travaux de re\u0301habilitation du lyce\u0301e de Moroni, est pre\u0301vue pour ce samedi 10 mai. Cette initiative, tre\u0300s attendue par la communaute\u0301 e\u0301ducative, te\u0301moigne d\u2019une volonte\u0301 politique de redonner vie a\u0300 cet e\u0301tablissement public emble\u0301matique construit a\u0300 la fin des anne\u0301es 50.<\/p>\n<p>\u00ab Ce projet n\u2019est pas seulement une re\u0301novation de murs, c\u2019est une reconstruction de confiance entre l\u2019E\u0301tat et sa jeunesse \u00bb, a confie\u0301 la porte-parole du gouvernement. Dans le me\u0302me e\u0301lan, elle a fait part d\u2019un prochain partenariat e\u0301ducatif avec l\u2019i\u0302le Maurice, illustrant la volonte\u0301 du pays de renforcer la coope\u0301ration re\u0301gionale dans le domaine de l\u2019enseignement. Lors de ce conseil des ministres, un sujet tre\u0300s important a e\u0301te\u0301 e\u0301voque\u0301. Il s\u2019agit de la situation d\u2019urgence a\u0300 Ngazidja, touche\u0301e par des pluies diluviennes depuis dimanche. Plusieurs routes sont impraticables, bien qu\u2019aucune perte humaine ne soit a\u0300 de\u0301plorer. \u00ab Le gouvernement se re\u0301jouit de ne pas avoir enregistre\u0301 de pertes humaines et se mobilise pour venir en aide aux sinistre\u0301s \u00bb, a souligne\u0301 la porte-parole du gouvernement, Fatima Ahamada.<\/p>\n<p>La gre\u0300ve des transporteurs affilie\u0301s au syndicat Usukani wa Masiwa a connu une issue positive. Un compromis a e\u0301te\u0301 trouve\u0301 a\u0300 l\u2019issue d\u2019une re\u0301union pilote\u0301e par le directeur de cabinet charge\u0301 de la De\u0301fense, Youssoufa Mohamed Ali.<\/p>\n<p>En matie\u0300re de de\u0301veloppement, les annonces se sont multiplie\u0301es. Le ministre de l\u2019E\u0301nergie a pre\u0301sente\u0301 un projet d\u2019adduction d\u2019eau a\u0300 Nioumachoua (Mwali). Le ministre des Finances a, quant a\u0300 lui, propose\u0301 une re\u0301forme des paiements e\u0301lectroniques pour re\u0301duire l\u2019usage du cash et moderniser les transactions. Autre sujet, la 5G pourrait biento\u0302t voir le jour aux Comores.<\/p>\n<p>Mais c\u2019est bien le lancement du chantier du Lyce\u0301e de Moroni qui cristallise l\u2019espoir. Apre\u0300s des anne\u0301es de de\u0301gradation et d\u2019attente, ce projet donne le ton d\u2019une politique tourne\u0301e vers la jeunesse, les savoirs et l\u2019avenir. La premie\u0300re pierre, au-dela\u0300 du be\u0301ton, pourrait bien sceller un nouveau contrat entre l\u2019E\u0301tat et les e\u0301le\u0300ves de demain. Cet e\u0301tablissement d\u2019enseignement secondaire a forme\u0301 plusieurs ge\u0301ne\u0301rations de comoriens depuis la fin des anne\u0301es 50.<\/p>\n<p><strong>Pour plus d&rsquo;informations et d&rsquo;analyses sur la <span style=\"color: #ff6600\">Comores<\/span>, suivez <span style=\"color: #ff6600\">Africa-Press<\/span><\/strong><\/p>\n","protected":false},"excerpt":{"rendered":"<p>Africa-Press &#8211; Comores. L\u2019annonce a e\u0301te\u0301 faite lors du conseil des ministres du mercredi 7 mai dernier. Selon le gouvernement, la pose de la premie\u0300re pierre marquant le lancement des travaux de re\u0301habilitation du lyce\u0301e de Moroni, est pre\u0301vue pour ce samedi 10 mai. Cette initiative, tre\u0300s attendue par la communaute\u0301 e\u0301ducative, te\u0301moigne d\u2019une volonte\u0301 [&hellip;]<\/p>\n","protected":false},"author":82,"featured_media":25904,"comment_status":"open","ping_status":"closed","sticky":false,"template":"","format":"standard","meta":{"footnotes":""},"categories":[21,2,20,10],"tags":[45],"class_list":["post-25905","post","type-post","status-publish","format-standard","has-post-thumbnail","hentry","category-communaute","category-politique","category-top-nouvelles","category-toutes-les-actualites","tag-comores"],"yoast_head":"<!-- This site is optimized with the Yoast SEO Premium plugin v26.1 (Yoast SEO v27.0) - https:\/\/yoast.com\/product\/yoast-seo-premium-wordpress\/ -->\n<title>E\u0301Ducation: le Lyce\u0301e de Moroni Biento\u0302T en Chantier - Comores<\/title>\n<meta name=\"description\" content=\"L\u2019annonce a e\u0301te\u0301 faite lors du conseil des ministres du mercredi 7 mai dernier. Selon le gouvernement, la pose de la pr ...\" \/>\n<meta name=\"robots\" content=\"index, follow, max-snippet:-1, max-image-preview:large, max-video-preview:-1\" \/>\n<link rel=\"canonical\" href=\"https:\/\/www.africa-press.net\/comores\/politique\/education-le-lycee-de-moroni-bientot-en-chantier\" \/>\n<meta property=\"og:locale\" content=\"fr_FR\" \/>\n<meta property=\"og:type\" content=\"article\" \/>\n<meta property=\"og:title\" content=\"E\u0301Ducation: le Lyce\u0301e de Moroni Biento\u0302T en Chantier\" \/>\n<meta property=\"og:description\" content=\"L\u2019annonce a e\u0301te\u0301 faite lors du conseil des ministres du mercredi 7 mai dernier. Selon le gouvernement, la pose de la pr ...\" \/>\n<meta property=\"og:url\" content=\"https:\/\/www.africa-press.net\/comores\/politique\/education-le-lycee-de-moroni-bientot-en-chantier\" \/>\n<meta property=\"og:site_name\" content=\"Comores\" \/>\n<meta property=\"article:published_time\" content=\"2025-05-10T14:00:00+00:00\" \/>\n<meta property=\"article:modified_time\" content=\"2025-05-11T02:25:27+00:00\" \/>\n<meta property=\"og:image\" content=\"https:\/\/static.africa-press.net\/centrafricaine\/sites\/48\/2025\/05\/sm_1746958408.825946.jpg\" \/>\n\t<meta property=\"og:image:width\" content=\"1280\" \/>\n\t<meta property=\"og:image:height\" content=\"720\" \/>\n\t<meta property=\"og:image:type\" content=\"image\/jpeg\" \/>\n<meta name=\"author\" content=\"cfeditorfr\" \/>\n<meta name=\"twitter:card\" content=\"summary_large_image\" \/>\n<meta name=\"twitter:label1\" content=\"\u00c9crit par\" \/>\n\t<meta name=\"twitter:data1\" content=\"cfeditorfr\" \/>\n\t<meta name=\"twitter:label2\" content=\"Dur\u00e9e de lecture estim\u00e9e\" \/>\n\t<meta name=\"twitter:data2\" content=\"3 minutes\" \/>\n<script type=\"application\/ld+json\" class=\"yoast-schema-graph\">{\"@context\":\"https:\/\/schema.org\",\"@graph\":[{\"@type\":\"Article\",\"@id\":\"https:\/\/www.africa-press.net\/comores\/politique\/education-le-lycee-de-moroni-bientot-en-chantier#article\",\"isPartOf\":{\"@id\":\"https:\/\/www.africa-press.net\/comores\/politique\/education-le-lycee-de-moroni-bientot-en-chantier\"},\"author\":{\"name\":\"cfeditorfr\",\"@id\":\"https:\/\/www.africa-press.net\/comores\/#\/schema\/person\/2b1cf3cd81a31e3cd26889ca66d677f1\"},\"headline\":\"E\u0301Ducation: le Lyce\u0301e de Moroni Biento\u0302T en Chantier\",\"datePublished\":\"2025-05-10T14:00:00+00:00\",\"dateModified\":\"2025-05-11T02:25:27+00:00\",\"mainEntityOfPage\":{\"@id\":\"https:\/\/www.africa-press.net\/comores\/politique\/education-le-lycee-de-moroni-bientot-en-chantier\"},\"wordCount\":457,\"commentCount\":0,\"image\":{\"@id\":\"https:\/\/www.africa-press.net\/comores\/politique\/education-le-lycee-de-moroni-bientot-en-chantier#primaryimage\"},\"thumbnailUrl\":\"https:\/\/static.africa-press.net\/centrafricaine\/sites\/48\/2025\/05\/sm_1746958408.825946.jpg\",\"keywords\":[\"Comores\"],\"articleSection\":[\"Communaut\u00e9\",\"Politique\",\"Top Nouvelles\",\"Toutes les actualit\u00e9s\"],\"inLanguage\":\"fr-FR\",\"potentialAction\":[{\"@type\":\"CommentAction\",\"name\":\"Comment\",\"target\":[\"https:\/\/www.africa-press.net\/comores\/politique\/education-le-lycee-de-moroni-bientot-en-chantier#respond\"]}]},{\"@type\":\"WebPage\",\"@id\":\"https:\/\/www.africa-press.net\/comores\/politique\/education-le-lycee-de-moroni-bientot-en-chantier\",\"url\":\"https:\/\/www.africa-press.net\/comores\/politique\/education-le-lycee-de-moroni-bientot-en-chantier\",\"name\":\"E\u0301Ducation: le Lyce\u0301e de Moroni Biento\u0302T en Chantier - Comores\",\"isPartOf\":{\"@id\":\"https:\/\/www.africa-press.net\/comores\/#website\"},\"primaryImageOfPage\":{\"@id\":\"https:\/\/www.africa-press.net\/comores\/politique\/education-le-lycee-de-moroni-bientot-en-chantier#primaryimage\"},\"image\":{\"@id\":\"https:\/\/www.africa-press.net\/comores\/politique\/education-le-lycee-de-moroni-bientot-en-chantier#primaryimage\"},\"thumbnailUrl\":\"https:\/\/static.africa-press.net\/centrafricaine\/sites\/48\/2025\/05\/sm_1746958408.825946.jpg\",\"datePublished\":\"2025-05-10T14:00:00+00:00\",\"dateModified\":\"2025-05-11T02:25:27+00:00\",\"author\":{\"@id\":\"https:\/\/www.africa-press.net\/comores\/#\/schema\/person\/2b1cf3cd81a31e3cd26889ca66d677f1\"},\"description\":\"L\u2019annonce a e\u0301te\u0301 faite lors du conseil des ministres du mercredi 7 mai dernier. Selon le gouvernement, la pose de la pr ...\",\"breadcrumb\":{\"@id\":\"https:\/\/www.africa-press.net\/comores\/politique\/education-le-lycee-de-moroni-bientot-en-chantier#breadcrumb\"},\"inLanguage\":\"fr-FR\",\"potentialAction\":[{\"@type\":\"ReadAction\",\"target\":[\"https:\/\/www.africa-press.net\/comores\/politique\/education-le-lycee-de-moroni-bientot-en-chantier\"]}]},{\"@type\":\"ImageObject\",\"inLanguage\":\"fr-FR\",\"@id\":\"https:\/\/www.africa-press.net\/comores\/politique\/education-le-lycee-de-moroni-bientot-en-chantier#primaryimage\",\"url\":\"https:\/\/static.africa-press.net\/centrafricaine\/sites\/48\/2025\/05\/sm_1746958408.825946.jpg\",\"contentUrl\":\"https:\/\/static.africa-press.net\/centrafricaine\/sites\/48\/2025\/05\/sm_1746958408.825946.jpg\",\"width\":1280,\"height\":720,\"caption\":\"E\u0301Ducation: le Lyce\u0301e de Moroni Biento\u0302T en Chantier\"},{\"@type\":\"BreadcrumbList\",\"@id\":\"https:\/\/www.africa-press.net\/comores\/politique\/education-le-lycee-de-moroni-bientot-en-chantier#breadcrumb\",\"itemListElement\":[{\"@type\":\"ListItem\",\"position\":1,\"name\":\"Accueil\",\"item\":\"https:\/\/www.africa-press.net\/comores\/\"},{\"@type\":\"ListItem\",\"position\":2,\"name\":\"E\u0301Ducation: le Lyce\u0301e de Moroni Biento\u0302T en Chantier\"}]},{\"@type\":\"WebSite\",\"@id\":\"https:\/\/www.africa-press.net\/comores\/#website\",\"url\":\"https:\/\/www.africa-press.net\/comores\/\",\"name\":\"Comores\",\"description\":\"Just another Africa News Agency Sites site\",\"potentialAction\":[{\"@type\":\"SearchAction\",\"target\":{\"@type\":\"EntryPoint\",\"urlTemplate\":\"https:\/\/www.africa-press.net\/comores\/?s={search_term_string}\"},\"query-input\":{\"@type\":\"PropertyValueSpecification\",\"valueRequired\":true,\"valueName\":\"search_term_string\"}}],\"inLanguage\":\"fr-FR\"},{\"@type\":\"Person\",\"@id\":\"https:\/\/www.africa-press.net\/comores\/#\/schema\/person\/2b1cf3cd81a31e3cd26889ca66d677f1\",\"name\":\"cfeditorfr\"}]}<\/script>\n<!-- \/ Yoast SEO Premium plugin. -->","yoast_head_json":{"title":"E\u0301Ducation: le Lyce\u0301e de Moroni Biento\u0302T en Chantier - Comores","description":"L\u2019annonce a e\u0301te\u0301 faite lors du conseil des ministres du mercredi 7 mai dernier. Selon le gouvernement, la pose de la pr ...","robots":{"index":"index","follow":"follow","max-snippet":"max-snippet:-1","max-image-preview":"max-image-preview:large","max-video-preview":"max-video-preview:-1"},"canonical":"https:\/\/www.africa-press.net\/comores\/politique\/education-le-lycee-de-moroni-bientot-en-chantier","og_locale":"fr_FR","og_type":"article","og_title":"E\u0301Ducation: le Lyce\u0301e de Moroni Biento\u0302T en Chantier","og_description":"L\u2019annonce a e\u0301te\u0301 faite lors du conseil des ministres du mercredi 7 mai dernier. Selon le gouvernement, la pose de la pr ...","og_url":"https:\/\/www.africa-press.net\/comores\/politique\/education-le-lycee-de-moroni-bientot-en-chantier","og_site_name":"Comores","article_published_time":"2025-05-10T14:00:00+00:00","article_modified_time":"2025-05-11T02:25:27+00:00","og_image":[{"width":1280,"height":720,"url":"https:\/\/static.africa-press.net\/centrafricaine\/sites\/48\/2025\/05\/sm_1746958408.825946.jpg","type":"image\/jpeg"}],"author":"cfeditorfr","twitter_card":"summary_large_image","twitter_misc":{"\u00c9crit par":"cfeditorfr","Dur\u00e9e de lecture estim\u00e9e":"3 minutes"},"schema":{"@context":"https:\/\/schema.org","@graph":[{"@type":"Article","@id":"https:\/\/www.africa-press.net\/comores\/politique\/education-le-lycee-de-moroni-bientot-en-chantier#article","isPartOf":{"@id":"https:\/\/www.africa-press.net\/comores\/politique\/education-le-lycee-de-moroni-bientot-en-chantier"},"author":{"name":"cfeditorfr","@id":"https:\/\/www.africa-press.net\/comores\/#\/schema\/person\/2b1cf3cd81a31e3cd26889ca66d677f1"},"headline":"E\u0301Ducation: le Lyce\u0301e de Moroni Biento\u0302T en Chantier","datePublished":"2025-05-10T14:00:00+00:00","dateModified":"2025-05-11T02:25:27+00:00","mainEntityOfPage":{"@id":"https:\/\/www.africa-press.net\/comores\/politique\/education-le-lycee-de-moroni-bientot-en-chantier"},"wordCount":457,"commentCount":0,"image":{"@id":"https:\/\/www.africa-press.net\/comores\/politique\/education-le-lycee-de-moroni-bientot-en-chantier#primaryimage"},"thumbnailUrl":"https:\/\/static.africa-press.net\/centrafricaine\/sites\/48\/2025\/05\/sm_1746958408.825946.jpg","keywords":["Comores"],"articleSection":["Communaut\u00e9","Politique","Top Nouvelles","Toutes les actualit\u00e9s"],"inLanguage":"fr-FR","potentialAction":[{"@type":"CommentAction","name":"Comment","target":["https:\/\/www.africa-press.net\/comores\/politique\/education-le-lycee-de-moroni-bientot-en-chantier#respond"]}]},{"@type":"WebPage","@id":"https:\/\/www.africa-press.net\/comores\/politique\/education-le-lycee-de-moroni-bientot-en-chantier","url":"https:\/\/www.africa-press.net\/comores\/politique\/education-le-lycee-de-moroni-bientot-en-chantier","name":"E\u0301Ducation: le Lyce\u0301e de Moroni Biento\u0302T en Chantier - Comores","isPartOf":{"@id":"https:\/\/www.africa-press.net\/comores\/#website"},"primaryImageOfPage":{"@id":"https:\/\/www.africa-press.net\/comores\/politique\/education-le-lycee-de-moroni-bientot-en-chantier#primaryimage"},"image":{"@id":"https:\/\/www.africa-press.net\/comores\/politique\/education-le-lycee-de-moroni-bientot-en-chantier#primaryimage"},"thumbnailUrl":"https:\/\/static.africa-press.net\/centrafricaine\/sites\/48\/2025\/05\/sm_1746958408.825946.jpg","datePublished":"2025-05-10T14:00:00+00:00","dateModified":"2025-05-11T02:25:27+00:00","author":{"@id":"https:\/\/www.africa-press.net\/comores\/#\/schema\/person\/2b1cf3cd81a31e3cd26889ca66d677f1"},"description":"L\u2019annonce a e\u0301te\u0301 faite lors du conseil des ministres du mercredi 7 mai dernier. Selon le gouvernement, la pose de la pr ...","breadcrumb":{"@id":"https:\/\/www.africa-press.net\/comores\/politique\/education-le-lycee-de-moroni-bientot-en-chantier#breadcrumb"},"inLanguage":"fr-FR","potentialAction":[{"@type":"ReadAction","target":["https:\/\/www.africa-press.net\/comores\/politique\/education-le-lycee-de-moroni-bientot-en-chantier"]}]},{"@type":"ImageObject","inLanguage":"fr-FR","@id":"https:\/\/www.africa-press.net\/comores\/politique\/education-le-lycee-de-moroni-bientot-en-chantier#primaryimage","url":"https:\/\/static.africa-press.net\/centrafricaine\/sites\/48\/2025\/05\/sm_1746958408.825946.jpg","contentUrl":"https:\/\/static.africa-press.net\/centrafricaine\/sites\/48\/2025\/05\/sm_1746958408.825946.jpg","width":1280,"height":720,"caption":"E\u0301Ducation: le Lyce\u0301e de Moroni Biento\u0302T en Chantier"},{"@type":"BreadcrumbList","@id":"https:\/\/www.africa-press.net\/comores\/politique\/education-le-lycee-de-moroni-bientot-en-chantier#breadcrumb","itemListElement":[{"@type":"ListItem","position":1,"name":"Accueil","item":"https:\/\/www.africa-press.net\/comores\/"},{"@type":"ListItem","position":2,"name":"E\u0301Ducation: le Lyce\u0301e de Moroni Biento\u0302T en Chantier"}]},{"@type":"WebSite","@id":"https:\/\/www.africa-press.net\/comores\/#website","url":"https:\/\/www.africa-press.net\/comores\/","name":"Comores","description":"Just another Africa News Agency Sites site","potentialAction":[{"@type":"SearchAction","target":{"@type":"EntryPoint","urlTemplate":"https:\/\/www.africa-press.net\/comores\/?s={search_term_string}"},"query-input":{"@type":"PropertyValueSpecification","valueRequired":true,"valueName":"search_term_string"}}],"inLanguage":"fr-FR"},{"@type":"Person","@id":"https:\/\/www.africa-press.net\/comores\/#\/schema\/person\/2b1cf3cd81a31e3cd26889ca66d677f1","name":"cfeditorfr"}]}},"_links":{"self":[{"href":"https:\/\/www.africa-press.net\/comores\/wp-json\/wp\/v2\/posts\/25905","targetHints":{"allow":["GET"]}}],"collection":[{"href":"https:\/\/www.africa-press.net\/comores\/wp-json\/wp\/v2\/posts"}],"about":[{"href":"https:\/\/www.africa-press.net\/comores\/wp-json\/wp\/v2\/types\/post"}],"author":[{"embeddable":true,"href":"https:\/\/www.africa-press.net\/comores\/wp-json\/wp\/v2\/users\/82"}],"replies":[{"embeddable":true,"href":"https:\/\/www.africa-press.net\/comores\/wp-json\/wp\/v2\/comments?post=25905"}],"version-history":[{"count":0,"href":"https:\/\/www.africa-press.net\/comores\/wp-json\/wp\/v2\/posts\/25905\/revisions"}],"wp:featuredmedia":[{"embeddable":true,"href":"https:\/\/www.africa-press.net\/comores\/wp-json\/wp\/v2\/media\/25904"}],"wp:attachment":[{"href":"https:\/\/www.africa-press.net\/comores\/wp-json\/wp\/v2\/media?parent=25905"}],"wp:term":[{"taxonomy":"category","embeddable":true,"href":"https:\/\/www.africa-press.net\/comores\/wp-json\/wp\/v2\/categories?post=25905"},{"taxonomy":"post_tag","embeddable":true,"href":"https:\/\/www.africa-press.net\/comores\/wp-json\/wp\/v2\/tags?post=25905"}],"curies":[{"name":"wp","href":"https:\/\/api.w.org\/{rel}","templated":true}]}}