{"id":31210,"date":"2026-01-22T12:10:00","date_gmt":"2026-01-22T12:10:00","guid":{"rendered":"https:\/\/www.africa-press.net\/comores\/politique\/insertion-professionnelle-des-jeunes-en-couture"},"modified":"2026-01-22T12:10:00","modified_gmt":"2026-01-22T12:10:00","slug":"insertion-professionnelle-des-jeunes-en-couture","status":"publish","type":"post","link":"https:\/\/www.africa-press.net\/comores\/toutes-les-actualites\/insertion-professionnelle-des-jeunes-en-couture","title":{"rendered":"Insertion Professionnelle des Jeunes en Couture"},"content":{"rendered":"<p><span style=\"color: #ff6600\"><strong>Africa-Press &#8211; Comores. <\/strong><\/span>A\u0300 Bangoma, une ce\u0301re\u0301monie empreinte de fierte\u0301 et d\u2019espoir a consacre\u0301 l\u2019engagement de jeunes forme\u0301s en couture traditionnelle et moderne. Soutenue par l\u2019Ambassade de France aux Comores, cette initiative ouvre des perspectives concre\u0300tes d\u2019insertion professionnelle et d\u2019entrepreneuriat local.<\/p>\n<p>L\u2019Association culturelle des jeunes de Bangoma a organise\u0301 ce mardi 20 janvier, une ce\u0301re\u0301monie solennelle de remise d\u2019attestations aux apprenants ayant suivi une formation en couture traditionnelle et moderne. Issus principalement des localite\u0301s de Dargoube\u0301 et de Bangoma dans la commune de Mwalimdjini, ces jeunes ont vu leurs efforts re\u0301compense\u0301s a\u0300 l\u2019issue d\u2019un programme axe\u0301 sur le renforcement des compe\u0301tences et l\u2019autonomisation de la jeunesse. Charge\u0301e de symboles, la ce\u0301re\u0301monie a marque\u0301 l\u2019aboutissement de plusieurs mois d\u2019apprentissage et de pratique, au cours desquels les be\u0301ne\u0301ficiaires ont acquis des savoir-faire techniques, me\u0302lant tradition et modernite\u0301. L\u2019objectif affiche\u0301, selon les organisateurs, est clair: permettre a\u0300 ces jeunes de transformer leur passion pour la couture en une ve\u0301ritable opportunite\u0301 e\u0301conomique, capable de ge\u0301ne\u0301rer des revenus durables.<\/p>\n<p>Mis en \u0153uvre avec l\u2019appui de l\u2019Ambassade de France aux Comores, le projet s\u2019inscrit dans une dynamique plus large d\u2019insertion socio-e\u0301conomique des jeunes. Il vise a\u0300 lutter contre le cho\u0302mage et la pre\u0301carite\u0301 en dotant les participants de compe\u0301tences professionnelles directement exploitables, favorisant ainsi l\u2019auto-emploi et l\u2019esprit d\u2019initiative. Pre\u0301sente a\u0300 la ce\u0301re\u0301monie, Hania Soibaha M\u2019de\u0301re\u0301, coordinatrice re\u0301gionale du FEF-OSC et responsable du suivi-e\u0301valuation, a salue\u0301 le se\u0301rieux et la de\u0301termination des apprenants. Elle a souligne\u0301 que cette formation constitue un levier important pour la cre\u0301ation d\u2019emplois et le de\u0301veloppement de l\u2019entrepreneuriat local, contribuant de manie\u0300re significative au dynamisme e\u0301conomique des communaute\u0301s concerne\u0301es.<\/p>\n<p>Du co\u0302te\u0301 des be\u0301ne\u0301ficiaires, l\u2019enthousiasme e\u0301tait palpable. Fai\u0308lati Mohamed, l\u2019une des jeunes certifie\u0301es, n\u2019a pas cache\u0301 sa satisfaction: \u00ab Gra\u0302ce a\u0300 cette formation, j\u2019ai acquis des compe\u0301tences que je n\u2019imaginais pas mai\u0302triser. Aujourd\u2019hui, je peux envisager de cre\u0301er ma propre activite\u0301 de couture et contribuer a\u0300 l\u2019e\u0301conomie de ma famille et de mon quartier \u00bb, a-t-elle confie\u0301. A\u0300 travers cette initiative, l\u2019Association culturelle des jeunes de Bangoma de\u0301montre une fois de plus que la formation professionnelle, lorsqu\u2019elle est bien encadre\u0301e et soutenue, peut devenir un ve\u0301ritable moteur d\u2019espoir et de de\u0301veloppement pour la jeunesse comorienne.<\/p>\n<p><strong>Pour plus d&rsquo;informations et d&rsquo;analyses sur la <span style=\"color: #ff6600\">Comores<\/span>, suivez <span style=\"color: #ff6600\">Africa-Press<span style=\"color: #ff6600\"><\/span><\/strong><\/p>\n","protected":false},"excerpt":{"rendered":"<p>Africa-Press &#8211; Comores. A\u0300 Bangoma, une ce\u0301re\u0301monie empreinte de fierte\u0301 et d\u2019espoir a consacre\u0301 l\u2019engagement de jeunes forme\u0301s en couture traditionnelle et moderne. Soutenue par l\u2019Ambassade de France aux Comores, cette initiative ouvre des perspectives concre\u0300tes d\u2019insertion professionnelle et d\u2019entrepreneuriat local. L\u2019Association culturelle des jeunes de Bangoma a organise\u0301 ce mardi 20 janvier, une ce\u0301re\u0301monie [&hellip;]<\/p>\n","protected":false},"author":82,"featured_media":31209,"comment_status":"open","ping_status":"closed","sticky":false,"template":"","format":"standard","meta":{"footnotes":""},"categories":[21,10],"tags":[45],"class_list":["post-31210","post","type-post","status-publish","format-standard","has-post-thumbnail","hentry","category-communaute","category-toutes-les-actualites","tag-comores"],"yoast_head":"<!-- This site is optimized with the Yoast SEO Premium plugin v26.1 (Yoast SEO v27.0) - https:\/\/yoast.com\/product\/yoast-seo-premium-wordpress\/ -->\n<title>Insertion Professionnelle des Jeunes en Couture - Comores<\/title>\n<meta name=\"robots\" content=\"index, follow, max-snippet:-1, max-image-preview:large, max-video-preview:-1\" \/>\n<link rel=\"canonical\" href=\"https:\/\/www.africa-press.net\/comores\/politique\/insertion-professionnelle-des-jeunes-en-couture\" \/>\n<meta property=\"og:locale\" content=\"fr_FR\" \/>\n<meta property=\"og:type\" content=\"article\" \/>\n<meta property=\"og:title\" content=\"Insertion Professionnelle des Jeunes en Couture\" \/>\n<meta property=\"og:description\" content=\"Africa-Press &#8211; Comores. A\u0300 Bangoma, une ce\u0301re\u0301monie empreinte de fierte\u0301 et d\u2019espoir a consacre\u0301 l\u2019engagement de jeunes forme\u0301s en couture traditionnelle et moderne. Soutenue par l\u2019Ambassade de France aux Comores, cette initiative ouvre des perspectives concre\u0300tes d\u2019insertion professionnelle et d\u2019entrepreneuriat local. L\u2019Association culturelle des jeunes de Bangoma a organise\u0301 ce mardi 20 janvier, une ce\u0301re\u0301monie [&hellip;]\" \/>\n<meta property=\"og:url\" content=\"https:\/\/www.africa-press.net\/comores\/politique\/insertion-professionnelle-des-jeunes-en-couture\" \/>\n<meta property=\"og:site_name\" content=\"Comores\" \/>\n<meta property=\"article:published_time\" content=\"2026-01-22T12:10:00+00:00\" \/>\n<meta name=\"author\" content=\"cfeditorfr\" \/>\n<meta name=\"twitter:card\" content=\"summary_large_image\" \/>\n<meta name=\"twitter:label1\" content=\"\u00c9crit par\" \/>\n\t<meta name=\"twitter:data1\" content=\"cfeditorfr\" \/>\n\t<meta name=\"twitter:label2\" content=\"Dur\u00e9e de lecture estim\u00e9e\" \/>\n\t<meta name=\"twitter:data2\" content=\"2 minutes\" \/>\n<script type=\"application\/ld+json\" class=\"yoast-schema-graph\">{\"@context\":\"https:\/\/schema.org\",\"@graph\":[{\"@type\":\"Article\",\"@id\":\"https:\/\/www.africa-press.net\/comores\/politique\/insertion-professionnelle-des-jeunes-en-couture#article\",\"isPartOf\":{\"@id\":\"https:\/\/www.africa-press.net\/comores\/politique\/insertion-professionnelle-des-jeunes-en-couture\"},\"author\":{\"name\":\"cfeditorfr\",\"@id\":\"https:\/\/www.africa-press.net\/comores\/#\/schema\/person\/2b1cf3cd81a31e3cd26889ca66d677f1\"},\"headline\":\"Insertion Professionnelle des Jeunes en Couture\",\"datePublished\":\"2026-01-22T12:10:00+00:00\",\"mainEntityOfPage\":{\"@id\":\"https:\/\/www.africa-press.net\/comores\/politique\/insertion-professionnelle-des-jeunes-en-couture\"},\"wordCount\":462,\"commentCount\":0,\"image\":{\"@id\":\"https:\/\/www.africa-press.net\/comores\/politique\/insertion-professionnelle-des-jeunes-en-couture#primaryimage\"},\"thumbnailUrl\":\"https:\/\/static.africa-press.net\/centrafricaine\/sites\/48\/2026\/01\/sm_1769151752.06735.jpg\",\"keywords\":[\"Comores\"],\"articleSection\":[\"Communaut\u00e9\",\"Toutes les actualit\u00e9s\"],\"inLanguage\":\"fr-FR\",\"potentialAction\":[{\"@type\":\"CommentAction\",\"name\":\"Comment\",\"target\":[\"https:\/\/www.africa-press.net\/comores\/politique\/insertion-professionnelle-des-jeunes-en-couture#respond\"]}]},{\"@type\":\"WebPage\",\"@id\":\"https:\/\/www.africa-press.net\/comores\/politique\/insertion-professionnelle-des-jeunes-en-couture\",\"url\":\"https:\/\/www.africa-press.net\/comores\/politique\/insertion-professionnelle-des-jeunes-en-couture\",\"name\":\"Insertion Professionnelle des Jeunes en Couture - Comores\",\"isPartOf\":{\"@id\":\"https:\/\/www.africa-press.net\/comores\/#website\"},\"primaryImageOfPage\":{\"@id\":\"https:\/\/www.africa-press.net\/comores\/politique\/insertion-professionnelle-des-jeunes-en-couture#primaryimage\"},\"image\":{\"@id\":\"https:\/\/www.africa-press.net\/comores\/politique\/insertion-professionnelle-des-jeunes-en-couture#primaryimage\"},\"thumbnailUrl\":\"https:\/\/static.africa-press.net\/centrafricaine\/sites\/48\/2026\/01\/sm_1769151752.06735.jpg\",\"datePublished\":\"2026-01-22T12:10:00+00:00\",\"author\":{\"@id\":\"https:\/\/www.africa-press.net\/comores\/#\/schema\/person\/2b1cf3cd81a31e3cd26889ca66d677f1\"},\"breadcrumb\":{\"@id\":\"https:\/\/www.africa-press.net\/comores\/politique\/insertion-professionnelle-des-jeunes-en-couture#breadcrumb\"},\"inLanguage\":\"fr-FR\",\"potentialAction\":[{\"@type\":\"ReadAction\",\"target\":[\"https:\/\/www.africa-press.net\/comores\/politique\/insertion-professionnelle-des-jeunes-en-couture\"]}]},{\"@type\":\"ImageObject\",\"inLanguage\":\"fr-FR\",\"@id\":\"https:\/\/www.africa-press.net\/comores\/politique\/insertion-professionnelle-des-jeunes-en-couture#primaryimage\",\"url\":\"https:\/\/static.africa-press.net\/centrafricaine\/sites\/48\/2026\/01\/sm_1769151752.06735.jpg\",\"contentUrl\":\"https:\/\/static.africa-press.net\/centrafricaine\/sites\/48\/2026\/01\/sm_1769151752.06735.jpg\",\"width\":1280,\"height\":720,\"caption\":\"Insertion Professionnelle des Jeunes en Couture\"},{\"@type\":\"BreadcrumbList\",\"@id\":\"https:\/\/www.africa-press.net\/comores\/politique\/insertion-professionnelle-des-jeunes-en-couture#breadcrumb\",\"itemListElement\":[{\"@type\":\"ListItem\",\"position\":1,\"name\":\"Accueil\",\"item\":\"https:\/\/www.africa-press.net\/comores\/\"},{\"@type\":\"ListItem\",\"position\":2,\"name\":\"Insertion Professionnelle des Jeunes en Couture\"}]},{\"@type\":\"WebSite\",\"@id\":\"https:\/\/www.africa-press.net\/comores\/#website\",\"url\":\"https:\/\/www.africa-press.net\/comores\/\",\"name\":\"Comores\",\"description\":\"Just another Africa News Agency Sites site\",\"potentialAction\":[{\"@type\":\"SearchAction\",\"target\":{\"@type\":\"EntryPoint\",\"urlTemplate\":\"https:\/\/www.africa-press.net\/comores\/?s={search_term_string}\"},\"query-input\":{\"@type\":\"PropertyValueSpecification\",\"valueRequired\":true,\"valueName\":\"search_term_string\"}}],\"inLanguage\":\"fr-FR\"},{\"@type\":\"Person\",\"@id\":\"https:\/\/www.africa-press.net\/comores\/#\/schema\/person\/2b1cf3cd81a31e3cd26889ca66d677f1\",\"name\":\"cfeditorfr\"}]}<\/script>\n<!-- \/ Yoast SEO Premium plugin. -->","yoast_head_json":{"title":"Insertion Professionnelle des Jeunes en Couture - Comores","robots":{"index":"index","follow":"follow","max-snippet":"max-snippet:-1","max-image-preview":"max-image-preview:large","max-video-preview":"max-video-preview:-1"},"canonical":"https:\/\/www.africa-press.net\/comores\/politique\/insertion-professionnelle-des-jeunes-en-couture","og_locale":"fr_FR","og_type":"article","og_title":"Insertion Professionnelle des Jeunes en Couture","og_description":"Africa-Press &#8211; Comores. A\u0300 Bangoma, une ce\u0301re\u0301monie empreinte de fierte\u0301 et d\u2019espoir a consacre\u0301 l\u2019engagement de jeunes forme\u0301s en couture traditionnelle et moderne. Soutenue par l\u2019Ambassade de France aux Comores, cette initiative ouvre des perspectives concre\u0300tes d\u2019insertion professionnelle et d\u2019entrepreneuriat local. L\u2019Association culturelle des jeunes de Bangoma a organise\u0301 ce mardi 20 janvier, une ce\u0301re\u0301monie [&hellip;]","og_url":"https:\/\/www.africa-press.net\/comores\/politique\/insertion-professionnelle-des-jeunes-en-couture","og_site_name":"Comores","article_published_time":"2026-01-22T12:10:00+00:00","author":"cfeditorfr","twitter_card":"summary_large_image","twitter_misc":{"\u00c9crit par":"cfeditorfr","Dur\u00e9e de lecture estim\u00e9e":"2 minutes"},"schema":{"@context":"https:\/\/schema.org","@graph":[{"@type":"Article","@id":"https:\/\/www.africa-press.net\/comores\/politique\/insertion-professionnelle-des-jeunes-en-couture#article","isPartOf":{"@id":"https:\/\/www.africa-press.net\/comores\/politique\/insertion-professionnelle-des-jeunes-en-couture"},"author":{"name":"cfeditorfr","@id":"https:\/\/www.africa-press.net\/comores\/#\/schema\/person\/2b1cf3cd81a31e3cd26889ca66d677f1"},"headline":"Insertion Professionnelle des Jeunes en Couture","datePublished":"2026-01-22T12:10:00+00:00","mainEntityOfPage":{"@id":"https:\/\/www.africa-press.net\/comores\/politique\/insertion-professionnelle-des-jeunes-en-couture"},"wordCount":462,"commentCount":0,"image":{"@id":"https:\/\/www.africa-press.net\/comores\/politique\/insertion-professionnelle-des-jeunes-en-couture#primaryimage"},"thumbnailUrl":"https:\/\/static.africa-press.net\/centrafricaine\/sites\/48\/2026\/01\/sm_1769151752.06735.jpg","keywords":["Comores"],"articleSection":["Communaut\u00e9","Toutes les actualit\u00e9s"],"inLanguage":"fr-FR","potentialAction":[{"@type":"CommentAction","name":"Comment","target":["https:\/\/www.africa-press.net\/comores\/politique\/insertion-professionnelle-des-jeunes-en-couture#respond"]}]},{"@type":"WebPage","@id":"https:\/\/www.africa-press.net\/comores\/politique\/insertion-professionnelle-des-jeunes-en-couture","url":"https:\/\/www.africa-press.net\/comores\/politique\/insertion-professionnelle-des-jeunes-en-couture","name":"Insertion Professionnelle des Jeunes en Couture - Comores","isPartOf":{"@id":"https:\/\/www.africa-press.net\/comores\/#website"},"primaryImageOfPage":{"@id":"https:\/\/www.africa-press.net\/comores\/politique\/insertion-professionnelle-des-jeunes-en-couture#primaryimage"},"image":{"@id":"https:\/\/www.africa-press.net\/comores\/politique\/insertion-professionnelle-des-jeunes-en-couture#primaryimage"},"thumbnailUrl":"https:\/\/static.africa-press.net\/centrafricaine\/sites\/48\/2026\/01\/sm_1769151752.06735.jpg","datePublished":"2026-01-22T12:10:00+00:00","author":{"@id":"https:\/\/www.africa-press.net\/comores\/#\/schema\/person\/2b1cf3cd81a31e3cd26889ca66d677f1"},"breadcrumb":{"@id":"https:\/\/www.africa-press.net\/comores\/politique\/insertion-professionnelle-des-jeunes-en-couture#breadcrumb"},"inLanguage":"fr-FR","potentialAction":[{"@type":"ReadAction","target":["https:\/\/www.africa-press.net\/comores\/politique\/insertion-professionnelle-des-jeunes-en-couture"]}]},{"@type":"ImageObject","inLanguage":"fr-FR","@id":"https:\/\/www.africa-press.net\/comores\/politique\/insertion-professionnelle-des-jeunes-en-couture#primaryimage","url":"https:\/\/static.africa-press.net\/centrafricaine\/sites\/48\/2026\/01\/sm_1769151752.06735.jpg","contentUrl":"https:\/\/static.africa-press.net\/centrafricaine\/sites\/48\/2026\/01\/sm_1769151752.06735.jpg","width":1280,"height":720,"caption":"Insertion Professionnelle des Jeunes en Couture"},{"@type":"BreadcrumbList","@id":"https:\/\/www.africa-press.net\/comores\/politique\/insertion-professionnelle-des-jeunes-en-couture#breadcrumb","itemListElement":[{"@type":"ListItem","position":1,"name":"Accueil","item":"https:\/\/www.africa-press.net\/comores\/"},{"@type":"ListItem","position":2,"name":"Insertion Professionnelle des Jeunes en Couture"}]},{"@type":"WebSite","@id":"https:\/\/www.africa-press.net\/comores\/#website","url":"https:\/\/www.africa-press.net\/comores\/","name":"Comores","description":"Just another Africa News Agency Sites site","potentialAction":[{"@type":"SearchAction","target":{"@type":"EntryPoint","urlTemplate":"https:\/\/www.africa-press.net\/comores\/?s={search_term_string}"},"query-input":{"@type":"PropertyValueSpecification","valueRequired":true,"valueName":"search_term_string"}}],"inLanguage":"fr-FR"},{"@type":"Person","@id":"https:\/\/www.africa-press.net\/comores\/#\/schema\/person\/2b1cf3cd81a31e3cd26889ca66d677f1","name":"cfeditorfr"}]}},"_links":{"self":[{"href":"https:\/\/www.africa-press.net\/comores\/wp-json\/wp\/v2\/posts\/31210","targetHints":{"allow":["GET"]}}],"collection":[{"href":"https:\/\/www.africa-press.net\/comores\/wp-json\/wp\/v2\/posts"}],"about":[{"href":"https:\/\/www.africa-press.net\/comores\/wp-json\/wp\/v2\/types\/post"}],"author":[{"embeddable":true,"href":"https:\/\/www.africa-press.net\/comores\/wp-json\/wp\/v2\/users\/82"}],"replies":[{"embeddable":true,"href":"https:\/\/www.africa-press.net\/comores\/wp-json\/wp\/v2\/comments?post=31210"}],"version-history":[{"count":0,"href":"https:\/\/www.africa-press.net\/comores\/wp-json\/wp\/v2\/posts\/31210\/revisions"}],"wp:featuredmedia":[{"embeddable":true,"href":"https:\/\/www.africa-press.net\/comores\/wp-json\/wp\/v2\/media\/31209"}],"wp:attachment":[{"href":"https:\/\/www.africa-press.net\/comores\/wp-json\/wp\/v2\/media?parent=31210"}],"wp:term":[{"taxonomy":"category","embeddable":true,"href":"https:\/\/www.africa-press.net\/comores\/wp-json\/wp\/v2\/categories?post=31210"},{"taxonomy":"post_tag","embeddable":true,"href":"https:\/\/www.africa-press.net\/comores\/wp-json\/wp\/v2\/tags?post=31210"}],"curies":[{"name":"wp","href":"https:\/\/api.w.org\/{rel}","templated":true}]}}