{"id":31213,"date":"2026-01-22T12:10:00","date_gmt":"2026-01-22T12:10:00","guid":{"rendered":"https:\/\/www.africa-press.net\/comores\/politique\/urbanisme-creation-dune-federation-de-la-construction"},"modified":"2026-01-23T18:52:08","modified_gmt":"2026-01-23T18:52:08","slug":"urbanisme-creation-dune-federation-de-la-construction","status":"publish","type":"post","link":"https:\/\/www.africa-press.net\/comores\/economie\/urbanisme-creation-dune-federation-de-la-construction","title":{"rendered":"Urbanisme: Cre\u0301ation D&rsquo;Une Fe\u0301de\u0301ration de la Construction"},"content":{"rendered":"<p><span style=\"color: #ff6600\"><strong>Africa-Press &#8211; Comores. <\/strong><\/span>Lors d\u2019une confe\u0301rence de presse tenue ce mardi 20 janvier, le bureau de la Fe\u0301de\u0301ration comorienne pour la construction, l\u2019immobilier et l\u2019architecture (FCCIA) a proce\u0301de\u0301 a\u0300 son lancement officiel. Cette nouvelle fe\u0301de\u0301ration, qui regroupe une trentaine de socie\u0301te\u0301s \u0153uvrant dans les secteurs de l\u2019immobilier, de la construction ainsi que des architectes, ambitionne de promouvoir et de de\u0301velopper ces domaines aux Comores. Elle entend notamment mettre en place un cadre re\u0301glementaire rassurant, a\u0300 renforcer la collaboration entre les acteurs du secteur et a\u0300 de\u0301fendre leurs inte\u0301re\u0302ts communs.<\/p>\n<p>Apre\u0300s une anne\u0301e de travail acharne\u0301, la FCCIA a enfin vu le jour. La ce\u0301re\u0301monie de lancement s\u2019est tenue en pre\u0301sence d\u2019une trentaine d\u2019entreprises des secteurs de l\u2019immobilier, de la construction, de l\u2019architectes, ainsi que de repre\u0301sentants des pouvoirs publics. A\u0300 cette occasion, le pre\u0301sident de la FCCIA, Naguib Ben Daroueche, a exprime\u0301 sa satisfaction: \u00ab En ce 20 janvier, nous ne nous contentons pas d\u2019inaugurer une structure administrative, nous donnons vie a\u0300 une ambition commune. Nous ce\u0301le\u0301brons la naissance de la Fe\u0301de\u0301ration comorienne pour la construction, l\u2019immobilier et l\u2019architecture (FCCIA). Le re\u0302ve derrie\u0300re la pierre. Regardez autour de vous, chaque mur qui s\u2019e\u0301le\u0300ve, chaque toit qui abrite une famille, chaque trace\u0301 qui dessine nos villes est une promesse faite a\u0300 l\u2019avenir \u00bb s\u2019est re\u0301joui M. Daroueche.<\/p>\n<p>Il a souligne\u0301 que, jusqu\u2019ici, les acteurs du secteur e\u0301voluaient souvent de manie\u0300re isole\u0301e, malgre\u0301 des objectifs communs. \u00ab Promoteurs, entrepreneurs, architectes, nous avancions co\u0302te a\u0300 co\u0302te, mais trop souvent sans coordination. Nous e\u0301tions comme des artisans travaillant sur une me\u0302me \u0153uvre, mais sans partition commune. La FCCIA est ne\u0301e de ce constat, mais surtout d\u2019un de\u0301sir profond de mieux faire pour notre pays \u00bb, a-t-il poursuivi, insistant sur l\u2019importance de l\u2019unite\u0301 et du partenariat avec l\u2019E\u0301tat. \u00ab Nous avons compris que pour construire des e\u0301difices solides, il fallait d\u2019abord ba\u0302tir une unite\u0301 solide entre nous. Notre main est tendue vers l\u2019E\u0301tat. Votre pre\u0301sence ici n\u2019est pas qu\u2019un honneur protocolaire, elle symbolise le pont que nous voulons e\u0301tablir entre le secteur prive\u0301 et les pouvoirs publics. Nous ne venons pas en simples revendicateurs, mais en partenaires. Nous voulons e\u0302tre le bras technique et engage\u0301 qui accompagne les politiques publiques, afin que la modernisation des Comores rime avec excellence, transparence et rigueur de nos entreprises locales \u00bb, a-t-il pre\u0301cise\u0301.<\/p>\n<p>Il a rappele\u0301 que la construction, l\u2019immobilier et l\u2019architecture ne sont pas que des chiffres ou des tonnes de ciment. \u00ab C\u2019est la dignite\u0301 d\u2019une famille qui acce\u0300de a\u0300 un logement sain, la fierte\u0301 d\u2019un jeune ouvrier qui apprend un me\u0301tier, l\u2019identite\u0301 de nos i\u0302les qui se refle\u0300tent dans la beaute\u0301 de notre architecture. Notre mission est de veiller a\u0300 ce que chaque pierre pose\u0301e contribue au de\u0301veloppement durable des Comores. Nous voulons des villes qui respirent, des ba\u0302timents respectueux de l\u2019environnement et des infrastructures inspirantes pour les ge\u0301ne\u0301rations futures \u00bb, soutient-t-il.<\/p>\n<p>De son co\u0302te\u0301, le secre\u0301taire ge\u0301ne\u0301ral du ministe\u0300re de l\u2019e\u0301conomie, Djamil Boinali, a salue\u0301 cette initiative et le travail accompli par la FCCIA. Ancien secre\u0301taire ge\u0301ne\u0301ral de l\u2019Union des Chambres de commerce, Djamil s\u2019est dit particulie\u0300rement heureux de voir ce projet aboutir, ayant lui-me\u0302me participe\u0301 a\u0300 son e\u0301laboration. \u00ab Aujourd\u2019hui est un grand jour pour le secteur public comme pour le secteur prive\u0301. Il faut reconnai\u0302tre que notre pays fait face a\u0300 un urbanisme inapproprie\u0301. De nombreuses constructions ne respectent pas les normes, et des espaces publics sont ame\u0301nage\u0301s sans re\u0301elle consultation des professionnels du secteur. Avec cette fe\u0301de\u0301ration, nous espe\u0301rons changer la manie\u0300re de construire aux Comores \u00bb, a-t-il de\u0301clare\u0301. Il a assure\u0301 que l\u2019E\u0301tat accompagnera la FCCIA dans cette de\u0301marche, rappelant l\u2019existence d\u2019un accord de dialogue entre l\u2019E\u0301tat et le secteur prive\u0301, pre\u0301voyant des rencontres trimestrielles afin de renforcer la concertation.<\/p>\n<p>Notons que la Fe\u0301de\u0301ration comorienne pour la construction, l\u2019immobilier et l\u2019architecture entend promouvoir et de\u0301velopper ces secteurs aux Comores, en instaurant un cadre re\u0301glementaire clair et en favorisant une collaboration efficace entre les acteurs. Sa vision est d\u2019e\u0302tre un ve\u0301ritable catalyseur du de\u0301veloppement durable des infrastructures et des ba\u0302timents du pays, en garantissant qualite\u0301, innovation et respect des normes. Son objectif est de renforcer la coope\u0301ration entre professionnels, la promotion de la formation et de l\u2019innovation, ainsi que la repre\u0301sentation et la de\u0301fense des inte\u0301re\u0302ts du secteur aupre\u0300s des institutions.<\/p>\n<p><strong>Pour plus d&rsquo;informations et d&rsquo;analyses sur la <span style=\"color: #ff6600\">Comores<\/span>, suivez <span style=\"color: #ff6600\">Africa-Press<\/span><\/strong><\/p>\n","protected":false},"excerpt":{"rendered":"<p>Africa-Press &#8211; Comores. Lors d\u2019une confe\u0301rence de presse tenue ce mardi 20 janvier, le bureau de la Fe\u0301de\u0301ration comorienne pour la construction, l\u2019immobilier et l\u2019architecture (FCCIA) a proce\u0301de\u0301 a\u0300 son lancement officiel. Cette nouvelle fe\u0301de\u0301ration, qui regroupe une trentaine de socie\u0301te\u0301s \u0153uvrant dans les secteurs de l\u2019immobilier, de la construction ainsi que des architectes, ambitionne [&hellip;]<\/p>\n","protected":false},"author":82,"featured_media":31211,"comment_status":"open","ping_status":"closed","sticky":false,"template":"","format":"standard","meta":{"footnotes":""},"categories":[3,10],"tags":[45],"class_list":["post-31213","post","type-post","status-publish","format-standard","has-post-thumbnail","hentry","category-economie","category-toutes-les-actualites","tag-comores"],"yoast_head":"<!-- This site is optimized with the Yoast SEO Premium plugin v26.1 (Yoast SEO v27.0) - https:\/\/yoast.com\/product\/yoast-seo-premium-wordpress\/ -->\n<title>Urbanisme: Cre\u0301ation D&#039;Une Fe\u0301de\u0301ration de la Construction - Comores<\/title>\n<meta name=\"description\" content=\"Lors d\u2019une confe\u0301rence de presse tenue ce mardi 20 janvier, le bureau de la Fe\u0301de\u0301ration comorienne pour la construction ...\" \/>\n<meta name=\"robots\" content=\"index, follow, max-snippet:-1, max-image-preview:large, max-video-preview:-1\" \/>\n<link rel=\"canonical\" href=\"https:\/\/www.africa-press.net\/comores\/economie\/urbanisme-creation-dune-federation-de-la-construction\" \/>\n<meta property=\"og:locale\" content=\"fr_FR\" \/>\n<meta property=\"og:type\" content=\"article\" \/>\n<meta property=\"og:title\" content=\"Urbanisme: Cre\u0301ation D&#039;Une Fe\u0301de\u0301ration de la Construction\" \/>\n<meta property=\"og:description\" content=\"Lors d\u2019une confe\u0301rence de presse tenue ce mardi 20 janvier, le bureau de la Fe\u0301de\u0301ration comorienne pour la construction ...\" \/>\n<meta property=\"og:url\" content=\"https:\/\/www.africa-press.net\/comores\/economie\/urbanisme-creation-dune-federation-de-la-construction\" \/>\n<meta property=\"og:site_name\" content=\"Comores\" \/>\n<meta property=\"article:published_time\" content=\"2026-01-22T12:10:00+00:00\" \/>\n<meta property=\"article:modified_time\" content=\"2026-01-23T18:52:08+00:00\" \/>\n<meta property=\"og:image\" content=\"https:\/\/static.africa-press.net\/centrafricaine\/sites\/48\/2026\/01\/sm_1769151766.205447.jpg\" \/>\n\t<meta property=\"og:image:width\" content=\"1280\" \/>\n\t<meta property=\"og:image:height\" content=\"720\" \/>\n\t<meta property=\"og:image:type\" content=\"image\/jpeg\" \/>\n<meta name=\"author\" content=\"cfeditorfr\" \/>\n<meta name=\"twitter:card\" content=\"summary_large_image\" \/>\n<meta name=\"twitter:label1\" content=\"\u00c9crit par\" \/>\n\t<meta name=\"twitter:data1\" content=\"cfeditorfr\" \/>\n\t<meta name=\"twitter:label2\" content=\"Dur\u00e9e de lecture estim\u00e9e\" \/>\n\t<meta name=\"twitter:data2\" content=\"4 minutes\" \/>\n<script type=\"application\/ld+json\" class=\"yoast-schema-graph\">{\"@context\":\"https:\/\/schema.org\",\"@graph\":[{\"@type\":\"Article\",\"@id\":\"https:\/\/www.africa-press.net\/comores\/economie\/urbanisme-creation-dune-federation-de-la-construction#article\",\"isPartOf\":{\"@id\":\"https:\/\/www.africa-press.net\/comores\/economie\/urbanisme-creation-dune-federation-de-la-construction\"},\"author\":{\"name\":\"cfeditorfr\",\"@id\":\"https:\/\/www.africa-press.net\/comores\/#\/schema\/person\/2b1cf3cd81a31e3cd26889ca66d677f1\"},\"headline\":\"Urbanisme: Cre\u0301ation D&rsquo;Une Fe\u0301de\u0301ration de la Construction\",\"datePublished\":\"2026-01-22T12:10:00+00:00\",\"dateModified\":\"2026-01-23T18:52:08+00:00\",\"mainEntityOfPage\":{\"@id\":\"https:\/\/www.africa-press.net\/comores\/economie\/urbanisme-creation-dune-federation-de-la-construction\"},\"wordCount\":857,\"commentCount\":0,\"image\":{\"@id\":\"https:\/\/www.africa-press.net\/comores\/economie\/urbanisme-creation-dune-federation-de-la-construction#primaryimage\"},\"thumbnailUrl\":\"https:\/\/static.africa-press.net\/centrafricaine\/sites\/48\/2026\/01\/sm_1769151766.205447.jpg\",\"keywords\":[\"Comores\"],\"articleSection\":[\"\u00c9conomie\",\"Toutes les actualit\u00e9s\"],\"inLanguage\":\"fr-FR\",\"potentialAction\":[{\"@type\":\"CommentAction\",\"name\":\"Comment\",\"target\":[\"https:\/\/www.africa-press.net\/comores\/economie\/urbanisme-creation-dune-federation-de-la-construction#respond\"]}]},{\"@type\":\"WebPage\",\"@id\":\"https:\/\/www.africa-press.net\/comores\/economie\/urbanisme-creation-dune-federation-de-la-construction\",\"url\":\"https:\/\/www.africa-press.net\/comores\/economie\/urbanisme-creation-dune-federation-de-la-construction\",\"name\":\"Urbanisme: Cre\u0301ation D'Une Fe\u0301de\u0301ration de la Construction - Comores\",\"isPartOf\":{\"@id\":\"https:\/\/www.africa-press.net\/comores\/#website\"},\"primaryImageOfPage\":{\"@id\":\"https:\/\/www.africa-press.net\/comores\/economie\/urbanisme-creation-dune-federation-de-la-construction#primaryimage\"},\"image\":{\"@id\":\"https:\/\/www.africa-press.net\/comores\/economie\/urbanisme-creation-dune-federation-de-la-construction#primaryimage\"},\"thumbnailUrl\":\"https:\/\/static.africa-press.net\/centrafricaine\/sites\/48\/2026\/01\/sm_1769151766.205447.jpg\",\"datePublished\":\"2026-01-22T12:10:00+00:00\",\"dateModified\":\"2026-01-23T18:52:08+00:00\",\"author\":{\"@id\":\"https:\/\/www.africa-press.net\/comores\/#\/schema\/person\/2b1cf3cd81a31e3cd26889ca66d677f1\"},\"description\":\"Lors d\u2019une confe\u0301rence de presse tenue ce mardi 20 janvier, le bureau de la Fe\u0301de\u0301ration comorienne pour la construction ...\",\"breadcrumb\":{\"@id\":\"https:\/\/www.africa-press.net\/comores\/economie\/urbanisme-creation-dune-federation-de-la-construction#breadcrumb\"},\"inLanguage\":\"fr-FR\",\"potentialAction\":[{\"@type\":\"ReadAction\",\"target\":[\"https:\/\/www.africa-press.net\/comores\/economie\/urbanisme-creation-dune-federation-de-la-construction\"]}]},{\"@type\":\"ImageObject\",\"inLanguage\":\"fr-FR\",\"@id\":\"https:\/\/www.africa-press.net\/comores\/economie\/urbanisme-creation-dune-federation-de-la-construction#primaryimage\",\"url\":\"https:\/\/static.africa-press.net\/centrafricaine\/sites\/48\/2026\/01\/sm_1769151766.205447.jpg\",\"contentUrl\":\"https:\/\/static.africa-press.net\/centrafricaine\/sites\/48\/2026\/01\/sm_1769151766.205447.jpg\",\"width\":1280,\"height\":720,\"caption\":\"Urbanisme: Cre\u0301ation D'Une Fe\u0301de\u0301ration de la Construction\"},{\"@type\":\"BreadcrumbList\",\"@id\":\"https:\/\/www.africa-press.net\/comores\/economie\/urbanisme-creation-dune-federation-de-la-construction#breadcrumb\",\"itemListElement\":[{\"@type\":\"ListItem\",\"position\":1,\"name\":\"Accueil\",\"item\":\"https:\/\/www.africa-press.net\/comores\/\"},{\"@type\":\"ListItem\",\"position\":2,\"name\":\"Urbanisme: Cre\u0301ation D&#8217;Une Fe\u0301de\u0301ration de la Construction\"}]},{\"@type\":\"WebSite\",\"@id\":\"https:\/\/www.africa-press.net\/comores\/#website\",\"url\":\"https:\/\/www.africa-press.net\/comores\/\",\"name\":\"Comores\",\"description\":\"Just another Africa News Agency Sites site\",\"potentialAction\":[{\"@type\":\"SearchAction\",\"target\":{\"@type\":\"EntryPoint\",\"urlTemplate\":\"https:\/\/www.africa-press.net\/comores\/?s={search_term_string}\"},\"query-input\":{\"@type\":\"PropertyValueSpecification\",\"valueRequired\":true,\"valueName\":\"search_term_string\"}}],\"inLanguage\":\"fr-FR\"},{\"@type\":\"Person\",\"@id\":\"https:\/\/www.africa-press.net\/comores\/#\/schema\/person\/2b1cf3cd81a31e3cd26889ca66d677f1\",\"name\":\"cfeditorfr\"}]}<\/script>\n<!-- \/ Yoast SEO Premium plugin. -->","yoast_head_json":{"title":"Urbanisme: Cre\u0301ation D'Une Fe\u0301de\u0301ration de la Construction - Comores","description":"Lors d\u2019une confe\u0301rence de presse tenue ce mardi 20 janvier, le bureau de la Fe\u0301de\u0301ration comorienne pour la construction ...","robots":{"index":"index","follow":"follow","max-snippet":"max-snippet:-1","max-image-preview":"max-image-preview:large","max-video-preview":"max-video-preview:-1"},"canonical":"https:\/\/www.africa-press.net\/comores\/economie\/urbanisme-creation-dune-federation-de-la-construction","og_locale":"fr_FR","og_type":"article","og_title":"Urbanisme: Cre\u0301ation D'Une Fe\u0301de\u0301ration de la Construction","og_description":"Lors d\u2019une confe\u0301rence de presse tenue ce mardi 20 janvier, le bureau de la Fe\u0301de\u0301ration comorienne pour la construction ...","og_url":"https:\/\/www.africa-press.net\/comores\/economie\/urbanisme-creation-dune-federation-de-la-construction","og_site_name":"Comores","article_published_time":"2026-01-22T12:10:00+00:00","article_modified_time":"2026-01-23T18:52:08+00:00","og_image":[{"width":1280,"height":720,"url":"https:\/\/static.africa-press.net\/centrafricaine\/sites\/48\/2026\/01\/sm_1769151766.205447.jpg","type":"image\/jpeg"}],"author":"cfeditorfr","twitter_card":"summary_large_image","twitter_misc":{"\u00c9crit par":"cfeditorfr","Dur\u00e9e de lecture estim\u00e9e":"4 minutes"},"schema":{"@context":"https:\/\/schema.org","@graph":[{"@type":"Article","@id":"https:\/\/www.africa-press.net\/comores\/economie\/urbanisme-creation-dune-federation-de-la-construction#article","isPartOf":{"@id":"https:\/\/www.africa-press.net\/comores\/economie\/urbanisme-creation-dune-federation-de-la-construction"},"author":{"name":"cfeditorfr","@id":"https:\/\/www.africa-press.net\/comores\/#\/schema\/person\/2b1cf3cd81a31e3cd26889ca66d677f1"},"headline":"Urbanisme: Cre\u0301ation D&rsquo;Une Fe\u0301de\u0301ration de la Construction","datePublished":"2026-01-22T12:10:00+00:00","dateModified":"2026-01-23T18:52:08+00:00","mainEntityOfPage":{"@id":"https:\/\/www.africa-press.net\/comores\/economie\/urbanisme-creation-dune-federation-de-la-construction"},"wordCount":857,"commentCount":0,"image":{"@id":"https:\/\/www.africa-press.net\/comores\/economie\/urbanisme-creation-dune-federation-de-la-construction#primaryimage"},"thumbnailUrl":"https:\/\/static.africa-press.net\/centrafricaine\/sites\/48\/2026\/01\/sm_1769151766.205447.jpg","keywords":["Comores"],"articleSection":["\u00c9conomie","Toutes les actualit\u00e9s"],"inLanguage":"fr-FR","potentialAction":[{"@type":"CommentAction","name":"Comment","target":["https:\/\/www.africa-press.net\/comores\/economie\/urbanisme-creation-dune-federation-de-la-construction#respond"]}]},{"@type":"WebPage","@id":"https:\/\/www.africa-press.net\/comores\/economie\/urbanisme-creation-dune-federation-de-la-construction","url":"https:\/\/www.africa-press.net\/comores\/economie\/urbanisme-creation-dune-federation-de-la-construction","name":"Urbanisme: Cre\u0301ation D'Une Fe\u0301de\u0301ration de la Construction - Comores","isPartOf":{"@id":"https:\/\/www.africa-press.net\/comores\/#website"},"primaryImageOfPage":{"@id":"https:\/\/www.africa-press.net\/comores\/economie\/urbanisme-creation-dune-federation-de-la-construction#primaryimage"},"image":{"@id":"https:\/\/www.africa-press.net\/comores\/economie\/urbanisme-creation-dune-federation-de-la-construction#primaryimage"},"thumbnailUrl":"https:\/\/static.africa-press.net\/centrafricaine\/sites\/48\/2026\/01\/sm_1769151766.205447.jpg","datePublished":"2026-01-22T12:10:00+00:00","dateModified":"2026-01-23T18:52:08+00:00","author":{"@id":"https:\/\/www.africa-press.net\/comores\/#\/schema\/person\/2b1cf3cd81a31e3cd26889ca66d677f1"},"description":"Lors d\u2019une confe\u0301rence de presse tenue ce mardi 20 janvier, le bureau de la Fe\u0301de\u0301ration comorienne pour la construction ...","breadcrumb":{"@id":"https:\/\/www.africa-press.net\/comores\/economie\/urbanisme-creation-dune-federation-de-la-construction#breadcrumb"},"inLanguage":"fr-FR","potentialAction":[{"@type":"ReadAction","target":["https:\/\/www.africa-press.net\/comores\/economie\/urbanisme-creation-dune-federation-de-la-construction"]}]},{"@type":"ImageObject","inLanguage":"fr-FR","@id":"https:\/\/www.africa-press.net\/comores\/economie\/urbanisme-creation-dune-federation-de-la-construction#primaryimage","url":"https:\/\/static.africa-press.net\/centrafricaine\/sites\/48\/2026\/01\/sm_1769151766.205447.jpg","contentUrl":"https:\/\/static.africa-press.net\/centrafricaine\/sites\/48\/2026\/01\/sm_1769151766.205447.jpg","width":1280,"height":720,"caption":"Urbanisme: Cre\u0301ation D'Une Fe\u0301de\u0301ration de la Construction"},{"@type":"BreadcrumbList","@id":"https:\/\/www.africa-press.net\/comores\/economie\/urbanisme-creation-dune-federation-de-la-construction#breadcrumb","itemListElement":[{"@type":"ListItem","position":1,"name":"Accueil","item":"https:\/\/www.africa-press.net\/comores\/"},{"@type":"ListItem","position":2,"name":"Urbanisme: Cre\u0301ation D&#8217;Une Fe\u0301de\u0301ration de la Construction"}]},{"@type":"WebSite","@id":"https:\/\/www.africa-press.net\/comores\/#website","url":"https:\/\/www.africa-press.net\/comores\/","name":"Comores","description":"Just another Africa News Agency Sites site","potentialAction":[{"@type":"SearchAction","target":{"@type":"EntryPoint","urlTemplate":"https:\/\/www.africa-press.net\/comores\/?s={search_term_string}"},"query-input":{"@type":"PropertyValueSpecification","valueRequired":true,"valueName":"search_term_string"}}],"inLanguage":"fr-FR"},{"@type":"Person","@id":"https:\/\/www.africa-press.net\/comores\/#\/schema\/person\/2b1cf3cd81a31e3cd26889ca66d677f1","name":"cfeditorfr"}]}},"_links":{"self":[{"href":"https:\/\/www.africa-press.net\/comores\/wp-json\/wp\/v2\/posts\/31213","targetHints":{"allow":["GET"]}}],"collection":[{"href":"https:\/\/www.africa-press.net\/comores\/wp-json\/wp\/v2\/posts"}],"about":[{"href":"https:\/\/www.africa-press.net\/comores\/wp-json\/wp\/v2\/types\/post"}],"author":[{"embeddable":true,"href":"https:\/\/www.africa-press.net\/comores\/wp-json\/wp\/v2\/users\/82"}],"replies":[{"embeddable":true,"href":"https:\/\/www.africa-press.net\/comores\/wp-json\/wp\/v2\/comments?post=31213"}],"version-history":[{"count":0,"href":"https:\/\/www.africa-press.net\/comores\/wp-json\/wp\/v2\/posts\/31213\/revisions"}],"wp:featuredmedia":[{"embeddable":true,"href":"https:\/\/www.africa-press.net\/comores\/wp-json\/wp\/v2\/media\/31211"}],"wp:attachment":[{"href":"https:\/\/www.africa-press.net\/comores\/wp-json\/wp\/v2\/media?parent=31213"}],"wp:term":[{"taxonomy":"category","embeddable":true,"href":"https:\/\/www.africa-press.net\/comores\/wp-json\/wp\/v2\/categories?post=31213"},{"taxonomy":"post_tag","embeddable":true,"href":"https:\/\/www.africa-press.net\/comores\/wp-json\/wp\/v2\/tags?post=31213"}],"curies":[{"name":"wp","href":"https:\/\/api.w.org\/{rel}","templated":true}]}}