{"id":32016,"date":"2026-03-13T12:10:00","date_gmt":"2026-03-13T12:10:00","guid":{"rendered":"https:\/\/www.africa-press.net\/comores\/politique\/cooperation-mediatique-sino-africaine-et-souverainete"},"modified":"2026-03-13T19:20:41","modified_gmt":"2026-03-13T19:20:41","slug":"cooperation-mediatique-sino-africaine-et-souverainete","status":"publish","type":"post","link":"https:\/\/www.africa-press.net\/comores\/dossiers\/cooperation-mediatique-sino-africaine-et-souverainete","title":{"rendered":"Coop\u00e9ration M\u00e9diatique Sino-Africaine et Souverainet\u00e9"},"content":{"rendered":"<p><span style=\"color: #ff6600\"><strong>Africa-Press &#8211; Comores. <\/strong><\/span><b>(Note de l\u2019e\u0301diteur: Cet article repre\u0301sente le point de vue de Mamadou Cire\u0301 Balde\u0301 et pas ne\u0301cessairement celui de CGTN.)<\/b><\/p>\n<p>A\u0300 l\u2019occasion des Deux Sessions chinoises, CGTN Franc\u0327ais a invite\u0301 des journalistes africains a\u0300 donner leur avis sur le mode\u0300le de coope\u0301ration entre me\u0301dias africains et chinois qui permettrait de raconter, de manie\u0300re plus authentique et plus e\u0301quilibre\u0301e, les trajectoires de de\u0301veloppement. Mamadou Cire\u0301 Balde\u0301, journaliste de Vision Guine\u0301e, nous livre son regard.<\/p>\n<p>Du constat de Mamadou Cire\u0301 Balde\u0301, journaliste de Vision Guine\u0301e, les me\u0301dias africains et chinois ont progressivement renforce\u0301 leurs interactions. Cette dynamique, encore en consolidation, re\u0301ve\u0300le un potentiel conside\u0301rable. \u00ab En intensifiant la coope\u0301ration e\u0301ditoriale, en favorisant l\u2019e\u0301change structure\u0301 de contenus et en de\u0301veloppant des coproductions ambitieuses, ils peuvent accroi\u0302tre significativement leur influence sur la sce\u0300ne internationale. Ce qui offrirait des perspectives plus diversifie\u0301es sur les mutations e\u0301conomiques, sociales, technologiques et culturelles a\u0300 l\u2019\u0153uvre en Afrique et en Chine, tout en contribuant a\u0300 re\u0301e\u0301quilibrer un espace me\u0301diatique mondial historiquement domine\u0301 par des narratifs occidentaux \u00bb, a-t-il de\u0301clare\u0301. Pour M. Balde\u0301, la coope\u0301ration doit de\u0301passer le cadre de production d\u2019articles, de reportages ou de documentaires pour changer la manie\u0300re de raconter. \u00ab Une coope\u0301ration me\u0301diatique approfondie offrirait l\u2019opportunite\u0301 de replacer les acteurs locaux au centre du re\u0301cit, en mettant en lumie\u0300re les dynamiques internes, les re\u0301ussites concre\u0300tes, mais aussi les de\u0301fis, sans caricature ni simplification excessive \u00bb, a-t-il sugge\u0301re\u0301.<\/p>\n<p>Sur la me\u0302me lance\u0301e, il a encourage\u0301 la coproduction, qui constitue un levier strate\u0301gique. Lorsque des journalistes africains et chinois conc\u0327oivent ensemble un reportage ou une enque\u0302te, a indique\u0301 Mamadou Cire\u0301 Balde\u0301, ils croisent leurs expe\u0301riences, confrontent leurs sensibilite\u0301s et enrichissent l\u2019analyse. \u00ab Ce travail collaboratif de\u0301passe la logique du simple relais d\u2019information. Il permet d\u2019e\u0301laborer des contenus plus e\u0301quilibre\u0301s, ancre\u0301s dans la re\u0301alite\u0301 du terrain et porteurs d\u2019une compre\u0301hension mutuelle plus fine. Les grands projets d\u2019infrastructures, les initiatives technologiques, les transformations agricoles ou les dynamiques entrepreneuriales peuvent ainsi e\u0302tre pre\u0301sente\u0301s comme des sujets a\u0300 explorer et a\u0300 mettre en lumie\u0300re \u00bb, a-t-il argue\u0301.<\/p>\n<p>Le journaliste guine\u0301en a e\u0301galement e\u0301voque\u0301 le renforcement des capacite\u0301s professionnelles qui est, selon lui, de\u0301terminant dans cette coope\u0301ration me\u0301diatique. Dans ce sens, des programmes d\u2019e\u0301changes, des formations conjointes en intelligence artificielle, production audiovisuelle ou en traitement des enjeux climatiques et nume\u0301riques contribueraient a\u0300 e\u0301lever les standards de qualite\u0301 tout en respectant les spe\u0301cificite\u0301s culturelles.<\/p>\n<p>Avec la re\u0301volution nume\u0301rique, M. Balde\u0301 a propose\u0301 une mutualisation des expertises technologiques pour de\u0301velopper des plateformes multilingues, des formats innovants et des se\u0301ries documentaires interactives capables de toucher des publics e\u0301largis, notamment les jeunes ge\u0301ne\u0301rations.<\/p>\n<p>La coope\u0301ration doit proposer un narratif qui embrasse les re\u0301alite\u0301s du Sud global. Pour Mamadou Cire\u0301 Balde\u0301, les pays du Sud global disposent d\u2019une diversite\u0301 d\u2019expe\u0301riences historiques, de mode\u0300les de de\u0301veloppement et de visions socie\u0301tales qui me\u0301ritent d\u2019e\u0302tre exprime\u0301es selon leurs propres re\u0301fe\u0301rentiels. Les me\u0301dias africains et chinois doivent s\u2019unir pour promouvoir un pluralisme authentique ou\u0300 coexistent diffe\u0301rentes manie\u0300res d\u2019appre\u0301hender le progre\u0300s, la modernite\u0301 et le de\u0301veloppement.<\/p>\n<p>\u00ab Raconter nos trajectoires de de\u0301veloppement a\u0300 partir de nos propres voix n\u2019est pas seulement un impe\u0301ratif professionnel. C\u2019est une affirmation de dignite\u0301 et d\u2019autonomie. La coope\u0301ration me\u0301diatique sino-africaine, si elle s\u2019inscrit dans la dure\u0301e et l\u2019exigence de qualite\u0301, peut devenir un instrument puissant de re\u0301e\u0301quilibrage informationnel et un vecteur d\u2019un dialogue international plus e\u0301quitable \u00bb, a pre\u0301cise\u0301 le journaliste guine\u0301en.<\/p>\n<p><b>Source: Vision Guinee<\/b><\/p>\n<p><strong>Pour plus d&rsquo;informations et d&rsquo;analyses sur la <span style=\"color: #ff6600\">Comores<\/span>, suivez <span style=\"color: #ff6600\">Africa-Press<\/span><\/strong><\/p>\n","protected":false},"excerpt":{"rendered":"<p>Africa-Press &#8211; Comores. (Note de l\u2019e\u0301diteur: Cet article repre\u0301sente le point de vue de Mamadou Cire\u0301 Balde\u0301 et pas ne\u0301cessairement celui de CGTN.) A\u0300 l\u2019occasion des Deux Sessions chinoises, CGTN Franc\u0327ais a invite\u0301 des journalistes africains a\u0300 donner leur avis sur le mode\u0300le de coope\u0301ration entre me\u0301dias africains et chinois qui permettrait de raconter, de [&hellip;]<\/p>\n","protected":false},"author":82,"featured_media":32015,"comment_status":"open","ping_status":"closed","sticky":false,"template":"","format":"standard","meta":{"footnotes":""},"categories":[7,10],"tags":[45],"class_list":["post-32016","post","type-post","status-publish","format-standard","has-post-thumbnail","hentry","category-dossiers","category-toutes-les-actualites","tag-comores"],"yoast_head":"<!-- This site is optimized with the Yoast SEO Premium plugin v26.1 (Yoast SEO v27.0) - https:\/\/yoast.com\/product\/yoast-seo-premium-wordpress\/ -->\n<title>Coop\u00e9ration M\u00e9diatique Sino-Africaine et Souverainet\u00e9 - Comores<\/title>\n<meta name=\"description\" content=\"(Note de l\u2019e\u0301diteur: Cet article repre\u0301sente le point de vue de Mamadou Cire\u0301 Balde\u0301 et pas ne\u0301cessairement celui de ...\" \/>\n<meta name=\"robots\" content=\"index, follow, max-snippet:-1, max-image-preview:large, max-video-preview:-1\" \/>\n<link rel=\"canonical\" href=\"https:\/\/www.africa-press.net\/comores\/dossiers\/cooperation-mediatique-sino-africaine-et-souverainete\" \/>\n<meta property=\"og:locale\" content=\"fr_FR\" \/>\n<meta property=\"og:type\" content=\"article\" \/>\n<meta property=\"og:title\" content=\"Coop\u00e9ration M\u00e9diatique Sino-Africaine et Souverainet\u00e9\" \/>\n<meta property=\"og:description\" content=\"(Note de l\u2019e\u0301diteur: Cet article repre\u0301sente le point de vue de Mamadou Cire\u0301 Balde\u0301 et pas ne\u0301cessairement celui de ...\" \/>\n<meta property=\"og:url\" content=\"https:\/\/www.africa-press.net\/comores\/dossiers\/cooperation-mediatique-sino-africaine-et-souverainete\" \/>\n<meta property=\"og:site_name\" content=\"Comores\" \/>\n<meta property=\"article:published_time\" content=\"2026-03-13T12:10:00+00:00\" \/>\n<meta property=\"article:modified_time\" content=\"2026-03-13T19:20:41+00:00\" \/>\n<meta property=\"og:image\" content=\"https:\/\/static.africa-press.net\/centrafricaine\/sites\/48\/2026\/03\/sm_1773416966.957219.jpg\" \/>\n\t<meta property=\"og:image:width\" content=\"1267\" \/>\n\t<meta property=\"og:image:height\" content=\"713\" \/>\n\t<meta property=\"og:image:type\" content=\"image\/jpeg\" \/>\n<meta name=\"author\" content=\"cfeditorfr\" \/>\n<meta name=\"twitter:card\" content=\"summary_large_image\" \/>\n<meta name=\"twitter:label1\" content=\"\u00c9crit par\" \/>\n\t<meta name=\"twitter:data1\" content=\"cfeditorfr\" \/>\n\t<meta name=\"twitter:label2\" content=\"Dur\u00e9e de lecture estim\u00e9e\" \/>\n\t<meta name=\"twitter:data2\" content=\"4 minutes\" \/>\n<script type=\"application\/ld+json\" class=\"yoast-schema-graph\">{\"@context\":\"https:\/\/schema.org\",\"@graph\":[{\"@type\":\"Article\",\"@id\":\"https:\/\/www.africa-press.net\/comores\/dossiers\/cooperation-mediatique-sino-africaine-et-souverainete#article\",\"isPartOf\":{\"@id\":\"https:\/\/www.africa-press.net\/comores\/dossiers\/cooperation-mediatique-sino-africaine-et-souverainete\"},\"author\":{\"name\":\"cfeditorfr\",\"@id\":\"https:\/\/www.africa-press.net\/comores\/#\/schema\/person\/2b1cf3cd81a31e3cd26889ca66d677f1\"},\"headline\":\"Coop\u00e9ration M\u00e9diatique Sino-Africaine et Souverainet\u00e9\",\"datePublished\":\"2026-03-13T12:10:00+00:00\",\"dateModified\":\"2026-03-13T19:20:41+00:00\",\"mainEntityOfPage\":{\"@id\":\"https:\/\/www.africa-press.net\/comores\/dossiers\/cooperation-mediatique-sino-africaine-et-souverainete\"},\"wordCount\":699,\"commentCount\":0,\"image\":{\"@id\":\"https:\/\/www.africa-press.net\/comores\/dossiers\/cooperation-mediatique-sino-africaine-et-souverainete#primaryimage\"},\"thumbnailUrl\":\"https:\/\/static.africa-press.net\/centrafricaine\/sites\/48\/2026\/03\/sm_1773416966.957219.jpg\",\"keywords\":[\"Comores\"],\"articleSection\":[\"Dossiers\",\"Toutes les actualit\u00e9s\"],\"inLanguage\":\"fr-FR\",\"potentialAction\":[{\"@type\":\"CommentAction\",\"name\":\"Comment\",\"target\":[\"https:\/\/www.africa-press.net\/comores\/dossiers\/cooperation-mediatique-sino-africaine-et-souverainete#respond\"]}]},{\"@type\":\"WebPage\",\"@id\":\"https:\/\/www.africa-press.net\/comores\/dossiers\/cooperation-mediatique-sino-africaine-et-souverainete\",\"url\":\"https:\/\/www.africa-press.net\/comores\/dossiers\/cooperation-mediatique-sino-africaine-et-souverainete\",\"name\":\"Coop\u00e9ration M\u00e9diatique Sino-Africaine et Souverainet\u00e9 - Comores\",\"isPartOf\":{\"@id\":\"https:\/\/www.africa-press.net\/comores\/#website\"},\"primaryImageOfPage\":{\"@id\":\"https:\/\/www.africa-press.net\/comores\/dossiers\/cooperation-mediatique-sino-africaine-et-souverainete#primaryimage\"},\"image\":{\"@id\":\"https:\/\/www.africa-press.net\/comores\/dossiers\/cooperation-mediatique-sino-africaine-et-souverainete#primaryimage\"},\"thumbnailUrl\":\"https:\/\/static.africa-press.net\/centrafricaine\/sites\/48\/2026\/03\/sm_1773416966.957219.jpg\",\"datePublished\":\"2026-03-13T12:10:00+00:00\",\"dateModified\":\"2026-03-13T19:20:41+00:00\",\"author\":{\"@id\":\"https:\/\/www.africa-press.net\/comores\/#\/schema\/person\/2b1cf3cd81a31e3cd26889ca66d677f1\"},\"description\":\"(Note de l\u2019e\u0301diteur: Cet article repre\u0301sente le point de vue de Mamadou Cire\u0301 Balde\u0301 et pas ne\u0301cessairement celui de ...\",\"breadcrumb\":{\"@id\":\"https:\/\/www.africa-press.net\/comores\/dossiers\/cooperation-mediatique-sino-africaine-et-souverainete#breadcrumb\"},\"inLanguage\":\"fr-FR\",\"potentialAction\":[{\"@type\":\"ReadAction\",\"target\":[\"https:\/\/www.africa-press.net\/comores\/dossiers\/cooperation-mediatique-sino-africaine-et-souverainete\"]}]},{\"@type\":\"ImageObject\",\"inLanguage\":\"fr-FR\",\"@id\":\"https:\/\/www.africa-press.net\/comores\/dossiers\/cooperation-mediatique-sino-africaine-et-souverainete#primaryimage\",\"url\":\"https:\/\/static.africa-press.net\/centrafricaine\/sites\/48\/2026\/03\/sm_1773416966.957219.jpg\",\"contentUrl\":\"https:\/\/static.africa-press.net\/centrafricaine\/sites\/48\/2026\/03\/sm_1773416966.957219.jpg\",\"width\":1267,\"height\":713,\"caption\":\"Coop\u00e9ration M\u00e9diatique Sino-Africaine et Souverainet\u00e9\"},{\"@type\":\"BreadcrumbList\",\"@id\":\"https:\/\/www.africa-press.net\/comores\/dossiers\/cooperation-mediatique-sino-africaine-et-souverainete#breadcrumb\",\"itemListElement\":[{\"@type\":\"ListItem\",\"position\":1,\"name\":\"Accueil\",\"item\":\"https:\/\/www.africa-press.net\/comores\/\"},{\"@type\":\"ListItem\",\"position\":2,\"name\":\"Coop\u00e9ration M\u00e9diatique Sino-Africaine et Souverainet\u00e9\"}]},{\"@type\":\"WebSite\",\"@id\":\"https:\/\/www.africa-press.net\/comores\/#website\",\"url\":\"https:\/\/www.africa-press.net\/comores\/\",\"name\":\"Comores\",\"description\":\"Just another Africa News Agency Sites site\",\"potentialAction\":[{\"@type\":\"SearchAction\",\"target\":{\"@type\":\"EntryPoint\",\"urlTemplate\":\"https:\/\/www.africa-press.net\/comores\/?s={search_term_string}\"},\"query-input\":{\"@type\":\"PropertyValueSpecification\",\"valueRequired\":true,\"valueName\":\"search_term_string\"}}],\"inLanguage\":\"fr-FR\"},{\"@type\":\"Person\",\"@id\":\"https:\/\/www.africa-press.net\/comores\/#\/schema\/person\/2b1cf3cd81a31e3cd26889ca66d677f1\",\"name\":\"cfeditorfr\"}]}<\/script>\n<!-- \/ Yoast SEO Premium plugin. -->","yoast_head_json":{"title":"Coop\u00e9ration M\u00e9diatique Sino-Africaine et Souverainet\u00e9 - Comores","description":"(Note de l\u2019e\u0301diteur: Cet article repre\u0301sente le point de vue de Mamadou Cire\u0301 Balde\u0301 et pas ne\u0301cessairement celui de ...","robots":{"index":"index","follow":"follow","max-snippet":"max-snippet:-1","max-image-preview":"max-image-preview:large","max-video-preview":"max-video-preview:-1"},"canonical":"https:\/\/www.africa-press.net\/comores\/dossiers\/cooperation-mediatique-sino-africaine-et-souverainete","og_locale":"fr_FR","og_type":"article","og_title":"Coop\u00e9ration M\u00e9diatique Sino-Africaine et Souverainet\u00e9","og_description":"(Note de l\u2019e\u0301diteur: Cet article repre\u0301sente le point de vue de Mamadou Cire\u0301 Balde\u0301 et pas ne\u0301cessairement celui de ...","og_url":"https:\/\/www.africa-press.net\/comores\/dossiers\/cooperation-mediatique-sino-africaine-et-souverainete","og_site_name":"Comores","article_published_time":"2026-03-13T12:10:00+00:00","article_modified_time":"2026-03-13T19:20:41+00:00","og_image":[{"width":1267,"height":713,"url":"https:\/\/static.africa-press.net\/centrafricaine\/sites\/48\/2026\/03\/sm_1773416966.957219.jpg","type":"image\/jpeg"}],"author":"cfeditorfr","twitter_card":"summary_large_image","twitter_misc":{"\u00c9crit par":"cfeditorfr","Dur\u00e9e de lecture estim\u00e9e":"4 minutes"},"schema":{"@context":"https:\/\/schema.org","@graph":[{"@type":"Article","@id":"https:\/\/www.africa-press.net\/comores\/dossiers\/cooperation-mediatique-sino-africaine-et-souverainete#article","isPartOf":{"@id":"https:\/\/www.africa-press.net\/comores\/dossiers\/cooperation-mediatique-sino-africaine-et-souverainete"},"author":{"name":"cfeditorfr","@id":"https:\/\/www.africa-press.net\/comores\/#\/schema\/person\/2b1cf3cd81a31e3cd26889ca66d677f1"},"headline":"Coop\u00e9ration M\u00e9diatique Sino-Africaine et Souverainet\u00e9","datePublished":"2026-03-13T12:10:00+00:00","dateModified":"2026-03-13T19:20:41+00:00","mainEntityOfPage":{"@id":"https:\/\/www.africa-press.net\/comores\/dossiers\/cooperation-mediatique-sino-africaine-et-souverainete"},"wordCount":699,"commentCount":0,"image":{"@id":"https:\/\/www.africa-press.net\/comores\/dossiers\/cooperation-mediatique-sino-africaine-et-souverainete#primaryimage"},"thumbnailUrl":"https:\/\/static.africa-press.net\/centrafricaine\/sites\/48\/2026\/03\/sm_1773416966.957219.jpg","keywords":["Comores"],"articleSection":["Dossiers","Toutes les actualit\u00e9s"],"inLanguage":"fr-FR","potentialAction":[{"@type":"CommentAction","name":"Comment","target":["https:\/\/www.africa-press.net\/comores\/dossiers\/cooperation-mediatique-sino-africaine-et-souverainete#respond"]}]},{"@type":"WebPage","@id":"https:\/\/www.africa-press.net\/comores\/dossiers\/cooperation-mediatique-sino-africaine-et-souverainete","url":"https:\/\/www.africa-press.net\/comores\/dossiers\/cooperation-mediatique-sino-africaine-et-souverainete","name":"Coop\u00e9ration M\u00e9diatique Sino-Africaine et Souverainet\u00e9 - Comores","isPartOf":{"@id":"https:\/\/www.africa-press.net\/comores\/#website"},"primaryImageOfPage":{"@id":"https:\/\/www.africa-press.net\/comores\/dossiers\/cooperation-mediatique-sino-africaine-et-souverainete#primaryimage"},"image":{"@id":"https:\/\/www.africa-press.net\/comores\/dossiers\/cooperation-mediatique-sino-africaine-et-souverainete#primaryimage"},"thumbnailUrl":"https:\/\/static.africa-press.net\/centrafricaine\/sites\/48\/2026\/03\/sm_1773416966.957219.jpg","datePublished":"2026-03-13T12:10:00+00:00","dateModified":"2026-03-13T19:20:41+00:00","author":{"@id":"https:\/\/www.africa-press.net\/comores\/#\/schema\/person\/2b1cf3cd81a31e3cd26889ca66d677f1"},"description":"(Note de l\u2019e\u0301diteur: Cet article repre\u0301sente le point de vue de Mamadou Cire\u0301 Balde\u0301 et pas ne\u0301cessairement celui de ...","breadcrumb":{"@id":"https:\/\/www.africa-press.net\/comores\/dossiers\/cooperation-mediatique-sino-africaine-et-souverainete#breadcrumb"},"inLanguage":"fr-FR","potentialAction":[{"@type":"ReadAction","target":["https:\/\/www.africa-press.net\/comores\/dossiers\/cooperation-mediatique-sino-africaine-et-souverainete"]}]},{"@type":"ImageObject","inLanguage":"fr-FR","@id":"https:\/\/www.africa-press.net\/comores\/dossiers\/cooperation-mediatique-sino-africaine-et-souverainete#primaryimage","url":"https:\/\/static.africa-press.net\/centrafricaine\/sites\/48\/2026\/03\/sm_1773416966.957219.jpg","contentUrl":"https:\/\/static.africa-press.net\/centrafricaine\/sites\/48\/2026\/03\/sm_1773416966.957219.jpg","width":1267,"height":713,"caption":"Coop\u00e9ration M\u00e9diatique Sino-Africaine et Souverainet\u00e9"},{"@type":"BreadcrumbList","@id":"https:\/\/www.africa-press.net\/comores\/dossiers\/cooperation-mediatique-sino-africaine-et-souverainete#breadcrumb","itemListElement":[{"@type":"ListItem","position":1,"name":"Accueil","item":"https:\/\/www.africa-press.net\/comores\/"},{"@type":"ListItem","position":2,"name":"Coop\u00e9ration M\u00e9diatique Sino-Africaine et Souverainet\u00e9"}]},{"@type":"WebSite","@id":"https:\/\/www.africa-press.net\/comores\/#website","url":"https:\/\/www.africa-press.net\/comores\/","name":"Comores","description":"Just another Africa News Agency Sites site","potentialAction":[{"@type":"SearchAction","target":{"@type":"EntryPoint","urlTemplate":"https:\/\/www.africa-press.net\/comores\/?s={search_term_string}"},"query-input":{"@type":"PropertyValueSpecification","valueRequired":true,"valueName":"search_term_string"}}],"inLanguage":"fr-FR"},{"@type":"Person","@id":"https:\/\/www.africa-press.net\/comores\/#\/schema\/person\/2b1cf3cd81a31e3cd26889ca66d677f1","name":"cfeditorfr"}]}},"_links":{"self":[{"href":"https:\/\/www.africa-press.net\/comores\/wp-json\/wp\/v2\/posts\/32016","targetHints":{"allow":["GET"]}}],"collection":[{"href":"https:\/\/www.africa-press.net\/comores\/wp-json\/wp\/v2\/posts"}],"about":[{"href":"https:\/\/www.africa-press.net\/comores\/wp-json\/wp\/v2\/types\/post"}],"author":[{"embeddable":true,"href":"https:\/\/www.africa-press.net\/comores\/wp-json\/wp\/v2\/users\/82"}],"replies":[{"embeddable":true,"href":"https:\/\/www.africa-press.net\/comores\/wp-json\/wp\/v2\/comments?post=32016"}],"version-history":[{"count":0,"href":"https:\/\/www.africa-press.net\/comores\/wp-json\/wp\/v2\/posts\/32016\/revisions"}],"wp:featuredmedia":[{"embeddable":true,"href":"https:\/\/www.africa-press.net\/comores\/wp-json\/wp\/v2\/media\/32015"}],"wp:attachment":[{"href":"https:\/\/www.africa-press.net\/comores\/wp-json\/wp\/v2\/media?parent=32016"}],"wp:term":[{"taxonomy":"category","embeddable":true,"href":"https:\/\/www.africa-press.net\/comores\/wp-json\/wp\/v2\/categories?post=32016"},{"taxonomy":"post_tag","embeddable":true,"href":"https:\/\/www.africa-press.net\/comores\/wp-json\/wp\/v2\/tags?post=32016"}],"curies":[{"name":"wp","href":"https:\/\/api.w.org\/{rel}","templated":true}]}}