{"id":32022,"date":"2026-03-13T12:10:00","date_gmt":"2026-03-13T12:10:00","guid":{"rendered":"https:\/\/www.africa-press.net\/comores\/politique\/moheli-sengage-contre-les-vbg-pour-proteger-les-victimes"},"modified":"2026-03-14T22:16:02","modified_gmt":"2026-03-14T22:16:02","slug":"moheli-sengage-contre-les-vbg-pour-proteger-les-victimes","status":"publish","type":"post","link":"https:\/\/www.africa-press.net\/comores\/toutes-les-actualites\/moheli-sengage-contre-les-vbg-pour-proteger-les-victimes","title":{"rendered":"Mohe\u0301li S&rsquo;Engage Contre les VBG pour Prot\u00e9ger les Victimes"},"content":{"rendered":"<p><span style=\"color: #ff6600\"><strong>Africa-Press &#8211; Comores. <\/strong><\/span>Le Gouvernorat de Mohe\u0301li a accueilli, le 10 mars dernier, des assises insulaires consacre\u0301es a\u0300 la pre\u0301vention des violences base\u0301es sur le genre (VBG). Initie\u0301e par le ministe\u0300re en charge de la Promotion du genre, cette rencontre a re\u0301uni des repre\u0301sentants des institutions publiques nationales et insulaires, des organisations de la socie\u0301te\u0301 civile, des partenaires au de\u0301veloppement ainsi que des responsables communautaires. L\u2019objectif e\u0301tait de dresser un e\u0301tat des lieux de la situation et d\u2019identifier des pistes d\u2019action pour mieux pre\u0301venir les violences et soutenir les victimes.<\/p>\n<p>Ces assises s\u2019inscrivent dans une se\u0301rie de consultations organise\u0301es dans l\u2019ensemble du pays. Apre\u0300s Ndzouani, l\u2019initiative se poursuit a\u0300 Mohe\u0301li avant de se tenir a\u0300 Ngazidja. Les conclusions de ces rencontres insulaires seront ensuite pre\u0301sente\u0301es lors d\u2019assises nationales. \u00ab Il s\u2019agit d\u2019une initiative du gouvernement comorien visant a\u0300 renforcer la protection des femmes et des enfants \u00bb, a explique\u0301 Mouznat Djoumoi, directrice ge\u0301ne\u0301rale de la Promotion du genre. Au cours des e\u0301changes, les participants ont examine\u0301 les diffe\u0301rentes formes de VGB, notamment les violences physiques, psychologiques, sexuelles et e\u0301conomiques. Les discussions ont e\u0301galement mis en lumie\u0300re les conse\u0301quences de ces violences sur les familles et sur l\u2019ensemble de la socie\u0301te\u0301. La sensibilisation des populations a e\u0301te\u0301 identifie\u0301e comme un levier essentiel pour encourager les victimes a\u0300 de\u0301noncer les abus et acce\u0301der aux dispositifs d\u2019accompagnement.<\/p>\n<p>Prenant la parole, Mouznat Djoumoi a rappele\u0301 que la lutte contre les VBG ne\u0301cessite l\u2019engagement de tous. Selon elle il s\u2019agit d\u2019une \u00ab responsabilite\u0301 collective \u00bb, estimant que \u00ab les institutions, les communaute\u0301s et les partenaires doivent travailler ensemble pour prote\u0301ger les femmes et les filles et garantir leurs droits \u00bb. De son co\u0302te\u0301, le chef d\u2019escadron Abdallah Ibrahim, commandant du groupement de la gendarmerie de Mohe\u0301li, a souligne\u0301 l\u2019importance de l\u2019implication des communaute\u0301s locales. Selon lui, la mobilisation des acteurs de terrain contribue de\u0301ja\u0300 a\u0300 une diminution progressive des cas signale\u0301s. \u00ab Cette dynamique est essentielle pour prote\u0301ger les victimes et pre\u0301venir de nouveaux incidents \u00bb, a-t-il indique\u0301. La gouverneure de Mohe\u0301li, Chamina Ben Mohamed, a pour sa part, insiste\u0301 sur la responsabilite\u0301 des autorite\u0301s publiques. \u00ab Notre i\u0302le doit e\u0302tre un espace su\u0302r pour toutes les femmes et les filles. La mobilisation des communaute\u0301s, des institutions et des partenaires est indispensable pour e\u0301radiquer ces violences et offrir un avenir meilleur a\u0300 nos enfants \u00bb, a-t-elle affirme\u0301.<\/p>\n<p>Le secre\u0301taire ge\u0301ne\u0301ral du ministe\u0300re du Genre, Dini Ibrahim, a e\u0301galement plaide\u0301 pour une approche coordonne\u0301e impliquant l\u2019ensemble des secteurs. Il a souligne\u0301 la ne\u0301cessite\u0301 de renforcer les moyens consacre\u0301s aux services d\u2019e\u0301coute, de prise en charge et de re\u0301habilitation des victimes. A\u0300 l\u2019issue des travaux, plusieurs recommandations ont e\u0301te\u0301 formule\u0301es, notamment le renforcement de la sensibilisation dans les villages, la mise en place de me\u0301canismes d\u2019alerte communautaire et l\u2019ame\u0301lioration de l\u2019accompagnement me\u0301dical, psychosocial et juridique des victimes. Ces assises traduisent la volonte\u0301 des autorite\u0301s et des acteurs locaux de faire de la lutte contre les VBG une priorite\u0301 a\u0300 Mohe\u0301li.<\/p>\n<p><strong>Pour plus d&rsquo;informations et d&rsquo;analyses sur la <span style=\"color: #ff6600\">Comores<\/span>, suivez <span style=\"color: #ff6600\">Africa-Press<\/span><\/strong><\/p>\n","protected":false},"excerpt":{"rendered":"<p>Africa-Press &#8211; Comores. Le Gouvernorat de Mohe\u0301li a accueilli, le 10 mars dernier, des assises insulaires consacre\u0301es a\u0300 la pre\u0301vention des violences base\u0301es sur le genre (VBG). Initie\u0301e par le ministe\u0300re en charge de la Promotion du genre, cette rencontre a re\u0301uni des repre\u0301sentants des institutions publiques nationales et insulaires, des organisations de la socie\u0301te\u0301 [&hellip;]<\/p>\n","protected":false},"author":82,"featured_media":32021,"comment_status":"open","ping_status":"closed","sticky":false,"template":"","format":"standard","meta":{"footnotes":""},"categories":[21,10],"tags":[45],"class_list":["post-32022","post","type-post","status-publish","format-standard","has-post-thumbnail","hentry","category-communaute","category-toutes-les-actualites","tag-comores"],"yoast_head":"<!-- This site is optimized with the Yoast SEO Premium plugin v26.1 (Yoast SEO v27.0) - https:\/\/yoast.com\/product\/yoast-seo-premium-wordpress\/ -->\n<title>Mohe\u0301li S&#039;Engage Contre les VBG pour Prot\u00e9ger les Victimes - Comores<\/title>\n<meta name=\"description\" content=\"Le Gouvernorat de Mohe\u0301li a accueilli, le 10 mars dernier, des assises insulaires consacre\u0301es a\u0300 la pre\u0301vention des viol ...\" \/>\n<meta name=\"robots\" content=\"index, follow, max-snippet:-1, max-image-preview:large, max-video-preview:-1\" \/>\n<link rel=\"canonical\" href=\"https:\/\/www.africa-press.net\/comores\/toutes-les-actualites\/moheli-sengage-contre-les-vbg-pour-proteger-les-victimes\" \/>\n<meta property=\"og:locale\" content=\"fr_FR\" \/>\n<meta property=\"og:type\" content=\"article\" \/>\n<meta property=\"og:title\" content=\"Mohe\u0301li S&#039;Engage Contre les VBG pour Prot\u00e9ger les Victimes\" \/>\n<meta property=\"og:description\" content=\"Le Gouvernorat de Mohe\u0301li a accueilli, le 10 mars dernier, des assises insulaires consacre\u0301es a\u0300 la pre\u0301vention des viol ...\" \/>\n<meta property=\"og:url\" content=\"https:\/\/www.africa-press.net\/comores\/toutes-les-actualites\/moheli-sengage-contre-les-vbg-pour-proteger-les-victimes\" \/>\n<meta property=\"og:site_name\" content=\"Comores\" \/>\n<meta property=\"article:published_time\" content=\"2026-03-13T12:10:00+00:00\" \/>\n<meta property=\"article:modified_time\" content=\"2026-03-14T22:16:02+00:00\" \/>\n<meta property=\"og:image\" content=\"https:\/\/static.africa-press.net\/centrafricaine\/sites\/48\/2026\/03\/sm_1773437403.682703.jpg\" \/>\n\t<meta property=\"og:image:width\" content=\"1080\" \/>\n\t<meta property=\"og:image:height\" content=\"608\" \/>\n\t<meta property=\"og:image:type\" content=\"image\/jpeg\" \/>\n<meta name=\"author\" content=\"cfeditorfr\" \/>\n<meta name=\"twitter:card\" content=\"summary_large_image\" \/>\n<meta name=\"twitter:label1\" content=\"\u00c9crit par\" \/>\n\t<meta name=\"twitter:data1\" content=\"cfeditorfr\" \/>\n\t<meta name=\"twitter:label2\" content=\"Dur\u00e9e de lecture estim\u00e9e\" \/>\n\t<meta name=\"twitter:data2\" content=\"3 minutes\" \/>\n<script type=\"application\/ld+json\" class=\"yoast-schema-graph\">{\"@context\":\"https:\/\/schema.org\",\"@graph\":[{\"@type\":\"Article\",\"@id\":\"https:\/\/www.africa-press.net\/comores\/toutes-les-actualites\/moheli-sengage-contre-les-vbg-pour-proteger-les-victimes#article\",\"isPartOf\":{\"@id\":\"https:\/\/www.africa-press.net\/comores\/toutes-les-actualites\/moheli-sengage-contre-les-vbg-pour-proteger-les-victimes\"},\"author\":{\"name\":\"cfeditorfr\",\"@id\":\"https:\/\/www.africa-press.net\/comores\/#\/schema\/person\/2b1cf3cd81a31e3cd26889ca66d677f1\"},\"headline\":\"Mohe\u0301li S&rsquo;Engage Contre les VBG pour Prot\u00e9ger les Victimes\",\"datePublished\":\"2026-03-13T12:10:00+00:00\",\"dateModified\":\"2026-03-14T22:16:02+00:00\",\"mainEntityOfPage\":{\"@id\":\"https:\/\/www.africa-press.net\/comores\/toutes-les-actualites\/moheli-sengage-contre-les-vbg-pour-proteger-les-victimes\"},\"wordCount\":595,\"commentCount\":0,\"image\":{\"@id\":\"https:\/\/www.africa-press.net\/comores\/toutes-les-actualites\/moheli-sengage-contre-les-vbg-pour-proteger-les-victimes#primaryimage\"},\"thumbnailUrl\":\"https:\/\/static.africa-press.net\/centrafricaine\/sites\/48\/2026\/03\/sm_1773437403.682703.jpg\",\"keywords\":[\"Comores\"],\"articleSection\":[\"Communaut\u00e9\",\"Toutes les actualit\u00e9s\"],\"inLanguage\":\"fr-FR\",\"potentialAction\":[{\"@type\":\"CommentAction\",\"name\":\"Comment\",\"target\":[\"https:\/\/www.africa-press.net\/comores\/toutes-les-actualites\/moheli-sengage-contre-les-vbg-pour-proteger-les-victimes#respond\"]}]},{\"@type\":\"WebPage\",\"@id\":\"https:\/\/www.africa-press.net\/comores\/toutes-les-actualites\/moheli-sengage-contre-les-vbg-pour-proteger-les-victimes\",\"url\":\"https:\/\/www.africa-press.net\/comores\/toutes-les-actualites\/moheli-sengage-contre-les-vbg-pour-proteger-les-victimes\",\"name\":\"Mohe\u0301li S'Engage Contre les VBG pour Prot\u00e9ger les Victimes - Comores\",\"isPartOf\":{\"@id\":\"https:\/\/www.africa-press.net\/comores\/#website\"},\"primaryImageOfPage\":{\"@id\":\"https:\/\/www.africa-press.net\/comores\/toutes-les-actualites\/moheli-sengage-contre-les-vbg-pour-proteger-les-victimes#primaryimage\"},\"image\":{\"@id\":\"https:\/\/www.africa-press.net\/comores\/toutes-les-actualites\/moheli-sengage-contre-les-vbg-pour-proteger-les-victimes#primaryimage\"},\"thumbnailUrl\":\"https:\/\/static.africa-press.net\/centrafricaine\/sites\/48\/2026\/03\/sm_1773437403.682703.jpg\",\"datePublished\":\"2026-03-13T12:10:00+00:00\",\"dateModified\":\"2026-03-14T22:16:02+00:00\",\"author\":{\"@id\":\"https:\/\/www.africa-press.net\/comores\/#\/schema\/person\/2b1cf3cd81a31e3cd26889ca66d677f1\"},\"description\":\"Le Gouvernorat de Mohe\u0301li a accueilli, le 10 mars dernier, des assises insulaires consacre\u0301es a\u0300 la pre\u0301vention des viol ...\",\"breadcrumb\":{\"@id\":\"https:\/\/www.africa-press.net\/comores\/toutes-les-actualites\/moheli-sengage-contre-les-vbg-pour-proteger-les-victimes#breadcrumb\"},\"inLanguage\":\"fr-FR\",\"potentialAction\":[{\"@type\":\"ReadAction\",\"target\":[\"https:\/\/www.africa-press.net\/comores\/toutes-les-actualites\/moheli-sengage-contre-les-vbg-pour-proteger-les-victimes\"]}]},{\"@type\":\"ImageObject\",\"inLanguage\":\"fr-FR\",\"@id\":\"https:\/\/www.africa-press.net\/comores\/toutes-les-actualites\/moheli-sengage-contre-les-vbg-pour-proteger-les-victimes#primaryimage\",\"url\":\"https:\/\/static.africa-press.net\/centrafricaine\/sites\/48\/2026\/03\/sm_1773437403.682703.jpg\",\"contentUrl\":\"https:\/\/static.africa-press.net\/centrafricaine\/sites\/48\/2026\/03\/sm_1773437403.682703.jpg\",\"width\":1080,\"height\":608,\"caption\":\"Mohe\u0301li S'Engage Contre les VBG pour Prot\u00e9ger les Victimes\"},{\"@type\":\"BreadcrumbList\",\"@id\":\"https:\/\/www.africa-press.net\/comores\/toutes-les-actualites\/moheli-sengage-contre-les-vbg-pour-proteger-les-victimes#breadcrumb\",\"itemListElement\":[{\"@type\":\"ListItem\",\"position\":1,\"name\":\"Accueil\",\"item\":\"https:\/\/www.africa-press.net\/comores\/\"},{\"@type\":\"ListItem\",\"position\":2,\"name\":\"Mohe\u0301li S&#8217;Engage Contre les VBG pour Prot\u00e9ger les Victimes\"}]},{\"@type\":\"WebSite\",\"@id\":\"https:\/\/www.africa-press.net\/comores\/#website\",\"url\":\"https:\/\/www.africa-press.net\/comores\/\",\"name\":\"Comores\",\"description\":\"Just another Africa News Agency Sites site\",\"potentialAction\":[{\"@type\":\"SearchAction\",\"target\":{\"@type\":\"EntryPoint\",\"urlTemplate\":\"https:\/\/www.africa-press.net\/comores\/?s={search_term_string}\"},\"query-input\":{\"@type\":\"PropertyValueSpecification\",\"valueRequired\":true,\"valueName\":\"search_term_string\"}}],\"inLanguage\":\"fr-FR\"},{\"@type\":\"Person\",\"@id\":\"https:\/\/www.africa-press.net\/comores\/#\/schema\/person\/2b1cf3cd81a31e3cd26889ca66d677f1\",\"name\":\"cfeditorfr\"}]}<\/script>\n<!-- \/ Yoast SEO Premium plugin. -->","yoast_head_json":{"title":"Mohe\u0301li S'Engage Contre les VBG pour Prot\u00e9ger les Victimes - Comores","description":"Le Gouvernorat de Mohe\u0301li a accueilli, le 10 mars dernier, des assises insulaires consacre\u0301es a\u0300 la pre\u0301vention des viol ...","robots":{"index":"index","follow":"follow","max-snippet":"max-snippet:-1","max-image-preview":"max-image-preview:large","max-video-preview":"max-video-preview:-1"},"canonical":"https:\/\/www.africa-press.net\/comores\/toutes-les-actualites\/moheli-sengage-contre-les-vbg-pour-proteger-les-victimes","og_locale":"fr_FR","og_type":"article","og_title":"Mohe\u0301li S'Engage Contre les VBG pour Prot\u00e9ger les Victimes","og_description":"Le Gouvernorat de Mohe\u0301li a accueilli, le 10 mars dernier, des assises insulaires consacre\u0301es a\u0300 la pre\u0301vention des viol ...","og_url":"https:\/\/www.africa-press.net\/comores\/toutes-les-actualites\/moheli-sengage-contre-les-vbg-pour-proteger-les-victimes","og_site_name":"Comores","article_published_time":"2026-03-13T12:10:00+00:00","article_modified_time":"2026-03-14T22:16:02+00:00","og_image":[{"width":1080,"height":608,"url":"https:\/\/static.africa-press.net\/centrafricaine\/sites\/48\/2026\/03\/sm_1773437403.682703.jpg","type":"image\/jpeg"}],"author":"cfeditorfr","twitter_card":"summary_large_image","twitter_misc":{"\u00c9crit par":"cfeditorfr","Dur\u00e9e de lecture estim\u00e9e":"3 minutes"},"schema":{"@context":"https:\/\/schema.org","@graph":[{"@type":"Article","@id":"https:\/\/www.africa-press.net\/comores\/toutes-les-actualites\/moheli-sengage-contre-les-vbg-pour-proteger-les-victimes#article","isPartOf":{"@id":"https:\/\/www.africa-press.net\/comores\/toutes-les-actualites\/moheli-sengage-contre-les-vbg-pour-proteger-les-victimes"},"author":{"name":"cfeditorfr","@id":"https:\/\/www.africa-press.net\/comores\/#\/schema\/person\/2b1cf3cd81a31e3cd26889ca66d677f1"},"headline":"Mohe\u0301li S&rsquo;Engage Contre les VBG pour Prot\u00e9ger les Victimes","datePublished":"2026-03-13T12:10:00+00:00","dateModified":"2026-03-14T22:16:02+00:00","mainEntityOfPage":{"@id":"https:\/\/www.africa-press.net\/comores\/toutes-les-actualites\/moheli-sengage-contre-les-vbg-pour-proteger-les-victimes"},"wordCount":595,"commentCount":0,"image":{"@id":"https:\/\/www.africa-press.net\/comores\/toutes-les-actualites\/moheli-sengage-contre-les-vbg-pour-proteger-les-victimes#primaryimage"},"thumbnailUrl":"https:\/\/static.africa-press.net\/centrafricaine\/sites\/48\/2026\/03\/sm_1773437403.682703.jpg","keywords":["Comores"],"articleSection":["Communaut\u00e9","Toutes les actualit\u00e9s"],"inLanguage":"fr-FR","potentialAction":[{"@type":"CommentAction","name":"Comment","target":["https:\/\/www.africa-press.net\/comores\/toutes-les-actualites\/moheli-sengage-contre-les-vbg-pour-proteger-les-victimes#respond"]}]},{"@type":"WebPage","@id":"https:\/\/www.africa-press.net\/comores\/toutes-les-actualites\/moheli-sengage-contre-les-vbg-pour-proteger-les-victimes","url":"https:\/\/www.africa-press.net\/comores\/toutes-les-actualites\/moheli-sengage-contre-les-vbg-pour-proteger-les-victimes","name":"Mohe\u0301li S'Engage Contre les VBG pour Prot\u00e9ger les Victimes - Comores","isPartOf":{"@id":"https:\/\/www.africa-press.net\/comores\/#website"},"primaryImageOfPage":{"@id":"https:\/\/www.africa-press.net\/comores\/toutes-les-actualites\/moheli-sengage-contre-les-vbg-pour-proteger-les-victimes#primaryimage"},"image":{"@id":"https:\/\/www.africa-press.net\/comores\/toutes-les-actualites\/moheli-sengage-contre-les-vbg-pour-proteger-les-victimes#primaryimage"},"thumbnailUrl":"https:\/\/static.africa-press.net\/centrafricaine\/sites\/48\/2026\/03\/sm_1773437403.682703.jpg","datePublished":"2026-03-13T12:10:00+00:00","dateModified":"2026-03-14T22:16:02+00:00","author":{"@id":"https:\/\/www.africa-press.net\/comores\/#\/schema\/person\/2b1cf3cd81a31e3cd26889ca66d677f1"},"description":"Le Gouvernorat de Mohe\u0301li a accueilli, le 10 mars dernier, des assises insulaires consacre\u0301es a\u0300 la pre\u0301vention des viol ...","breadcrumb":{"@id":"https:\/\/www.africa-press.net\/comores\/toutes-les-actualites\/moheli-sengage-contre-les-vbg-pour-proteger-les-victimes#breadcrumb"},"inLanguage":"fr-FR","potentialAction":[{"@type":"ReadAction","target":["https:\/\/www.africa-press.net\/comores\/toutes-les-actualites\/moheli-sengage-contre-les-vbg-pour-proteger-les-victimes"]}]},{"@type":"ImageObject","inLanguage":"fr-FR","@id":"https:\/\/www.africa-press.net\/comores\/toutes-les-actualites\/moheli-sengage-contre-les-vbg-pour-proteger-les-victimes#primaryimage","url":"https:\/\/static.africa-press.net\/centrafricaine\/sites\/48\/2026\/03\/sm_1773437403.682703.jpg","contentUrl":"https:\/\/static.africa-press.net\/centrafricaine\/sites\/48\/2026\/03\/sm_1773437403.682703.jpg","width":1080,"height":608,"caption":"Mohe\u0301li S'Engage Contre les VBG pour Prot\u00e9ger les Victimes"},{"@type":"BreadcrumbList","@id":"https:\/\/www.africa-press.net\/comores\/toutes-les-actualites\/moheli-sengage-contre-les-vbg-pour-proteger-les-victimes#breadcrumb","itemListElement":[{"@type":"ListItem","position":1,"name":"Accueil","item":"https:\/\/www.africa-press.net\/comores\/"},{"@type":"ListItem","position":2,"name":"Mohe\u0301li S&#8217;Engage Contre les VBG pour Prot\u00e9ger les Victimes"}]},{"@type":"WebSite","@id":"https:\/\/www.africa-press.net\/comores\/#website","url":"https:\/\/www.africa-press.net\/comores\/","name":"Comores","description":"Just another Africa News Agency Sites site","potentialAction":[{"@type":"SearchAction","target":{"@type":"EntryPoint","urlTemplate":"https:\/\/www.africa-press.net\/comores\/?s={search_term_string}"},"query-input":{"@type":"PropertyValueSpecification","valueRequired":true,"valueName":"search_term_string"}}],"inLanguage":"fr-FR"},{"@type":"Person","@id":"https:\/\/www.africa-press.net\/comores\/#\/schema\/person\/2b1cf3cd81a31e3cd26889ca66d677f1","name":"cfeditorfr"}]}},"_links":{"self":[{"href":"https:\/\/www.africa-press.net\/comores\/wp-json\/wp\/v2\/posts\/32022","targetHints":{"allow":["GET"]}}],"collection":[{"href":"https:\/\/www.africa-press.net\/comores\/wp-json\/wp\/v2\/posts"}],"about":[{"href":"https:\/\/www.africa-press.net\/comores\/wp-json\/wp\/v2\/types\/post"}],"author":[{"embeddable":true,"href":"https:\/\/www.africa-press.net\/comores\/wp-json\/wp\/v2\/users\/82"}],"replies":[{"embeddable":true,"href":"https:\/\/www.africa-press.net\/comores\/wp-json\/wp\/v2\/comments?post=32022"}],"version-history":[{"count":0,"href":"https:\/\/www.africa-press.net\/comores\/wp-json\/wp\/v2\/posts\/32022\/revisions"}],"wp:featuredmedia":[{"embeddable":true,"href":"https:\/\/www.africa-press.net\/comores\/wp-json\/wp\/v2\/media\/32021"}],"wp:attachment":[{"href":"https:\/\/www.africa-press.net\/comores\/wp-json\/wp\/v2\/media?parent=32022"}],"wp:term":[{"taxonomy":"category","embeddable":true,"href":"https:\/\/www.africa-press.net\/comores\/wp-json\/wp\/v2\/categories?post=32022"},{"taxonomy":"post_tag","embeddable":true,"href":"https:\/\/www.africa-press.net\/comores\/wp-json\/wp\/v2\/tags?post=32022"}],"curies":[{"name":"wp","href":"https:\/\/api.w.org\/{rel}","templated":true}]}}