{"id":32024,"date":"2026-03-13T14:00:00","date_gmt":"2026-03-13T14:00:00","guid":{"rendered":"https:\/\/www.africa-press.net\/comores\/politique\/tensions-au-moyen-orient-comoriens-bloques-a-dubai"},"modified":"2026-03-14T22:17:07","modified_gmt":"2026-03-14T22:17:07","slug":"tensions-au-moyen-orient-comoriens-bloques-a-dubai","status":"publish","type":"post","link":"https:\/\/www.africa-press.net\/comores\/politique\/tensions-au-moyen-orient-comoriens-bloques-a-dubai","title":{"rendered":"Tensions au Moyen-Orient: Comoriens Bloqu\u00e9s \u00c0 Duba\u00ef"},"content":{"rendered":"<p><span style=\"color: #ff6600\"><strong>Africa-Press &#8211; Comores. <\/strong><\/span>En pleine crise au Moyen-Orient, de\u0301clenche\u0301e par les attaques israe\u0301lo-ame\u0301ricaines contre l\u2019Iran, plusieurs ressortissants comoriens se retrouvent bloque\u0301s aux E\u0301mirats arabes unis, notamment a\u0300 Dubai\u0308, apre\u0300s la suspension de plusieurs vols internationaux. Parmi eux, Arthur Kartoibi, originaire de Sima Oichili, a accepte\u0301 de partager son expe\u0301rience a\u0300 travers La Gazette des Comores, e\u0301voquant les difficulte\u0301s rencontre\u0301es et le sentiment d\u2019abandon ressenti par plusieurs compatriotes.<\/p>\n<p>A\u0300 la suite de la monte\u0301e des tensions au Moyen-Orient, plusieurs Comoriens se retrouvent actuellement bloque\u0301s aux E\u0301mirats arabes unis, principalement a\u0300 Dubai\u0308. Parmi eux, Arthur Kartoibi, originaire de Sima Washili, Arthur, de son vrai nom Kartoibi Mondoha, est titulaire d\u2019une licence en histoire obtenue a\u0300 l\u2019universite\u0301 des Comores. Ce\u0301libataire, il s\u2019est installe\u0301 a\u0300 Dubai\u0308 il y a quelque temps afin de de\u0301velopper des activite\u0301s commerciales. Se\u0301duit par la stabilite\u0301 et les opportunite\u0301s qu\u2019offrent les E\u0301mirats, il reconnai\u0302t toutefois avoir ressenti une vive inquie\u0301tude au moment de l\u2019e\u0301clatement du conflit. \u00ab Comme tout le monde, j\u2019ai eu peur. Mais j\u2019ai suivi strictement les consignes du gouvernement e\u0301mirati. Je garde confiance \u00bb, confie-t-il.<\/p>\n<p>Concernant la situation des autres Comoriens pre\u0301sents sur place, Arthur de\u0301plore l\u2019absence d\u2019organisation collective. \u00ab Chacun se de\u0301brouille par ses propres moyens. Aucune mesure de se\u0301curite\u0301 spe\u0301cifique n\u2019a e\u0301te\u0301 mise en place par nos repre\u0301sentants locaux. Nous sommes livre\u0301s a\u0300 nous-me\u0302mes \u00bb, affirme-t-il. La majorite\u0301 des Comoriens pre\u0301sents aux E\u0301mirats ont voyage\u0301 avec Ethiopian Airlines. Mais selon Arthur, les re\u0301ponses de l\u2019agence restent incertaines. \u00ab Les informations que nous recevons ressemblent davantage a\u0300 des promesses sans lendemain \u00bb, explique-t-il. De son co\u0302te\u0301, Ethiopian Airlines a annonce\u0301 la suspension temporaire de certains vols vers Dubai\u0308 et d\u2019autres destinations du Golfe pour des raisons de se\u0301curite\u0301. Plusieurs passagers se retrouvent ainsi avec des billets annule\u0301s ou expire\u0301s, sans solution claire de rapatriement, selon notre interlocuteur.<\/p>\n<p>Face a\u0300 cette situation, le ministe\u0300re comorien des Affaires e\u0301trange\u0300res a tenu a\u0300 rassurer l\u2019opinion publique. Lors d\u2019un point de presse, le ministre Mbae Mohamed, a indique\u0301 que le gouvernement avait active\u0301 une cellule de crise afin de recenser les ressortissants bloque\u0301s et coordonner leur prise en charge. \u00ab De\u0300s le de\u0301clenchement des hostilite\u0301s, nous avons pris contact avec nos missions diplomatiques afin de garantir la se\u0301curite\u0301 de nos compatriotes. Nous appelons a\u0300 la retenue et a\u0300 la de\u0301sescalade afin que la paix soit rapidement re\u0301tablie \u00bb, a-t-il de\u0301clare\u0301. Le gouvernement comorien affirme par ailleurs travailler en e\u0301troite collaboration avec les autorite\u0301s des E\u0301mirats arabes unis ainsi qu\u2019avec les compagnies ae\u0301riennes afin d\u2019organiser le rapatriement des Comoriens de\u0300s que les conditions de se\u0301curite\u0301 le permettront.<\/p>\n<p>Malgre\u0301 les incertitudes, Arthur tente de garder son calme. \u00ab Dans les jours a\u0300 venir, je vais essayer par mes propres moyens de trouver une solution pour rentrer au pays \u00bb, explique-t-il. Avant de lancer un message a\u0300 la communaute\u0301 comorienne: \u00ab Restez calmes. Le gouvernement e\u0301mirati veille sur nous. Il ne faut pas se fier aux rumeurs qui circulent sur les re\u0301seaux sociaux, elles sont souvent infonde\u0301es \u00bb, conclut-il.<\/p>\n<p><strong>Pour plus d&rsquo;informations et d&rsquo;analyses sur la <span style=\"color: #ff6600\">Comores<\/span>, suivez <span style=\"color: #ff6600\">Africa-Press<\/span><\/strong><\/p>\n","protected":false},"excerpt":{"rendered":"<p>Africa-Press &#8211; Comores. En pleine crise au Moyen-Orient, de\u0301clenche\u0301e par les attaques israe\u0301lo-ame\u0301ricaines contre l\u2019Iran, plusieurs ressortissants comoriens se retrouvent bloque\u0301s aux E\u0301mirats arabes unis, notamment a\u0300 Dubai\u0308, apre\u0300s la suspension de plusieurs vols internationaux. Parmi eux, Arthur Kartoibi, originaire de Sima Oichili, a accepte\u0301 de partager son expe\u0301rience a\u0300 travers La Gazette des Comores, [&hellip;]<\/p>\n","protected":false},"author":82,"featured_media":32023,"comment_status":"open","ping_status":"closed","sticky":false,"template":"","format":"standard","meta":{"footnotes":""},"categories":[2,20,10],"tags":[45],"class_list":["post-32024","post","type-post","status-publish","format-standard","has-post-thumbnail","hentry","category-politique","category-top-nouvelles","category-toutes-les-actualites","tag-comores"],"yoast_head":"<!-- This site is optimized with the Yoast SEO Premium plugin v26.1 (Yoast SEO v27.0) - https:\/\/yoast.com\/product\/yoast-seo-premium-wordpress\/ -->\n<title>Tensions au Moyen-Orient: Comoriens Bloqu\u00e9s \u00c0 Duba\u00ef - Comores<\/title>\n<meta name=\"description\" content=\"En pleine crise au Moyen-Orient, de\u0301clenche\u0301e par les attaques israe\u0301lo-ame\u0301ricaines contre l\u2019Iran, plusieurs ressortiss ...\" \/>\n<meta name=\"robots\" content=\"index, follow, max-snippet:-1, max-image-preview:large, max-video-preview:-1\" \/>\n<link rel=\"canonical\" href=\"https:\/\/www.africa-press.net\/comores\/politique\/tensions-au-moyen-orient-comoriens-bloques-a-dubai\" \/>\n<meta property=\"og:locale\" content=\"fr_FR\" \/>\n<meta property=\"og:type\" content=\"article\" \/>\n<meta property=\"og:title\" content=\"Tensions au Moyen-Orient: Comoriens Bloqu\u00e9s \u00c0 Duba\u00ef\" \/>\n<meta property=\"og:description\" content=\"En pleine crise au Moyen-Orient, de\u0301clenche\u0301e par les attaques israe\u0301lo-ame\u0301ricaines contre l\u2019Iran, plusieurs ressortiss ...\" \/>\n<meta property=\"og:url\" content=\"https:\/\/www.africa-press.net\/comores\/politique\/tensions-au-moyen-orient-comoriens-bloques-a-dubai\" \/>\n<meta property=\"og:site_name\" content=\"Comores\" \/>\n<meta property=\"article:published_time\" content=\"2026-03-13T14:00:00+00:00\" \/>\n<meta property=\"article:modified_time\" content=\"2026-03-14T22:17:07+00:00\" \/>\n<meta property=\"og:image\" content=\"https:\/\/static.africa-press.net\/centrafricaine\/sites\/48\/2026\/03\/sm_1773437420.322653.jpg\" \/>\n\t<meta property=\"og:image:width\" content=\"1280\" \/>\n\t<meta property=\"og:image:height\" content=\"720\" \/>\n\t<meta property=\"og:image:type\" content=\"image\/jpeg\" \/>\n<meta name=\"author\" content=\"cfeditorfr\" \/>\n<meta name=\"twitter:card\" content=\"summary_large_image\" \/>\n<meta name=\"twitter:label1\" content=\"\u00c9crit par\" \/>\n\t<meta name=\"twitter:data1\" content=\"cfeditorfr\" \/>\n\t<meta name=\"twitter:label2\" content=\"Dur\u00e9e de lecture estim\u00e9e\" \/>\n\t<meta name=\"twitter:data2\" content=\"3 minutes\" \/>\n<script type=\"application\/ld+json\" class=\"yoast-schema-graph\">{\"@context\":\"https:\/\/schema.org\",\"@graph\":[{\"@type\":\"Article\",\"@id\":\"https:\/\/www.africa-press.net\/comores\/politique\/tensions-au-moyen-orient-comoriens-bloques-a-dubai#article\",\"isPartOf\":{\"@id\":\"https:\/\/www.africa-press.net\/comores\/politique\/tensions-au-moyen-orient-comoriens-bloques-a-dubai\"},\"author\":{\"name\":\"cfeditorfr\",\"@id\":\"https:\/\/www.africa-press.net\/comores\/#\/schema\/person\/2b1cf3cd81a31e3cd26889ca66d677f1\"},\"headline\":\"Tensions au Moyen-Orient: Comoriens Bloqu\u00e9s \u00c0 Duba\u00ef\",\"datePublished\":\"2026-03-13T14:00:00+00:00\",\"dateModified\":\"2026-03-14T22:17:07+00:00\",\"mainEntityOfPage\":{\"@id\":\"https:\/\/www.africa-press.net\/comores\/politique\/tensions-au-moyen-orient-comoriens-bloques-a-dubai\"},\"wordCount\":582,\"commentCount\":0,\"image\":{\"@id\":\"https:\/\/www.africa-press.net\/comores\/politique\/tensions-au-moyen-orient-comoriens-bloques-a-dubai#primaryimage\"},\"thumbnailUrl\":\"https:\/\/static.africa-press.net\/centrafricaine\/sites\/48\/2026\/03\/sm_1773437420.322653.jpg\",\"keywords\":[\"Comores\"],\"articleSection\":[\"Politique\",\"Top Nouvelles\",\"Toutes les actualit\u00e9s\"],\"inLanguage\":\"fr-FR\",\"potentialAction\":[{\"@type\":\"CommentAction\",\"name\":\"Comment\",\"target\":[\"https:\/\/www.africa-press.net\/comores\/politique\/tensions-au-moyen-orient-comoriens-bloques-a-dubai#respond\"]}]},{\"@type\":\"WebPage\",\"@id\":\"https:\/\/www.africa-press.net\/comores\/politique\/tensions-au-moyen-orient-comoriens-bloques-a-dubai\",\"url\":\"https:\/\/www.africa-press.net\/comores\/politique\/tensions-au-moyen-orient-comoriens-bloques-a-dubai\",\"name\":\"Tensions au Moyen-Orient: Comoriens Bloqu\u00e9s \u00c0 Duba\u00ef - Comores\",\"isPartOf\":{\"@id\":\"https:\/\/www.africa-press.net\/comores\/#website\"},\"primaryImageOfPage\":{\"@id\":\"https:\/\/www.africa-press.net\/comores\/politique\/tensions-au-moyen-orient-comoriens-bloques-a-dubai#primaryimage\"},\"image\":{\"@id\":\"https:\/\/www.africa-press.net\/comores\/politique\/tensions-au-moyen-orient-comoriens-bloques-a-dubai#primaryimage\"},\"thumbnailUrl\":\"https:\/\/static.africa-press.net\/centrafricaine\/sites\/48\/2026\/03\/sm_1773437420.322653.jpg\",\"datePublished\":\"2026-03-13T14:00:00+00:00\",\"dateModified\":\"2026-03-14T22:17:07+00:00\",\"author\":{\"@id\":\"https:\/\/www.africa-press.net\/comores\/#\/schema\/person\/2b1cf3cd81a31e3cd26889ca66d677f1\"},\"description\":\"En pleine crise au Moyen-Orient, de\u0301clenche\u0301e par les attaques israe\u0301lo-ame\u0301ricaines contre l\u2019Iran, plusieurs ressortiss ...\",\"breadcrumb\":{\"@id\":\"https:\/\/www.africa-press.net\/comores\/politique\/tensions-au-moyen-orient-comoriens-bloques-a-dubai#breadcrumb\"},\"inLanguage\":\"fr-FR\",\"potentialAction\":[{\"@type\":\"ReadAction\",\"target\":[\"https:\/\/www.africa-press.net\/comores\/politique\/tensions-au-moyen-orient-comoriens-bloques-a-dubai\"]}]},{\"@type\":\"ImageObject\",\"inLanguage\":\"fr-FR\",\"@id\":\"https:\/\/www.africa-press.net\/comores\/politique\/tensions-au-moyen-orient-comoriens-bloques-a-dubai#primaryimage\",\"url\":\"https:\/\/static.africa-press.net\/centrafricaine\/sites\/48\/2026\/03\/sm_1773437420.322653.jpg\",\"contentUrl\":\"https:\/\/static.africa-press.net\/centrafricaine\/sites\/48\/2026\/03\/sm_1773437420.322653.jpg\",\"width\":1280,\"height\":720,\"caption\":\"Tensions au Moyen-Orient: Comoriens Bloqu\u00e9s \u00c0 Duba\u00ef\"},{\"@type\":\"BreadcrumbList\",\"@id\":\"https:\/\/www.africa-press.net\/comores\/politique\/tensions-au-moyen-orient-comoriens-bloques-a-dubai#breadcrumb\",\"itemListElement\":[{\"@type\":\"ListItem\",\"position\":1,\"name\":\"Accueil\",\"item\":\"https:\/\/www.africa-press.net\/comores\/\"},{\"@type\":\"ListItem\",\"position\":2,\"name\":\"Tensions au Moyen-Orient: Comoriens Bloqu\u00e9s \u00c0 Duba\u00ef\"}]},{\"@type\":\"WebSite\",\"@id\":\"https:\/\/www.africa-press.net\/comores\/#website\",\"url\":\"https:\/\/www.africa-press.net\/comores\/\",\"name\":\"Comores\",\"description\":\"Just another Africa News Agency Sites site\",\"potentialAction\":[{\"@type\":\"SearchAction\",\"target\":{\"@type\":\"EntryPoint\",\"urlTemplate\":\"https:\/\/www.africa-press.net\/comores\/?s={search_term_string}\"},\"query-input\":{\"@type\":\"PropertyValueSpecification\",\"valueRequired\":true,\"valueName\":\"search_term_string\"}}],\"inLanguage\":\"fr-FR\"},{\"@type\":\"Person\",\"@id\":\"https:\/\/www.africa-press.net\/comores\/#\/schema\/person\/2b1cf3cd81a31e3cd26889ca66d677f1\",\"name\":\"cfeditorfr\"}]}<\/script>\n<!-- \/ Yoast SEO Premium plugin. -->","yoast_head_json":{"title":"Tensions au Moyen-Orient: Comoriens Bloqu\u00e9s \u00c0 Duba\u00ef - Comores","description":"En pleine crise au Moyen-Orient, de\u0301clenche\u0301e par les attaques israe\u0301lo-ame\u0301ricaines contre l\u2019Iran, plusieurs ressortiss ...","robots":{"index":"index","follow":"follow","max-snippet":"max-snippet:-1","max-image-preview":"max-image-preview:large","max-video-preview":"max-video-preview:-1"},"canonical":"https:\/\/www.africa-press.net\/comores\/politique\/tensions-au-moyen-orient-comoriens-bloques-a-dubai","og_locale":"fr_FR","og_type":"article","og_title":"Tensions au Moyen-Orient: Comoriens Bloqu\u00e9s \u00c0 Duba\u00ef","og_description":"En pleine crise au Moyen-Orient, de\u0301clenche\u0301e par les attaques israe\u0301lo-ame\u0301ricaines contre l\u2019Iran, plusieurs ressortiss ...","og_url":"https:\/\/www.africa-press.net\/comores\/politique\/tensions-au-moyen-orient-comoriens-bloques-a-dubai","og_site_name":"Comores","article_published_time":"2026-03-13T14:00:00+00:00","article_modified_time":"2026-03-14T22:17:07+00:00","og_image":[{"width":1280,"height":720,"url":"https:\/\/static.africa-press.net\/centrafricaine\/sites\/48\/2026\/03\/sm_1773437420.322653.jpg","type":"image\/jpeg"}],"author":"cfeditorfr","twitter_card":"summary_large_image","twitter_misc":{"\u00c9crit par":"cfeditorfr","Dur\u00e9e de lecture estim\u00e9e":"3 minutes"},"schema":{"@context":"https:\/\/schema.org","@graph":[{"@type":"Article","@id":"https:\/\/www.africa-press.net\/comores\/politique\/tensions-au-moyen-orient-comoriens-bloques-a-dubai#article","isPartOf":{"@id":"https:\/\/www.africa-press.net\/comores\/politique\/tensions-au-moyen-orient-comoriens-bloques-a-dubai"},"author":{"name":"cfeditorfr","@id":"https:\/\/www.africa-press.net\/comores\/#\/schema\/person\/2b1cf3cd81a31e3cd26889ca66d677f1"},"headline":"Tensions au Moyen-Orient: Comoriens Bloqu\u00e9s \u00c0 Duba\u00ef","datePublished":"2026-03-13T14:00:00+00:00","dateModified":"2026-03-14T22:17:07+00:00","mainEntityOfPage":{"@id":"https:\/\/www.africa-press.net\/comores\/politique\/tensions-au-moyen-orient-comoriens-bloques-a-dubai"},"wordCount":582,"commentCount":0,"image":{"@id":"https:\/\/www.africa-press.net\/comores\/politique\/tensions-au-moyen-orient-comoriens-bloques-a-dubai#primaryimage"},"thumbnailUrl":"https:\/\/static.africa-press.net\/centrafricaine\/sites\/48\/2026\/03\/sm_1773437420.322653.jpg","keywords":["Comores"],"articleSection":["Politique","Top Nouvelles","Toutes les actualit\u00e9s"],"inLanguage":"fr-FR","potentialAction":[{"@type":"CommentAction","name":"Comment","target":["https:\/\/www.africa-press.net\/comores\/politique\/tensions-au-moyen-orient-comoriens-bloques-a-dubai#respond"]}]},{"@type":"WebPage","@id":"https:\/\/www.africa-press.net\/comores\/politique\/tensions-au-moyen-orient-comoriens-bloques-a-dubai","url":"https:\/\/www.africa-press.net\/comores\/politique\/tensions-au-moyen-orient-comoriens-bloques-a-dubai","name":"Tensions au Moyen-Orient: Comoriens Bloqu\u00e9s \u00c0 Duba\u00ef - Comores","isPartOf":{"@id":"https:\/\/www.africa-press.net\/comores\/#website"},"primaryImageOfPage":{"@id":"https:\/\/www.africa-press.net\/comores\/politique\/tensions-au-moyen-orient-comoriens-bloques-a-dubai#primaryimage"},"image":{"@id":"https:\/\/www.africa-press.net\/comores\/politique\/tensions-au-moyen-orient-comoriens-bloques-a-dubai#primaryimage"},"thumbnailUrl":"https:\/\/static.africa-press.net\/centrafricaine\/sites\/48\/2026\/03\/sm_1773437420.322653.jpg","datePublished":"2026-03-13T14:00:00+00:00","dateModified":"2026-03-14T22:17:07+00:00","author":{"@id":"https:\/\/www.africa-press.net\/comores\/#\/schema\/person\/2b1cf3cd81a31e3cd26889ca66d677f1"},"description":"En pleine crise au Moyen-Orient, de\u0301clenche\u0301e par les attaques israe\u0301lo-ame\u0301ricaines contre l\u2019Iran, plusieurs ressortiss ...","breadcrumb":{"@id":"https:\/\/www.africa-press.net\/comores\/politique\/tensions-au-moyen-orient-comoriens-bloques-a-dubai#breadcrumb"},"inLanguage":"fr-FR","potentialAction":[{"@type":"ReadAction","target":["https:\/\/www.africa-press.net\/comores\/politique\/tensions-au-moyen-orient-comoriens-bloques-a-dubai"]}]},{"@type":"ImageObject","inLanguage":"fr-FR","@id":"https:\/\/www.africa-press.net\/comores\/politique\/tensions-au-moyen-orient-comoriens-bloques-a-dubai#primaryimage","url":"https:\/\/static.africa-press.net\/centrafricaine\/sites\/48\/2026\/03\/sm_1773437420.322653.jpg","contentUrl":"https:\/\/static.africa-press.net\/centrafricaine\/sites\/48\/2026\/03\/sm_1773437420.322653.jpg","width":1280,"height":720,"caption":"Tensions au Moyen-Orient: Comoriens Bloqu\u00e9s \u00c0 Duba\u00ef"},{"@type":"BreadcrumbList","@id":"https:\/\/www.africa-press.net\/comores\/politique\/tensions-au-moyen-orient-comoriens-bloques-a-dubai#breadcrumb","itemListElement":[{"@type":"ListItem","position":1,"name":"Accueil","item":"https:\/\/www.africa-press.net\/comores\/"},{"@type":"ListItem","position":2,"name":"Tensions au Moyen-Orient: Comoriens Bloqu\u00e9s \u00c0 Duba\u00ef"}]},{"@type":"WebSite","@id":"https:\/\/www.africa-press.net\/comores\/#website","url":"https:\/\/www.africa-press.net\/comores\/","name":"Comores","description":"Just another Africa News Agency Sites site","potentialAction":[{"@type":"SearchAction","target":{"@type":"EntryPoint","urlTemplate":"https:\/\/www.africa-press.net\/comores\/?s={search_term_string}"},"query-input":{"@type":"PropertyValueSpecification","valueRequired":true,"valueName":"search_term_string"}}],"inLanguage":"fr-FR"},{"@type":"Person","@id":"https:\/\/www.africa-press.net\/comores\/#\/schema\/person\/2b1cf3cd81a31e3cd26889ca66d677f1","name":"cfeditorfr"}]}},"_links":{"self":[{"href":"https:\/\/www.africa-press.net\/comores\/wp-json\/wp\/v2\/posts\/32024","targetHints":{"allow":["GET"]}}],"collection":[{"href":"https:\/\/www.africa-press.net\/comores\/wp-json\/wp\/v2\/posts"}],"about":[{"href":"https:\/\/www.africa-press.net\/comores\/wp-json\/wp\/v2\/types\/post"}],"author":[{"embeddable":true,"href":"https:\/\/www.africa-press.net\/comores\/wp-json\/wp\/v2\/users\/82"}],"replies":[{"embeddable":true,"href":"https:\/\/www.africa-press.net\/comores\/wp-json\/wp\/v2\/comments?post=32024"}],"version-history":[{"count":0,"href":"https:\/\/www.africa-press.net\/comores\/wp-json\/wp\/v2\/posts\/32024\/revisions"}],"wp:featuredmedia":[{"embeddable":true,"href":"https:\/\/www.africa-press.net\/comores\/wp-json\/wp\/v2\/media\/32023"}],"wp:attachment":[{"href":"https:\/\/www.africa-press.net\/comores\/wp-json\/wp\/v2\/media?parent=32024"}],"wp:term":[{"taxonomy":"category","embeddable":true,"href":"https:\/\/www.africa-press.net\/comores\/wp-json\/wp\/v2\/categories?post=32024"},{"taxonomy":"post_tag","embeddable":true,"href":"https:\/\/www.africa-press.net\/comores\/wp-json\/wp\/v2\/tags?post=32024"}],"curies":[{"name":"wp","href":"https:\/\/api.w.org\/{rel}","templated":true}]}}