{"id":32054,"date":"2026-03-14T12:10:00","date_gmt":"2026-03-14T12:10:00","guid":{"rendered":"https:\/\/www.africa-press.net\/comores\/politique\/stade-malien-en-difficulte-apres-defaite-en-afrique-du-sud"},"modified":"2026-03-15T23:33:18","modified_gmt":"2026-03-15T23:33:18","slug":"stade-malien-en-difficulte-apres-defaite-en-afrique-du-sud","status":"publish","type":"post","link":"https:\/\/www.africa-press.net\/comores\/sports\/stade-malien-en-difficulte-apres-defaite-en-afrique-du-sud","title":{"rendered":"Stade Malien en Difficult\u00e9 Apr\u00e8s D\u00e9faite en Afrique du Sud"},"content":{"rendered":"<p><span style=\"color: #ff6600\"><strong>Africa-Press &#8211; Comores. <\/strong><\/span>Pour le compte de la manche aller des quarts de finale de la Ligue des Champions de la CAF (saison 2025-2026), le Stade Malien de Bamako a conce\u0301de\u0301 une lourde de\u0301faite (3-0) ce vendredi 13 mars 2026. Un score se\u0301ve\u0300re qui condamne de\u0301sormais les Stadistes a\u0300 l&rsquo;exploit lors du match retour pour espe\u0301rer atteindre le dernier carre\u0301.<\/p>\n<p>Apre\u0300s une phase de poules exemplaire, le coup d&rsquo;envoi des quarts de finale a e\u0301te\u0301 rude pour les champions du Mali. En de\u0301placement sur la pelouse des redoutables Mamelodi Sundowns, les hommes de Bamako ont subi la loi des locaux, s&rsquo;inclinant par trois buts d&rsquo;e\u0301cart.<\/p>\n<p>C&rsquo;est une contre-performance surprenante pour le Stade Malien, qui s&rsquo;e\u0301tait illustre\u0301 lors du tour pre\u0301ce\u0301dent en terminant avec l&rsquo;une des trois meilleures de\u0301fenses de la compe\u0301tition, n&rsquo;ayant encaisse\u0301 que deux petits buts en six rencontres. Face a\u0300 l&rsquo;armada offensive sud-africaine, la solidite\u0301 malienne a vole\u0301 en e\u0301clats, plac\u0327ant l&rsquo;e\u0301quipe dans une situation critique.<\/p>\n<p>De\u0301sormais, les Blancs n&rsquo;ont plus le choix. Dans une semaine, ils devront re\u0301aliser une prestation historique a\u0300 domicile pour renverser l&rsquo;une des meilleures formations du continent. Pour poursuivre leur e\u0301pope\u0301e dans cette Ligue des Champions, il leur faudra s&rsquo;imposer par au moins quatre buts d&rsquo;e\u0301cart, ou e\u0301galiser le score de l&rsquo;aller pour arracher une se\u0301ance de tirs au but.<\/p>\n<p>Le rendez-vous est pris: la manche retour se jouera au Stade du 26 Mars, le vendredi 20 mars prochain. Le public bamakois est attendu en masse pour porter ses joueurs vers ce qui serait l&rsquo;un des plus grands retournements de situation du football malien.<\/p>\n<p><strong>Pour plus d&rsquo;informations et d&rsquo;analyses sur la <span style=\"color: #ff6600\">Comores<\/span>, suivez <span style=\"color: #ff6600\">Africa-Press<\/span><\/strong><\/p>\n","protected":false},"excerpt":{"rendered":"<p>Africa-Press &#8211; Comores. Pour le compte de la manche aller des quarts de finale de la Ligue des Champions de la CAF (saison 2025-2026), le Stade Malien de Bamako a conce\u0301de\u0301 une lourde de\u0301faite (3-0) ce vendredi 13 mars 2026. Un score se\u0301ve\u0300re qui condamne de\u0301sormais les Stadistes a\u0300 l&rsquo;exploit lors du match retour pour [&hellip;]<\/p>\n","protected":false},"author":82,"featured_media":32053,"comment_status":"open","ping_status":"closed","sticky":false,"template":"","format":"standard","meta":{"footnotes":""},"categories":[6,10],"tags":[45],"class_list":["post-32054","post","type-post","status-publish","format-standard","has-post-thumbnail","hentry","category-sports","category-toutes-les-actualites","tag-comores"],"yoast_head":"<!-- This site is optimized with the Yoast SEO Premium plugin v26.1 (Yoast SEO v27.0) - https:\/\/yoast.com\/product\/yoast-seo-premium-wordpress\/ -->\n<title>Stade Malien en Difficult\u00e9 Apr\u00e8s D\u00e9faite en Afrique du Sud - Comores<\/title>\n<meta name=\"description\" content=\"Pour le compte de la manche aller des quarts de finale de la Ligue des Champions de la CAF (saison 2025-2026), le Stade ...\" \/>\n<meta name=\"robots\" content=\"index, follow, max-snippet:-1, max-image-preview:large, max-video-preview:-1\" \/>\n<link rel=\"canonical\" href=\"https:\/\/www.africa-press.net\/comores\/sports\/stade-malien-en-difficulte-apres-defaite-en-afrique-du-sud\" \/>\n<meta property=\"og:locale\" content=\"fr_FR\" \/>\n<meta property=\"og:type\" content=\"article\" \/>\n<meta property=\"og:title\" content=\"Stade Malien en Difficult\u00e9 Apr\u00e8s D\u00e9faite en Afrique du Sud\" \/>\n<meta property=\"og:description\" content=\"Pour le compte de la manche aller des quarts de finale de la Ligue des Champions de la CAF (saison 2025-2026), le Stade ...\" \/>\n<meta property=\"og:url\" content=\"https:\/\/www.africa-press.net\/comores\/sports\/stade-malien-en-difficulte-apres-defaite-en-afrique-du-sud\" \/>\n<meta property=\"og:site_name\" content=\"Comores\" \/>\n<meta property=\"article:published_time\" content=\"2026-03-14T12:10:00+00:00\" \/>\n<meta property=\"article:modified_time\" content=\"2026-03-15T23:33:18+00:00\" \/>\n<meta property=\"og:image\" content=\"https:\/\/static.africa-press.net\/centrafricaine\/sites\/48\/2026\/03\/sm_1773520283.438537.jpg\" \/>\n\t<meta property=\"og:image:width\" content=\"1280\" \/>\n\t<meta property=\"og:image:height\" content=\"720\" \/>\n\t<meta property=\"og:image:type\" content=\"image\/jpeg\" \/>\n<meta name=\"author\" content=\"cfeditorfr\" \/>\n<meta name=\"twitter:card\" content=\"summary_large_image\" \/>\n<meta name=\"twitter:label1\" content=\"\u00c9crit par\" \/>\n\t<meta name=\"twitter:data1\" content=\"cfeditorfr\" \/>\n\t<meta name=\"twitter:label2\" content=\"Dur\u00e9e de lecture estim\u00e9e\" \/>\n\t<meta name=\"twitter:data2\" content=\"2 minutes\" \/>\n<script type=\"application\/ld+json\" class=\"yoast-schema-graph\">{\"@context\":\"https:\/\/schema.org\",\"@graph\":[{\"@type\":\"Article\",\"@id\":\"https:\/\/www.africa-press.net\/comores\/sports\/stade-malien-en-difficulte-apres-defaite-en-afrique-du-sud#article\",\"isPartOf\":{\"@id\":\"https:\/\/www.africa-press.net\/comores\/sports\/stade-malien-en-difficulte-apres-defaite-en-afrique-du-sud\"},\"author\":{\"name\":\"cfeditorfr\",\"@id\":\"https:\/\/www.africa-press.net\/comores\/#\/schema\/person\/2b1cf3cd81a31e3cd26889ca66d677f1\"},\"headline\":\"Stade Malien en Difficult\u00e9 Apr\u00e8s D\u00e9faite en Afrique du Sud\",\"datePublished\":\"2026-03-14T12:10:00+00:00\",\"dateModified\":\"2026-03-15T23:33:18+00:00\",\"mainEntityOfPage\":{\"@id\":\"https:\/\/www.africa-press.net\/comores\/sports\/stade-malien-en-difficulte-apres-defaite-en-afrique-du-sud\"},\"wordCount\":322,\"commentCount\":0,\"image\":{\"@id\":\"https:\/\/www.africa-press.net\/comores\/sports\/stade-malien-en-difficulte-apres-defaite-en-afrique-du-sud#primaryimage\"},\"thumbnailUrl\":\"https:\/\/static.africa-press.net\/centrafricaine\/sites\/48\/2026\/03\/sm_1773520283.438537.jpg\",\"keywords\":[\"Comores\"],\"articleSection\":[\"Sports\",\"Toutes les actualit\u00e9s\"],\"inLanguage\":\"fr-FR\",\"potentialAction\":[{\"@type\":\"CommentAction\",\"name\":\"Comment\",\"target\":[\"https:\/\/www.africa-press.net\/comores\/sports\/stade-malien-en-difficulte-apres-defaite-en-afrique-du-sud#respond\"]}]},{\"@type\":\"WebPage\",\"@id\":\"https:\/\/www.africa-press.net\/comores\/sports\/stade-malien-en-difficulte-apres-defaite-en-afrique-du-sud\",\"url\":\"https:\/\/www.africa-press.net\/comores\/sports\/stade-malien-en-difficulte-apres-defaite-en-afrique-du-sud\",\"name\":\"Stade Malien en Difficult\u00e9 Apr\u00e8s D\u00e9faite en Afrique du Sud - Comores\",\"isPartOf\":{\"@id\":\"https:\/\/www.africa-press.net\/comores\/#website\"},\"primaryImageOfPage\":{\"@id\":\"https:\/\/www.africa-press.net\/comores\/sports\/stade-malien-en-difficulte-apres-defaite-en-afrique-du-sud#primaryimage\"},\"image\":{\"@id\":\"https:\/\/www.africa-press.net\/comores\/sports\/stade-malien-en-difficulte-apres-defaite-en-afrique-du-sud#primaryimage\"},\"thumbnailUrl\":\"https:\/\/static.africa-press.net\/centrafricaine\/sites\/48\/2026\/03\/sm_1773520283.438537.jpg\",\"datePublished\":\"2026-03-14T12:10:00+00:00\",\"dateModified\":\"2026-03-15T23:33:18+00:00\",\"author\":{\"@id\":\"https:\/\/www.africa-press.net\/comores\/#\/schema\/person\/2b1cf3cd81a31e3cd26889ca66d677f1\"},\"description\":\"Pour le compte de la manche aller des quarts de finale de la Ligue des Champions de la CAF (saison 2025-2026), le Stade ...\",\"breadcrumb\":{\"@id\":\"https:\/\/www.africa-press.net\/comores\/sports\/stade-malien-en-difficulte-apres-defaite-en-afrique-du-sud#breadcrumb\"},\"inLanguage\":\"fr-FR\",\"potentialAction\":[{\"@type\":\"ReadAction\",\"target\":[\"https:\/\/www.africa-press.net\/comores\/sports\/stade-malien-en-difficulte-apres-defaite-en-afrique-du-sud\"]}]},{\"@type\":\"ImageObject\",\"inLanguage\":\"fr-FR\",\"@id\":\"https:\/\/www.africa-press.net\/comores\/sports\/stade-malien-en-difficulte-apres-defaite-en-afrique-du-sud#primaryimage\",\"url\":\"https:\/\/static.africa-press.net\/centrafricaine\/sites\/48\/2026\/03\/sm_1773520283.438537.jpg\",\"contentUrl\":\"https:\/\/static.africa-press.net\/centrafricaine\/sites\/48\/2026\/03\/sm_1773520283.438537.jpg\",\"width\":1280,\"height\":720,\"caption\":\"Stade Malien en Difficult\u00e9 Apr\u00e8s D\u00e9faite en Afrique du Sud\"},{\"@type\":\"BreadcrumbList\",\"@id\":\"https:\/\/www.africa-press.net\/comores\/sports\/stade-malien-en-difficulte-apres-defaite-en-afrique-du-sud#breadcrumb\",\"itemListElement\":[{\"@type\":\"ListItem\",\"position\":1,\"name\":\"Accueil\",\"item\":\"https:\/\/www.africa-press.net\/comores\/\"},{\"@type\":\"ListItem\",\"position\":2,\"name\":\"Stade Malien en Difficult\u00e9 Apr\u00e8s D\u00e9faite en Afrique du Sud\"}]},{\"@type\":\"WebSite\",\"@id\":\"https:\/\/www.africa-press.net\/comores\/#website\",\"url\":\"https:\/\/www.africa-press.net\/comores\/\",\"name\":\"Comores\",\"description\":\"Just another Africa News Agency Sites site\",\"potentialAction\":[{\"@type\":\"SearchAction\",\"target\":{\"@type\":\"EntryPoint\",\"urlTemplate\":\"https:\/\/www.africa-press.net\/comores\/?s={search_term_string}\"},\"query-input\":{\"@type\":\"PropertyValueSpecification\",\"valueRequired\":true,\"valueName\":\"search_term_string\"}}],\"inLanguage\":\"fr-FR\"},{\"@type\":\"Person\",\"@id\":\"https:\/\/www.africa-press.net\/comores\/#\/schema\/person\/2b1cf3cd81a31e3cd26889ca66d677f1\",\"name\":\"cfeditorfr\"}]}<\/script>\n<!-- \/ Yoast SEO Premium plugin. -->","yoast_head_json":{"title":"Stade Malien en Difficult\u00e9 Apr\u00e8s D\u00e9faite en Afrique du Sud - Comores","description":"Pour le compte de la manche aller des quarts de finale de la Ligue des Champions de la CAF (saison 2025-2026), le Stade ...","robots":{"index":"index","follow":"follow","max-snippet":"max-snippet:-1","max-image-preview":"max-image-preview:large","max-video-preview":"max-video-preview:-1"},"canonical":"https:\/\/www.africa-press.net\/comores\/sports\/stade-malien-en-difficulte-apres-defaite-en-afrique-du-sud","og_locale":"fr_FR","og_type":"article","og_title":"Stade Malien en Difficult\u00e9 Apr\u00e8s D\u00e9faite en Afrique du Sud","og_description":"Pour le compte de la manche aller des quarts de finale de la Ligue des Champions de la CAF (saison 2025-2026), le Stade ...","og_url":"https:\/\/www.africa-press.net\/comores\/sports\/stade-malien-en-difficulte-apres-defaite-en-afrique-du-sud","og_site_name":"Comores","article_published_time":"2026-03-14T12:10:00+00:00","article_modified_time":"2026-03-15T23:33:18+00:00","og_image":[{"width":1280,"height":720,"url":"https:\/\/static.africa-press.net\/centrafricaine\/sites\/48\/2026\/03\/sm_1773520283.438537.jpg","type":"image\/jpeg"}],"author":"cfeditorfr","twitter_card":"summary_large_image","twitter_misc":{"\u00c9crit par":"cfeditorfr","Dur\u00e9e de lecture estim\u00e9e":"2 minutes"},"schema":{"@context":"https:\/\/schema.org","@graph":[{"@type":"Article","@id":"https:\/\/www.africa-press.net\/comores\/sports\/stade-malien-en-difficulte-apres-defaite-en-afrique-du-sud#article","isPartOf":{"@id":"https:\/\/www.africa-press.net\/comores\/sports\/stade-malien-en-difficulte-apres-defaite-en-afrique-du-sud"},"author":{"name":"cfeditorfr","@id":"https:\/\/www.africa-press.net\/comores\/#\/schema\/person\/2b1cf3cd81a31e3cd26889ca66d677f1"},"headline":"Stade Malien en Difficult\u00e9 Apr\u00e8s D\u00e9faite en Afrique du Sud","datePublished":"2026-03-14T12:10:00+00:00","dateModified":"2026-03-15T23:33:18+00:00","mainEntityOfPage":{"@id":"https:\/\/www.africa-press.net\/comores\/sports\/stade-malien-en-difficulte-apres-defaite-en-afrique-du-sud"},"wordCount":322,"commentCount":0,"image":{"@id":"https:\/\/www.africa-press.net\/comores\/sports\/stade-malien-en-difficulte-apres-defaite-en-afrique-du-sud#primaryimage"},"thumbnailUrl":"https:\/\/static.africa-press.net\/centrafricaine\/sites\/48\/2026\/03\/sm_1773520283.438537.jpg","keywords":["Comores"],"articleSection":["Sports","Toutes les actualit\u00e9s"],"inLanguage":"fr-FR","potentialAction":[{"@type":"CommentAction","name":"Comment","target":["https:\/\/www.africa-press.net\/comores\/sports\/stade-malien-en-difficulte-apres-defaite-en-afrique-du-sud#respond"]}]},{"@type":"WebPage","@id":"https:\/\/www.africa-press.net\/comores\/sports\/stade-malien-en-difficulte-apres-defaite-en-afrique-du-sud","url":"https:\/\/www.africa-press.net\/comores\/sports\/stade-malien-en-difficulte-apres-defaite-en-afrique-du-sud","name":"Stade Malien en Difficult\u00e9 Apr\u00e8s D\u00e9faite en Afrique du Sud - Comores","isPartOf":{"@id":"https:\/\/www.africa-press.net\/comores\/#website"},"primaryImageOfPage":{"@id":"https:\/\/www.africa-press.net\/comores\/sports\/stade-malien-en-difficulte-apres-defaite-en-afrique-du-sud#primaryimage"},"image":{"@id":"https:\/\/www.africa-press.net\/comores\/sports\/stade-malien-en-difficulte-apres-defaite-en-afrique-du-sud#primaryimage"},"thumbnailUrl":"https:\/\/static.africa-press.net\/centrafricaine\/sites\/48\/2026\/03\/sm_1773520283.438537.jpg","datePublished":"2026-03-14T12:10:00+00:00","dateModified":"2026-03-15T23:33:18+00:00","author":{"@id":"https:\/\/www.africa-press.net\/comores\/#\/schema\/person\/2b1cf3cd81a31e3cd26889ca66d677f1"},"description":"Pour le compte de la manche aller des quarts de finale de la Ligue des Champions de la CAF (saison 2025-2026), le Stade ...","breadcrumb":{"@id":"https:\/\/www.africa-press.net\/comores\/sports\/stade-malien-en-difficulte-apres-defaite-en-afrique-du-sud#breadcrumb"},"inLanguage":"fr-FR","potentialAction":[{"@type":"ReadAction","target":["https:\/\/www.africa-press.net\/comores\/sports\/stade-malien-en-difficulte-apres-defaite-en-afrique-du-sud"]}]},{"@type":"ImageObject","inLanguage":"fr-FR","@id":"https:\/\/www.africa-press.net\/comores\/sports\/stade-malien-en-difficulte-apres-defaite-en-afrique-du-sud#primaryimage","url":"https:\/\/static.africa-press.net\/centrafricaine\/sites\/48\/2026\/03\/sm_1773520283.438537.jpg","contentUrl":"https:\/\/static.africa-press.net\/centrafricaine\/sites\/48\/2026\/03\/sm_1773520283.438537.jpg","width":1280,"height":720,"caption":"Stade Malien en Difficult\u00e9 Apr\u00e8s D\u00e9faite en Afrique du Sud"},{"@type":"BreadcrumbList","@id":"https:\/\/www.africa-press.net\/comores\/sports\/stade-malien-en-difficulte-apres-defaite-en-afrique-du-sud#breadcrumb","itemListElement":[{"@type":"ListItem","position":1,"name":"Accueil","item":"https:\/\/www.africa-press.net\/comores\/"},{"@type":"ListItem","position":2,"name":"Stade Malien en Difficult\u00e9 Apr\u00e8s D\u00e9faite en Afrique du Sud"}]},{"@type":"WebSite","@id":"https:\/\/www.africa-press.net\/comores\/#website","url":"https:\/\/www.africa-press.net\/comores\/","name":"Comores","description":"Just another Africa News Agency Sites site","potentialAction":[{"@type":"SearchAction","target":{"@type":"EntryPoint","urlTemplate":"https:\/\/www.africa-press.net\/comores\/?s={search_term_string}"},"query-input":{"@type":"PropertyValueSpecification","valueRequired":true,"valueName":"search_term_string"}}],"inLanguage":"fr-FR"},{"@type":"Person","@id":"https:\/\/www.africa-press.net\/comores\/#\/schema\/person\/2b1cf3cd81a31e3cd26889ca66d677f1","name":"cfeditorfr"}]}},"_links":{"self":[{"href":"https:\/\/www.africa-press.net\/comores\/wp-json\/wp\/v2\/posts\/32054","targetHints":{"allow":["GET"]}}],"collection":[{"href":"https:\/\/www.africa-press.net\/comores\/wp-json\/wp\/v2\/posts"}],"about":[{"href":"https:\/\/www.africa-press.net\/comores\/wp-json\/wp\/v2\/types\/post"}],"author":[{"embeddable":true,"href":"https:\/\/www.africa-press.net\/comores\/wp-json\/wp\/v2\/users\/82"}],"replies":[{"embeddable":true,"href":"https:\/\/www.africa-press.net\/comores\/wp-json\/wp\/v2\/comments?post=32054"}],"version-history":[{"count":0,"href":"https:\/\/www.africa-press.net\/comores\/wp-json\/wp\/v2\/posts\/32054\/revisions"}],"wp:featuredmedia":[{"embeddable":true,"href":"https:\/\/www.africa-press.net\/comores\/wp-json\/wp\/v2\/media\/32053"}],"wp:attachment":[{"href":"https:\/\/www.africa-press.net\/comores\/wp-json\/wp\/v2\/media?parent=32054"}],"wp:term":[{"taxonomy":"category","embeddable":true,"href":"https:\/\/www.africa-press.net\/comores\/wp-json\/wp\/v2\/categories?post=32054"},{"taxonomy":"post_tag","embeddable":true,"href":"https:\/\/www.africa-press.net\/comores\/wp-json\/wp\/v2\/tags?post=32054"}],"curies":[{"name":"wp","href":"https:\/\/api.w.org\/{rel}","templated":true}]}}