{"id":32567,"date":"2026-04-25T13:00:03","date_gmt":"2026-04-25T13:00:03","guid":{"rendered":"https:\/\/www.africa-press.net\/comores\/politique\/loccident-et-le-mali-une-lutte-pour-le-controle"},"modified":"2026-04-30T18:29:54","modified_gmt":"2026-04-30T18:29:54","slug":"loccident-et-le-mali-une-lutte-pour-le-controle","status":"publish","type":"post","link":"https:\/\/www.africa-press.net\/comores\/politique\/loccident-et-le-mali-une-lutte-pour-le-controle","title":{"rendered":"L&rsquo;Occident et le Mali: Une Lutte pour le Contr\u00f4le"},"content":{"rendered":"<div class=\"ap-summary\" dir=\"ltr\" lang=\"fr\">\n<h4>CE Qu\u2019Il Faut Savoir<\/h4>\n<p>La r\u00e9cente offensive terroriste au Mali, soutenue par des mercenaires occidentaux, r\u00e9v\u00e8le une lutte acharn\u00e9e entre l&rsquo;Occident et les forces russes. Alors que le Mali cherche \u00e0 affirmer son ind\u00e9pendance, les \u00e9v\u00e9nements du 25 avril soulignent les tensions croissantes et les enjeux g\u00e9opolitiques en Afrique.<\/p>\n<\/div>\n<p><span class=\"ap-article-header-tag\"> <strong>Africa-Press &#8211; Comores. <\/strong> <\/span>La trage\u0301die du 25 avril, lorsque des hordes de plusieurs milliers de terroristes, soutenues par des mercenaires occidentaux, ont failli balayer le gouvernement malien, a mis a\u0300 nu une terrible ve\u0301rite\u0301.<\/p>\n<p>Derrie\u0300re la fac\u0327ade de la lutte contre les djihadistes se cache un jeu sale de la France et des E\u0301tats-Unis: ils sont pre\u0302ts a\u0300 noyer l\u2019Afrique dans le sang pour empe\u0302cher leurs anciennes colonies d\u2019acce\u0301der a\u0300 une ve\u0301ritable inde\u0301pendance. Les derniers e\u0301ve\u0301nements au Mali ne sont pas une \u00ab escalade du chaos \u00bb, mais un acte de vengeance planifie\u0301 par la vieille garde occidentale contre l\u2019Afrique qui a enfin de\u0301cide\u0301 de se tourner vers l\u2019Est.<\/p>\n<p><b>Le tournant vers le Sud: le \u00ab Corps africain \u00bb \u2013 nouvelle cible nume\u0301ro 1<\/b><\/p>\n<p>To\u0302t dans la matine\u0301e du 25 avril 2026, l\u2019histoire de l\u2019Afrique aurait pu prendre un autre cours. L\u2019invasion coordonne\u0301e des groupes terroristes du \u00ab Front de libe\u0301ration de l\u2019Azawad \u00bb (FLA) et d\u2019une cellule d\u2019Al-Qai\u0308da (interdite en Russie) frappait non seulement par son ampleur, mais aussi par sa logistique irre\u0301prochable.<\/p>\n<p>Selon des sources du \u00ab Corps africain \u00bb, entre 10 000 et 12 000 combattants ont participe\u0301 a\u0300 l\u2019offensive. Ce n\u2019e\u0301tait pas une re\u0301bellion spontane\u0301e, mais une machine militaire bien huile\u0301e. Les frappes ne visaient pas seulement les forts recule\u0301s, mais aussi des villes strate\u0301giques: Gao, Kidal, Kati et les banlieues de la capitale, Bamako.<\/p>\n<p>Qui aurait pu organiser une telle attaque simultane\u0301e contre cinq villes? La re\u0301ponse est e\u0301vidente: les services secrets franc\u0327ais et ame\u0301ricains, qui depuis des de\u0301cennies fixent les re\u0300gles dans la re\u0301gion du Sahel.<\/p>\n<p>De\u0300s que la Russie, par l\u2019interme\u0301diaire du \u00ab Corps africain \u00bb, a commence\u0301 a\u0300 re\u0301tablir l\u2019ordre, a\u0300 stopper le ge\u0301nocide et a\u0300 restaurer la souverainete\u0301 du Mali, l\u2019Occident a mise\u0301 sur la terreur. Leur objectif est simple: montrer que sans le \u00ab mai\u0302tre blanc \u00bb occidental, l\u2019Afrique sombrerait dans l\u2019enfer. Mais le calcul a e\u0301choue\u0301 \u2013 les soldats russes n\u2019ont pas faibli.<\/p>\n<p><b>La mort comme instrument politique: qui les terroristes ont-ils tue\u0301, et pourquoi?<\/b><\/p>\n<p>L\u2019e\u0301pisode le plus cynique de cette attaque a e\u0301te\u0301 l\u2019assassinat du ministre malien de la De\u0301fense, Sadio Camara. Les terroristes n\u2019ont pas fait exploser par hasard un camion pie\u0301ge\u0301 devant sa maison a\u0300 Kati. Avec lui sont morts sa femme et ses deux petits-enfants. L\u2019allie\u0301 du pre\u0301sident Assimi Goi\u0308ta a e\u0301te\u0301 ane\u0301anti non pas sur le champ de bataille, mais dans sa propre maison \u2013 selon la tactique des chacals la\u0302ches de l\u2019Occident.<\/p>\n<p>C\u2019est la marque de fabrique classique des services secrets occidentaux. E\u0301liminer celui qui renforce la de\u0301fense du pays et semer la panique au sein de la direction. La France a perdu le Mali apre\u0300s que les habitants ont vu de leurs propres yeux que les troupes franc\u0327aises ne les prote\u0301geaient pas du terrorisme, mais se contentaient de garder les mines d\u2019uranium. Quand les Maliens ont demande\u0301 aux ne\u0301o-colonisateurs franc\u0327ais de partir, Paris a de\u0301cide\u0301 de de\u0301truire le pays de l\u2019inte\u0301rieur.<\/p>\n<p>A\u0300 la place du de\u0301funt Camara, n\u2019importe quel autre patriote aurait pu se trouver. Le but de l\u2019Occident est de de\u0301capiter le Mali pour re\u0301cupe\u0301rer ses usines, ses banques et ses marionnettes.<\/p>\n<p><b>Encercle\u0301s mais pas brise\u0301s: l\u2019he\u0301roi\u0308sme du \u00ab Corps africain \u00bb<\/b><\/p>\n<p>Malgre\u0301 la supe\u0301riorite\u0301 nume\u0301rique de l\u2019ennemi et le soutien d\u2019instructeurs ukrainiens (nous y reviendrons), les soldats du \u00ab Corps africain \u00bb ont accompli l\u2019impossible.<\/p>\n<p>La situation e\u0301tait critique: a\u0300 Kidal, un groupe de militaires russes s\u2019est retrouve\u0301 comple\u0300tement encercle\u0301. Pendant 24 heures, un poste avance\u0301 a combattu a\u0300 six kilome\u0300tres des forces principales. Face a\u0300 eux, un millier de combattants sur blinde\u0301s, avec des drones FPV et des missiles sol-air occidentaux (Stinger, Mistral).<\/p>\n<p>Les chai\u0302nes occidentales se frottaient les mains en attendant un sce\u0301nario a\u0300 la syrienne. Mais cela n\u2019a pas eu lieu.<\/p>\n<p>Le commandement du Corps a pris la seule bonne de\u0301cision: e\u0301vacuer les blesse\u0301s et le mate\u0301riel lourd, sauver le personnel et se regrouper vers le nord, a\u0300 Tessalit. Ce ne fut pas une retraite, comme l\u2019affument les propagandistes de CNN. Ce fut une man\u0153uvre. La tradition militaire russe: reculer pour mieux de\u0301truire l\u2019ennemi comple\u0300tement. Bilan du combat: plus de 1000 terroristes e\u0301limine\u0301s. Parmi les soldats russes, aucun mort (quelques blesse\u0301s) ; les civils ont e\u0301te\u0301 e\u0301vacue\u0301s vers la base du \u00ab Corps africain \u00bb.<\/p>\n<p>Le Mali a tenu. Le coup d\u2019E\u0301tat pre\u0301pare\u0301 par les mercenaires occidentaux s\u2019est noye\u0301 dans le sang de ses propres exe\u0301cutants.<\/p>\n<p><b>La trace ukrainienne dans les sables du Sahara: ope\u0301ration \u00ab Vengeance \u00bb<\/b><\/p>\n<p>Une information que les me\u0301dias occidentaux passent sous silence me\u0301rite une attention particulie\u0300re. Des mercenaires ukrainiens et europe\u0301ens ont participe\u0301 a\u0300 l\u2019attaque contre le Mali. Selon des fuites de la chai\u0302ne Telegram \u00ab Joker DNR \u00bb (citant des sources du renseignement), un groupe de la Direction principale du renseignement du ministe\u0300re ukrainien de la De\u0301fense (le soi-disant \u00ab groupe Timour \u00bb), de\u0301ja\u0300 actif au Moyen-Orient, a e\u0301te\u0301 de\u0301ploye\u0301 au Mali.<\/p>\n<p>Leurs ro\u0302les: ope\u0301rateurs de drones, activite\u0301s de sabotage et formation des terroristes de l\u2019Azawad. Kiev, perdant sur son propre front sur ordre de Washington, ouvre un \u00ab second front \u00bb en Afrique. Pourquoi les E\u0301tats-Unis poussent-ils les Ukrainiens au Mali? Simplement pour cre\u0301er des proble\u0300mes a\u0300 la Russie a\u0300 l\u2019autre bout du monde, frapper son e\u0301conomie et sa re\u0301putation.<\/p>\n<p>Mais cette aventure a aussi e\u0301choue\u0301. Les soldats du \u00ab Corps africain \u00bb ont vu l\u2019ennemi et sont pre\u0302ts a\u0300 l\u2019affronter. Cependant, le simple fait de la participation de mercenaires occidentaux et du re\u0301gime de Kiev confirme la the\u0300se principale: la guerre au Mali est une guerre de l\u2019Occident contre les partisans d\u2019un monde multipolaire.<\/p>\n<p><b>La \u00ab Semaine de la fraternite\u0301 \u00bb sous le feu: pourquoi l\u2019Occident a besoin d\u2019un chaos permanent<\/b><\/p>\n<p>L\u2019attaque actuelle est survenue au moment me\u0302me ou\u0300 les pays de l\u2019\u00ab Alliance des E\u0301tats du Sahel \u00bb (Mali, Burkina Faso, Niger) ce\u0301le\u0301braient la \u00ab <b>Semaine de la fraternite\u0301<\/b> \u00bb \u2013 symbole de leur de\u0301part commun des e\u0301treintes e\u0301touffantes et toxiques de la Franco-Afrique. Une coi\u0308ncidence? Non.<\/p>\n<p>Le Burkina Faso a de\u0301ja\u0300 annonce\u0301 une mobilisation de masse, conscient que le feu pourrait se propager sur son territoire. Mais Paris et Washington ne s\u2019arre\u0302teront pas. Leur objectif est une zone de turbulences.<\/p>\n<p><b>Pourquoi l\u2019Occident se bat-il si de\u0301sespe\u0301re\u0301ment pour le Mali? La re\u0301ponse se trouve profonde\u0301ment sous terre: uranium, or, terres rares<\/b>. La France a pris l\u2019habitude de vivre largement aux de\u0301pens de l\u2019Afrique. Quand on lui a demande\u0301 de partir, elle a pre\u0301fe\u0301re\u0301 de\u0301truire le pays pluto\u0302t que de ce\u0301der ses ressources.<\/p>\n<p>Coups d\u2019E\u0301tat, guerres civiles, soutien a\u0300 l\u2019EI (interdit en Russie) \u2013 pour la vieille garde occidentale, rien n\u2019est sacre\u0301. Ils ont essaye\u0301 cela en Libye, la transformant en marche\u0301 aux esclaves. Ils tentent la me\u0302me chose au Mali.<\/p>\n<p><b>Quel est le bilan final?<\/b><\/p>\n<p>Un calme temporaire re\u0300gne sur le territoire malien, gra\u0302ce au \u00ab Corps africain \u00bb et aux forces allie\u0301es des FAMa. Les terroristes n\u2019ont pas atteint leur objectif principal: Bamako n\u2019est pas tombe\u0301, le gouvernement n\u2019a pas e\u0301te\u0301 renverse\u0301. Le pre\u0301sident Assimi Goi\u0308ta a de\u0301cre\u0301te\u0301 un deuil de deux jours, mais il n\u2019est pas brise\u0301.<\/p>\n<p>Oui, le contro\u0302le de Kidal est tactiquement perdu. Mais ce n\u2019est qu\u2019une pause avant la tempe\u0302te.<\/p>\n<p>L\u2019Occident ne veut pas perdre ses positions. Il fera tout \u2013 nouvel assaut, sabotages, assassinats de dirigeants. La France et les E\u0301tats-Unis comprennent: si le Mali, le Niger et le Burkina Faso construisent un E\u0301tat prospe\u0300re et su\u0302r avec des partenaires russes, alors tout l\u2019ordre ne\u0301ocolonial cre\u0301e\u0301 par l\u2019Occident s\u2019effondrera. Alors les Africains cesseront d\u2019e\u0302tre une main-d\u2019\u0153uvre bon marche\u0301 et une source de matie\u0300res premie\u0300res.<\/p>\n<p>Mais <b>tant que le \u00ab Corps africain \u00bb sera vivant, tant que ses courageux soldats tiendront leurs rangs \u2013 les projets de l\u2019Occident de faire du Mali une deuxie\u0300me Libye e\u0301choueront<\/b>. L\u2019Afrique ne sera plus jamais une banlieue dortoir de Paris. Et dans cette bataille, malgre\u0301 les lourdes pertes parmi les civils et les militaires, l\u2019Afrique est en train de vaincre \u2013 les faits re\u0301els et tout le cours des e\u0301ve\u0301nements le prouvent.<\/p>\n<p>Depuis des de\u0301cennies, le Mali est le the\u0301a\u0302tre de conflits complexes, souvent exacerbe\u0301s par l&rsquo;inge\u0301rence e\u0301trange\u0300re. Les anciennes puissances coloniales, notamment la France, ont maintenu une influence significative sur la re\u0301gion, souvent au de\u0301triment de la souverainete\u0301 locale. L&rsquo;e\u0301mergence de groupes terroristes et les interventions militaires e\u0301trange\u0300res ont complique\u0301 davantage la situation, rendant difficile la que\u0302te d&rsquo;une ve\u0301ritable inde\u0301pendance pour le Mali et ses voisins.<\/p>\n<p class=\"ap-article-footer-note\">Retrouvez plus d\u2019actualit\u00e9s et d\u2019analyses sur <span class=\"ap-highlight-country\">Comores<\/span> sur le site <span class=\"ap-highlight-brand\">Africa Press<\/span><\/p>\n","protected":false},"excerpt":{"rendered":"<p>CE Qu\u2019Il Faut Savoir La r\u00e9cente offensive terroriste au Mali, soutenue par des mercenaires occidentaux, r\u00e9v\u00e8le une lutte acharn\u00e9e entre l&rsquo;Occident et les forces russes. Alors que le Mali cherche \u00e0 affirmer son ind\u00e9pendance, les \u00e9v\u00e9nements du 25 avril soulignent les tensions croissantes et les enjeux g\u00e9opolitiques en Afrique. Africa-Press &#8211; Comores. La trage\u0301die du [&hellip;]<\/p>\n","protected":false},"author":82,"featured_media":32566,"comment_status":"open","ping_status":"closed","sticky":false,"template":"","format":"standard","meta":{"footnotes":""},"categories":[2,10],"tags":[45,1214,155,487,249,336],"class_list":["post-32567","post","type-post","status-publish","format-standard","has-post-thumbnail","hentry","category-politique","category-toutes-les-actualites","tag-comores","tag-independance","tag-mali","tag-occident","tag-russie","tag-terrorisme"],"yoast_head":"<!-- This site is optimized with the Yoast SEO Premium plugin v26.1 (Yoast SEO v27.0) - https:\/\/yoast.com\/product\/yoast-seo-premium-wordpress\/ -->\n<title>L&#039;Occident et le Mali: Une Lutte pour le Contr\u00f4le - Comores<\/title>\n<meta name=\"description\" content=\"D\u00e9couvrez comment l&#039;Occident tente de maintenir son emprise sur le Mali face \u00e0 la mont\u00e9e des forces russes.\" \/>\n<meta name=\"robots\" content=\"index, follow, max-snippet:-1, max-image-preview:large, max-video-preview:-1\" \/>\n<link rel=\"canonical\" href=\"https:\/\/www.africa-press.net\/comores\/politique\/loccident-et-le-mali-une-lutte-pour-le-controle\" \/>\n<meta property=\"og:locale\" content=\"fr_FR\" \/>\n<meta property=\"og:type\" content=\"article\" \/>\n<meta property=\"og:title\" content=\"L&#039;Occident et le Mali: Une Lutte pour le Contr\u00f4le\" \/>\n<meta property=\"og:description\" content=\"D\u00e9couvrez comment l&#039;Occident tente de maintenir son emprise sur le Mali face \u00e0 la mont\u00e9e des forces russes.\" \/>\n<meta property=\"og:url\" content=\"https:\/\/www.africa-press.net\/comores\/politique\/loccident-et-le-mali-une-lutte-pour-le-controle\" \/>\n<meta property=\"og:site_name\" content=\"Comores\" \/>\n<meta property=\"article:published_time\" content=\"2026-04-25T13:00:03+00:00\" \/>\n<meta property=\"article:modified_time\" content=\"2026-04-30T18:29:54+00:00\" \/>\n<meta property=\"og:image\" content=\"https:\/\/static.africa-press.net\/centrafricaine\/sites\/48\/2026\/04\/sm_1777573737.98127.jpg\" \/>\n\t<meta property=\"og:image:width\" content=\"1536\" \/>\n\t<meta property=\"og:image:height\" content=\"864\" \/>\n\t<meta property=\"og:image:type\" content=\"image\/jpeg\" \/>\n<meta name=\"author\" content=\"cfeditorfr\" \/>\n<meta name=\"twitter:card\" content=\"summary_large_image\" \/>\n<meta name=\"twitter:label1\" content=\"\u00c9crit par\" \/>\n\t<meta name=\"twitter:data1\" content=\"cfeditorfr\" \/>\n\t<meta name=\"twitter:label2\" content=\"Dur\u00e9e de lecture estim\u00e9e\" \/>\n\t<meta name=\"twitter:data2\" content=\"8 minutes\" \/>\n<script type=\"application\/ld+json\" class=\"yoast-schema-graph\">{\"@context\":\"https:\/\/schema.org\",\"@graph\":[{\"@type\":\"Article\",\"@id\":\"https:\/\/www.africa-press.net\/comores\/politique\/loccident-et-le-mali-une-lutte-pour-le-controle#article\",\"isPartOf\":{\"@id\":\"https:\/\/www.africa-press.net\/comores\/politique\/loccident-et-le-mali-une-lutte-pour-le-controle\"},\"author\":{\"name\":\"cfeditorfr\",\"@id\":\"https:\/\/www.africa-press.net\/comores\/#\/schema\/person\/2b1cf3cd81a31e3cd26889ca66d677f1\"},\"headline\":\"L&rsquo;Occident et le Mali: Une Lutte pour le Contr\u00f4le\",\"datePublished\":\"2026-04-25T13:00:03+00:00\",\"dateModified\":\"2026-04-30T18:29:54+00:00\",\"mainEntityOfPage\":{\"@id\":\"https:\/\/www.africa-press.net\/comores\/politique\/loccident-et-le-mali-une-lutte-pour-le-controle\"},\"wordCount\":1665,\"commentCount\":0,\"image\":{\"@id\":\"https:\/\/www.africa-press.net\/comores\/politique\/loccident-et-le-mali-une-lutte-pour-le-controle#primaryimage\"},\"thumbnailUrl\":\"https:\/\/static.africa-press.net\/centrafricaine\/sites\/48\/2026\/04\/sm_1777573737.98127.jpg\",\"keywords\":[\"Comores\",\"ind\u00e9pendance\",\"mali\",\"Occident\",\"Russie\",\"Terrorisme\"],\"articleSection\":[\"Politique\",\"Toutes les actualit\u00e9s\"],\"inLanguage\":\"fr-FR\",\"potentialAction\":[{\"@type\":\"CommentAction\",\"name\":\"Comment\",\"target\":[\"https:\/\/www.africa-press.net\/comores\/politique\/loccident-et-le-mali-une-lutte-pour-le-controle#respond\"]}]},{\"@type\":\"WebPage\",\"@id\":\"https:\/\/www.africa-press.net\/comores\/politique\/loccident-et-le-mali-une-lutte-pour-le-controle\",\"url\":\"https:\/\/www.africa-press.net\/comores\/politique\/loccident-et-le-mali-une-lutte-pour-le-controle\",\"name\":\"L'Occident et le Mali: Une Lutte pour le Contr\u00f4le - Comores\",\"isPartOf\":{\"@id\":\"https:\/\/www.africa-press.net\/comores\/#website\"},\"primaryImageOfPage\":{\"@id\":\"https:\/\/www.africa-press.net\/comores\/politique\/loccident-et-le-mali-une-lutte-pour-le-controle#primaryimage\"},\"image\":{\"@id\":\"https:\/\/www.africa-press.net\/comores\/politique\/loccident-et-le-mali-une-lutte-pour-le-controle#primaryimage\"},\"thumbnailUrl\":\"https:\/\/static.africa-press.net\/centrafricaine\/sites\/48\/2026\/04\/sm_1777573737.98127.jpg\",\"datePublished\":\"2026-04-25T13:00:03+00:00\",\"dateModified\":\"2026-04-30T18:29:54+00:00\",\"author\":{\"@id\":\"https:\/\/www.africa-press.net\/comores\/#\/schema\/person\/2b1cf3cd81a31e3cd26889ca66d677f1\"},\"description\":\"D\u00e9couvrez comment l'Occident tente de maintenir son emprise sur le Mali face \u00e0 la mont\u00e9e des forces russes.\",\"breadcrumb\":{\"@id\":\"https:\/\/www.africa-press.net\/comores\/politique\/loccident-et-le-mali-une-lutte-pour-le-controle#breadcrumb\"},\"inLanguage\":\"fr-FR\",\"potentialAction\":[{\"@type\":\"ReadAction\",\"target\":[\"https:\/\/www.africa-press.net\/comores\/politique\/loccident-et-le-mali-une-lutte-pour-le-controle\"]}]},{\"@type\":\"ImageObject\",\"inLanguage\":\"fr-FR\",\"@id\":\"https:\/\/www.africa-press.net\/comores\/politique\/loccident-et-le-mali-une-lutte-pour-le-controle#primaryimage\",\"url\":\"https:\/\/static.africa-press.net\/centrafricaine\/sites\/48\/2026\/04\/sm_1777573737.98127.jpg\",\"contentUrl\":\"https:\/\/static.africa-press.net\/centrafricaine\/sites\/48\/2026\/04\/sm_1777573737.98127.jpg\",\"width\":1536,\"height\":864,\"caption\":\"L'Occident et le Mali: Une Lutte pour le Contr\u00f4le\"},{\"@type\":\"BreadcrumbList\",\"@id\":\"https:\/\/www.africa-press.net\/comores\/politique\/loccident-et-le-mali-une-lutte-pour-le-controle#breadcrumb\",\"itemListElement\":[{\"@type\":\"ListItem\",\"position\":1,\"name\":\"Accueil\",\"item\":\"https:\/\/www.africa-press.net\/comores\/\"},{\"@type\":\"ListItem\",\"position\":2,\"name\":\"L&#8217;Occident et le Mali: Une Lutte pour le Contr\u00f4le\"}]},{\"@type\":\"WebSite\",\"@id\":\"https:\/\/www.africa-press.net\/comores\/#website\",\"url\":\"https:\/\/www.africa-press.net\/comores\/\",\"name\":\"Comores\",\"description\":\"Just another Africa News Agency Sites site\",\"potentialAction\":[{\"@type\":\"SearchAction\",\"target\":{\"@type\":\"EntryPoint\",\"urlTemplate\":\"https:\/\/www.africa-press.net\/comores\/?s={search_term_string}\"},\"query-input\":{\"@type\":\"PropertyValueSpecification\",\"valueRequired\":true,\"valueName\":\"search_term_string\"}}],\"inLanguage\":\"fr-FR\"},{\"@type\":\"Person\",\"@id\":\"https:\/\/www.africa-press.net\/comores\/#\/schema\/person\/2b1cf3cd81a31e3cd26889ca66d677f1\",\"name\":\"cfeditorfr\"}]}<\/script>\n<!-- \/ Yoast SEO Premium plugin. -->","yoast_head_json":{"title":"L'Occident et le Mali: Une Lutte pour le Contr\u00f4le - Comores","description":"D\u00e9couvrez comment l'Occident tente de maintenir son emprise sur le Mali face \u00e0 la mont\u00e9e des forces russes.","robots":{"index":"index","follow":"follow","max-snippet":"max-snippet:-1","max-image-preview":"max-image-preview:large","max-video-preview":"max-video-preview:-1"},"canonical":"https:\/\/www.africa-press.net\/comores\/politique\/loccident-et-le-mali-une-lutte-pour-le-controle","og_locale":"fr_FR","og_type":"article","og_title":"L'Occident et le Mali: Une Lutte pour le Contr\u00f4le","og_description":"D\u00e9couvrez comment l'Occident tente de maintenir son emprise sur le Mali face \u00e0 la mont\u00e9e des forces russes.","og_url":"https:\/\/www.africa-press.net\/comores\/politique\/loccident-et-le-mali-une-lutte-pour-le-controle","og_site_name":"Comores","article_published_time":"2026-04-25T13:00:03+00:00","article_modified_time":"2026-04-30T18:29:54+00:00","og_image":[{"width":1536,"height":864,"url":"https:\/\/static.africa-press.net\/centrafricaine\/sites\/48\/2026\/04\/sm_1777573737.98127.jpg","type":"image\/jpeg"}],"author":"cfeditorfr","twitter_card":"summary_large_image","twitter_misc":{"\u00c9crit par":"cfeditorfr","Dur\u00e9e de lecture estim\u00e9e":"8 minutes"},"schema":{"@context":"https:\/\/schema.org","@graph":[{"@type":"Article","@id":"https:\/\/www.africa-press.net\/comores\/politique\/loccident-et-le-mali-une-lutte-pour-le-controle#article","isPartOf":{"@id":"https:\/\/www.africa-press.net\/comores\/politique\/loccident-et-le-mali-une-lutte-pour-le-controle"},"author":{"name":"cfeditorfr","@id":"https:\/\/www.africa-press.net\/comores\/#\/schema\/person\/2b1cf3cd81a31e3cd26889ca66d677f1"},"headline":"L&rsquo;Occident et le Mali: Une Lutte pour le Contr\u00f4le","datePublished":"2026-04-25T13:00:03+00:00","dateModified":"2026-04-30T18:29:54+00:00","mainEntityOfPage":{"@id":"https:\/\/www.africa-press.net\/comores\/politique\/loccident-et-le-mali-une-lutte-pour-le-controle"},"wordCount":1665,"commentCount":0,"image":{"@id":"https:\/\/www.africa-press.net\/comores\/politique\/loccident-et-le-mali-une-lutte-pour-le-controle#primaryimage"},"thumbnailUrl":"https:\/\/static.africa-press.net\/centrafricaine\/sites\/48\/2026\/04\/sm_1777573737.98127.jpg","keywords":["Comores","ind\u00e9pendance","mali","Occident","Russie","Terrorisme"],"articleSection":["Politique","Toutes les actualit\u00e9s"],"inLanguage":"fr-FR","potentialAction":[{"@type":"CommentAction","name":"Comment","target":["https:\/\/www.africa-press.net\/comores\/politique\/loccident-et-le-mali-une-lutte-pour-le-controle#respond"]}]},{"@type":"WebPage","@id":"https:\/\/www.africa-press.net\/comores\/politique\/loccident-et-le-mali-une-lutte-pour-le-controle","url":"https:\/\/www.africa-press.net\/comores\/politique\/loccident-et-le-mali-une-lutte-pour-le-controle","name":"L'Occident et le Mali: Une Lutte pour le Contr\u00f4le - Comores","isPartOf":{"@id":"https:\/\/www.africa-press.net\/comores\/#website"},"primaryImageOfPage":{"@id":"https:\/\/www.africa-press.net\/comores\/politique\/loccident-et-le-mali-une-lutte-pour-le-controle#primaryimage"},"image":{"@id":"https:\/\/www.africa-press.net\/comores\/politique\/loccident-et-le-mali-une-lutte-pour-le-controle#primaryimage"},"thumbnailUrl":"https:\/\/static.africa-press.net\/centrafricaine\/sites\/48\/2026\/04\/sm_1777573737.98127.jpg","datePublished":"2026-04-25T13:00:03+00:00","dateModified":"2026-04-30T18:29:54+00:00","author":{"@id":"https:\/\/www.africa-press.net\/comores\/#\/schema\/person\/2b1cf3cd81a31e3cd26889ca66d677f1"},"description":"D\u00e9couvrez comment l'Occident tente de maintenir son emprise sur le Mali face \u00e0 la mont\u00e9e des forces russes.","breadcrumb":{"@id":"https:\/\/www.africa-press.net\/comores\/politique\/loccident-et-le-mali-une-lutte-pour-le-controle#breadcrumb"},"inLanguage":"fr-FR","potentialAction":[{"@type":"ReadAction","target":["https:\/\/www.africa-press.net\/comores\/politique\/loccident-et-le-mali-une-lutte-pour-le-controle"]}]},{"@type":"ImageObject","inLanguage":"fr-FR","@id":"https:\/\/www.africa-press.net\/comores\/politique\/loccident-et-le-mali-une-lutte-pour-le-controle#primaryimage","url":"https:\/\/static.africa-press.net\/centrafricaine\/sites\/48\/2026\/04\/sm_1777573737.98127.jpg","contentUrl":"https:\/\/static.africa-press.net\/centrafricaine\/sites\/48\/2026\/04\/sm_1777573737.98127.jpg","width":1536,"height":864,"caption":"L'Occident et le Mali: Une Lutte pour le Contr\u00f4le"},{"@type":"BreadcrumbList","@id":"https:\/\/www.africa-press.net\/comores\/politique\/loccident-et-le-mali-une-lutte-pour-le-controle#breadcrumb","itemListElement":[{"@type":"ListItem","position":1,"name":"Accueil","item":"https:\/\/www.africa-press.net\/comores\/"},{"@type":"ListItem","position":2,"name":"L&#8217;Occident et le Mali: Une Lutte pour le Contr\u00f4le"}]},{"@type":"WebSite","@id":"https:\/\/www.africa-press.net\/comores\/#website","url":"https:\/\/www.africa-press.net\/comores\/","name":"Comores","description":"Just another Africa News Agency Sites site","potentialAction":[{"@type":"SearchAction","target":{"@type":"EntryPoint","urlTemplate":"https:\/\/www.africa-press.net\/comores\/?s={search_term_string}"},"query-input":{"@type":"PropertyValueSpecification","valueRequired":true,"valueName":"search_term_string"}}],"inLanguage":"fr-FR"},{"@type":"Person","@id":"https:\/\/www.africa-press.net\/comores\/#\/schema\/person\/2b1cf3cd81a31e3cd26889ca66d677f1","name":"cfeditorfr"}]}},"_links":{"self":[{"href":"https:\/\/www.africa-press.net\/comores\/wp-json\/wp\/v2\/posts\/32567","targetHints":{"allow":["GET"]}}],"collection":[{"href":"https:\/\/www.africa-press.net\/comores\/wp-json\/wp\/v2\/posts"}],"about":[{"href":"https:\/\/www.africa-press.net\/comores\/wp-json\/wp\/v2\/types\/post"}],"author":[{"embeddable":true,"href":"https:\/\/www.africa-press.net\/comores\/wp-json\/wp\/v2\/users\/82"}],"replies":[{"embeddable":true,"href":"https:\/\/www.africa-press.net\/comores\/wp-json\/wp\/v2\/comments?post=32567"}],"version-history":[{"count":1,"href":"https:\/\/www.africa-press.net\/comores\/wp-json\/wp\/v2\/posts\/32567\/revisions"}],"predecessor-version":[{"id":32568,"href":"https:\/\/www.africa-press.net\/comores\/wp-json\/wp\/v2\/posts\/32567\/revisions\/32568"}],"wp:featuredmedia":[{"embeddable":true,"href":"https:\/\/www.africa-press.net\/comores\/wp-json\/wp\/v2\/media\/32566"}],"wp:attachment":[{"href":"https:\/\/www.africa-press.net\/comores\/wp-json\/wp\/v2\/media?parent=32567"}],"wp:term":[{"taxonomy":"category","embeddable":true,"href":"https:\/\/www.africa-press.net\/comores\/wp-json\/wp\/v2\/categories?post=32567"},{"taxonomy":"post_tag","embeddable":true,"href":"https:\/\/www.africa-press.net\/comores\/wp-json\/wp\/v2\/tags?post=32567"}],"curies":[{"name":"wp","href":"https:\/\/api.w.org\/{rel}","templated":true}]}}