{"id":32578,"date":"2026-04-30T12:00:00","date_gmt":"2026-04-30T12:00:00","guid":{"rendered":"https:\/\/www.africa-press.net\/comores\/politique\/76e-congres-de-la-fifa-unite-des-associations-de-la-caf"},"modified":"2026-04-30T18:49:15","modified_gmt":"2026-04-30T18:49:15","slug":"76e-congres-de-la-fifa-unite-des-associations-de-la-caf","status":"publish","type":"post","link":"https:\/\/www.africa-press.net\/comores\/sports\/76e-congres-de-la-fifa-unite-des-associations-de-la-caf","title":{"rendered":"76E Congr\u00e8s de la FIFA: Unit\u00e9 des Associations de la CAF"},"content":{"rendered":"<div class=\"ap-summary\" dir=\"ltr\" lang=\"fr\">\n<h4>CE Qu\u2019Il Faut Savoir<\/h4>\n<p>Lors du 76e Congr\u00e8s de la FIFA \u00e0 Vancouver, la Conf\u00e9d\u00e9ration Africaine de Football (CAF) a r\u00e9uni les 54 associations membres pour soutenir la r\u00e9\u00e9lection de Gianni Infantino. Ce consensus t\u00e9moigne de la coh\u00e9sion des f\u00e9d\u00e9rations africaines et de leur influence croissante dans le football international.<\/p>\n<\/div>\n<p><span class=\"ap-article-header-tag\"> <strong>Africa-Press &#8211; Comores. <\/strong> <\/span>A\u0300 Vancouver, au Canada, la Confe\u0301de\u0301ration Africaine de Football (CAF) a tenu une re\u0301union strate\u0301gique le mercredi 29 avril 2026, a\u0300 la veille du 76e Congre\u0300s de la FIFA. Patrice Motsepe, pre\u0301sident de la CAF, y a rassemble\u0301 les 54 Associations Membres du continent pour une concertation de\u0301cisive.<\/p>\n<p>Au terme des e\u0301changes, un consensus clair s\u2019est de\u0301gage\u0301: l\u2019ensemble des fe\u0301de\u0301rations africaines a de\u0301cide\u0301 d\u2019apporter un soutien unanime a\u0300 la re\u0301e\u0301lection de Gianni Infantino a\u0300 la pre\u0301sidence de la FIFA pour la pe\u0301riode 2027-2031.<\/p>\n<p>Ce ralliement massif, annonce\u0301 a\u0300 la veille du Congre\u0300s, marque un moment fort pour la CAF, qui affirme ainsi sa cohe\u0301sion et son influence dans la gouvernance du football international.<\/p>\n<p>La Confe\u0301de\u0301ration Africaine de Football (CAF) a e\u0301te\u0301 fonde\u0301e en 1957 pour promouvoir le football en Afrique. Au fil des ans, elle a joue\u0301 un ro\u0302le crucial dans le de\u0301veloppement du sport sur le continent, organisant des compe\u0301titions majeures comme la Coupe d&rsquo;Afrique des Nations. La CAF a e\u0301galement cherche\u0301 a\u0300 renforcer l&rsquo;unite\u0301 entre ses membres pour mieux repre\u0301senter les inte\u0301re\u0302ts africains au sein de la FIFA, notamment lors des e\u0301lections pre\u0301sidentielles. Le soutien a\u0300 Gianni Infantino illustre cette volonte\u0301 d&rsquo;affirmation et de solidarite\u0301 au sein du football africain.<\/p>\n<p class=\"ap-article-footer-note\">Retrouvez plus d\u2019actualit\u00e9s et d\u2019analyses sur <span class=\"ap-highlight-country\">Comores<\/span> sur le site <span class=\"ap-highlight-brand\">Africa Press<\/span><\/p>\n","protected":false},"excerpt":{"rendered":"<p>CE Qu\u2019Il Faut Savoir Lors du 76e Congr\u00e8s de la FIFA \u00e0 Vancouver, la Conf\u00e9d\u00e9ration Africaine de Football (CAF) a r\u00e9uni les 54 associations membres pour soutenir la r\u00e9\u00e9lection de Gianni Infantino. Ce consensus t\u00e9moigne de la coh\u00e9sion des f\u00e9d\u00e9rations africaines et de leur influence croissante dans le football international. Africa-Press &#8211; Comores. A\u0300 Vancouver, [&hellip;]<\/p>\n","protected":false},"author":82,"featured_media":32577,"comment_status":"open","ping_status":"closed","sticky":false,"template":"","format":"standard","meta":{"footnotes":""},"categories":[6,10],"tags":[1161,45,1217,124,123,228],"class_list":["post-32578","post","type-post","status-publish","format-standard","has-post-thumbnail","hentry","category-sports","category-toutes-les-actualites","tag-caf","tag-comores","tag-congres","tag-fifa","tag-football","tag-gianni-infantino"],"yoast_head":"<!-- This site is optimized with the Yoast SEO Premium plugin v26.1 (Yoast SEO v27.0) - https:\/\/yoast.com\/product\/yoast-seo-premium-wordpress\/ -->\n<title>76E Congr\u00e8s de la FIFA: Unit\u00e9 des Associations de la CAF - Comores<\/title>\n<meta name=\"description\" content=\"La CAF soutient la r\u00e9\u00e9lection de Gianni Infantino lors du 76e Congr\u00e8s de la FIFA, affirmant son unit\u00e9 et son influence.\" \/>\n<meta name=\"robots\" content=\"index, follow, max-snippet:-1, max-image-preview:large, max-video-preview:-1\" \/>\n<link rel=\"canonical\" href=\"https:\/\/www.africa-press.net\/comores\/sports\/76e-congres-de-la-fifa-unite-des-associations-de-la-caf\" \/>\n<meta property=\"og:locale\" content=\"fr_FR\" \/>\n<meta property=\"og:type\" content=\"article\" \/>\n<meta property=\"og:title\" content=\"76E Congr\u00e8s de la FIFA: Unit\u00e9 des Associations de la CAF\" \/>\n<meta property=\"og:description\" content=\"La CAF soutient la r\u00e9\u00e9lection de Gianni Infantino lors du 76e Congr\u00e8s de la FIFA, affirmant son unit\u00e9 et son influence.\" \/>\n<meta property=\"og:url\" content=\"https:\/\/www.africa-press.net\/comores\/sports\/76e-congres-de-la-fifa-unite-des-associations-de-la-caf\" \/>\n<meta property=\"og:site_name\" content=\"Comores\" \/>\n<meta property=\"article:published_time\" content=\"2026-04-30T12:00:00+00:00\" \/>\n<meta property=\"article:modified_time\" content=\"2026-04-30T18:49:15+00:00\" \/>\n<meta property=\"og:image\" content=\"https:\/\/static.africa-press.net\/centrafricaine\/sites\/48\/2026\/04\/sm_1777574529.066828.jpg\" \/>\n\t<meta property=\"og:image:width\" content=\"1260\" \/>\n\t<meta property=\"og:image:height\" content=\"800\" \/>\n\t<meta property=\"og:image:type\" content=\"image\/jpeg\" \/>\n<meta name=\"author\" content=\"cfeditorfr\" \/>\n<meta name=\"twitter:card\" content=\"summary_large_image\" \/>\n<meta name=\"twitter:label1\" content=\"\u00c9crit par\" \/>\n\t<meta name=\"twitter:data1\" content=\"cfeditorfr\" \/>\n\t<meta name=\"twitter:label2\" content=\"Dur\u00e9e de lecture estim\u00e9e\" \/>\n\t<meta name=\"twitter:data2\" content=\"2 minutes\" \/>\n<script type=\"application\/ld+json\" class=\"yoast-schema-graph\">{\"@context\":\"https:\/\/schema.org\",\"@graph\":[{\"@type\":\"Article\",\"@id\":\"https:\/\/www.africa-press.net\/comores\/sports\/76e-congres-de-la-fifa-unite-des-associations-de-la-caf#article\",\"isPartOf\":{\"@id\":\"https:\/\/www.africa-press.net\/comores\/sports\/76e-congres-de-la-fifa-unite-des-associations-de-la-caf\"},\"author\":{\"name\":\"cfeditorfr\",\"@id\":\"https:\/\/www.africa-press.net\/comores\/#\/schema\/person\/2b1cf3cd81a31e3cd26889ca66d677f1\"},\"headline\":\"76E Congr\u00e8s de la FIFA: Unit\u00e9 des Associations de la CAF\",\"datePublished\":\"2026-04-30T12:00:00+00:00\",\"dateModified\":\"2026-04-30T18:49:15+00:00\",\"mainEntityOfPage\":{\"@id\":\"https:\/\/www.africa-press.net\/comores\/sports\/76e-congres-de-la-fifa-unite-des-associations-de-la-caf\"},\"wordCount\":323,\"commentCount\":0,\"image\":{\"@id\":\"https:\/\/www.africa-press.net\/comores\/sports\/76e-congres-de-la-fifa-unite-des-associations-de-la-caf#primaryimage\"},\"thumbnailUrl\":\"https:\/\/static.africa-press.net\/centrafricaine\/sites\/48\/2026\/04\/sm_1777574529.066828.jpg\",\"keywords\":[\"CAF\",\"Comores\",\"Congr\u00e8s\",\"FIFA\",\"Football\",\"Gianni Infantino\"],\"articleSection\":[\"Sports\",\"Toutes les actualit\u00e9s\"],\"inLanguage\":\"fr-FR\",\"potentialAction\":[{\"@type\":\"CommentAction\",\"name\":\"Comment\",\"target\":[\"https:\/\/www.africa-press.net\/comores\/sports\/76e-congres-de-la-fifa-unite-des-associations-de-la-caf#respond\"]}]},{\"@type\":\"WebPage\",\"@id\":\"https:\/\/www.africa-press.net\/comores\/sports\/76e-congres-de-la-fifa-unite-des-associations-de-la-caf\",\"url\":\"https:\/\/www.africa-press.net\/comores\/sports\/76e-congres-de-la-fifa-unite-des-associations-de-la-caf\",\"name\":\"76E Congr\u00e8s de la FIFA: Unit\u00e9 des Associations de la CAF - Comores\",\"isPartOf\":{\"@id\":\"https:\/\/www.africa-press.net\/comores\/#website\"},\"primaryImageOfPage\":{\"@id\":\"https:\/\/www.africa-press.net\/comores\/sports\/76e-congres-de-la-fifa-unite-des-associations-de-la-caf#primaryimage\"},\"image\":{\"@id\":\"https:\/\/www.africa-press.net\/comores\/sports\/76e-congres-de-la-fifa-unite-des-associations-de-la-caf#primaryimage\"},\"thumbnailUrl\":\"https:\/\/static.africa-press.net\/centrafricaine\/sites\/48\/2026\/04\/sm_1777574529.066828.jpg\",\"datePublished\":\"2026-04-30T12:00:00+00:00\",\"dateModified\":\"2026-04-30T18:49:15+00:00\",\"author\":{\"@id\":\"https:\/\/www.africa-press.net\/comores\/#\/schema\/person\/2b1cf3cd81a31e3cd26889ca66d677f1\"},\"description\":\"La CAF soutient la r\u00e9\u00e9lection de Gianni Infantino lors du 76e Congr\u00e8s de la FIFA, affirmant son unit\u00e9 et son influence.\",\"breadcrumb\":{\"@id\":\"https:\/\/www.africa-press.net\/comores\/sports\/76e-congres-de-la-fifa-unite-des-associations-de-la-caf#breadcrumb\"},\"inLanguage\":\"fr-FR\",\"potentialAction\":[{\"@type\":\"ReadAction\",\"target\":[\"https:\/\/www.africa-press.net\/comores\/sports\/76e-congres-de-la-fifa-unite-des-associations-de-la-caf\"]}]},{\"@type\":\"ImageObject\",\"inLanguage\":\"fr-FR\",\"@id\":\"https:\/\/www.africa-press.net\/comores\/sports\/76e-congres-de-la-fifa-unite-des-associations-de-la-caf#primaryimage\",\"url\":\"https:\/\/static.africa-press.net\/centrafricaine\/sites\/48\/2026\/04\/sm_1777574529.066828.jpg\",\"contentUrl\":\"https:\/\/static.africa-press.net\/centrafricaine\/sites\/48\/2026\/04\/sm_1777574529.066828.jpg\",\"width\":1260,\"height\":800,\"caption\":\"76E Congr\u00e8s de la FIFA: Unit\u00e9 des Associations de la CAF\"},{\"@type\":\"BreadcrumbList\",\"@id\":\"https:\/\/www.africa-press.net\/comores\/sports\/76e-congres-de-la-fifa-unite-des-associations-de-la-caf#breadcrumb\",\"itemListElement\":[{\"@type\":\"ListItem\",\"position\":1,\"name\":\"Accueil\",\"item\":\"https:\/\/www.africa-press.net\/comores\/\"},{\"@type\":\"ListItem\",\"position\":2,\"name\":\"76E Congr\u00e8s de la FIFA: Unit\u00e9 des Associations de la CAF\"}]},{\"@type\":\"WebSite\",\"@id\":\"https:\/\/www.africa-press.net\/comores\/#website\",\"url\":\"https:\/\/www.africa-press.net\/comores\/\",\"name\":\"Comores\",\"description\":\"Just another Africa News Agency Sites site\",\"potentialAction\":[{\"@type\":\"SearchAction\",\"target\":{\"@type\":\"EntryPoint\",\"urlTemplate\":\"https:\/\/www.africa-press.net\/comores\/?s={search_term_string}\"},\"query-input\":{\"@type\":\"PropertyValueSpecification\",\"valueRequired\":true,\"valueName\":\"search_term_string\"}}],\"inLanguage\":\"fr-FR\"},{\"@type\":\"Person\",\"@id\":\"https:\/\/www.africa-press.net\/comores\/#\/schema\/person\/2b1cf3cd81a31e3cd26889ca66d677f1\",\"name\":\"cfeditorfr\"}]}<\/script>\n<!-- \/ Yoast SEO Premium plugin. -->","yoast_head_json":{"title":"76E Congr\u00e8s de la FIFA: Unit\u00e9 des Associations de la CAF - Comores","description":"La CAF soutient la r\u00e9\u00e9lection de Gianni Infantino lors du 76e Congr\u00e8s de la FIFA, affirmant son unit\u00e9 et son influence.","robots":{"index":"index","follow":"follow","max-snippet":"max-snippet:-1","max-image-preview":"max-image-preview:large","max-video-preview":"max-video-preview:-1"},"canonical":"https:\/\/www.africa-press.net\/comores\/sports\/76e-congres-de-la-fifa-unite-des-associations-de-la-caf","og_locale":"fr_FR","og_type":"article","og_title":"76E Congr\u00e8s de la FIFA: Unit\u00e9 des Associations de la CAF","og_description":"La CAF soutient la r\u00e9\u00e9lection de Gianni Infantino lors du 76e Congr\u00e8s de la FIFA, affirmant son unit\u00e9 et son influence.","og_url":"https:\/\/www.africa-press.net\/comores\/sports\/76e-congres-de-la-fifa-unite-des-associations-de-la-caf","og_site_name":"Comores","article_published_time":"2026-04-30T12:00:00+00:00","article_modified_time":"2026-04-30T18:49:15+00:00","og_image":[{"width":1260,"height":800,"url":"https:\/\/static.africa-press.net\/centrafricaine\/sites\/48\/2026\/04\/sm_1777574529.066828.jpg","type":"image\/jpeg"}],"author":"cfeditorfr","twitter_card":"summary_large_image","twitter_misc":{"\u00c9crit par":"cfeditorfr","Dur\u00e9e de lecture estim\u00e9e":"2 minutes"},"schema":{"@context":"https:\/\/schema.org","@graph":[{"@type":"Article","@id":"https:\/\/www.africa-press.net\/comores\/sports\/76e-congres-de-la-fifa-unite-des-associations-de-la-caf#article","isPartOf":{"@id":"https:\/\/www.africa-press.net\/comores\/sports\/76e-congres-de-la-fifa-unite-des-associations-de-la-caf"},"author":{"name":"cfeditorfr","@id":"https:\/\/www.africa-press.net\/comores\/#\/schema\/person\/2b1cf3cd81a31e3cd26889ca66d677f1"},"headline":"76E Congr\u00e8s de la FIFA: Unit\u00e9 des Associations de la CAF","datePublished":"2026-04-30T12:00:00+00:00","dateModified":"2026-04-30T18:49:15+00:00","mainEntityOfPage":{"@id":"https:\/\/www.africa-press.net\/comores\/sports\/76e-congres-de-la-fifa-unite-des-associations-de-la-caf"},"wordCount":323,"commentCount":0,"image":{"@id":"https:\/\/www.africa-press.net\/comores\/sports\/76e-congres-de-la-fifa-unite-des-associations-de-la-caf#primaryimage"},"thumbnailUrl":"https:\/\/static.africa-press.net\/centrafricaine\/sites\/48\/2026\/04\/sm_1777574529.066828.jpg","keywords":["CAF","Comores","Congr\u00e8s","FIFA","Football","Gianni Infantino"],"articleSection":["Sports","Toutes les actualit\u00e9s"],"inLanguage":"fr-FR","potentialAction":[{"@type":"CommentAction","name":"Comment","target":["https:\/\/www.africa-press.net\/comores\/sports\/76e-congres-de-la-fifa-unite-des-associations-de-la-caf#respond"]}]},{"@type":"WebPage","@id":"https:\/\/www.africa-press.net\/comores\/sports\/76e-congres-de-la-fifa-unite-des-associations-de-la-caf","url":"https:\/\/www.africa-press.net\/comores\/sports\/76e-congres-de-la-fifa-unite-des-associations-de-la-caf","name":"76E Congr\u00e8s de la FIFA: Unit\u00e9 des Associations de la CAF - Comores","isPartOf":{"@id":"https:\/\/www.africa-press.net\/comores\/#website"},"primaryImageOfPage":{"@id":"https:\/\/www.africa-press.net\/comores\/sports\/76e-congres-de-la-fifa-unite-des-associations-de-la-caf#primaryimage"},"image":{"@id":"https:\/\/www.africa-press.net\/comores\/sports\/76e-congres-de-la-fifa-unite-des-associations-de-la-caf#primaryimage"},"thumbnailUrl":"https:\/\/static.africa-press.net\/centrafricaine\/sites\/48\/2026\/04\/sm_1777574529.066828.jpg","datePublished":"2026-04-30T12:00:00+00:00","dateModified":"2026-04-30T18:49:15+00:00","author":{"@id":"https:\/\/www.africa-press.net\/comores\/#\/schema\/person\/2b1cf3cd81a31e3cd26889ca66d677f1"},"description":"La CAF soutient la r\u00e9\u00e9lection de Gianni Infantino lors du 76e Congr\u00e8s de la FIFA, affirmant son unit\u00e9 et son influence.","breadcrumb":{"@id":"https:\/\/www.africa-press.net\/comores\/sports\/76e-congres-de-la-fifa-unite-des-associations-de-la-caf#breadcrumb"},"inLanguage":"fr-FR","potentialAction":[{"@type":"ReadAction","target":["https:\/\/www.africa-press.net\/comores\/sports\/76e-congres-de-la-fifa-unite-des-associations-de-la-caf"]}]},{"@type":"ImageObject","inLanguage":"fr-FR","@id":"https:\/\/www.africa-press.net\/comores\/sports\/76e-congres-de-la-fifa-unite-des-associations-de-la-caf#primaryimage","url":"https:\/\/static.africa-press.net\/centrafricaine\/sites\/48\/2026\/04\/sm_1777574529.066828.jpg","contentUrl":"https:\/\/static.africa-press.net\/centrafricaine\/sites\/48\/2026\/04\/sm_1777574529.066828.jpg","width":1260,"height":800,"caption":"76E Congr\u00e8s de la FIFA: Unit\u00e9 des Associations de la CAF"},{"@type":"BreadcrumbList","@id":"https:\/\/www.africa-press.net\/comores\/sports\/76e-congres-de-la-fifa-unite-des-associations-de-la-caf#breadcrumb","itemListElement":[{"@type":"ListItem","position":1,"name":"Accueil","item":"https:\/\/www.africa-press.net\/comores\/"},{"@type":"ListItem","position":2,"name":"76E Congr\u00e8s de la FIFA: Unit\u00e9 des Associations de la CAF"}]},{"@type":"WebSite","@id":"https:\/\/www.africa-press.net\/comores\/#website","url":"https:\/\/www.africa-press.net\/comores\/","name":"Comores","description":"Just another Africa News Agency Sites site","potentialAction":[{"@type":"SearchAction","target":{"@type":"EntryPoint","urlTemplate":"https:\/\/www.africa-press.net\/comores\/?s={search_term_string}"},"query-input":{"@type":"PropertyValueSpecification","valueRequired":true,"valueName":"search_term_string"}}],"inLanguage":"fr-FR"},{"@type":"Person","@id":"https:\/\/www.africa-press.net\/comores\/#\/schema\/person\/2b1cf3cd81a31e3cd26889ca66d677f1","name":"cfeditorfr"}]}},"_links":{"self":[{"href":"https:\/\/www.africa-press.net\/comores\/wp-json\/wp\/v2\/posts\/32578","targetHints":{"allow":["GET"]}}],"collection":[{"href":"https:\/\/www.africa-press.net\/comores\/wp-json\/wp\/v2\/posts"}],"about":[{"href":"https:\/\/www.africa-press.net\/comores\/wp-json\/wp\/v2\/types\/post"}],"author":[{"embeddable":true,"href":"https:\/\/www.africa-press.net\/comores\/wp-json\/wp\/v2\/users\/82"}],"replies":[{"embeddable":true,"href":"https:\/\/www.africa-press.net\/comores\/wp-json\/wp\/v2\/comments?post=32578"}],"version-history":[{"count":1,"href":"https:\/\/www.africa-press.net\/comores\/wp-json\/wp\/v2\/posts\/32578\/revisions"}],"predecessor-version":[{"id":32580,"href":"https:\/\/www.africa-press.net\/comores\/wp-json\/wp\/v2\/posts\/32578\/revisions\/32580"}],"wp:featuredmedia":[{"embeddable":true,"href":"https:\/\/www.africa-press.net\/comores\/wp-json\/wp\/v2\/media\/32577"}],"wp:attachment":[{"href":"https:\/\/www.africa-press.net\/comores\/wp-json\/wp\/v2\/media?parent=32578"}],"wp:term":[{"taxonomy":"category","embeddable":true,"href":"https:\/\/www.africa-press.net\/comores\/wp-json\/wp\/v2\/categories?post=32578"},{"taxonomy":"post_tag","embeddable":true,"href":"https:\/\/www.africa-press.net\/comores\/wp-json\/wp\/v2\/tags?post=32578"}],"curies":[{"name":"wp","href":"https:\/\/api.w.org\/{rel}","templated":true}]}}