{"id":32582,"date":"2026-04-30T12:11:29","date_gmt":"2026-04-30T12:11:29","guid":{"rendered":"https:\/\/www.africa-press.net\/comores\/politique\/amenagement-du-territoire-processus-des-sat-a-ngazidja"},"modified":"2026-04-30T19:23:55","modified_gmt":"2026-04-30T19:23:55","slug":"amenagement-du-territoire-processus-des-sat-a-ngazidja","status":"publish","type":"post","link":"https:\/\/www.africa-press.net\/comores\/toutes-les-actualites\/amenagement-du-territoire-processus-des-sat-a-ngazidja","title":{"rendered":"Am\u00e9nagement du Territoire: Processus des Sat \u00c0 Ngazidja"},"content":{"rendered":"<div class=\"ap-summary\" dir=\"ltr\" lang=\"fr\">\n<h4>CE Qu\u2019Il Faut Savoir<\/h4>\n<p>Le 23 avril, Moroni a accueilli le lancement des Sch\u00e9mas d&rsquo;Am\u00e9nagement du Territoire (SAT) pour Ngazidja et Ndzouani. Cette initiative, int\u00e9gr\u00e9e au Plan Comores \u00c9mergent, vise \u00e0 organiser le d\u00e9veloppement des \u00eeles de mani\u00e8re durable et inclusive, en r\u00e9pondant aux d\u00e9fis \u00e9conomiques, sociaux et environnementaux.<\/p>\n<\/div>\n<p><span class=\"ap-article-header-tag\"> <strong>Africa-Press &#8211; Comores. <\/strong> <\/span>Jeudi 23 avril dernier a\u0300 Moroni, une e\u0301tape de\u0301cisive dans la mise en \u0153uvre de la vision de de\u0301veloppement avec la tenue, de la ce\u0301re\u0301monie de lancement du processus d\u2019e\u0301laboration des Sche\u0301mas d\u2019Ame\u0301nagement du Territoire (SAT) de Ngazidja et de Ndzouani apre\u0300s celui de Mwali.<\/p>\n<p>Cette initiative majeure s\u2019inscrit pleinement dans le cadre du Plan Comores E\u0301mergent (PCE) a\u0300 l\u2019horizon 2030, notamment dans son axe strate\u0301gique consacre\u0301 aux \u00ab catalyseurs de l\u2019e\u0301mergence \u00bb, qui place la planification territoriale au c\u0153ur des leviers de transformation e\u0301conomique, sociale et environnementale du pays. A\u0300 travers le lancement de ces deux Sche\u0301mas d\u2019Ame\u0301nagement du Territoire (SAT), le Gouvernement entend doter les i\u0302les d\u2019outils strate\u0301giques de re\u0301fe\u0301rence pour organiser leur de\u0301veloppement de manie\u0300re cohe\u0301rente, durable et inclusive. Ces documents permettront de re\u0301pondre a\u0300 plusieurs de\u0301fis majeurs auxquels font face les Comores notamment la pression croissante sur les zones urbaines, les insuffisances en infrastructures et e\u0301quipements, les vulne\u0301rabilite\u0301s accrues lie\u0301es aux changements climatiques et la ne\u0301cessite\u0301 de mieux structurer les activite\u0301s e\u0301conomiques sur l\u2019ensemble du territoire.<\/p>\n<p>Dans cette perspective, les SAT visent a\u0300 articuler de manie\u0300re e\u0301quilibre\u0301e les trois piliers du de\u0301veloppement durable: croissance e\u0301conomique, cohe\u0301sion sociale et pre\u0301servation de l\u2019environnement. Le processus d\u2019e\u0301laboration des SAT est mis en \u0153uvre dans le cadre du projet Ulanga-Mali, un programme d\u2019appui a\u0300 la gestion durable des ressources et du territoire, cofinance\u0301 par l\u2019Agence franc\u0327aise de de\u0301veloppement (AFD) et l\u2019Union europe\u0301enne. Place\u0301e sous la mai\u0302trise d\u2019ouvrage du Ministe\u0300re de l\u2019e\u0301nvironnement en charge du Tourisme, et pilote\u0301e par le Ministe\u0300re en charge de l\u2019Ame\u0301nagement du territoire, l\u2019initiative illustre la convergence des efforts nationaux et des partenaires internationaux en faveur d\u2019un de\u0301veloppement re\u0301silient et inclusif. Elle s\u2019inscrit dans la continuite\u0301 des acquis du SAT de Mwali, e\u0301labore\u0301 entre 2020 et 2022, dont les bons re\u0301sultats ont motive\u0301 l\u2019extension de la de\u0301marche aux autres i\u0302les de l\u2019Union.<\/p>\n<p>L\u2019un des e\u0301le\u0301ments cle\u0301s du processus re\u0301side dans son approche participative. Plus de 200 re\u0301unions et ateliers sont pre\u0301vus a\u0300 travers les deux i\u0302les, impliquant l\u2019ensemble des acteurs: autorite\u0301s nationales et locales, collectivite\u0301s, socie\u0301te\u0301 civile, secteur prive\u0301 et populations. Cette de\u0301marche vise a\u0300 construire une vision partage\u0301e du de\u0301veloppement territorial, en inte\u0301grant les re\u0301alite\u0301s locales et les attentes des populations, tout en renforc\u0327ant les capacite\u0301s des institutions a\u0300 tous les niveaux. Les SAT s\u2019inscrivent dans une perspective de planification a\u0300 moyen et long terme, avec un horizon de 20 ans et une mise en \u0153uvre progressive des actions. Ils permettront notamment de de\u0301finir les zones prioritaires de de\u0301veloppement, de planifier les infrastructures structurantes, d\u2019organiser l\u2019utilisation du foncier, de renforcer la re\u0301silience face aux risques climatiques et orienter les investissements publics et prive\u0301s.<\/p>\n<p>La ce\u0301re\u0301monie de lancement marque ainsi le de\u0301but d\u2019un processus structurant qui s\u2019e\u0301tendra sur une pe\u0301riode de deux ans, avec une finalisation des documents attendue a\u0300 l\u2019horizon 2027-2028. Au-dela\u0300 de la dimension technique, ce projet traduit une volonte\u0301 politique forte, qui est celle de ba\u0302tir un de\u0301veloppement harmonieux, e\u0301quilibre\u0301 et durable, en cohe\u0301rence avec les ambitions du Plan Comores E\u0301mergent. En engageant cette de\u0301marche, notre pays confirme son ambition de mai\u0302triser son de\u0301veloppement territorial, de valoriser ses ressources et de renforcer sa re\u0301silience face aux de\u0301fis du XXIe sie\u0300cle.<\/p>\n<p>Les Comores, un archipel de l&rsquo;oce\u0301an Indien, ont longtemps fait face a\u0300 des de\u0301fis de de\u0301veloppement lie\u0301s a\u0300 leur ge\u0301ographie et a\u0300 des infrastructures limite\u0301es. Le Plan Comores E\u0301mergent, lance\u0301 pour ame\u0301liorer la situation socio-e\u0301conomique, met l&rsquo;accent sur la planification territoriale comme levier de transformation. L&rsquo;e\u0301laboration des SAT s&rsquo;inscrit dans cette vision, visant a\u0300 structurer le de\u0301veloppement des i\u0302les de manie\u0300re cohe\u0301rente et durable, tout en impliquant les acteurs locaux dans le processus de\u0301cisionnel.<\/p>\n<p class=\"ap-article-footer-note\">Retrouvez plus d\u2019actualit\u00e9s et d\u2019analyses sur <span class=\"ap-highlight-country\">Comores<\/span> sur le site <span class=\"ap-highlight-brand\">Africa Press<\/span><\/p>\n","protected":false},"excerpt":{"rendered":"<p>CE Qu\u2019Il Faut Savoir Le 23 avril, Moroni a accueilli le lancement des Sch\u00e9mas d&rsquo;Am\u00e9nagement du Territoire (SAT) pour Ngazidja et Ndzouani. Cette initiative, int\u00e9gr\u00e9e au Plan Comores \u00c9mergent, vise \u00e0 organiser le d\u00e9veloppement des \u00eeles de mani\u00e8re durable et inclusive, en r\u00e9pondant aux d\u00e9fis \u00e9conomiques, sociaux et environnementaux. Africa-Press &#8211; Comores. Jeudi 23 avril [&hellip;]<\/p>\n","protected":false},"author":82,"featured_media":32581,"comment_status":"open","ping_status":"closed","sticky":false,"template":"","format":"standard","meta":{"footnotes":""},"categories":[21,10],"tags":[1219,45,411,1220,1218],"class_list":["post-32582","post","type-post","status-publish","format-standard","has-post-thumbnail","hentry","category-communaute","category-toutes-les-actualites","tag-amenagement","tag-comores","tag-developpement","tag-sat","tag-territoire"],"yoast_head":"<!-- This site is optimized with the Yoast SEO Premium plugin v26.1 (Yoast SEO v27.0) - https:\/\/yoast.com\/product\/yoast-seo-premium-wordpress\/ -->\n<title>Am\u00e9nagement du Territoire: Processus des Sat \u00c0 Ngazidja - Comores<\/title>\n<meta name=\"description\" content=\"D\u00e9couvrez le lancement des Sch\u00e9mas d&#039;Am\u00e9nagement du Territoire aux Comores pour un d\u00e9veloppement durable et inclusif.\" \/>\n<meta name=\"robots\" content=\"index, follow, max-snippet:-1, max-image-preview:large, max-video-preview:-1\" \/>\n<link rel=\"canonical\" href=\"https:\/\/www.africa-press.net\/comores\/toutes-les-actualites\/amenagement-du-territoire-processus-des-sat-a-ngazidja\" \/>\n<meta property=\"og:locale\" content=\"fr_FR\" \/>\n<meta property=\"og:type\" content=\"article\" \/>\n<meta property=\"og:title\" content=\"Am\u00e9nagement du Territoire: Processus des Sat \u00c0 Ngazidja\" \/>\n<meta property=\"og:description\" content=\"D\u00e9couvrez le lancement des Sch\u00e9mas d&#039;Am\u00e9nagement du Territoire aux Comores pour un d\u00e9veloppement durable et inclusif.\" \/>\n<meta property=\"og:url\" content=\"https:\/\/www.africa-press.net\/comores\/toutes-les-actualites\/amenagement-du-territoire-processus-des-sat-a-ngazidja\" \/>\n<meta property=\"og:site_name\" content=\"Comores\" \/>\n<meta property=\"article:published_time\" content=\"2026-04-30T12:11:29+00:00\" \/>\n<meta property=\"article:modified_time\" content=\"2026-04-30T19:23:55+00:00\" \/>\n<meta property=\"og:image\" content=\"https:\/\/static.africa-press.net\/centrafricaine\/sites\/48\/2026\/04\/sm_1777576987.592991.jpg\" \/>\n\t<meta property=\"og:image:width\" content=\"1080\" \/>\n\t<meta property=\"og:image:height\" content=\"817\" \/>\n\t<meta property=\"og:image:type\" content=\"image\/jpeg\" \/>\n<meta name=\"author\" content=\"cfeditorfr\" \/>\n<meta name=\"twitter:card\" content=\"summary_large_image\" \/>\n<meta name=\"twitter:label1\" content=\"\u00c9crit par\" \/>\n\t<meta name=\"twitter:data1\" content=\"cfeditorfr\" \/>\n\t<meta name=\"twitter:label2\" content=\"Dur\u00e9e de lecture estim\u00e9e\" \/>\n\t<meta name=\"twitter:data2\" content=\"4 minutes\" \/>\n<script type=\"application\/ld+json\" class=\"yoast-schema-graph\">{\"@context\":\"https:\/\/schema.org\",\"@graph\":[{\"@type\":\"Article\",\"@id\":\"https:\/\/www.africa-press.net\/comores\/toutes-les-actualites\/amenagement-du-territoire-processus-des-sat-a-ngazidja#article\",\"isPartOf\":{\"@id\":\"https:\/\/www.africa-press.net\/comores\/toutes-les-actualites\/amenagement-du-territoire-processus-des-sat-a-ngazidja\"},\"author\":{\"name\":\"cfeditorfr\",\"@id\":\"https:\/\/www.africa-press.net\/comores\/#\/schema\/person\/2b1cf3cd81a31e3cd26889ca66d677f1\"},\"headline\":\"Am\u00e9nagement du Territoire: Processus des Sat \u00c0 Ngazidja\",\"datePublished\":\"2026-04-30T12:11:29+00:00\",\"dateModified\":\"2026-04-30T19:23:55+00:00\",\"mainEntityOfPage\":{\"@id\":\"https:\/\/www.africa-press.net\/comores\/toutes-les-actualites\/amenagement-du-territoire-processus-des-sat-a-ngazidja\"},\"wordCount\":817,\"commentCount\":0,\"image\":{\"@id\":\"https:\/\/www.africa-press.net\/comores\/toutes-les-actualites\/amenagement-du-territoire-processus-des-sat-a-ngazidja#primaryimage\"},\"thumbnailUrl\":\"https:\/\/static.africa-press.net\/centrafricaine\/sites\/48\/2026\/04\/sm_1777576987.592991.jpg\",\"keywords\":[\"am\u00e9nagement\",\"Comores\",\"D\u00e9veloppement\",\"SAT\",\"territoire\"],\"articleSection\":[\"Communaut\u00e9\",\"Toutes les actualit\u00e9s\"],\"inLanguage\":\"fr-FR\",\"potentialAction\":[{\"@type\":\"CommentAction\",\"name\":\"Comment\",\"target\":[\"https:\/\/www.africa-press.net\/comores\/toutes-les-actualites\/amenagement-du-territoire-processus-des-sat-a-ngazidja#respond\"]}]},{\"@type\":\"WebPage\",\"@id\":\"https:\/\/www.africa-press.net\/comores\/toutes-les-actualites\/amenagement-du-territoire-processus-des-sat-a-ngazidja\",\"url\":\"https:\/\/www.africa-press.net\/comores\/toutes-les-actualites\/amenagement-du-territoire-processus-des-sat-a-ngazidja\",\"name\":\"Am\u00e9nagement du Territoire: Processus des Sat \u00c0 Ngazidja - Comores\",\"isPartOf\":{\"@id\":\"https:\/\/www.africa-press.net\/comores\/#website\"},\"primaryImageOfPage\":{\"@id\":\"https:\/\/www.africa-press.net\/comores\/toutes-les-actualites\/amenagement-du-territoire-processus-des-sat-a-ngazidja#primaryimage\"},\"image\":{\"@id\":\"https:\/\/www.africa-press.net\/comores\/toutes-les-actualites\/amenagement-du-territoire-processus-des-sat-a-ngazidja#primaryimage\"},\"thumbnailUrl\":\"https:\/\/static.africa-press.net\/centrafricaine\/sites\/48\/2026\/04\/sm_1777576987.592991.jpg\",\"datePublished\":\"2026-04-30T12:11:29+00:00\",\"dateModified\":\"2026-04-30T19:23:55+00:00\",\"author\":{\"@id\":\"https:\/\/www.africa-press.net\/comores\/#\/schema\/person\/2b1cf3cd81a31e3cd26889ca66d677f1\"},\"description\":\"D\u00e9couvrez le lancement des Sch\u00e9mas d'Am\u00e9nagement du Territoire aux Comores pour un d\u00e9veloppement durable et inclusif.\",\"breadcrumb\":{\"@id\":\"https:\/\/www.africa-press.net\/comores\/toutes-les-actualites\/amenagement-du-territoire-processus-des-sat-a-ngazidja#breadcrumb\"},\"inLanguage\":\"fr-FR\",\"potentialAction\":[{\"@type\":\"ReadAction\",\"target\":[\"https:\/\/www.africa-press.net\/comores\/toutes-les-actualites\/amenagement-du-territoire-processus-des-sat-a-ngazidja\"]}]},{\"@type\":\"ImageObject\",\"inLanguage\":\"fr-FR\",\"@id\":\"https:\/\/www.africa-press.net\/comores\/toutes-les-actualites\/amenagement-du-territoire-processus-des-sat-a-ngazidja#primaryimage\",\"url\":\"https:\/\/static.africa-press.net\/centrafricaine\/sites\/48\/2026\/04\/sm_1777576987.592991.jpg\",\"contentUrl\":\"https:\/\/static.africa-press.net\/centrafricaine\/sites\/48\/2026\/04\/sm_1777576987.592991.jpg\",\"width\":1080,\"height\":817,\"caption\":\"Am\u00e9nagement du Territoire: Processus des Sat \u00c0 Ngazidja\"},{\"@type\":\"BreadcrumbList\",\"@id\":\"https:\/\/www.africa-press.net\/comores\/toutes-les-actualites\/amenagement-du-territoire-processus-des-sat-a-ngazidja#breadcrumb\",\"itemListElement\":[{\"@type\":\"ListItem\",\"position\":1,\"name\":\"Accueil\",\"item\":\"https:\/\/www.africa-press.net\/comores\/\"},{\"@type\":\"ListItem\",\"position\":2,\"name\":\"Am\u00e9nagement du Territoire: Processus des Sat \u00c0 Ngazidja\"}]},{\"@type\":\"WebSite\",\"@id\":\"https:\/\/www.africa-press.net\/comores\/#website\",\"url\":\"https:\/\/www.africa-press.net\/comores\/\",\"name\":\"Comores\",\"description\":\"Just another Africa News Agency Sites site\",\"potentialAction\":[{\"@type\":\"SearchAction\",\"target\":{\"@type\":\"EntryPoint\",\"urlTemplate\":\"https:\/\/www.africa-press.net\/comores\/?s={search_term_string}\"},\"query-input\":{\"@type\":\"PropertyValueSpecification\",\"valueRequired\":true,\"valueName\":\"search_term_string\"}}],\"inLanguage\":\"fr-FR\"},{\"@type\":\"Person\",\"@id\":\"https:\/\/www.africa-press.net\/comores\/#\/schema\/person\/2b1cf3cd81a31e3cd26889ca66d677f1\",\"name\":\"cfeditorfr\"}]}<\/script>\n<!-- \/ Yoast SEO Premium plugin. -->","yoast_head_json":{"title":"Am\u00e9nagement du Territoire: Processus des Sat \u00c0 Ngazidja - Comores","description":"D\u00e9couvrez le lancement des Sch\u00e9mas d'Am\u00e9nagement du Territoire aux Comores pour un d\u00e9veloppement durable et inclusif.","robots":{"index":"index","follow":"follow","max-snippet":"max-snippet:-1","max-image-preview":"max-image-preview:large","max-video-preview":"max-video-preview:-1"},"canonical":"https:\/\/www.africa-press.net\/comores\/toutes-les-actualites\/amenagement-du-territoire-processus-des-sat-a-ngazidja","og_locale":"fr_FR","og_type":"article","og_title":"Am\u00e9nagement du Territoire: Processus des Sat \u00c0 Ngazidja","og_description":"D\u00e9couvrez le lancement des Sch\u00e9mas d'Am\u00e9nagement du Territoire aux Comores pour un d\u00e9veloppement durable et inclusif.","og_url":"https:\/\/www.africa-press.net\/comores\/toutes-les-actualites\/amenagement-du-territoire-processus-des-sat-a-ngazidja","og_site_name":"Comores","article_published_time":"2026-04-30T12:11:29+00:00","article_modified_time":"2026-04-30T19:23:55+00:00","og_image":[{"width":1080,"height":817,"url":"https:\/\/static.africa-press.net\/centrafricaine\/sites\/48\/2026\/04\/sm_1777576987.592991.jpg","type":"image\/jpeg"}],"author":"cfeditorfr","twitter_card":"summary_large_image","twitter_misc":{"\u00c9crit par":"cfeditorfr","Dur\u00e9e de lecture estim\u00e9e":"4 minutes"},"schema":{"@context":"https:\/\/schema.org","@graph":[{"@type":"Article","@id":"https:\/\/www.africa-press.net\/comores\/toutes-les-actualites\/amenagement-du-territoire-processus-des-sat-a-ngazidja#article","isPartOf":{"@id":"https:\/\/www.africa-press.net\/comores\/toutes-les-actualites\/amenagement-du-territoire-processus-des-sat-a-ngazidja"},"author":{"name":"cfeditorfr","@id":"https:\/\/www.africa-press.net\/comores\/#\/schema\/person\/2b1cf3cd81a31e3cd26889ca66d677f1"},"headline":"Am\u00e9nagement du Territoire: Processus des Sat \u00c0 Ngazidja","datePublished":"2026-04-30T12:11:29+00:00","dateModified":"2026-04-30T19:23:55+00:00","mainEntityOfPage":{"@id":"https:\/\/www.africa-press.net\/comores\/toutes-les-actualites\/amenagement-du-territoire-processus-des-sat-a-ngazidja"},"wordCount":817,"commentCount":0,"image":{"@id":"https:\/\/www.africa-press.net\/comores\/toutes-les-actualites\/amenagement-du-territoire-processus-des-sat-a-ngazidja#primaryimage"},"thumbnailUrl":"https:\/\/static.africa-press.net\/centrafricaine\/sites\/48\/2026\/04\/sm_1777576987.592991.jpg","keywords":["am\u00e9nagement","Comores","D\u00e9veloppement","SAT","territoire"],"articleSection":["Communaut\u00e9","Toutes les actualit\u00e9s"],"inLanguage":"fr-FR","potentialAction":[{"@type":"CommentAction","name":"Comment","target":["https:\/\/www.africa-press.net\/comores\/toutes-les-actualites\/amenagement-du-territoire-processus-des-sat-a-ngazidja#respond"]}]},{"@type":"WebPage","@id":"https:\/\/www.africa-press.net\/comores\/toutes-les-actualites\/amenagement-du-territoire-processus-des-sat-a-ngazidja","url":"https:\/\/www.africa-press.net\/comores\/toutes-les-actualites\/amenagement-du-territoire-processus-des-sat-a-ngazidja","name":"Am\u00e9nagement du Territoire: Processus des Sat \u00c0 Ngazidja - Comores","isPartOf":{"@id":"https:\/\/www.africa-press.net\/comores\/#website"},"primaryImageOfPage":{"@id":"https:\/\/www.africa-press.net\/comores\/toutes-les-actualites\/amenagement-du-territoire-processus-des-sat-a-ngazidja#primaryimage"},"image":{"@id":"https:\/\/www.africa-press.net\/comores\/toutes-les-actualites\/amenagement-du-territoire-processus-des-sat-a-ngazidja#primaryimage"},"thumbnailUrl":"https:\/\/static.africa-press.net\/centrafricaine\/sites\/48\/2026\/04\/sm_1777576987.592991.jpg","datePublished":"2026-04-30T12:11:29+00:00","dateModified":"2026-04-30T19:23:55+00:00","author":{"@id":"https:\/\/www.africa-press.net\/comores\/#\/schema\/person\/2b1cf3cd81a31e3cd26889ca66d677f1"},"description":"D\u00e9couvrez le lancement des Sch\u00e9mas d'Am\u00e9nagement du Territoire aux Comores pour un d\u00e9veloppement durable et inclusif.","breadcrumb":{"@id":"https:\/\/www.africa-press.net\/comores\/toutes-les-actualites\/amenagement-du-territoire-processus-des-sat-a-ngazidja#breadcrumb"},"inLanguage":"fr-FR","potentialAction":[{"@type":"ReadAction","target":["https:\/\/www.africa-press.net\/comores\/toutes-les-actualites\/amenagement-du-territoire-processus-des-sat-a-ngazidja"]}]},{"@type":"ImageObject","inLanguage":"fr-FR","@id":"https:\/\/www.africa-press.net\/comores\/toutes-les-actualites\/amenagement-du-territoire-processus-des-sat-a-ngazidja#primaryimage","url":"https:\/\/static.africa-press.net\/centrafricaine\/sites\/48\/2026\/04\/sm_1777576987.592991.jpg","contentUrl":"https:\/\/static.africa-press.net\/centrafricaine\/sites\/48\/2026\/04\/sm_1777576987.592991.jpg","width":1080,"height":817,"caption":"Am\u00e9nagement du Territoire: Processus des Sat \u00c0 Ngazidja"},{"@type":"BreadcrumbList","@id":"https:\/\/www.africa-press.net\/comores\/toutes-les-actualites\/amenagement-du-territoire-processus-des-sat-a-ngazidja#breadcrumb","itemListElement":[{"@type":"ListItem","position":1,"name":"Accueil","item":"https:\/\/www.africa-press.net\/comores\/"},{"@type":"ListItem","position":2,"name":"Am\u00e9nagement du Territoire: Processus des Sat \u00c0 Ngazidja"}]},{"@type":"WebSite","@id":"https:\/\/www.africa-press.net\/comores\/#website","url":"https:\/\/www.africa-press.net\/comores\/","name":"Comores","description":"Just another Africa News Agency Sites site","potentialAction":[{"@type":"SearchAction","target":{"@type":"EntryPoint","urlTemplate":"https:\/\/www.africa-press.net\/comores\/?s={search_term_string}"},"query-input":{"@type":"PropertyValueSpecification","valueRequired":true,"valueName":"search_term_string"}}],"inLanguage":"fr-FR"},{"@type":"Person","@id":"https:\/\/www.africa-press.net\/comores\/#\/schema\/person\/2b1cf3cd81a31e3cd26889ca66d677f1","name":"cfeditorfr"}]}},"_links":{"self":[{"href":"https:\/\/www.africa-press.net\/comores\/wp-json\/wp\/v2\/posts\/32582","targetHints":{"allow":["GET"]}}],"collection":[{"href":"https:\/\/www.africa-press.net\/comores\/wp-json\/wp\/v2\/posts"}],"about":[{"href":"https:\/\/www.africa-press.net\/comores\/wp-json\/wp\/v2\/types\/post"}],"author":[{"embeddable":true,"href":"https:\/\/www.africa-press.net\/comores\/wp-json\/wp\/v2\/users\/82"}],"replies":[{"embeddable":true,"href":"https:\/\/www.africa-press.net\/comores\/wp-json\/wp\/v2\/comments?post=32582"}],"version-history":[{"count":1,"href":"https:\/\/www.africa-press.net\/comores\/wp-json\/wp\/v2\/posts\/32582\/revisions"}],"predecessor-version":[{"id":32586,"href":"https:\/\/www.africa-press.net\/comores\/wp-json\/wp\/v2\/posts\/32582\/revisions\/32586"}],"wp:featuredmedia":[{"embeddable":true,"href":"https:\/\/www.africa-press.net\/comores\/wp-json\/wp\/v2\/media\/32581"}],"wp:attachment":[{"href":"https:\/\/www.africa-press.net\/comores\/wp-json\/wp\/v2\/media?parent=32582"}],"wp:term":[{"taxonomy":"category","embeddable":true,"href":"https:\/\/www.africa-press.net\/comores\/wp-json\/wp\/v2\/categories?post=32582"},{"taxonomy":"post_tag","embeddable":true,"href":"https:\/\/www.africa-press.net\/comores\/wp-json\/wp\/v2\/tags?post=32582"}],"curies":[{"name":"wp","href":"https:\/\/api.w.org\/{rel}","templated":true}]}}