{"id":32587,"date":"2026-04-30T12:15:27","date_gmt":"2026-04-30T12:15:27","guid":{"rendered":"https:\/\/www.africa-press.net\/comores\/politique\/mabahoni-scelle-un-pacte-pour-sauver-son-littoral"},"modified":"2026-04-30T19:24:37","modified_gmt":"2026-04-30T19:24:37","slug":"mabahoni-scelle-un-pacte-pour-sauver-son-littoral","status":"publish","type":"post","link":"https:\/\/www.africa-press.net\/comores\/toutes-les-actualites\/mabahoni-scelle-un-pacte-pour-sauver-son-littoral","title":{"rendered":"Mabahoni Scelle un Pacte pour Sauver Son Littoral"},"content":{"rendered":"<div class=\"ap-summary\" dir=\"ltr\" lang=\"fr\">\n<h4>CE Qu\u2019Il Faut Savoir<\/h4>\n<p>Le 22 avril 2026, le quartier de Mabahoni \u00e0 Fomboni a sign\u00e9 un accord de cogestion des ressources marines, visant \u00e0 assurer une exploitation durable du littoral. Cette initiative, soutenue par le projet ReSea et financ\u00e9e par Affaires mondiales Canada, implique les autorit\u00e9s locales et les communaut\u00e9s pour pr\u00e9server les \u00e9cosyst\u00e8mes marins et garantir des moyens de subsistance durables.<\/p>\n<\/div>\n<p><span class=\"ap-article-header-tag\"> <strong>Africa-Press &#8211; Comores. <\/strong> <\/span><b>A\u0300 Mohe\u0301li, le quartier de Mabahoni \u2013 Fomboni franchit un nouveau cap dans la protection de ses ressources marines. La signature d\u2019un accord de cogestion, le 22 avril 2026, consacre une gouvernance partage\u0301e entre autorite\u0301s et communaute\u0301s locales, avec en ligne de mire une exploitation durable et responsable du littoral.<\/b><\/p>\n<p>Le 22 avril 2026 marque une e\u0301tape importante pour Mabahoni a\u0300 Fomboni. Le quartier a signe\u0301 un accord de cogestion des ressources marines et co\u0302tie\u0300res, une initiative qui s\u2019inscrit dans une volonte\u0301 affirme\u0301e de pre\u0301server durablement le littoral de Mohe\u0301li tout en impliquant directement les populations concerne\u0301es. Porte\u0301e par le projet ReSea (Paysages marins re\u0301ge\u0301ne\u0301rateurs pour les peuples, le climat et la nature), cette activite\u0301 be\u0301ne\u0301ficie du financement d\u2019Affaires mondiales Canada. Elle est mise en \u0153uvre par l\u2019Union internationale pour la conservation de la nature (UICN), en collaboration avec le gouvernorat de Mohe\u0301li et le ministe\u0300re de l\u2019Environnement. La ce\u0301re\u0301monie, marque\u0301e par une forte mobilisation locale, a re\u0301uni autorite\u0301s communales, chefs de quartier, notables, repre\u0301sentants associatifs et pe\u0302cheurs. Cette participation traduit une prise de conscience collective face a\u0300 la de\u0301gradation progressive des ressources marines et a\u0300 l\u2019urgence d\u2019agir de manie\u0300re concerte\u0301e.<\/p>\n<p>Au c\u0153ur de cet accord se trouve le principe de cogestion, qui instaure un partage des responsabilite\u0301s entre les autorite\u0301s et les usagers. Les pe\u0302cheurs, en premie\u0300re ligne, sont de\u0301sormais appele\u0301s a\u0300 jouer un ro\u0302le cle\u0301 dans l\u2019application et le respect des mesures adopte\u0301es. Pour Sai\u0308d Attoumani Bacari, consultant implique\u0301 dans le processus, cette de\u0301marche constitue un tournant dans la gestion des ressources naturelles a\u0300 Mohe\u0301li. \u00ab La cogestion de\u0301passe le simple cadre technique. Elle place la communaute\u0301 au centre des de\u0301cisions \u00bb, explique-t-il. Sur le terrain, les acteurs saluent cette avance\u0301e. Un pe\u0302cheur de Mabahoni, fort de plus de trois de\u0301cennies d\u2019expe\u0301rience, souligne l\u2019e\u0301volution du secteur: \u00ab Apre\u0300s 32 ans de me\u0301tier, je constate un re\u0301el changement. Cette initiative repre\u0301sente une opportunite\u0301 pour nous et pour les ge\u0301ne\u0301rations futures. \u00bb<\/p>\n<p>L\u2019accord vise a\u0300 encadrer l\u2019exploitation des ressources marines afin de lutter contre la surexploitation et de prote\u0301ger des e\u0301cosyste\u0300mes fragiles, notamment les re\u0301cifs coralliens et les herbiers marins. A\u0300 plus long terme, il ambitionne de garantir des moyens de subsistance durables pour les communaute\u0301s de\u0301pendantes de la pe\u0302che artisanale. Parmi les actions pre\u0301vues figurent des campagnes de sensibilisation, la mise en place de dispositifs de surveillance communautaire, la promotion de pratiques de pe\u0302che responsables ainsi que des formations a\u0300 destination des pe\u0302cheurs. Au-dela\u0300 de sa porte\u0301e administrative, l\u2019accord symbolise un engagement collectif fort et ouvre la voie a\u0300 une nouvelle dynamique, ou\u0300 la pre\u0301servation du milieu marin devient une responsabilite\u0301 partage\u0301e entre tous les acteurs.<\/p>\n<p>La protection des ressources marines est devenue une priorite\u0301 mondiale face a\u0300 la de\u0301gradation des e\u0301cosyste\u0300mes co\u0302tiers. A\u0300 Moheli, comme dans d&rsquo;autres re\u0301gions, la surexploitation des ressources marines a conduit a\u0300 une prise de conscience croissante de la ne\u0301cessite\u0301 d&rsquo;une gestion durable. Les initiatives de cogestion, qui impliquent les communaute\u0301s locales dans la prise de de\u0301cision, sont essentielles pour garantir la durabilite\u0301 des ressources et le bien-e\u0302tre des populations de\u0301pendantes de la pe\u0302che artisanale.<\/p>\n<p class=\"ap-article-footer-note\">Retrouvez plus d\u2019actualit\u00e9s et d\u2019analyses sur <span class=\"ap-highlight-country\">Comores<\/span> sur le site <span class=\"ap-highlight-brand\">Africa Press<\/span><\/p>\n","protected":false},"excerpt":{"rendered":"<p>CE Qu\u2019Il Faut Savoir Le 22 avril 2026, le quartier de Mabahoni \u00e0 Fomboni a sign\u00e9 un accord de cogestion des ressources marines, visant \u00e0 assurer une exploitation durable du littoral. Cette initiative, soutenue par le projet ReSea et financ\u00e9e par Affaires mondiales Canada, implique les autorit\u00e9s locales et les communaut\u00e9s pour pr\u00e9server les \u00e9cosyst\u00e8mes [&hellip;]<\/p>\n","protected":false},"author":82,"featured_media":32585,"comment_status":"open","ping_status":"closed","sticky":false,"template":"","format":"standard","meta":{"footnotes":""},"categories":[21,10],"tags":[1222,45,1223,1224,1221,1225],"class_list":["post-32587","post","type-post","status-publish","format-standard","has-post-thumbnail","hentry","category-communaute","category-toutes-les-actualites","tag-cogestion","tag-comores","tag-littoral","tag-mabahoni","tag-moheli","tag-ressources-marines"],"yoast_head":"<!-- This site is optimized with the Yoast SEO Premium plugin v26.1 (Yoast SEO v27.0) - https:\/\/yoast.com\/product\/yoast-seo-premium-wordpress\/ -->\n<title>Mabahoni Scelle un Pacte pour Sauver Son Littoral - Comores<\/title>\n<meta name=\"description\" content=\"Mabahoni \u00e0 Moheli signe un accord de cogestion pour prot\u00e9ger ses ressources marines et c\u00f4ti\u00e8res, impliquant la communaut\u00e9.\" \/>\n<meta name=\"robots\" content=\"index, follow, max-snippet:-1, max-image-preview:large, max-video-preview:-1\" \/>\n<link rel=\"canonical\" href=\"https:\/\/www.africa-press.net\/comores\/toutes-les-actualites\/mabahoni-scelle-un-pacte-pour-sauver-son-littoral\" \/>\n<meta property=\"og:locale\" content=\"fr_FR\" \/>\n<meta property=\"og:type\" content=\"article\" \/>\n<meta property=\"og:title\" content=\"Mabahoni Scelle un Pacte pour Sauver Son Littoral\" \/>\n<meta property=\"og:description\" content=\"Mabahoni \u00e0 Moheli signe un accord de cogestion pour prot\u00e9ger ses ressources marines et c\u00f4ti\u00e8res, impliquant la communaut\u00e9.\" \/>\n<meta property=\"og:url\" content=\"https:\/\/www.africa-press.net\/comores\/toutes-les-actualites\/mabahoni-scelle-un-pacte-pour-sauver-son-littoral\" \/>\n<meta property=\"og:site_name\" content=\"Comores\" \/>\n<meta property=\"article:published_time\" content=\"2026-04-30T12:15:27+00:00\" \/>\n<meta property=\"article:modified_time\" content=\"2026-04-30T19:24:37+00:00\" \/>\n<meta property=\"og:image\" content=\"https:\/\/static.africa-press.net\/centrafricaine\/sites\/48\/2026\/04\/sm_1777577020.657565.jpg\" \/>\n\t<meta property=\"og:image:width\" content=\"1280\" \/>\n\t<meta property=\"og:image:height\" content=\"720\" \/>\n\t<meta property=\"og:image:type\" content=\"image\/jpeg\" \/>\n<meta name=\"author\" content=\"cfeditorfr\" \/>\n<meta name=\"twitter:card\" content=\"summary_large_image\" \/>\n<meta name=\"twitter:label1\" content=\"\u00c9crit par\" \/>\n\t<meta name=\"twitter:data1\" content=\"cfeditorfr\" \/>\n\t<meta name=\"twitter:label2\" content=\"Dur\u00e9e de lecture estim\u00e9e\" \/>\n\t<meta name=\"twitter:data2\" content=\"4 minutes\" \/>\n<script type=\"application\/ld+json\" class=\"yoast-schema-graph\">{\"@context\":\"https:\/\/schema.org\",\"@graph\":[{\"@type\":\"Article\",\"@id\":\"https:\/\/www.africa-press.net\/comores\/toutes-les-actualites\/mabahoni-scelle-un-pacte-pour-sauver-son-littoral#article\",\"isPartOf\":{\"@id\":\"https:\/\/www.africa-press.net\/comores\/toutes-les-actualites\/mabahoni-scelle-un-pacte-pour-sauver-son-littoral\"},\"author\":{\"name\":\"cfeditorfr\",\"@id\":\"https:\/\/www.africa-press.net\/comores\/#\/schema\/person\/2b1cf3cd81a31e3cd26889ca66d677f1\"},\"headline\":\"Mabahoni Scelle un Pacte pour Sauver Son Littoral\",\"datePublished\":\"2026-04-30T12:15:27+00:00\",\"dateModified\":\"2026-04-30T19:24:37+00:00\",\"mainEntityOfPage\":{\"@id\":\"https:\/\/www.africa-press.net\/comores\/toutes-les-actualites\/mabahoni-scelle-un-pacte-pour-sauver-son-littoral\"},\"wordCount\":685,\"commentCount\":0,\"image\":{\"@id\":\"https:\/\/www.africa-press.net\/comores\/toutes-les-actualites\/mabahoni-scelle-un-pacte-pour-sauver-son-littoral#primaryimage\"},\"thumbnailUrl\":\"https:\/\/static.africa-press.net\/centrafricaine\/sites\/48\/2026\/04\/sm_1777577020.657565.jpg\",\"keywords\":[\"cogestion\",\"Comores\",\"littoral\",\"Mabahoni\",\"Moheli\",\"ressources marines\"],\"articleSection\":[\"Communaut\u00e9\",\"Toutes les actualit\u00e9s\"],\"inLanguage\":\"fr-FR\",\"potentialAction\":[{\"@type\":\"CommentAction\",\"name\":\"Comment\",\"target\":[\"https:\/\/www.africa-press.net\/comores\/toutes-les-actualites\/mabahoni-scelle-un-pacte-pour-sauver-son-littoral#respond\"]}]},{\"@type\":\"WebPage\",\"@id\":\"https:\/\/www.africa-press.net\/comores\/toutes-les-actualites\/mabahoni-scelle-un-pacte-pour-sauver-son-littoral\",\"url\":\"https:\/\/www.africa-press.net\/comores\/toutes-les-actualites\/mabahoni-scelle-un-pacte-pour-sauver-son-littoral\",\"name\":\"Mabahoni Scelle un Pacte pour Sauver Son Littoral - Comores\",\"isPartOf\":{\"@id\":\"https:\/\/www.africa-press.net\/comores\/#website\"},\"primaryImageOfPage\":{\"@id\":\"https:\/\/www.africa-press.net\/comores\/toutes-les-actualites\/mabahoni-scelle-un-pacte-pour-sauver-son-littoral#primaryimage\"},\"image\":{\"@id\":\"https:\/\/www.africa-press.net\/comores\/toutes-les-actualites\/mabahoni-scelle-un-pacte-pour-sauver-son-littoral#primaryimage\"},\"thumbnailUrl\":\"https:\/\/static.africa-press.net\/centrafricaine\/sites\/48\/2026\/04\/sm_1777577020.657565.jpg\",\"datePublished\":\"2026-04-30T12:15:27+00:00\",\"dateModified\":\"2026-04-30T19:24:37+00:00\",\"author\":{\"@id\":\"https:\/\/www.africa-press.net\/comores\/#\/schema\/person\/2b1cf3cd81a31e3cd26889ca66d677f1\"},\"description\":\"Mabahoni \u00e0 Moheli signe un accord de cogestion pour prot\u00e9ger ses ressources marines et c\u00f4ti\u00e8res, impliquant la communaut\u00e9.\",\"breadcrumb\":{\"@id\":\"https:\/\/www.africa-press.net\/comores\/toutes-les-actualites\/mabahoni-scelle-un-pacte-pour-sauver-son-littoral#breadcrumb\"},\"inLanguage\":\"fr-FR\",\"potentialAction\":[{\"@type\":\"ReadAction\",\"target\":[\"https:\/\/www.africa-press.net\/comores\/toutes-les-actualites\/mabahoni-scelle-un-pacte-pour-sauver-son-littoral\"]}]},{\"@type\":\"ImageObject\",\"inLanguage\":\"fr-FR\",\"@id\":\"https:\/\/www.africa-press.net\/comores\/toutes-les-actualites\/mabahoni-scelle-un-pacte-pour-sauver-son-littoral#primaryimage\",\"url\":\"https:\/\/static.africa-press.net\/centrafricaine\/sites\/48\/2026\/04\/sm_1777577020.657565.jpg\",\"contentUrl\":\"https:\/\/static.africa-press.net\/centrafricaine\/sites\/48\/2026\/04\/sm_1777577020.657565.jpg\",\"width\":1280,\"height\":720,\"caption\":\"Mabahoni Scelle un Pacte pour Sauver Son Littoral\"},{\"@type\":\"BreadcrumbList\",\"@id\":\"https:\/\/www.africa-press.net\/comores\/toutes-les-actualites\/mabahoni-scelle-un-pacte-pour-sauver-son-littoral#breadcrumb\",\"itemListElement\":[{\"@type\":\"ListItem\",\"position\":1,\"name\":\"Accueil\",\"item\":\"https:\/\/www.africa-press.net\/comores\/\"},{\"@type\":\"ListItem\",\"position\":2,\"name\":\"Mabahoni Scelle un Pacte pour Sauver Son Littoral\"}]},{\"@type\":\"WebSite\",\"@id\":\"https:\/\/www.africa-press.net\/comores\/#website\",\"url\":\"https:\/\/www.africa-press.net\/comores\/\",\"name\":\"Comores\",\"description\":\"Just another Africa News Agency Sites site\",\"potentialAction\":[{\"@type\":\"SearchAction\",\"target\":{\"@type\":\"EntryPoint\",\"urlTemplate\":\"https:\/\/www.africa-press.net\/comores\/?s={search_term_string}\"},\"query-input\":{\"@type\":\"PropertyValueSpecification\",\"valueRequired\":true,\"valueName\":\"search_term_string\"}}],\"inLanguage\":\"fr-FR\"},{\"@type\":\"Person\",\"@id\":\"https:\/\/www.africa-press.net\/comores\/#\/schema\/person\/2b1cf3cd81a31e3cd26889ca66d677f1\",\"name\":\"cfeditorfr\"}]}<\/script>\n<!-- \/ Yoast SEO Premium plugin. -->","yoast_head_json":{"title":"Mabahoni Scelle un Pacte pour Sauver Son Littoral - Comores","description":"Mabahoni \u00e0 Moheli signe un accord de cogestion pour prot\u00e9ger ses ressources marines et c\u00f4ti\u00e8res, impliquant la communaut\u00e9.","robots":{"index":"index","follow":"follow","max-snippet":"max-snippet:-1","max-image-preview":"max-image-preview:large","max-video-preview":"max-video-preview:-1"},"canonical":"https:\/\/www.africa-press.net\/comores\/toutes-les-actualites\/mabahoni-scelle-un-pacte-pour-sauver-son-littoral","og_locale":"fr_FR","og_type":"article","og_title":"Mabahoni Scelle un Pacte pour Sauver Son Littoral","og_description":"Mabahoni \u00e0 Moheli signe un accord de cogestion pour prot\u00e9ger ses ressources marines et c\u00f4ti\u00e8res, impliquant la communaut\u00e9.","og_url":"https:\/\/www.africa-press.net\/comores\/toutes-les-actualites\/mabahoni-scelle-un-pacte-pour-sauver-son-littoral","og_site_name":"Comores","article_published_time":"2026-04-30T12:15:27+00:00","article_modified_time":"2026-04-30T19:24:37+00:00","og_image":[{"width":1280,"height":720,"url":"https:\/\/static.africa-press.net\/centrafricaine\/sites\/48\/2026\/04\/sm_1777577020.657565.jpg","type":"image\/jpeg"}],"author":"cfeditorfr","twitter_card":"summary_large_image","twitter_misc":{"\u00c9crit par":"cfeditorfr","Dur\u00e9e de lecture estim\u00e9e":"4 minutes"},"schema":{"@context":"https:\/\/schema.org","@graph":[{"@type":"Article","@id":"https:\/\/www.africa-press.net\/comores\/toutes-les-actualites\/mabahoni-scelle-un-pacte-pour-sauver-son-littoral#article","isPartOf":{"@id":"https:\/\/www.africa-press.net\/comores\/toutes-les-actualites\/mabahoni-scelle-un-pacte-pour-sauver-son-littoral"},"author":{"name":"cfeditorfr","@id":"https:\/\/www.africa-press.net\/comores\/#\/schema\/person\/2b1cf3cd81a31e3cd26889ca66d677f1"},"headline":"Mabahoni Scelle un Pacte pour Sauver Son Littoral","datePublished":"2026-04-30T12:15:27+00:00","dateModified":"2026-04-30T19:24:37+00:00","mainEntityOfPage":{"@id":"https:\/\/www.africa-press.net\/comores\/toutes-les-actualites\/mabahoni-scelle-un-pacte-pour-sauver-son-littoral"},"wordCount":685,"commentCount":0,"image":{"@id":"https:\/\/www.africa-press.net\/comores\/toutes-les-actualites\/mabahoni-scelle-un-pacte-pour-sauver-son-littoral#primaryimage"},"thumbnailUrl":"https:\/\/static.africa-press.net\/centrafricaine\/sites\/48\/2026\/04\/sm_1777577020.657565.jpg","keywords":["cogestion","Comores","littoral","Mabahoni","Moheli","ressources marines"],"articleSection":["Communaut\u00e9","Toutes les actualit\u00e9s"],"inLanguage":"fr-FR","potentialAction":[{"@type":"CommentAction","name":"Comment","target":["https:\/\/www.africa-press.net\/comores\/toutes-les-actualites\/mabahoni-scelle-un-pacte-pour-sauver-son-littoral#respond"]}]},{"@type":"WebPage","@id":"https:\/\/www.africa-press.net\/comores\/toutes-les-actualites\/mabahoni-scelle-un-pacte-pour-sauver-son-littoral","url":"https:\/\/www.africa-press.net\/comores\/toutes-les-actualites\/mabahoni-scelle-un-pacte-pour-sauver-son-littoral","name":"Mabahoni Scelle un Pacte pour Sauver Son Littoral - Comores","isPartOf":{"@id":"https:\/\/www.africa-press.net\/comores\/#website"},"primaryImageOfPage":{"@id":"https:\/\/www.africa-press.net\/comores\/toutes-les-actualites\/mabahoni-scelle-un-pacte-pour-sauver-son-littoral#primaryimage"},"image":{"@id":"https:\/\/www.africa-press.net\/comores\/toutes-les-actualites\/mabahoni-scelle-un-pacte-pour-sauver-son-littoral#primaryimage"},"thumbnailUrl":"https:\/\/static.africa-press.net\/centrafricaine\/sites\/48\/2026\/04\/sm_1777577020.657565.jpg","datePublished":"2026-04-30T12:15:27+00:00","dateModified":"2026-04-30T19:24:37+00:00","author":{"@id":"https:\/\/www.africa-press.net\/comores\/#\/schema\/person\/2b1cf3cd81a31e3cd26889ca66d677f1"},"description":"Mabahoni \u00e0 Moheli signe un accord de cogestion pour prot\u00e9ger ses ressources marines et c\u00f4ti\u00e8res, impliquant la communaut\u00e9.","breadcrumb":{"@id":"https:\/\/www.africa-press.net\/comores\/toutes-les-actualites\/mabahoni-scelle-un-pacte-pour-sauver-son-littoral#breadcrumb"},"inLanguage":"fr-FR","potentialAction":[{"@type":"ReadAction","target":["https:\/\/www.africa-press.net\/comores\/toutes-les-actualites\/mabahoni-scelle-un-pacte-pour-sauver-son-littoral"]}]},{"@type":"ImageObject","inLanguage":"fr-FR","@id":"https:\/\/www.africa-press.net\/comores\/toutes-les-actualites\/mabahoni-scelle-un-pacte-pour-sauver-son-littoral#primaryimage","url":"https:\/\/static.africa-press.net\/centrafricaine\/sites\/48\/2026\/04\/sm_1777577020.657565.jpg","contentUrl":"https:\/\/static.africa-press.net\/centrafricaine\/sites\/48\/2026\/04\/sm_1777577020.657565.jpg","width":1280,"height":720,"caption":"Mabahoni Scelle un Pacte pour Sauver Son Littoral"},{"@type":"BreadcrumbList","@id":"https:\/\/www.africa-press.net\/comores\/toutes-les-actualites\/mabahoni-scelle-un-pacte-pour-sauver-son-littoral#breadcrumb","itemListElement":[{"@type":"ListItem","position":1,"name":"Accueil","item":"https:\/\/www.africa-press.net\/comores\/"},{"@type":"ListItem","position":2,"name":"Mabahoni Scelle un Pacte pour Sauver Son Littoral"}]},{"@type":"WebSite","@id":"https:\/\/www.africa-press.net\/comores\/#website","url":"https:\/\/www.africa-press.net\/comores\/","name":"Comores","description":"Just another Africa News Agency Sites site","potentialAction":[{"@type":"SearchAction","target":{"@type":"EntryPoint","urlTemplate":"https:\/\/www.africa-press.net\/comores\/?s={search_term_string}"},"query-input":{"@type":"PropertyValueSpecification","valueRequired":true,"valueName":"search_term_string"}}],"inLanguage":"fr-FR"},{"@type":"Person","@id":"https:\/\/www.africa-press.net\/comores\/#\/schema\/person\/2b1cf3cd81a31e3cd26889ca66d677f1","name":"cfeditorfr"}]}},"_links":{"self":[{"href":"https:\/\/www.africa-press.net\/comores\/wp-json\/wp\/v2\/posts\/32587","targetHints":{"allow":["GET"]}}],"collection":[{"href":"https:\/\/www.africa-press.net\/comores\/wp-json\/wp\/v2\/posts"}],"about":[{"href":"https:\/\/www.africa-press.net\/comores\/wp-json\/wp\/v2\/types\/post"}],"author":[{"embeddable":true,"href":"https:\/\/www.africa-press.net\/comores\/wp-json\/wp\/v2\/users\/82"}],"replies":[{"embeddable":true,"href":"https:\/\/www.africa-press.net\/comores\/wp-json\/wp\/v2\/comments?post=32587"}],"version-history":[{"count":1,"href":"https:\/\/www.africa-press.net\/comores\/wp-json\/wp\/v2\/posts\/32587\/revisions"}],"predecessor-version":[{"id":32593,"href":"https:\/\/www.africa-press.net\/comores\/wp-json\/wp\/v2\/posts\/32587\/revisions\/32593"}],"wp:featuredmedia":[{"embeddable":true,"href":"https:\/\/www.africa-press.net\/comores\/wp-json\/wp\/v2\/media\/32585"}],"wp:attachment":[{"href":"https:\/\/www.africa-press.net\/comores\/wp-json\/wp\/v2\/media?parent=32587"}],"wp:term":[{"taxonomy":"category","embeddable":true,"href":"https:\/\/www.africa-press.net\/comores\/wp-json\/wp\/v2\/categories?post=32587"},{"taxonomy":"post_tag","embeddable":true,"href":"https:\/\/www.africa-press.net\/comores\/wp-json\/wp\/v2\/tags?post=32587"}],"curies":[{"name":"wp","href":"https:\/\/api.w.org\/{rel}","templated":true}]}}