{"id":32592,"date":"2026-04-30T15:00:00","date_gmt":"2026-04-30T15:00:00","guid":{"rendered":"https:\/\/www.africa-press.net\/comores\/politique\/fin-de-greve-au-chn-un-protocole-daccord-enfin-signe"},"modified":"2026-04-30T15:00:00","modified_gmt":"2026-04-30T15:00:00","slug":"fin-de-greve-au-chn-un-protocole-daccord-enfin-signe","status":"publish","type":"post","link":"https:\/\/www.africa-press.net\/comores\/toutes-les-actualites\/fin-de-greve-au-chn-un-protocole-daccord-enfin-signe","title":{"rendered":"Fin de Gre\u0300Ve au CHN: un Protocole D\u2019Accord Enfin Signe\u0301"},"content":{"rendered":"<div class=\"ap-summary\" lang=\"fr\" dir=\"ltr\">\n<h4>CE Qu\u2019Il Faut Savoir<\/h4>\n<p>Apr\u00e8s plusieurs semaines de n\u00e9gociations, un protocole d&#x27;accord a \u00e9t\u00e9 sign\u00e9 entre les soignants contractuels et le minist\u00e8re de la sant\u00e9, mettant fin \u00e0 la gr\u00e8ve au centre hospitalier national El-Maarouf. Ce compromis garantit la reprise du travail et r\u00e9pond aux revendications des gr\u00e9vistes, tout en assurant la continuit\u00e9 des soins.<\/p>\n<\/div>\n<p><span class=\"ap-article-header-tag\">           <strong>Africa-Press &#8211; Comores. <\/strong>         <\/span>Apre\u0300s plusieurs semaines de bras de fer, un de\u0301nouement a e\u0301te\u0301 trouve\u0301 entre le collectif des soignants contractuels et le ministe\u0300re de la sante\u0301. Il s&rsquo;agit d\u2019un protocole d\u2019accord de\u0301cisif, intervenu mardi 28 avril et marquant la reprise imme\u0301diate du travail au centre hospitalier national El-Maarouf. Ce compromis, fruit de ne\u0301gociations ardues, vise a\u0300 garantir la continuite\u0301 des soins tout en re\u0301pondant aux revendications sociales des gre\u0301vistes.<\/p>\n<p>L\u2019atmosphe\u0300re e\u0301tait a\u0300 l\u2019apaisement, mardi dernier, au ministe\u0300re de la sante\u0301. Lors du point de presse pre\u0301ce\u0301dant la signature, l&rsquo;accent a e\u0301te\u0301 mis sur la re\u0301inte\u0301gration sereine des agents suspendus. L\u2019attente est de\u0301sormais que ces professionnels retrouvent leurs postes sans crainte de stigmatisation, mais pluto\u0302t comme des citoyens ayant exerce\u0301 un droit reconnu, celui de faire gre\u0300ve. Mai\u0302tre Idriss Saandi, avocat du collectif, s&rsquo;est d&rsquo;ailleurs montre\u0301 optimiste quant a\u0300 la suite des e\u0301ve\u0301nements: \u00ab pour l&rsquo;imme\u0301diat, les soignants sont satisfaits car leurs revendications ont e\u0301te\u0301 entendues et accepte\u0301es. Nous avons exige\u0301 un acte mate\u0301riel pour garantir ces engagements, d&rsquo;ou\u0300 la signature de ce protocole par le secre\u0301taire ge\u0301ne\u0301ral du ministe\u0300re et le porte-parole du collectif. \u00bb Bien que certains points restent a\u0300 affiner dans un futur proche, l\u2019avocat souligne que les garanties obtenues permettent une reprise du travail sous de bons auspices.<\/p>\n<p>Devant un parterre de journalistes et de repre\u0301sentants syndicaux, le porte-parole du collectif des soignants contractuels a officialise\u0301 la leve\u0301e du mot d\u2019ordre de gre\u0300ve. C\u2019est avec une e\u0301motion visible qu\u2019il a salue\u0301 l\u2019aboutissement des ne\u0301gociations, tout en faisant preuve d\u2019une grande humilite\u0301. Conscient de la complexite\u0301 de sa mission et de la diversite\u0301 des attentes au sein du collectif, Zainoudine Ahamada, a tenu a\u0300 pre\u0301senter ses excuses en cas d\u2019e\u0301ventuels malentendus survenus durant le mouvement, tout en exprimant sa gratitude envers ses colle\u0300gues et les autorite\u0301s. Le secre\u0301taire ge\u0301ne\u0301ral du ministe\u0300re, Soudjay Mohamed, a rappele\u0301 quant a\u0300 lui, l&rsquo;importance strate\u0301gique de ce personnel soignant. Ancien infirmier lui-me\u0302me, il a affirme\u0301 comprendre les pre\u0301occupations de ses confre\u0300res tout en soulignant que l\u2019E\u0301tat compte massivement sur cette expertise nationale pour assurer le fonctionnement du futur CHU El-Maarouf. \u00ab Je me re\u0301jouis de ce protocole d&rsquo;accord qui permet de restaurer le potentiel humain de l\u2019e\u0301tablissement, assurant le retour aux postes des e\u0301quipes soignantes indispensables au bon fonctionnement des services de sante\u0301 \u00bb, a-t-il de\u0301clare\u0301.<\/p>\n<p>C&rsquo;est au ministre Ahamadi Sidi Nahouda qu&rsquo;est revenu le mot de la fin. En scellant cet accord d\u2019un engagement solennel, il a tenu a\u0300 rassurer les soignants: \u00ab Je vous ai entendus, et je vous remercie pour votre confiance. Je m&rsquo;engage personnellement a\u0300 ce que les termes de ce protocole soient strictement respecte\u0301s. \u00bb Avec cette signature, l&rsquo;ho\u0302pital pourra retrouver sa pleine capacite\u0301 ope\u0301rationnelle des ressources humaines, garantissant ainsi la continuite\u0301 des soins et la pleine mobilisation du personnel soignant au service des patients. Au grand soulagement des patients.<\/p>\n<p>La gre\u0300ve des soignants au CHN d&rsquo;El-Maarouf a e\u0301te\u0301 de\u0301clenche\u0301e par des revendications concernant les conditions de travail et la reconnaissance de leurs droits. Les ne\u0301gociations ont e\u0301te\u0301 longues et difficiles, mais ont finalement abouti a\u0300 un protocole d&rsquo;accord qui vise a\u0300 restaurer la confiance entre le personnel soignant et les autorite\u0301s. Ce type de conflit est courant dans le secteur de la sante\u0301, ou\u0300 les professionnels cherchent souvent a\u0300 faire entendre leurs pre\u0301occupations face a\u0300 des conditions de travail parfois pre\u0301caires.<\/p>\n<p class=\"ap-article-footer-note\">           Retrouvez plus d\u2019actualit\u00e9s et d\u2019analyses sur           <span class=\"ap-highlight-country\">Comores<\/span>           sur le site           <span class=\"ap-highlight-brand\">Africa Press<\/span>         <\/p>\n","protected":false},"excerpt":{"rendered":"<p>CE Qu\u2019Il Faut Savoir Apr\u00e8s plusieurs semaines de n\u00e9gociations, un protocole d&#x27;accord a \u00e9t\u00e9 sign\u00e9 entre les soignants contractuels et le minist\u00e8re de la sant\u00e9, mettant fin \u00e0 la gr\u00e8ve au centre hospitalier national El-Maarouf. Ce compromis garantit la reprise du travail et r\u00e9pond aux revendications des gr\u00e9vistes, tout en assurant la continuit\u00e9 des soins. [&hellip;]<\/p>\n","protected":false},"author":82,"featured_media":32591,"comment_status":"open","ping_status":"closed","sticky":false,"template":"","format":"standard","meta":{"footnotes":""},"categories":[21,20,10],"tags":[1230,45,1231,1232,47,1233],"class_list":["post-32592","post","type-post","status-publish","format-standard","has-post-thumbnail","hentry","category-communaute","category-top-nouvelles","category-toutes-les-actualites","tag-chn","tag-comores","tag-greve","tag-protocole-daccord","tag-sante","tag-soignants"],"yoast_head":"<!-- This site is optimized with the Yoast SEO Premium plugin v26.1 (Yoast SEO v27.0) - https:\/\/yoast.com\/product\/yoast-seo-premium-wordpress\/ -->\n<title>Fin de Gre\u0300Ve au CHN: un Protocole D\u2019Accord Enfin Signe\u0301 - Comores<\/title>\n<meta name=\"robots\" content=\"index, follow, max-snippet:-1, max-image-preview:large, max-video-preview:-1\" \/>\n<link rel=\"canonical\" href=\"https:\/\/www.africa-press.net\/comores\/politique\/fin-de-greve-au-chn-un-protocole-daccord-enfin-signe\" \/>\n<meta property=\"og:locale\" content=\"fr_FR\" \/>\n<meta property=\"og:type\" content=\"article\" \/>\n<meta property=\"og:title\" content=\"Fin de Gre\u0300Ve au CHN: un Protocole D\u2019Accord Enfin Signe\u0301\" \/>\n<meta property=\"og:description\" content=\"CE Qu\u2019Il Faut Savoir Apr\u00e8s plusieurs semaines de n\u00e9gociations, un protocole d&#x27;accord a \u00e9t\u00e9 sign\u00e9 entre les soignants contractuels et le minist\u00e8re de la sant\u00e9, mettant fin \u00e0 la gr\u00e8ve au centre hospitalier national El-Maarouf. Ce compromis garantit la reprise du travail et r\u00e9pond aux revendications des gr\u00e9vistes, tout en assurant la continuit\u00e9 des soins. [&hellip;]\" \/>\n<meta property=\"og:url\" content=\"https:\/\/www.africa-press.net\/comores\/politique\/fin-de-greve-au-chn-un-protocole-daccord-enfin-signe\" \/>\n<meta property=\"og:site_name\" content=\"Comores\" \/>\n<meta property=\"article:published_time\" content=\"2026-04-30T15:00:00+00:00\" \/>\n<meta name=\"author\" content=\"cfeditorfr\" \/>\n<meta name=\"twitter:card\" content=\"summary_large_image\" \/>\n<meta name=\"twitter:label1\" content=\"\u00c9crit par\" \/>\n\t<meta name=\"twitter:data1\" content=\"cfeditorfr\" \/>\n\t<meta name=\"twitter:label2\" content=\"Dur\u00e9e de lecture estim\u00e9e\" \/>\n\t<meta name=\"twitter:data2\" content=\"4 minutes\" \/>\n<script type=\"application\/ld+json\" class=\"yoast-schema-graph\">{\"@context\":\"https:\/\/schema.org\",\"@graph\":[{\"@type\":\"Article\",\"@id\":\"https:\/\/www.africa-press.net\/comores\/politique\/fin-de-greve-au-chn-un-protocole-daccord-enfin-signe#article\",\"isPartOf\":{\"@id\":\"https:\/\/www.africa-press.net\/comores\/politique\/fin-de-greve-au-chn-un-protocole-daccord-enfin-signe\"},\"author\":{\"name\":\"cfeditorfr\",\"@id\":\"https:\/\/www.africa-press.net\/comores\/#\/schema\/person\/2b1cf3cd81a31e3cd26889ca66d677f1\"},\"headline\":\"Fin de Gre\u0300Ve au CHN: un Protocole D\u2019Accord Enfin Signe\u0301\",\"datePublished\":\"2026-04-30T15:00:00+00:00\",\"mainEntityOfPage\":{\"@id\":\"https:\/\/www.africa-press.net\/comores\/politique\/fin-de-greve-au-chn-un-protocole-daccord-enfin-signe\"},\"wordCount\":732,\"commentCount\":0,\"image\":{\"@id\":\"https:\/\/www.africa-press.net\/comores\/politique\/fin-de-greve-au-chn-un-protocole-daccord-enfin-signe#primaryimage\"},\"thumbnailUrl\":\"https:\/\/static.africa-press.net\/centrafricaine\/sites\/48\/2026\/04\/sm_1777577061.24914.jpg\",\"keywords\":[\"CHN\",\"Comores\",\"gr\u00e8ve\",\"protocole d'accord\",\"Sant\u00e9\",\"soignants\"],\"articleSection\":[\"Communaut\u00e9\",\"Top Nouvelles\",\"Toutes les actualit\u00e9s\"],\"inLanguage\":\"fr-FR\",\"potentialAction\":[{\"@type\":\"CommentAction\",\"name\":\"Comment\",\"target\":[\"https:\/\/www.africa-press.net\/comores\/politique\/fin-de-greve-au-chn-un-protocole-daccord-enfin-signe#respond\"]}]},{\"@type\":\"WebPage\",\"@id\":\"https:\/\/www.africa-press.net\/comores\/politique\/fin-de-greve-au-chn-un-protocole-daccord-enfin-signe\",\"url\":\"https:\/\/www.africa-press.net\/comores\/politique\/fin-de-greve-au-chn-un-protocole-daccord-enfin-signe\",\"name\":\"Fin de Gre\u0300Ve au CHN: un Protocole D\u2019Accord Enfin Signe\u0301 - Comores\",\"isPartOf\":{\"@id\":\"https:\/\/www.africa-press.net\/comores\/#website\"},\"primaryImageOfPage\":{\"@id\":\"https:\/\/www.africa-press.net\/comores\/politique\/fin-de-greve-au-chn-un-protocole-daccord-enfin-signe#primaryimage\"},\"image\":{\"@id\":\"https:\/\/www.africa-press.net\/comores\/politique\/fin-de-greve-au-chn-un-protocole-daccord-enfin-signe#primaryimage\"},\"thumbnailUrl\":\"https:\/\/static.africa-press.net\/centrafricaine\/sites\/48\/2026\/04\/sm_1777577061.24914.jpg\",\"datePublished\":\"2026-04-30T15:00:00+00:00\",\"author\":{\"@id\":\"https:\/\/www.africa-press.net\/comores\/#\/schema\/person\/2b1cf3cd81a31e3cd26889ca66d677f1\"},\"breadcrumb\":{\"@id\":\"https:\/\/www.africa-press.net\/comores\/politique\/fin-de-greve-au-chn-un-protocole-daccord-enfin-signe#breadcrumb\"},\"inLanguage\":\"fr-FR\",\"potentialAction\":[{\"@type\":\"ReadAction\",\"target\":[\"https:\/\/www.africa-press.net\/comores\/politique\/fin-de-greve-au-chn-un-protocole-daccord-enfin-signe\"]}]},{\"@type\":\"ImageObject\",\"inLanguage\":\"fr-FR\",\"@id\":\"https:\/\/www.africa-press.net\/comores\/politique\/fin-de-greve-au-chn-un-protocole-daccord-enfin-signe#primaryimage\",\"url\":\"https:\/\/static.africa-press.net\/centrafricaine\/sites\/48\/2026\/04\/sm_1777577061.24914.jpg\",\"contentUrl\":\"https:\/\/static.africa-press.net\/centrafricaine\/sites\/48\/2026\/04\/sm_1777577061.24914.jpg\",\"width\":1280,\"height\":960,\"caption\":\"Fin de Gre\u0300Ve au CHN: un Protocole D\u2019Accord Enfin Signe\u0301\"},{\"@type\":\"BreadcrumbList\",\"@id\":\"https:\/\/www.africa-press.net\/comores\/politique\/fin-de-greve-au-chn-un-protocole-daccord-enfin-signe#breadcrumb\",\"itemListElement\":[{\"@type\":\"ListItem\",\"position\":1,\"name\":\"Accueil\",\"item\":\"https:\/\/www.africa-press.net\/comores\/\"},{\"@type\":\"ListItem\",\"position\":2,\"name\":\"Fin de Gre\u0300Ve au CHN: un Protocole D\u2019Accord Enfin Signe\u0301\"}]},{\"@type\":\"WebSite\",\"@id\":\"https:\/\/www.africa-press.net\/comores\/#website\",\"url\":\"https:\/\/www.africa-press.net\/comores\/\",\"name\":\"Comores\",\"description\":\"Just another Africa News Agency Sites site\",\"potentialAction\":[{\"@type\":\"SearchAction\",\"target\":{\"@type\":\"EntryPoint\",\"urlTemplate\":\"https:\/\/www.africa-press.net\/comores\/?s={search_term_string}\"},\"query-input\":{\"@type\":\"PropertyValueSpecification\",\"valueRequired\":true,\"valueName\":\"search_term_string\"}}],\"inLanguage\":\"fr-FR\"},{\"@type\":\"Person\",\"@id\":\"https:\/\/www.africa-press.net\/comores\/#\/schema\/person\/2b1cf3cd81a31e3cd26889ca66d677f1\",\"name\":\"cfeditorfr\"}]}<\/script>\n<!-- \/ Yoast SEO Premium plugin. -->","yoast_head_json":{"title":"Fin de Gre\u0300Ve au CHN: un Protocole D\u2019Accord Enfin Signe\u0301 - Comores","robots":{"index":"index","follow":"follow","max-snippet":"max-snippet:-1","max-image-preview":"max-image-preview:large","max-video-preview":"max-video-preview:-1"},"canonical":"https:\/\/www.africa-press.net\/comores\/politique\/fin-de-greve-au-chn-un-protocole-daccord-enfin-signe","og_locale":"fr_FR","og_type":"article","og_title":"Fin de Gre\u0300Ve au CHN: un Protocole D\u2019Accord Enfin Signe\u0301","og_description":"CE Qu\u2019Il Faut Savoir Apr\u00e8s plusieurs semaines de n\u00e9gociations, un protocole d&#x27;accord a \u00e9t\u00e9 sign\u00e9 entre les soignants contractuels et le minist\u00e8re de la sant\u00e9, mettant fin \u00e0 la gr\u00e8ve au centre hospitalier national El-Maarouf. Ce compromis garantit la reprise du travail et r\u00e9pond aux revendications des gr\u00e9vistes, tout en assurant la continuit\u00e9 des soins. [&hellip;]","og_url":"https:\/\/www.africa-press.net\/comores\/politique\/fin-de-greve-au-chn-un-protocole-daccord-enfin-signe","og_site_name":"Comores","article_published_time":"2026-04-30T15:00:00+00:00","author":"cfeditorfr","twitter_card":"summary_large_image","twitter_misc":{"\u00c9crit par":"cfeditorfr","Dur\u00e9e de lecture estim\u00e9e":"4 minutes"},"schema":{"@context":"https:\/\/schema.org","@graph":[{"@type":"Article","@id":"https:\/\/www.africa-press.net\/comores\/politique\/fin-de-greve-au-chn-un-protocole-daccord-enfin-signe#article","isPartOf":{"@id":"https:\/\/www.africa-press.net\/comores\/politique\/fin-de-greve-au-chn-un-protocole-daccord-enfin-signe"},"author":{"name":"cfeditorfr","@id":"https:\/\/www.africa-press.net\/comores\/#\/schema\/person\/2b1cf3cd81a31e3cd26889ca66d677f1"},"headline":"Fin de Gre\u0300Ve au CHN: un Protocole D\u2019Accord Enfin Signe\u0301","datePublished":"2026-04-30T15:00:00+00:00","mainEntityOfPage":{"@id":"https:\/\/www.africa-press.net\/comores\/politique\/fin-de-greve-au-chn-un-protocole-daccord-enfin-signe"},"wordCount":732,"commentCount":0,"image":{"@id":"https:\/\/www.africa-press.net\/comores\/politique\/fin-de-greve-au-chn-un-protocole-daccord-enfin-signe#primaryimage"},"thumbnailUrl":"https:\/\/static.africa-press.net\/centrafricaine\/sites\/48\/2026\/04\/sm_1777577061.24914.jpg","keywords":["CHN","Comores","gr\u00e8ve","protocole d'accord","Sant\u00e9","soignants"],"articleSection":["Communaut\u00e9","Top Nouvelles","Toutes les actualit\u00e9s"],"inLanguage":"fr-FR","potentialAction":[{"@type":"CommentAction","name":"Comment","target":["https:\/\/www.africa-press.net\/comores\/politique\/fin-de-greve-au-chn-un-protocole-daccord-enfin-signe#respond"]}]},{"@type":"WebPage","@id":"https:\/\/www.africa-press.net\/comores\/politique\/fin-de-greve-au-chn-un-protocole-daccord-enfin-signe","url":"https:\/\/www.africa-press.net\/comores\/politique\/fin-de-greve-au-chn-un-protocole-daccord-enfin-signe","name":"Fin de Gre\u0300Ve au CHN: un Protocole D\u2019Accord Enfin Signe\u0301 - Comores","isPartOf":{"@id":"https:\/\/www.africa-press.net\/comores\/#website"},"primaryImageOfPage":{"@id":"https:\/\/www.africa-press.net\/comores\/politique\/fin-de-greve-au-chn-un-protocole-daccord-enfin-signe#primaryimage"},"image":{"@id":"https:\/\/www.africa-press.net\/comores\/politique\/fin-de-greve-au-chn-un-protocole-daccord-enfin-signe#primaryimage"},"thumbnailUrl":"https:\/\/static.africa-press.net\/centrafricaine\/sites\/48\/2026\/04\/sm_1777577061.24914.jpg","datePublished":"2026-04-30T15:00:00+00:00","author":{"@id":"https:\/\/www.africa-press.net\/comores\/#\/schema\/person\/2b1cf3cd81a31e3cd26889ca66d677f1"},"breadcrumb":{"@id":"https:\/\/www.africa-press.net\/comores\/politique\/fin-de-greve-au-chn-un-protocole-daccord-enfin-signe#breadcrumb"},"inLanguage":"fr-FR","potentialAction":[{"@type":"ReadAction","target":["https:\/\/www.africa-press.net\/comores\/politique\/fin-de-greve-au-chn-un-protocole-daccord-enfin-signe"]}]},{"@type":"ImageObject","inLanguage":"fr-FR","@id":"https:\/\/www.africa-press.net\/comores\/politique\/fin-de-greve-au-chn-un-protocole-daccord-enfin-signe#primaryimage","url":"https:\/\/static.africa-press.net\/centrafricaine\/sites\/48\/2026\/04\/sm_1777577061.24914.jpg","contentUrl":"https:\/\/static.africa-press.net\/centrafricaine\/sites\/48\/2026\/04\/sm_1777577061.24914.jpg","width":1280,"height":960,"caption":"Fin de Gre\u0300Ve au CHN: un Protocole D\u2019Accord Enfin Signe\u0301"},{"@type":"BreadcrumbList","@id":"https:\/\/www.africa-press.net\/comores\/politique\/fin-de-greve-au-chn-un-protocole-daccord-enfin-signe#breadcrumb","itemListElement":[{"@type":"ListItem","position":1,"name":"Accueil","item":"https:\/\/www.africa-press.net\/comores\/"},{"@type":"ListItem","position":2,"name":"Fin de Gre\u0300Ve au CHN: un Protocole D\u2019Accord Enfin Signe\u0301"}]},{"@type":"WebSite","@id":"https:\/\/www.africa-press.net\/comores\/#website","url":"https:\/\/www.africa-press.net\/comores\/","name":"Comores","description":"Just another Africa News Agency Sites site","potentialAction":[{"@type":"SearchAction","target":{"@type":"EntryPoint","urlTemplate":"https:\/\/www.africa-press.net\/comores\/?s={search_term_string}"},"query-input":{"@type":"PropertyValueSpecification","valueRequired":true,"valueName":"search_term_string"}}],"inLanguage":"fr-FR"},{"@type":"Person","@id":"https:\/\/www.africa-press.net\/comores\/#\/schema\/person\/2b1cf3cd81a31e3cd26889ca66d677f1","name":"cfeditorfr"}]}},"_links":{"self":[{"href":"https:\/\/www.africa-press.net\/comores\/wp-json\/wp\/v2\/posts\/32592","targetHints":{"allow":["GET"]}}],"collection":[{"href":"https:\/\/www.africa-press.net\/comores\/wp-json\/wp\/v2\/posts"}],"about":[{"href":"https:\/\/www.africa-press.net\/comores\/wp-json\/wp\/v2\/types\/post"}],"author":[{"embeddable":true,"href":"https:\/\/www.africa-press.net\/comores\/wp-json\/wp\/v2\/users\/82"}],"replies":[{"embeddable":true,"href":"https:\/\/www.africa-press.net\/comores\/wp-json\/wp\/v2\/comments?post=32592"}],"version-history":[{"count":0,"href":"https:\/\/www.africa-press.net\/comores\/wp-json\/wp\/v2\/posts\/32592\/revisions"}],"wp:featuredmedia":[{"embeddable":true,"href":"https:\/\/www.africa-press.net\/comores\/wp-json\/wp\/v2\/media\/32591"}],"wp:attachment":[{"href":"https:\/\/www.africa-press.net\/comores\/wp-json\/wp\/v2\/media?parent=32592"}],"wp:term":[{"taxonomy":"category","embeddable":true,"href":"https:\/\/www.africa-press.net\/comores\/wp-json\/wp\/v2\/categories?post=32592"},{"taxonomy":"post_tag","embeddable":true,"href":"https:\/\/www.africa-press.net\/comores\/wp-json\/wp\/v2\/tags?post=32592"}],"curies":[{"name":"wp","href":"https:\/\/api.w.org\/{rel}","templated":true}]}}