{"id":4699,"date":"2022-10-07T12:17:57","date_gmt":"2022-10-07T12:17:57","guid":{"rendered":"https:\/\/www.africa-press.net\/comores\/politique\/la-mise-en-place-de-lassurance-maladie-generalisee-au-coeur-des-echanges"},"modified":"2022-10-07T12:17:57","modified_gmt":"2022-10-07T12:17:57","slug":"la-mise-en-place-de-lassurance-maladie-generalisee-au-coeur-des-echanges","status":"publish","type":"post","link":"https:\/\/www.africa-press.net\/comores\/economie\/la-mise-en-place-de-lassurance-maladie-generalisee-au-coeur-des-echanges","title":{"rendered":"La mise en place de l\u2019assurance maladie g\u00e9n\u00e9ralis\u00e9e au c\u0153ur des \u00e9changes"},"content":{"rendered":"<p><span style=\"color: #ff6600\"><strong>Africa-Press &#8211; Comores. <\/strong><\/span><b>Deux sujets importants ont fait l\u2019objet du conseil des ministres hier mercredi 05 octobre \u00e0 savoir la mise en place de l\u2019assurance maladie g\u00e9n\u00e9ralis\u00e9e (AMG) et le dialogue inter-comorien o\u00f9 une s\u00e9rie des recommandations ont \u00e9t\u00e9 faites et ont fait l\u2019objet de projets de loi qui seront soumis \u00e0 l\u2019Assembl\u00e9e Nationale. <\/b><\/p>\n<p>Le conseil hebdomadaire des ministres s\u2019est tenu hier mercredi 05 octobre au palais pr\u00e9sidentiel de Beit-Salam sous la pr\u00e9sidence du chef de l\u2019Etat Azali Assoumani. Deux sujets essentiels ont fait l\u2019ordre du jour, \u00e0 savoir la mise en place de l\u2019assurance maladie g\u00e9n\u00e9ralis\u00e9e (AMG) et le dialogue national. Devant la presse, le porte-parole parole du gouvernement Houmed Msaidie a expliqu\u00e9 que la question de l\u2019assurance maladie a fait l\u2019objet de plusieurs \u00e9tudes et discussions. Il reste donc sa mise en place. Selon lui, il s\u2019agit d\u2019un projet tr\u00e8s important visant \u00e0 faciliter l\u2019acc\u00e8s aux soins \u00e0 la population. \u00ab Ce projet vise l\u2019am\u00e9lioration de l\u2019acc\u00e8s aux soins des comoriens en leur garantissant une couverture sanitaire maladie \u00e9largie, \u00e0 co\u00fbt r\u00e9duit et surtout des soins accessibles et de qualit\u00e9. Cela va permettre d\u2019avoir les soins et de payer apr\u00e8s les avoir re\u00e7u. Ce projet est tr\u00e8s important pour chacun de nous tous \u00bb, avance-t-il. Notons que ce projet va accompagner pour pr\u00e8s de 9 millions d\u2019euros, la prise en charge d\u2019une partie de d\u00e9penses de sant\u00e9 au b\u00e9n\u00e9fice d\u2019environ 130.000 comoriens dont 60% des femmes affili\u00e9es \u00e0 l\u2019assurance maladie g\u00e9n\u00e9ralis\u00e9e \u00e0 l\u2019horizon 2025.<\/p>\n<p>Au sujet du dialogue inter-comorien tenu en f\u00e9vrier et mars 2022, plusieurs recommandations ont \u00e9t\u00e9 faites et ont par la suite abouti \u00e0 des projets de lois, notamment le code \u00e9lectoral r\u00e9vis\u00e9, le statut de l\u2019opposition, l\u2019\u00e9lection pr\u00e9sidentielle, une loi qui concerne les d\u00e9put\u00e9s \u00e0 l\u2019assembl\u00e9e et le statut des partis politiques. \u00ab Ce sont des r\u00e9sultats issus du dialogue. Nous nous sommes mis d\u2019accord sur ces projets de lois, qui vont \u00eatre d\u00e9pos\u00e9s \u00e0 l\u2019Assembl\u00e9e Nationale pour adoption \u00bb, souligne-t-il, avant d\u2019ajouter que \u00ab le chef de l\u2019Etat a insist\u00e9 que les partis politiques existants peuvent consulter ces projets pour s\u2019impr\u00e9gner de leur contenu \u00bb. Pour rappel, une grande partie des forces d\u2019opposition avait d\u00e9clin\u00e9 l\u2019invitation \u00e0 ce dialogue, estimant que les conditions pr\u00e9alables de sa participation n\u2019\u00e9taient pas r\u00e9unie, notamment la lib\u00e9ration des d\u00e9tenus politiques dont l\u2019ancien pr\u00e9sident Ahmed Abdallah Mohamed Sambi et l\u2019ancien gouverneur Salami Abdou.<\/p>\n<p><strong>Pour plus d&rsquo;informations et d&rsquo;analyses sur la <a href=\"https:\/\/www.africa-press.net\/comores\">Comores<\/a>, suivez <a href=\"https:\/\/www.africa-press.net\/\">Africa-Press<\/a><\/strong><\/p>\n","protected":false},"excerpt":{"rendered":"<p>Africa-Press &#8211; Comores. Deux sujets importants ont fait l\u2019objet du conseil des ministres hier mercredi 05 octobre \u00e0 savoir la mise en place de l\u2019assurance maladie g\u00e9n\u00e9ralis\u00e9e (AMG) et le dialogue inter-comorien o\u00f9 une s\u00e9rie des recommandations ont \u00e9t\u00e9 faites et ont fait l\u2019objet de projets de loi qui seront soumis \u00e0 l\u2019Assembl\u00e9e Nationale. Le [&hellip;]<\/p>\n","protected":false},"author":82,"featured_media":4698,"comment_status":"open","ping_status":"closed","sticky":false,"template":"","format":"standard","meta":{"footnotes":""},"categories":[3,11,10],"tags":[36,53,45],"class_list":["post-4699","post","type-post","status-publish","format-standard","has-post-thumbnail","hentry","category-economie","category-homepage-french","category-toutes-les-actualites","tag-africa-press","tag-africa-press-comores","tag-comores"],"yoast_head":"<!-- This site is optimized with the Yoast SEO Premium plugin v26.1 (Yoast SEO v27.0) - https:\/\/yoast.com\/product\/yoast-seo-premium-wordpress\/ -->\n<title>La mise en place de l\u2019assurance maladie g\u00e9n\u00e9ralis\u00e9e au c\u0153ur des \u00e9changes - Comores<\/title>\n<meta name=\"robots\" content=\"index, follow, max-snippet:-1, max-image-preview:large, max-video-preview:-1\" \/>\n<link rel=\"canonical\" href=\"https:\/\/www.africa-press.net\/comores\/politique\/la-mise-en-place-de-lassurance-maladie-generalisee-au-coeur-des-echanges\" \/>\n<meta property=\"og:locale\" content=\"fr_FR\" \/>\n<meta property=\"og:type\" content=\"article\" \/>\n<meta property=\"og:title\" content=\"La mise en place de l\u2019assurance maladie g\u00e9n\u00e9ralis\u00e9e au c\u0153ur des \u00e9changes\" \/>\n<meta property=\"og:description\" content=\"Africa-Press &#8211; Comores. Deux sujets importants ont fait l\u2019objet du conseil des ministres hier mercredi 05 octobre \u00e0 savoir la mise en place de l\u2019assurance maladie g\u00e9n\u00e9ralis\u00e9e (AMG) et le dialogue inter-comorien o\u00f9 une s\u00e9rie des recommandations ont \u00e9t\u00e9 faites et ont fait l\u2019objet de projets de loi qui seront soumis \u00e0 l\u2019Assembl\u00e9e Nationale. Le [&hellip;]\" \/>\n<meta property=\"og:url\" content=\"https:\/\/www.africa-press.net\/comores\/politique\/la-mise-en-place-de-lassurance-maladie-generalisee-au-coeur-des-echanges\" \/>\n<meta property=\"og:site_name\" content=\"Comores\" \/>\n<meta property=\"article:published_time\" content=\"2022-10-07T12:17:57+00:00\" \/>\n<meta name=\"author\" content=\"cfeditorfr\" \/>\n<meta name=\"twitter:card\" content=\"summary_large_image\" \/>\n<meta name=\"twitter:label1\" content=\"\u00c9crit par\" \/>\n\t<meta name=\"twitter:data1\" content=\"cfeditorfr\" \/>\n\t<meta name=\"twitter:label2\" content=\"Dur\u00e9e de lecture estim\u00e9e\" \/>\n\t<meta name=\"twitter:data2\" content=\"2 minutes\" \/>\n<script type=\"application\/ld+json\" class=\"yoast-schema-graph\">{\"@context\":\"https:\/\/schema.org\",\"@graph\":[{\"@type\":\"Article\",\"@id\":\"https:\/\/www.africa-press.net\/comores\/politique\/la-mise-en-place-de-lassurance-maladie-generalisee-au-coeur-des-echanges#article\",\"isPartOf\":{\"@id\":\"https:\/\/www.africa-press.net\/comores\/politique\/la-mise-en-place-de-lassurance-maladie-generalisee-au-coeur-des-echanges\"},\"author\":{\"name\":\"cfeditorfr\",\"@id\":\"https:\/\/www.africa-press.net\/comores\/#\/schema\/person\/2b1cf3cd81a31e3cd26889ca66d677f1\"},\"headline\":\"La mise en place de l\u2019assurance maladie g\u00e9n\u00e9ralis\u00e9e au c\u0153ur des \u00e9changes\",\"datePublished\":\"2022-10-07T12:17:57+00:00\",\"mainEntityOfPage\":{\"@id\":\"https:\/\/www.africa-press.net\/comores\/politique\/la-mise-en-place-de-lassurance-maladie-generalisee-au-coeur-des-echanges\"},\"wordCount\":477,\"commentCount\":0,\"image\":{\"@id\":\"https:\/\/www.africa-press.net\/comores\/politique\/la-mise-en-place-de-lassurance-maladie-generalisee-au-coeur-des-echanges#primaryimage\"},\"thumbnailUrl\":\"https:\/\/static.africa-press.net\/centrafricaine\/sites\/48\/2022\/10\/postQueueImg_2-63401b4521a33.jpg\",\"keywords\":[\"Africa Press\",\"Africa Press-Comores\",\"Comores\"],\"articleSection\":[\"\u00c9conomie\",\"homepage-french\",\"Toutes les actualit\u00e9s\"],\"inLanguage\":\"fr-FR\",\"potentialAction\":[{\"@type\":\"CommentAction\",\"name\":\"Comment\",\"target\":[\"https:\/\/www.africa-press.net\/comores\/politique\/la-mise-en-place-de-lassurance-maladie-generalisee-au-coeur-des-echanges#respond\"]}]},{\"@type\":\"WebPage\",\"@id\":\"https:\/\/www.africa-press.net\/comores\/politique\/la-mise-en-place-de-lassurance-maladie-generalisee-au-coeur-des-echanges\",\"url\":\"https:\/\/www.africa-press.net\/comores\/politique\/la-mise-en-place-de-lassurance-maladie-generalisee-au-coeur-des-echanges\",\"name\":\"La mise en place de l\u2019assurance maladie g\u00e9n\u00e9ralis\u00e9e au c\u0153ur des \u00e9changes - Comores\",\"isPartOf\":{\"@id\":\"https:\/\/www.africa-press.net\/comores\/#website\"},\"primaryImageOfPage\":{\"@id\":\"https:\/\/www.africa-press.net\/comores\/politique\/la-mise-en-place-de-lassurance-maladie-generalisee-au-coeur-des-echanges#primaryimage\"},\"image\":{\"@id\":\"https:\/\/www.africa-press.net\/comores\/politique\/la-mise-en-place-de-lassurance-maladie-generalisee-au-coeur-des-echanges#primaryimage\"},\"thumbnailUrl\":\"https:\/\/static.africa-press.net\/centrafricaine\/sites\/48\/2022\/10\/postQueueImg_2-63401b4521a33.jpg\",\"datePublished\":\"2022-10-07T12:17:57+00:00\",\"author\":{\"@id\":\"https:\/\/www.africa-press.net\/comores\/#\/schema\/person\/2b1cf3cd81a31e3cd26889ca66d677f1\"},\"breadcrumb\":{\"@id\":\"https:\/\/www.africa-press.net\/comores\/politique\/la-mise-en-place-de-lassurance-maladie-generalisee-au-coeur-des-echanges#breadcrumb\"},\"inLanguage\":\"fr-FR\",\"potentialAction\":[{\"@type\":\"ReadAction\",\"target\":[\"https:\/\/www.africa-press.net\/comores\/politique\/la-mise-en-place-de-lassurance-maladie-generalisee-au-coeur-des-echanges\"]}]},{\"@type\":\"ImageObject\",\"inLanguage\":\"fr-FR\",\"@id\":\"https:\/\/www.africa-press.net\/comores\/politique\/la-mise-en-place-de-lassurance-maladie-generalisee-au-coeur-des-echanges#primaryimage\",\"url\":\"https:\/\/static.africa-press.net\/centrafricaine\/sites\/48\/2022\/10\/postQueueImg_2-63401b4521a33.jpg\",\"contentUrl\":\"https:\/\/static.africa-press.net\/centrafricaine\/sites\/48\/2022\/10\/postQueueImg_2-63401b4521a33.jpg\",\"width\":720,\"height\":436,\"caption\":\"La mise en place de l\u2019assurance maladie g\u00e9n\u00e9ralis\u00e9e au c\u0153ur des \u00e9changes\"},{\"@type\":\"BreadcrumbList\",\"@id\":\"https:\/\/www.africa-press.net\/comores\/politique\/la-mise-en-place-de-lassurance-maladie-generalisee-au-coeur-des-echanges#breadcrumb\",\"itemListElement\":[{\"@type\":\"ListItem\",\"position\":1,\"name\":\"Accueil\",\"item\":\"https:\/\/www.africa-press.net\/comores\/\"},{\"@type\":\"ListItem\",\"position\":2,\"name\":\"La mise en place de l\u2019assurance maladie g\u00e9n\u00e9ralis\u00e9e au c\u0153ur des \u00e9changes\"}]},{\"@type\":\"WebSite\",\"@id\":\"https:\/\/www.africa-press.net\/comores\/#website\",\"url\":\"https:\/\/www.africa-press.net\/comores\/\",\"name\":\"Comores\",\"description\":\"Just another Africa News Agency Sites site\",\"potentialAction\":[{\"@type\":\"SearchAction\",\"target\":{\"@type\":\"EntryPoint\",\"urlTemplate\":\"https:\/\/www.africa-press.net\/comores\/?s={search_term_string}\"},\"query-input\":{\"@type\":\"PropertyValueSpecification\",\"valueRequired\":true,\"valueName\":\"search_term_string\"}}],\"inLanguage\":\"fr-FR\"},{\"@type\":\"Person\",\"@id\":\"https:\/\/www.africa-press.net\/comores\/#\/schema\/person\/2b1cf3cd81a31e3cd26889ca66d677f1\",\"name\":\"cfeditorfr\"}]}<\/script>\n<!-- \/ Yoast SEO Premium plugin. -->","yoast_head_json":{"title":"La mise en place de l\u2019assurance maladie g\u00e9n\u00e9ralis\u00e9e au c\u0153ur des \u00e9changes - Comores","robots":{"index":"index","follow":"follow","max-snippet":"max-snippet:-1","max-image-preview":"max-image-preview:large","max-video-preview":"max-video-preview:-1"},"canonical":"https:\/\/www.africa-press.net\/comores\/politique\/la-mise-en-place-de-lassurance-maladie-generalisee-au-coeur-des-echanges","og_locale":"fr_FR","og_type":"article","og_title":"La mise en place de l\u2019assurance maladie g\u00e9n\u00e9ralis\u00e9e au c\u0153ur des \u00e9changes","og_description":"Africa-Press &#8211; Comores. Deux sujets importants ont fait l\u2019objet du conseil des ministres hier mercredi 05 octobre \u00e0 savoir la mise en place de l\u2019assurance maladie g\u00e9n\u00e9ralis\u00e9e (AMG) et le dialogue inter-comorien o\u00f9 une s\u00e9rie des recommandations ont \u00e9t\u00e9 faites et ont fait l\u2019objet de projets de loi qui seront soumis \u00e0 l\u2019Assembl\u00e9e Nationale. Le [&hellip;]","og_url":"https:\/\/www.africa-press.net\/comores\/politique\/la-mise-en-place-de-lassurance-maladie-generalisee-au-coeur-des-echanges","og_site_name":"Comores","article_published_time":"2022-10-07T12:17:57+00:00","author":"cfeditorfr","twitter_card":"summary_large_image","twitter_misc":{"\u00c9crit par":"cfeditorfr","Dur\u00e9e de lecture estim\u00e9e":"2 minutes"},"schema":{"@context":"https:\/\/schema.org","@graph":[{"@type":"Article","@id":"https:\/\/www.africa-press.net\/comores\/politique\/la-mise-en-place-de-lassurance-maladie-generalisee-au-coeur-des-echanges#article","isPartOf":{"@id":"https:\/\/www.africa-press.net\/comores\/politique\/la-mise-en-place-de-lassurance-maladie-generalisee-au-coeur-des-echanges"},"author":{"name":"cfeditorfr","@id":"https:\/\/www.africa-press.net\/comores\/#\/schema\/person\/2b1cf3cd81a31e3cd26889ca66d677f1"},"headline":"La mise en place de l\u2019assurance maladie g\u00e9n\u00e9ralis\u00e9e au c\u0153ur des \u00e9changes","datePublished":"2022-10-07T12:17:57+00:00","mainEntityOfPage":{"@id":"https:\/\/www.africa-press.net\/comores\/politique\/la-mise-en-place-de-lassurance-maladie-generalisee-au-coeur-des-echanges"},"wordCount":477,"commentCount":0,"image":{"@id":"https:\/\/www.africa-press.net\/comores\/politique\/la-mise-en-place-de-lassurance-maladie-generalisee-au-coeur-des-echanges#primaryimage"},"thumbnailUrl":"https:\/\/static.africa-press.net\/centrafricaine\/sites\/48\/2022\/10\/postQueueImg_2-63401b4521a33.jpg","keywords":["Africa Press","Africa Press-Comores","Comores"],"articleSection":["\u00c9conomie","homepage-french","Toutes les actualit\u00e9s"],"inLanguage":"fr-FR","potentialAction":[{"@type":"CommentAction","name":"Comment","target":["https:\/\/www.africa-press.net\/comores\/politique\/la-mise-en-place-de-lassurance-maladie-generalisee-au-coeur-des-echanges#respond"]}]},{"@type":"WebPage","@id":"https:\/\/www.africa-press.net\/comores\/politique\/la-mise-en-place-de-lassurance-maladie-generalisee-au-coeur-des-echanges","url":"https:\/\/www.africa-press.net\/comores\/politique\/la-mise-en-place-de-lassurance-maladie-generalisee-au-coeur-des-echanges","name":"La mise en place de l\u2019assurance maladie g\u00e9n\u00e9ralis\u00e9e au c\u0153ur des \u00e9changes - Comores","isPartOf":{"@id":"https:\/\/www.africa-press.net\/comores\/#website"},"primaryImageOfPage":{"@id":"https:\/\/www.africa-press.net\/comores\/politique\/la-mise-en-place-de-lassurance-maladie-generalisee-au-coeur-des-echanges#primaryimage"},"image":{"@id":"https:\/\/www.africa-press.net\/comores\/politique\/la-mise-en-place-de-lassurance-maladie-generalisee-au-coeur-des-echanges#primaryimage"},"thumbnailUrl":"https:\/\/static.africa-press.net\/centrafricaine\/sites\/48\/2022\/10\/postQueueImg_2-63401b4521a33.jpg","datePublished":"2022-10-07T12:17:57+00:00","author":{"@id":"https:\/\/www.africa-press.net\/comores\/#\/schema\/person\/2b1cf3cd81a31e3cd26889ca66d677f1"},"breadcrumb":{"@id":"https:\/\/www.africa-press.net\/comores\/politique\/la-mise-en-place-de-lassurance-maladie-generalisee-au-coeur-des-echanges#breadcrumb"},"inLanguage":"fr-FR","potentialAction":[{"@type":"ReadAction","target":["https:\/\/www.africa-press.net\/comores\/politique\/la-mise-en-place-de-lassurance-maladie-generalisee-au-coeur-des-echanges"]}]},{"@type":"ImageObject","inLanguage":"fr-FR","@id":"https:\/\/www.africa-press.net\/comores\/politique\/la-mise-en-place-de-lassurance-maladie-generalisee-au-coeur-des-echanges#primaryimage","url":"https:\/\/static.africa-press.net\/centrafricaine\/sites\/48\/2022\/10\/postQueueImg_2-63401b4521a33.jpg","contentUrl":"https:\/\/static.africa-press.net\/centrafricaine\/sites\/48\/2022\/10\/postQueueImg_2-63401b4521a33.jpg","width":720,"height":436,"caption":"La mise en place de l\u2019assurance maladie g\u00e9n\u00e9ralis\u00e9e au c\u0153ur des \u00e9changes"},{"@type":"BreadcrumbList","@id":"https:\/\/www.africa-press.net\/comores\/politique\/la-mise-en-place-de-lassurance-maladie-generalisee-au-coeur-des-echanges#breadcrumb","itemListElement":[{"@type":"ListItem","position":1,"name":"Accueil","item":"https:\/\/www.africa-press.net\/comores\/"},{"@type":"ListItem","position":2,"name":"La mise en place de l\u2019assurance maladie g\u00e9n\u00e9ralis\u00e9e au c\u0153ur des \u00e9changes"}]},{"@type":"WebSite","@id":"https:\/\/www.africa-press.net\/comores\/#website","url":"https:\/\/www.africa-press.net\/comores\/","name":"Comores","description":"Just another Africa News Agency Sites site","potentialAction":[{"@type":"SearchAction","target":{"@type":"EntryPoint","urlTemplate":"https:\/\/www.africa-press.net\/comores\/?s={search_term_string}"},"query-input":{"@type":"PropertyValueSpecification","valueRequired":true,"valueName":"search_term_string"}}],"inLanguage":"fr-FR"},{"@type":"Person","@id":"https:\/\/www.africa-press.net\/comores\/#\/schema\/person\/2b1cf3cd81a31e3cd26889ca66d677f1","name":"cfeditorfr"}]}},"_links":{"self":[{"href":"https:\/\/www.africa-press.net\/comores\/wp-json\/wp\/v2\/posts\/4699","targetHints":{"allow":["GET"]}}],"collection":[{"href":"https:\/\/www.africa-press.net\/comores\/wp-json\/wp\/v2\/posts"}],"about":[{"href":"https:\/\/www.africa-press.net\/comores\/wp-json\/wp\/v2\/types\/post"}],"author":[{"embeddable":true,"href":"https:\/\/www.africa-press.net\/comores\/wp-json\/wp\/v2\/users\/82"}],"replies":[{"embeddable":true,"href":"https:\/\/www.africa-press.net\/comores\/wp-json\/wp\/v2\/comments?post=4699"}],"version-history":[{"count":0,"href":"https:\/\/www.africa-press.net\/comores\/wp-json\/wp\/v2\/posts\/4699\/revisions"}],"wp:featuredmedia":[{"embeddable":true,"href":"https:\/\/www.africa-press.net\/comores\/wp-json\/wp\/v2\/media\/4698"}],"wp:attachment":[{"href":"https:\/\/www.africa-press.net\/comores\/wp-json\/wp\/v2\/media?parent=4699"}],"wp:term":[{"taxonomy":"category","embeddable":true,"href":"https:\/\/www.africa-press.net\/comores\/wp-json\/wp\/v2\/categories?post=4699"},{"taxonomy":"post_tag","embeddable":true,"href":"https:\/\/www.africa-press.net\/comores\/wp-json\/wp\/v2\/tags?post=4699"}],"curies":[{"name":"wp","href":"https:\/\/api.w.org\/{rel}","templated":true}]}}