{"id":4710,"date":"2022-10-07T12:52:48","date_gmt":"2022-10-07T12:52:48","guid":{"rendered":"https:\/\/www.africa-press.net\/comores\/politique\/nous-devons-briser-les-tabous"},"modified":"2022-10-07T13:33:20","modified_gmt":"2022-10-07T13:33:20","slug":"nous-devons-briser-les-tabous","status":"publish","type":"post","link":"https:\/\/www.africa-press.net\/comores\/dossiers\/nous-devons-briser-les-tabous","title":{"rendered":"\u00ab\u00a0Nous devons briser les tabous\u00a0\u00bb"},"content":{"rendered":"<p><b>Propos recueillis par Andjouza Abouheir<\/b><\/p>\n<p><span style=\"color: #ff6600\"><strong>Africa-Press &#8211; Comores. <\/strong><\/span><b>Consciente que les maladies de sant\u00e9 mentale peuvent toucher n\u2019importe qui, Farah Moussa, se veut r\u00e9siliente. Elle cr\u00e9e l\u2019association \u00ab espoir \u00bb pour \u00eatre une \u00e9paule et un soutien pour les gens atteintes de ces pathologies. Dans cette interview, elle nous montre comment elle a eu l\u2019id\u00e9e de cr\u00e9er son association et ses perspectives.<\/b><br \/>\n<b>Question: D\u2019o\u00f9 vient l\u2019id\u00e9e de cr\u00e9er une association pour les personnes atteintes de maladies mentales ?<\/b><br \/>\n<b>Farah Moussa<\/b> : c\u2019est d\u2019abord, par rapport \u00e0 mon parcours universitaire, j\u2019ai un master en droit des personnes vuln\u00e9rables. En cr\u00e9ant cette association je me retrouve un peu dans mon domaine de pr\u00e9dilection m\u00eame si actuellement j\u2019exerce dans le notariat. Outre cela, l\u2019id\u00e9e de cr\u00e9er l\u2019association m\u2019est venue par une demande formul\u00e9e par un ami atteint par une maladie mentale. Il a des moments de lucidit\u00e9 et des moments de d\u00e9mence. Et un jour, , il m\u2019a fait part de sa souffrance et m&rsquo;a demand\u00e9 de l&rsquo;aide. Apr\u00e8s plusieurs ann\u00e9es de r\u00e9flexion, je me suis dit que plusieurs personnes se trouvent dans cette m\u00eame situation et m\u00e9ritent d\u2019\u00eatre soutenu. Je suis arriv\u00e9e \u00e0 l\u2019id\u00e9e de cr\u00e9er cette association pour \u00e9pauler ces personnes.<\/p>\n<p><b>Question : Avez-vous \u00e9valu\u00e9 la situation au niveau du pays ?<\/b><br \/>\n<b>F.M :<\/b> pour le moment non. Mais rien qu\u2019en regardant autour de nous, on n\u2019en voit pas mal des gens dans cette situation. Le probl\u00e8me est r\u00e9el, prend de l\u2019ampleur et on ne se rend pas compte. Hier m\u00eame, j\u2019ai essay\u00e9 de sensibiliser quelques personnes autour de moi et j\u2019ai eu des r\u00e9v\u00e9lations de plusieurs cas. Les maladies mentales touchent tous les \u00e2ges et toutes les cat\u00e9gories sociales. Nous d\u00e9vons agir car personne n\u2019est \u00e0 l\u2019abri d\u2019une d\u00e9pression ou d\u2019une d\u00e9mence. Il suffit juste d\u2019un rien pour qu\u2019on se retrouve fragilis\u00e9 mentalement.<\/p>\n<p><b>Question : Avez-vous des axes strat\u00e9giques \u00e0 mettre en place ?<\/b><br \/>\n<b>F.M :<\/b> Ce qu\u2019il faut retenir, est que notre association est tr\u00e8s jeune. Elle a \u00e9t\u00e9 cr\u00e9\u00e9e en avril 2022 mais c\u2019est en juin 2022, qu&rsquo;elle a \u00e9t\u00e9 enregistr\u00e9e officiellement. Nous n\u2019avons pas encore r\u00e9alis\u00e9 des activit\u00e9s. D\u2019ailleurs c\u2019est le 10 de ce mois que nous lancerons l&rsquo;association officiellement. Notre plan d\u2019action pr\u00e9voit des activit\u00e9s \u00e0 r\u00e9aliser dans l\u2019imm\u00e9diat, le court terme, le moyen terme et le long terme. C\u2019est un sujet tr\u00e8s vaste mais nous commencerons les urgences. La premi\u00e8re est de faire un recensement des cas, d&rsquo;abord \u00e0 Ngazidja, ensuite dans les autres \u00eeles. Nous avons un volontaire qui s\u2019est propos\u00e9 de nous cr\u00e9er un site web pour nous permettre d&rsquo;avoir une bonne visibilit\u00e9, et aussi faciliter le contact et le partage d&rsquo;informations notamment les signalements de cas, etc.<\/p>\n<p>Nous allons faire appel aux professionnels pour effectuer les consultations, classifier les cas, d\u00e9finir les besoins de chaque malades. Nous avons pens\u00e9 \u00e0 accompagner les familles. Parce que la personne atteinte mentalement, elle est \u00e9prouv\u00e9e personnellement et son entourage l\u2019est beaucoup plus.<\/p>\n<p>Sensibiliser la population sur l\u2019existence de ces maladies. Car malheureusement chez nous, la solution que nous avons quand une personne est atteinte de maladie mentale, c\u2019est d\u2019aller voir un marabout, un exorciste, se rendre dans les \u00e9tablissements religieux pour faire des pri\u00e8res.<\/p>\n<p>Nous comptons aussi prot\u00e9ger les biens des personnes atteintes des maladies mentales. La loi a pr\u00e9vu des dispositions pour prot\u00e9ger ces personnes et leurs biens. ces biens peuvent \u00eatre plac\u00e9s sous tutelle. Le juge peut nommer un tuteur pour leurs enfants mineurs d&rsquo;une personne en incapacit\u00e9 juridique et la gestion du patrimoine de cette personne.<\/p>\n<p><b>Question : le pays ne dispose pas d\u2019un plan ni d\u2019une strat\u00e9gie nationale pour la sant\u00e9 mentale, quelle est votre strat\u00e9gie afin de booster les gouvernants ?<\/b><br \/>\n<b>F.M : en principe lorsqu&rsquo;on<\/b> cr\u00e9e une association c&rsquo;est pour r\u00e9pondre \u00e0 une demande sp\u00e9cifique, apporter une solution \u00e0 un probl\u00e8me bien r\u00e9el. Nous comptons \u00eatre une force de propositions aupr\u00e8s du minist\u00e8re de la sant\u00e9. Nous pouvons participer dans la recherche de solutions du point de vue m\u00e9dical, social et l\u00e9gislatif. Je pense aussi qu\u2019il faut parfois partir du concret pour arriver \u00e0 un cadre l\u00e9gal. il y a certainement des choses qui sont d\u00e9j\u00e0 faites ou qui existent mais qui sont ignor\u00e9s. Nous comptons capitalier les acquis. Par le pays dispose d&rsquo;un m\u00e9decin psychiatre, dun infirmier psychiatre, de psychologues. Toutes ces forces peuvent \u00eatre r\u00e9unies pour un monde meilleur.<\/p>\n<p><b>Un dernier mot :<\/b><br \/>\n<b>F.M :<\/b> Nous devons briser les tabous. Les noirs ne sont pas des personnes insensibles, ou des supers h\u00e9ros, nous sommes avant tout des humains. Nous avons tous des moments de faiblesse, des moments de d\u00e9pression. Cela arrive \u00e0 tout le monde de traverser des moments difficiles et c\u2019est normal d\u2019en parler. Il faut savoir \u00e9vacuer. Nous n\u2019avons pas besoin d\u2019avoir une d\u00e9ception dans la vie pour voir un psychologue, parfois cela peut \u00eatre pour le besoin d&rsquo;\u00e9changer, ou d&rsquo;\u00eatre \u00e9cout\u00e9 par une personne qui ne nous portera pas de jugement.<\/p>\n<p><strong>Pour plus d&rsquo;informations et d&rsquo;analyses sur la <a href=\"https:\/\/www.africa-press.net\/comores\">Comores<\/a>, suivez <a href=\"https:\/\/www.africa-press.net\/\">Africa-Press<\/a><\/strong><\/p>\n","protected":false},"excerpt":{"rendered":"<p>Propos recueillis par Andjouza Abouheir Africa-Press &#8211; Comores. Consciente que les maladies de sant\u00e9 mentale peuvent toucher n\u2019importe qui, Farah Moussa, se veut r\u00e9siliente. Elle cr\u00e9e l\u2019association \u00ab espoir \u00bb pour \u00eatre une \u00e9paule et un soutien pour les gens atteintes de ces pathologies. Dans cette interview, elle nous montre comment elle a eu l\u2019id\u00e9e [&hellip;]<\/p>\n","protected":false},"author":82,"featured_media":4709,"comment_status":"open","ping_status":"closed","sticky":false,"template":"","format":"standard","meta":{"footnotes":""},"categories":[7,11,20,10],"tags":[36,53,45],"class_list":["post-4710","post","type-post","status-publish","format-standard","has-post-thumbnail","hentry","category-dossiers","category-homepage-french","category-top-nouvelles","category-toutes-les-actualites","tag-africa-press","tag-africa-press-comores","tag-comores"],"yoast_head":"<!-- This site is optimized with the Yoast SEO Premium plugin v26.1 (Yoast SEO v27.0) - https:\/\/yoast.com\/product\/yoast-seo-premium-wordpress\/ -->\n<title>\u00ab\u00a0Nous devons briser les tabous\u00a0\u00bb - Comores<\/title>\n<meta name=\"description\" content=\"Consciente que les maladies de sant\u00e9 mentale peuvent toucher n\u2019importe qui, Farah Moussa, se veut r\u00e9siliente. Elle cr ...\" \/>\n<meta name=\"robots\" content=\"index, follow, max-snippet:-1, max-image-preview:large, max-video-preview:-1\" \/>\n<link rel=\"canonical\" href=\"https:\/\/www.africa-press.net\/comores\/dossiers\/nous-devons-briser-les-tabous\" \/>\n<meta property=\"og:locale\" content=\"fr_FR\" \/>\n<meta property=\"og:type\" content=\"article\" \/>\n<meta property=\"og:title\" content=\"\u00ab\u00a0Nous devons briser les tabous\u00a0\u00bb\" \/>\n<meta property=\"og:description\" content=\"Consciente que les maladies de sant\u00e9 mentale peuvent toucher n\u2019importe qui, Farah Moussa, se veut r\u00e9siliente. Elle cr ...\" \/>\n<meta property=\"og:url\" content=\"https:\/\/www.africa-press.net\/comores\/dossiers\/nous-devons-briser-les-tabous\" \/>\n<meta property=\"og:site_name\" content=\"Comores\" \/>\n<meta property=\"article:published_time\" content=\"2022-10-07T12:52:48+00:00\" \/>\n<meta property=\"article:modified_time\" content=\"2022-10-07T13:33:20+00:00\" \/>\n<meta property=\"og:image\" content=\"https:\/\/static.africa-press.net\/centrafricaine\/sites\/48\/2022\/10\/postQueueImg_4-63402a7f08925.jpg\" \/>\n\t<meta property=\"og:image:width\" content=\"1000\" \/>\n\t<meta property=\"og:image:height\" content=\"750\" \/>\n\t<meta property=\"og:image:type\" content=\"image\/jpeg\" \/>\n<meta name=\"author\" content=\"cfeditorfr\" \/>\n<meta name=\"twitter:card\" content=\"summary_large_image\" \/>\n<meta name=\"twitter:label1\" content=\"\u00c9crit par\" \/>\n\t<meta name=\"twitter:data1\" content=\"cfeditorfr\" \/>\n\t<meta name=\"twitter:label2\" content=\"Dur\u00e9e de lecture estim\u00e9e\" \/>\n\t<meta name=\"twitter:data2\" content=\"5 minutes\" \/>\n<script type=\"application\/ld+json\" class=\"yoast-schema-graph\">{\"@context\":\"https:\/\/schema.org\",\"@graph\":[{\"@type\":\"Article\",\"@id\":\"https:\/\/www.africa-press.net\/comores\/dossiers\/nous-devons-briser-les-tabous#article\",\"isPartOf\":{\"@id\":\"https:\/\/www.africa-press.net\/comores\/dossiers\/nous-devons-briser-les-tabous\"},\"author\":{\"name\":\"cfeditorfr\",\"@id\":\"https:\/\/www.africa-press.net\/comores\/#\/schema\/person\/2b1cf3cd81a31e3cd26889ca66d677f1\"},\"headline\":\"\u00ab\u00a0Nous devons briser les tabous\u00a0\u00bb\",\"datePublished\":\"2022-10-07T12:52:48+00:00\",\"dateModified\":\"2022-10-07T13:33:20+00:00\",\"mainEntityOfPage\":{\"@id\":\"https:\/\/www.africa-press.net\/comores\/dossiers\/nous-devons-briser-les-tabous\"},\"wordCount\":937,\"commentCount\":0,\"image\":{\"@id\":\"https:\/\/www.africa-press.net\/comores\/dossiers\/nous-devons-briser-les-tabous#primaryimage\"},\"thumbnailUrl\":\"https:\/\/static.africa-press.net\/centrafricaine\/sites\/48\/2022\/10\/postQueueImg_4-63402a7f08925.jpg\",\"keywords\":[\"Africa Press\",\"Africa Press-Comores\",\"Comores\"],\"articleSection\":[\"Dossiers\",\"homepage-french\",\"Top Nouvelles\",\"Toutes les actualit\u00e9s\"],\"inLanguage\":\"fr-FR\",\"potentialAction\":[{\"@type\":\"CommentAction\",\"name\":\"Comment\",\"target\":[\"https:\/\/www.africa-press.net\/comores\/dossiers\/nous-devons-briser-les-tabous#respond\"]}]},{\"@type\":\"WebPage\",\"@id\":\"https:\/\/www.africa-press.net\/comores\/dossiers\/nous-devons-briser-les-tabous\",\"url\":\"https:\/\/www.africa-press.net\/comores\/dossiers\/nous-devons-briser-les-tabous\",\"name\":\"\u00ab\u00a0Nous devons briser les tabous\u00a0\u00bb - Comores\",\"isPartOf\":{\"@id\":\"https:\/\/www.africa-press.net\/comores\/#website\"},\"primaryImageOfPage\":{\"@id\":\"https:\/\/www.africa-press.net\/comores\/dossiers\/nous-devons-briser-les-tabous#primaryimage\"},\"image\":{\"@id\":\"https:\/\/www.africa-press.net\/comores\/dossiers\/nous-devons-briser-les-tabous#primaryimage\"},\"thumbnailUrl\":\"https:\/\/static.africa-press.net\/centrafricaine\/sites\/48\/2022\/10\/postQueueImg_4-63402a7f08925.jpg\",\"datePublished\":\"2022-10-07T12:52:48+00:00\",\"dateModified\":\"2022-10-07T13:33:20+00:00\",\"author\":{\"@id\":\"https:\/\/www.africa-press.net\/comores\/#\/schema\/person\/2b1cf3cd81a31e3cd26889ca66d677f1\"},\"description\":\"Consciente que les maladies de sant\u00e9 mentale peuvent toucher n\u2019importe qui, Farah Moussa, se veut r\u00e9siliente. Elle cr ...\",\"breadcrumb\":{\"@id\":\"https:\/\/www.africa-press.net\/comores\/dossiers\/nous-devons-briser-les-tabous#breadcrumb\"},\"inLanguage\":\"fr-FR\",\"potentialAction\":[{\"@type\":\"ReadAction\",\"target\":[\"https:\/\/www.africa-press.net\/comores\/dossiers\/nous-devons-briser-les-tabous\"]}]},{\"@type\":\"ImageObject\",\"inLanguage\":\"fr-FR\",\"@id\":\"https:\/\/www.africa-press.net\/comores\/dossiers\/nous-devons-briser-les-tabous#primaryimage\",\"url\":\"https:\/\/static.africa-press.net\/centrafricaine\/sites\/48\/2022\/10\/postQueueImg_4-63402a7f08925.jpg\",\"contentUrl\":\"https:\/\/static.africa-press.net\/centrafricaine\/sites\/48\/2022\/10\/postQueueImg_4-63402a7f08925.jpg\",\"width\":1000,\"height\":750,\"caption\":\"\u00ab\u00a0Nous devons briser les tabous\u00a0\u00bb\"},{\"@type\":\"BreadcrumbList\",\"@id\":\"https:\/\/www.africa-press.net\/comores\/dossiers\/nous-devons-briser-les-tabous#breadcrumb\",\"itemListElement\":[{\"@type\":\"ListItem\",\"position\":1,\"name\":\"Accueil\",\"item\":\"https:\/\/www.africa-press.net\/comores\/\"},{\"@type\":\"ListItem\",\"position\":2,\"name\":\"\u00ab\u00a0Nous devons briser les tabous\u00a0\u00bb\"}]},{\"@type\":\"WebSite\",\"@id\":\"https:\/\/www.africa-press.net\/comores\/#website\",\"url\":\"https:\/\/www.africa-press.net\/comores\/\",\"name\":\"Comores\",\"description\":\"Just another Africa News Agency Sites site\",\"potentialAction\":[{\"@type\":\"SearchAction\",\"target\":{\"@type\":\"EntryPoint\",\"urlTemplate\":\"https:\/\/www.africa-press.net\/comores\/?s={search_term_string}\"},\"query-input\":{\"@type\":\"PropertyValueSpecification\",\"valueRequired\":true,\"valueName\":\"search_term_string\"}}],\"inLanguage\":\"fr-FR\"},{\"@type\":\"Person\",\"@id\":\"https:\/\/www.africa-press.net\/comores\/#\/schema\/person\/2b1cf3cd81a31e3cd26889ca66d677f1\",\"name\":\"cfeditorfr\"}]}<\/script>\n<!-- \/ Yoast SEO Premium plugin. -->","yoast_head_json":{"title":"\u00ab\u00a0Nous devons briser les tabous\u00a0\u00bb - Comores","description":"Consciente que les maladies de sant\u00e9 mentale peuvent toucher n\u2019importe qui, Farah Moussa, se veut r\u00e9siliente. Elle cr ...","robots":{"index":"index","follow":"follow","max-snippet":"max-snippet:-1","max-image-preview":"max-image-preview:large","max-video-preview":"max-video-preview:-1"},"canonical":"https:\/\/www.africa-press.net\/comores\/dossiers\/nous-devons-briser-les-tabous","og_locale":"fr_FR","og_type":"article","og_title":"\u00ab\u00a0Nous devons briser les tabous\u00a0\u00bb","og_description":"Consciente que les maladies de sant\u00e9 mentale peuvent toucher n\u2019importe qui, Farah Moussa, se veut r\u00e9siliente. Elle cr ...","og_url":"https:\/\/www.africa-press.net\/comores\/dossiers\/nous-devons-briser-les-tabous","og_site_name":"Comores","article_published_time":"2022-10-07T12:52:48+00:00","article_modified_time":"2022-10-07T13:33:20+00:00","og_image":[{"width":1000,"height":750,"url":"https:\/\/static.africa-press.net\/centrafricaine\/sites\/48\/2022\/10\/postQueueImg_4-63402a7f08925.jpg","type":"image\/jpeg"}],"author":"cfeditorfr","twitter_card":"summary_large_image","twitter_misc":{"\u00c9crit par":"cfeditorfr","Dur\u00e9e de lecture estim\u00e9e":"5 minutes"},"schema":{"@context":"https:\/\/schema.org","@graph":[{"@type":"Article","@id":"https:\/\/www.africa-press.net\/comores\/dossiers\/nous-devons-briser-les-tabous#article","isPartOf":{"@id":"https:\/\/www.africa-press.net\/comores\/dossiers\/nous-devons-briser-les-tabous"},"author":{"name":"cfeditorfr","@id":"https:\/\/www.africa-press.net\/comores\/#\/schema\/person\/2b1cf3cd81a31e3cd26889ca66d677f1"},"headline":"\u00ab\u00a0Nous devons briser les tabous\u00a0\u00bb","datePublished":"2022-10-07T12:52:48+00:00","dateModified":"2022-10-07T13:33:20+00:00","mainEntityOfPage":{"@id":"https:\/\/www.africa-press.net\/comores\/dossiers\/nous-devons-briser-les-tabous"},"wordCount":937,"commentCount":0,"image":{"@id":"https:\/\/www.africa-press.net\/comores\/dossiers\/nous-devons-briser-les-tabous#primaryimage"},"thumbnailUrl":"https:\/\/static.africa-press.net\/centrafricaine\/sites\/48\/2022\/10\/postQueueImg_4-63402a7f08925.jpg","keywords":["Africa Press","Africa Press-Comores","Comores"],"articleSection":["Dossiers","homepage-french","Top Nouvelles","Toutes les actualit\u00e9s"],"inLanguage":"fr-FR","potentialAction":[{"@type":"CommentAction","name":"Comment","target":["https:\/\/www.africa-press.net\/comores\/dossiers\/nous-devons-briser-les-tabous#respond"]}]},{"@type":"WebPage","@id":"https:\/\/www.africa-press.net\/comores\/dossiers\/nous-devons-briser-les-tabous","url":"https:\/\/www.africa-press.net\/comores\/dossiers\/nous-devons-briser-les-tabous","name":"\u00ab\u00a0Nous devons briser les tabous\u00a0\u00bb - Comores","isPartOf":{"@id":"https:\/\/www.africa-press.net\/comores\/#website"},"primaryImageOfPage":{"@id":"https:\/\/www.africa-press.net\/comores\/dossiers\/nous-devons-briser-les-tabous#primaryimage"},"image":{"@id":"https:\/\/www.africa-press.net\/comores\/dossiers\/nous-devons-briser-les-tabous#primaryimage"},"thumbnailUrl":"https:\/\/static.africa-press.net\/centrafricaine\/sites\/48\/2022\/10\/postQueueImg_4-63402a7f08925.jpg","datePublished":"2022-10-07T12:52:48+00:00","dateModified":"2022-10-07T13:33:20+00:00","author":{"@id":"https:\/\/www.africa-press.net\/comores\/#\/schema\/person\/2b1cf3cd81a31e3cd26889ca66d677f1"},"description":"Consciente que les maladies de sant\u00e9 mentale peuvent toucher n\u2019importe qui, Farah Moussa, se veut r\u00e9siliente. Elle cr ...","breadcrumb":{"@id":"https:\/\/www.africa-press.net\/comores\/dossiers\/nous-devons-briser-les-tabous#breadcrumb"},"inLanguage":"fr-FR","potentialAction":[{"@type":"ReadAction","target":["https:\/\/www.africa-press.net\/comores\/dossiers\/nous-devons-briser-les-tabous"]}]},{"@type":"ImageObject","inLanguage":"fr-FR","@id":"https:\/\/www.africa-press.net\/comores\/dossiers\/nous-devons-briser-les-tabous#primaryimage","url":"https:\/\/static.africa-press.net\/centrafricaine\/sites\/48\/2022\/10\/postQueueImg_4-63402a7f08925.jpg","contentUrl":"https:\/\/static.africa-press.net\/centrafricaine\/sites\/48\/2022\/10\/postQueueImg_4-63402a7f08925.jpg","width":1000,"height":750,"caption":"\u00ab\u00a0Nous devons briser les tabous\u00a0\u00bb"},{"@type":"BreadcrumbList","@id":"https:\/\/www.africa-press.net\/comores\/dossiers\/nous-devons-briser-les-tabous#breadcrumb","itemListElement":[{"@type":"ListItem","position":1,"name":"Accueil","item":"https:\/\/www.africa-press.net\/comores\/"},{"@type":"ListItem","position":2,"name":"\u00ab\u00a0Nous devons briser les tabous\u00a0\u00bb"}]},{"@type":"WebSite","@id":"https:\/\/www.africa-press.net\/comores\/#website","url":"https:\/\/www.africa-press.net\/comores\/","name":"Comores","description":"Just another Africa News Agency Sites site","potentialAction":[{"@type":"SearchAction","target":{"@type":"EntryPoint","urlTemplate":"https:\/\/www.africa-press.net\/comores\/?s={search_term_string}"},"query-input":{"@type":"PropertyValueSpecification","valueRequired":true,"valueName":"search_term_string"}}],"inLanguage":"fr-FR"},{"@type":"Person","@id":"https:\/\/www.africa-press.net\/comores\/#\/schema\/person\/2b1cf3cd81a31e3cd26889ca66d677f1","name":"cfeditorfr"}]}},"_links":{"self":[{"href":"https:\/\/www.africa-press.net\/comores\/wp-json\/wp\/v2\/posts\/4710","targetHints":{"allow":["GET"]}}],"collection":[{"href":"https:\/\/www.africa-press.net\/comores\/wp-json\/wp\/v2\/posts"}],"about":[{"href":"https:\/\/www.africa-press.net\/comores\/wp-json\/wp\/v2\/types\/post"}],"author":[{"embeddable":true,"href":"https:\/\/www.africa-press.net\/comores\/wp-json\/wp\/v2\/users\/82"}],"replies":[{"embeddable":true,"href":"https:\/\/www.africa-press.net\/comores\/wp-json\/wp\/v2\/comments?post=4710"}],"version-history":[{"count":0,"href":"https:\/\/www.africa-press.net\/comores\/wp-json\/wp\/v2\/posts\/4710\/revisions"}],"wp:featuredmedia":[{"embeddable":true,"href":"https:\/\/www.africa-press.net\/comores\/wp-json\/wp\/v2\/media\/4709"}],"wp:attachment":[{"href":"https:\/\/www.africa-press.net\/comores\/wp-json\/wp\/v2\/media?parent=4710"}],"wp:term":[{"taxonomy":"category","embeddable":true,"href":"https:\/\/www.africa-press.net\/comores\/wp-json\/wp\/v2\/categories?post=4710"},{"taxonomy":"post_tag","embeddable":true,"href":"https:\/\/www.africa-press.net\/comores\/wp-json\/wp\/v2\/tags?post=4710"}],"curies":[{"name":"wp","href":"https:\/\/api.w.org\/{rel}","templated":true}]}}