{"id":4716,"date":"2022-10-07T12:54:33","date_gmt":"2022-10-07T12:54:33","guid":{"rendered":"https:\/\/www.africa-press.net\/comores\/politique\/azali-recoit-le-prix-dexcellence-du-padev"},"modified":"2022-10-07T13:34:31","modified_gmt":"2022-10-07T13:34:31","slug":"azali-recoit-le-prix-dexcellence-du-padev","status":"publish","type":"post","link":"https:\/\/www.africa-press.net\/comores\/politique\/azali-recoit-le-prix-dexcellence-du-padev","title":{"rendered":"Azali re\u00e7oit le Prix d\u2019Excellence du (PADEV)"},"content":{"rendered":"<p><span style=\"color: #ff6600\"><strong>Africa-Press &#8211; Comores. <\/strong><\/span><b>Le pr\u00e9sident Azali Assoumani a re\u00e7u le prix d\u2019excellence du Prix Africain de D\u00e9veloppement. Une c\u00e9r\u00e9monie a eu lieu ce mercredi 05 octobre au palais pr\u00e9sidentiel de Beit Salam en pr\u00e9sence des ministres.<\/b><\/p>\n<p>Pour r\u00e9compenser les efforts du pr\u00e9sident de la R\u00e9publique en faveur du d\u00e9veloppement socio-\u00e9conomique de son pays ainsi que sa contribution \u00e0 la paix et \u00e0 la stabilit\u00e9 dans la r\u00e9gion, le Prix Africain de D\u00e9veloppement (PADEV) d\u00e9cide de d\u00e9cerner son Prix d\u2019Excellence \u00e0 l\u2019Union des Comores. Tous les pays d\u2019Afrique qui \u00e9taient \u00e0 Kigali d\u00e9cident que ce prix revient \u00e0 Azali Assoumani, vu son orientation vers l\u2019\u00e9mergence \u00e0 l&rsquo;horizon 2030. \u00ab Je voudrais adresser mes vifs remerciements et ma profonde gratitude au Prix Africain de D\u00e9veloppement (PADEV) pour avoir bien voulu d\u00e9cerner son Prix d\u2019Excellence \u00e0 l\u2019Union des Comores, \u00e0 travers ma propre personne \u00bb, d\u00e9clare le chef de l&rsquo;Etat. Pour lui, ce prix va contribuer au rayonnement r\u00e9gional et international de notre pays et renforcer davantage notre d\u00e9termination \u00e0 \u0153uvrer pour plus de d\u00e9veloppement et pour plus de paix, de stabilit\u00e9 et de progr\u00e8s, dans le monde. \u00ab C\u2019est un r\u00e9el plaisir pour moi de recevoir ce prix, en votre nom \u00e0 toutes et \u00e0 tous, d\u2019autant plus qu\u2019il r\u00e9compense les actions que nous avons men\u00e9es, ensemble, ces derni\u00e8res ann\u00e9es, pour promouvoir le d\u00e9veloppement socio-\u00e9conomique de notre pays et contribuer \u00e0 la paix et \u00e0 la stabilit\u00e9 dans la r\u00e9gion \u00bb, dit-il.<\/p>\n<p>Selon le locataire de Beit Salam, au moment o\u00f9 nos pays sont confront\u00e9s aux cons\u00e9quences n\u00e9fastes de la pand\u00e9mie de COVID-19 exacerb\u00e9es par celles de la crise russo-ukrainienne, la reconnaissance des r\u00e9formes men\u00e9es, ne peut que nous rendre fiers et nous encourager \u00e0 poursuivre, sans rel\u00e2che, l\u2019\u00e9lan engag\u00e9. Le, pr\u00e9sident Azali a saisi l&rsquo;opportunit\u00e9 pour appeler \u00e0 plus d\u2019engagements et de d\u00e9termination dans le pays. \u00ab C\u2019est en joignant nos efforts que nous r\u00e9ussirons \u00e0 relever les nombreux d\u00e9fis auxquels nos pays sont confront\u00e9s, pour plus de paix, de stabilit\u00e9 et de d\u00e9veloppement dans le monde \u00bb, conclut-il.<\/p>\n<p><strong>Pour plus d&rsquo;informations et d&rsquo;analyses sur la <a href=\"https:\/\/www.africa-press.net\/comores\">Comores<\/a>, suivez <a href=\"https:\/\/www.africa-press.net\/\">Africa-Press<\/a><\/strong><\/p>\n","protected":false},"excerpt":{"rendered":"<p>Africa-Press &#8211; Comores. Le pr\u00e9sident Azali Assoumani a re\u00e7u le prix d\u2019excellence du Prix Africain de D\u00e9veloppement. Une c\u00e9r\u00e9monie a eu lieu ce mercredi 05 octobre au palais pr\u00e9sidentiel de Beit Salam en pr\u00e9sence des ministres. Pour r\u00e9compenser les efforts du pr\u00e9sident de la R\u00e9publique en faveur du d\u00e9veloppement socio-\u00e9conomique de son pays ainsi que [&hellip;]<\/p>\n","protected":false},"author":82,"featured_media":4715,"comment_status":"open","ping_status":"closed","sticky":false,"template":"","format":"standard","meta":{"footnotes":""},"categories":[11,2,52,20,10],"tags":[36,53,45],"class_list":["post-4716","post","type-post","status-publish","format-standard","has-post-thumbnail","hentry","category-homepage-french","category-politique","category-to-homepage","category-top-nouvelles","category-toutes-les-actualites","tag-africa-press","tag-africa-press-comores","tag-comores"],"yoast_head":"<!-- This site is optimized with the Yoast SEO Premium plugin v26.1 (Yoast SEO v27.0) - https:\/\/yoast.com\/product\/yoast-seo-premium-wordpress\/ -->\n<title>Azali re\u00e7oit le Prix d\u2019Excellence du (PADEV) - Comores<\/title>\n<meta name=\"description\" content=\"Le pr\u00e9sident Azali Assoumani a re\u00e7u le prix d\u2019excellence du Prix Africain de D\u00e9veloppement. Une c\u00e9r\u00e9monie a eu lieu c ...\" \/>\n<meta name=\"robots\" content=\"index, follow, max-snippet:-1, max-image-preview:large, max-video-preview:-1\" \/>\n<link rel=\"canonical\" href=\"https:\/\/www.africa-press.net\/comores\/politique\/azali-recoit-le-prix-dexcellence-du-padev\" \/>\n<meta property=\"og:locale\" content=\"fr_FR\" \/>\n<meta property=\"og:type\" content=\"article\" \/>\n<meta property=\"og:title\" content=\"Azali re\u00e7oit le Prix d\u2019Excellence du (PADEV)\" \/>\n<meta property=\"og:description\" content=\"Le pr\u00e9sident Azali Assoumani a re\u00e7u le prix d\u2019excellence du Prix Africain de D\u00e9veloppement. Une c\u00e9r\u00e9monie a eu lieu c ...\" \/>\n<meta property=\"og:url\" content=\"https:\/\/www.africa-press.net\/comores\/politique\/azali-recoit-le-prix-dexcellence-du-padev\" \/>\n<meta property=\"og:site_name\" content=\"Comores\" \/>\n<meta property=\"article:published_time\" content=\"2022-10-07T12:54:33+00:00\" \/>\n<meta property=\"article:modified_time\" content=\"2022-10-07T13:34:31+00:00\" \/>\n<meta property=\"og:image\" content=\"https:\/\/static.africa-press.net\/centrafricaine\/sites\/48\/2022\/10\/postQueueImg_6-63402ac754255.jpg\" \/>\n\t<meta property=\"og:image:width\" content=\"1280\" \/>\n\t<meta property=\"og:image:height\" content=\"720\" \/>\n\t<meta property=\"og:image:type\" content=\"image\/jpeg\" \/>\n<meta name=\"author\" content=\"cfeditorfr\" \/>\n<meta name=\"twitter:card\" content=\"summary_large_image\" \/>\n<meta name=\"twitter:label1\" content=\"\u00c9crit par\" \/>\n\t<meta name=\"twitter:data1\" content=\"cfeditorfr\" \/>\n\t<meta name=\"twitter:label2\" content=\"Dur\u00e9e de lecture estim\u00e9e\" \/>\n\t<meta name=\"twitter:data2\" content=\"2 minutes\" \/>\n<script type=\"application\/ld+json\" class=\"yoast-schema-graph\">{\"@context\":\"https:\/\/schema.org\",\"@graph\":[{\"@type\":\"Article\",\"@id\":\"https:\/\/www.africa-press.net\/comores\/politique\/azali-recoit-le-prix-dexcellence-du-padev#article\",\"isPartOf\":{\"@id\":\"https:\/\/www.africa-press.net\/comores\/politique\/azali-recoit-le-prix-dexcellence-du-padev\"},\"author\":{\"name\":\"cfeditorfr\",\"@id\":\"https:\/\/www.africa-press.net\/comores\/#\/schema\/person\/2b1cf3cd81a31e3cd26889ca66d677f1\"},\"headline\":\"Azali re\u00e7oit le Prix d\u2019Excellence du (PADEV)\",\"datePublished\":\"2022-10-07T12:54:33+00:00\",\"dateModified\":\"2022-10-07T13:34:31+00:00\",\"mainEntityOfPage\":{\"@id\":\"https:\/\/www.africa-press.net\/comores\/politique\/azali-recoit-le-prix-dexcellence-du-padev\"},\"wordCount\":397,\"commentCount\":0,\"image\":{\"@id\":\"https:\/\/www.africa-press.net\/comores\/politique\/azali-recoit-le-prix-dexcellence-du-padev#primaryimage\"},\"thumbnailUrl\":\"https:\/\/static.africa-press.net\/centrafricaine\/sites\/48\/2022\/10\/postQueueImg_6-63402ac754255.jpg\",\"keywords\":[\"Africa Press\",\"Africa Press-Comores\",\"Comores\"],\"articleSection\":[\"homepage-french\",\"Politique\",\"to-homepage\",\"Top Nouvelles\",\"Toutes les actualit\u00e9s\"],\"inLanguage\":\"fr-FR\",\"potentialAction\":[{\"@type\":\"CommentAction\",\"name\":\"Comment\",\"target\":[\"https:\/\/www.africa-press.net\/comores\/politique\/azali-recoit-le-prix-dexcellence-du-padev#respond\"]}]},{\"@type\":\"WebPage\",\"@id\":\"https:\/\/www.africa-press.net\/comores\/politique\/azali-recoit-le-prix-dexcellence-du-padev\",\"url\":\"https:\/\/www.africa-press.net\/comores\/politique\/azali-recoit-le-prix-dexcellence-du-padev\",\"name\":\"Azali re\u00e7oit le Prix d\u2019Excellence du (PADEV) - Comores\",\"isPartOf\":{\"@id\":\"https:\/\/www.africa-press.net\/comores\/#website\"},\"primaryImageOfPage\":{\"@id\":\"https:\/\/www.africa-press.net\/comores\/politique\/azali-recoit-le-prix-dexcellence-du-padev#primaryimage\"},\"image\":{\"@id\":\"https:\/\/www.africa-press.net\/comores\/politique\/azali-recoit-le-prix-dexcellence-du-padev#primaryimage\"},\"thumbnailUrl\":\"https:\/\/static.africa-press.net\/centrafricaine\/sites\/48\/2022\/10\/postQueueImg_6-63402ac754255.jpg\",\"datePublished\":\"2022-10-07T12:54:33+00:00\",\"dateModified\":\"2022-10-07T13:34:31+00:00\",\"author\":{\"@id\":\"https:\/\/www.africa-press.net\/comores\/#\/schema\/person\/2b1cf3cd81a31e3cd26889ca66d677f1\"},\"description\":\"Le pr\u00e9sident Azali Assoumani a re\u00e7u le prix d\u2019excellence du Prix Africain de D\u00e9veloppement. Une c\u00e9r\u00e9monie a eu lieu c ...\",\"breadcrumb\":{\"@id\":\"https:\/\/www.africa-press.net\/comores\/politique\/azali-recoit-le-prix-dexcellence-du-padev#breadcrumb\"},\"inLanguage\":\"fr-FR\",\"potentialAction\":[{\"@type\":\"ReadAction\",\"target\":[\"https:\/\/www.africa-press.net\/comores\/politique\/azali-recoit-le-prix-dexcellence-du-padev\"]}]},{\"@type\":\"ImageObject\",\"inLanguage\":\"fr-FR\",\"@id\":\"https:\/\/www.africa-press.net\/comores\/politique\/azali-recoit-le-prix-dexcellence-du-padev#primaryimage\",\"url\":\"https:\/\/static.africa-press.net\/centrafricaine\/sites\/48\/2022\/10\/postQueueImg_6-63402ac754255.jpg\",\"contentUrl\":\"https:\/\/static.africa-press.net\/centrafricaine\/sites\/48\/2022\/10\/postQueueImg_6-63402ac754255.jpg\",\"width\":1280,\"height\":720,\"caption\":\"Azali re\u00e7oit le Prix d\u2019Excellence du (PADEV)\"},{\"@type\":\"BreadcrumbList\",\"@id\":\"https:\/\/www.africa-press.net\/comores\/politique\/azali-recoit-le-prix-dexcellence-du-padev#breadcrumb\",\"itemListElement\":[{\"@type\":\"ListItem\",\"position\":1,\"name\":\"Accueil\",\"item\":\"https:\/\/www.africa-press.net\/comores\/\"},{\"@type\":\"ListItem\",\"position\":2,\"name\":\"Azali re\u00e7oit le Prix d\u2019Excellence du (PADEV)\"}]},{\"@type\":\"WebSite\",\"@id\":\"https:\/\/www.africa-press.net\/comores\/#website\",\"url\":\"https:\/\/www.africa-press.net\/comores\/\",\"name\":\"Comores\",\"description\":\"Just another Africa News Agency Sites site\",\"potentialAction\":[{\"@type\":\"SearchAction\",\"target\":{\"@type\":\"EntryPoint\",\"urlTemplate\":\"https:\/\/www.africa-press.net\/comores\/?s={search_term_string}\"},\"query-input\":{\"@type\":\"PropertyValueSpecification\",\"valueRequired\":true,\"valueName\":\"search_term_string\"}}],\"inLanguage\":\"fr-FR\"},{\"@type\":\"Person\",\"@id\":\"https:\/\/www.africa-press.net\/comores\/#\/schema\/person\/2b1cf3cd81a31e3cd26889ca66d677f1\",\"name\":\"cfeditorfr\"}]}<\/script>\n<!-- \/ Yoast SEO Premium plugin. -->","yoast_head_json":{"title":"Azali re\u00e7oit le Prix d\u2019Excellence du (PADEV) - Comores","description":"Le pr\u00e9sident Azali Assoumani a re\u00e7u le prix d\u2019excellence du Prix Africain de D\u00e9veloppement. Une c\u00e9r\u00e9monie a eu lieu c ...","robots":{"index":"index","follow":"follow","max-snippet":"max-snippet:-1","max-image-preview":"max-image-preview:large","max-video-preview":"max-video-preview:-1"},"canonical":"https:\/\/www.africa-press.net\/comores\/politique\/azali-recoit-le-prix-dexcellence-du-padev","og_locale":"fr_FR","og_type":"article","og_title":"Azali re\u00e7oit le Prix d\u2019Excellence du (PADEV)","og_description":"Le pr\u00e9sident Azali Assoumani a re\u00e7u le prix d\u2019excellence du Prix Africain de D\u00e9veloppement. Une c\u00e9r\u00e9monie a eu lieu c ...","og_url":"https:\/\/www.africa-press.net\/comores\/politique\/azali-recoit-le-prix-dexcellence-du-padev","og_site_name":"Comores","article_published_time":"2022-10-07T12:54:33+00:00","article_modified_time":"2022-10-07T13:34:31+00:00","og_image":[{"width":1280,"height":720,"url":"https:\/\/static.africa-press.net\/centrafricaine\/sites\/48\/2022\/10\/postQueueImg_6-63402ac754255.jpg","type":"image\/jpeg"}],"author":"cfeditorfr","twitter_card":"summary_large_image","twitter_misc":{"\u00c9crit par":"cfeditorfr","Dur\u00e9e de lecture estim\u00e9e":"2 minutes"},"schema":{"@context":"https:\/\/schema.org","@graph":[{"@type":"Article","@id":"https:\/\/www.africa-press.net\/comores\/politique\/azali-recoit-le-prix-dexcellence-du-padev#article","isPartOf":{"@id":"https:\/\/www.africa-press.net\/comores\/politique\/azali-recoit-le-prix-dexcellence-du-padev"},"author":{"name":"cfeditorfr","@id":"https:\/\/www.africa-press.net\/comores\/#\/schema\/person\/2b1cf3cd81a31e3cd26889ca66d677f1"},"headline":"Azali re\u00e7oit le Prix d\u2019Excellence du (PADEV)","datePublished":"2022-10-07T12:54:33+00:00","dateModified":"2022-10-07T13:34:31+00:00","mainEntityOfPage":{"@id":"https:\/\/www.africa-press.net\/comores\/politique\/azali-recoit-le-prix-dexcellence-du-padev"},"wordCount":397,"commentCount":0,"image":{"@id":"https:\/\/www.africa-press.net\/comores\/politique\/azali-recoit-le-prix-dexcellence-du-padev#primaryimage"},"thumbnailUrl":"https:\/\/static.africa-press.net\/centrafricaine\/sites\/48\/2022\/10\/postQueueImg_6-63402ac754255.jpg","keywords":["Africa Press","Africa Press-Comores","Comores"],"articleSection":["homepage-french","Politique","to-homepage","Top Nouvelles","Toutes les actualit\u00e9s"],"inLanguage":"fr-FR","potentialAction":[{"@type":"CommentAction","name":"Comment","target":["https:\/\/www.africa-press.net\/comores\/politique\/azali-recoit-le-prix-dexcellence-du-padev#respond"]}]},{"@type":"WebPage","@id":"https:\/\/www.africa-press.net\/comores\/politique\/azali-recoit-le-prix-dexcellence-du-padev","url":"https:\/\/www.africa-press.net\/comores\/politique\/azali-recoit-le-prix-dexcellence-du-padev","name":"Azali re\u00e7oit le Prix d\u2019Excellence du (PADEV) - Comores","isPartOf":{"@id":"https:\/\/www.africa-press.net\/comores\/#website"},"primaryImageOfPage":{"@id":"https:\/\/www.africa-press.net\/comores\/politique\/azali-recoit-le-prix-dexcellence-du-padev#primaryimage"},"image":{"@id":"https:\/\/www.africa-press.net\/comores\/politique\/azali-recoit-le-prix-dexcellence-du-padev#primaryimage"},"thumbnailUrl":"https:\/\/static.africa-press.net\/centrafricaine\/sites\/48\/2022\/10\/postQueueImg_6-63402ac754255.jpg","datePublished":"2022-10-07T12:54:33+00:00","dateModified":"2022-10-07T13:34:31+00:00","author":{"@id":"https:\/\/www.africa-press.net\/comores\/#\/schema\/person\/2b1cf3cd81a31e3cd26889ca66d677f1"},"description":"Le pr\u00e9sident Azali Assoumani a re\u00e7u le prix d\u2019excellence du Prix Africain de D\u00e9veloppement. Une c\u00e9r\u00e9monie a eu lieu c ...","breadcrumb":{"@id":"https:\/\/www.africa-press.net\/comores\/politique\/azali-recoit-le-prix-dexcellence-du-padev#breadcrumb"},"inLanguage":"fr-FR","potentialAction":[{"@type":"ReadAction","target":["https:\/\/www.africa-press.net\/comores\/politique\/azali-recoit-le-prix-dexcellence-du-padev"]}]},{"@type":"ImageObject","inLanguage":"fr-FR","@id":"https:\/\/www.africa-press.net\/comores\/politique\/azali-recoit-le-prix-dexcellence-du-padev#primaryimage","url":"https:\/\/static.africa-press.net\/centrafricaine\/sites\/48\/2022\/10\/postQueueImg_6-63402ac754255.jpg","contentUrl":"https:\/\/static.africa-press.net\/centrafricaine\/sites\/48\/2022\/10\/postQueueImg_6-63402ac754255.jpg","width":1280,"height":720,"caption":"Azali re\u00e7oit le Prix d\u2019Excellence du (PADEV)"},{"@type":"BreadcrumbList","@id":"https:\/\/www.africa-press.net\/comores\/politique\/azali-recoit-le-prix-dexcellence-du-padev#breadcrumb","itemListElement":[{"@type":"ListItem","position":1,"name":"Accueil","item":"https:\/\/www.africa-press.net\/comores\/"},{"@type":"ListItem","position":2,"name":"Azali re\u00e7oit le Prix d\u2019Excellence du (PADEV)"}]},{"@type":"WebSite","@id":"https:\/\/www.africa-press.net\/comores\/#website","url":"https:\/\/www.africa-press.net\/comores\/","name":"Comores","description":"Just another Africa News Agency Sites site","potentialAction":[{"@type":"SearchAction","target":{"@type":"EntryPoint","urlTemplate":"https:\/\/www.africa-press.net\/comores\/?s={search_term_string}"},"query-input":{"@type":"PropertyValueSpecification","valueRequired":true,"valueName":"search_term_string"}}],"inLanguage":"fr-FR"},{"@type":"Person","@id":"https:\/\/www.africa-press.net\/comores\/#\/schema\/person\/2b1cf3cd81a31e3cd26889ca66d677f1","name":"cfeditorfr"}]}},"_links":{"self":[{"href":"https:\/\/www.africa-press.net\/comores\/wp-json\/wp\/v2\/posts\/4716","targetHints":{"allow":["GET"]}}],"collection":[{"href":"https:\/\/www.africa-press.net\/comores\/wp-json\/wp\/v2\/posts"}],"about":[{"href":"https:\/\/www.africa-press.net\/comores\/wp-json\/wp\/v2\/types\/post"}],"author":[{"embeddable":true,"href":"https:\/\/www.africa-press.net\/comores\/wp-json\/wp\/v2\/users\/82"}],"replies":[{"embeddable":true,"href":"https:\/\/www.africa-press.net\/comores\/wp-json\/wp\/v2\/comments?post=4716"}],"version-history":[{"count":0,"href":"https:\/\/www.africa-press.net\/comores\/wp-json\/wp\/v2\/posts\/4716\/revisions"}],"wp:featuredmedia":[{"embeddable":true,"href":"https:\/\/www.africa-press.net\/comores\/wp-json\/wp\/v2\/media\/4715"}],"wp:attachment":[{"href":"https:\/\/www.africa-press.net\/comores\/wp-json\/wp\/v2\/media?parent=4716"}],"wp:term":[{"taxonomy":"category","embeddable":true,"href":"https:\/\/www.africa-press.net\/comores\/wp-json\/wp\/v2\/categories?post=4716"},{"taxonomy":"post_tag","embeddable":true,"href":"https:\/\/www.africa-press.net\/comores\/wp-json\/wp\/v2\/tags?post=4716"}],"curies":[{"name":"wp","href":"https:\/\/api.w.org\/{rel}","templated":true}]}}