{"id":4719,"date":"2022-10-07T12:56:16","date_gmt":"2022-10-07T12:56:16","guid":{"rendered":"https:\/\/www.africa-press.net\/comores\/politique\/commune-de-moroni-mohamed-el-had-abbas-une-demission-qui-interroge"},"modified":"2022-10-07T13:35:08","modified_gmt":"2022-10-07T13:35:08","slug":"commune-de-moroni-mohamed-el-had-abbas-une-demission-qui-interroge","status":"publish","type":"post","link":"https:\/\/www.africa-press.net\/comores\/politique\/commune-de-moroni-mohamed-el-had-abbas-une-demission-qui-interroge","title":{"rendered":"Commune de Moroni\u00a0: Mohamed El-Had Abbas, une d\u00e9mission qui interroge"},"content":{"rendered":"<p><span style=\"color: #ff6600\"><strong>Africa-Press &#8211; Comores. <\/strong><\/span><b>A peine la lune de miel termin\u00e9e que les lignes de fractions commencent \u00e0 appara\u00eetre au sein de la nouvelle \u00e9quipe qui dirige la commune de Moroni. Un d\u00e9saccord apparemment profond a conduit l\u2019ancien ministre de la justice \u00e9lu sous l&rsquo;\u00e9tiquette de Moroni pour Tous \u00e0 quitter le navire.<\/b><\/p>\n<p>Ce n&rsquo;\u00e9tait plus un secret dans le tr\u00e8s bouillant monde politique de la capitale que la relation conflictuelle entre l\u2019ancien garde des sceaux et l&rsquo;\u00e9dile de la capitale allait finir par appara\u00eetre au grand jour. Il est loin, le temps o\u00f9 les deux hommes \u00e9taient vent debout contre l&rsquo;\u00e9quipe de Hassane Mohamed Halidi qu\u2019ils ont fini par d\u00e9loger de l&rsquo;h\u00f4tel de ville de Moroni. Dans une lettre motiv\u00e9e adress\u00e9e au Maire de la capitale, l&rsquo;\u00e9lu du sud de la capitale revient sur les raisons qui l\u2019ont pouss\u00e9 \u00e0 d\u00e9missionner de son mandat de conseiller communal. \u00ab Au lieu de collaborer et de travailler en partenariat avec les autorit\u00e9s de l\u2019Union des Comores et insulaires sur la base du professionnalisme et de la transparence, vous avez opt\u00e9 d\u2019agir r\u00e9guli\u00e8rement sans aucune concertation \u00bb, lit-on dans cette missive dat\u00e9e du 03 octobre dernier. C\u2019est ces manquements qui ont pouss\u00e9 l&rsquo;\u00e9lu de la capitale \u00e0 pr\u00e9senter sa d\u00e9mission.<\/p>\n<p>\u00ab C&rsquo;est pourquoi, j\u2019ai d\u00e9cid\u00e9 de vous soumettre ma d\u00e9mission en tant que conseiller municipal au risque de le consid\u00e9rer subjectivement comme un obstacle \u00e0 vos projections \u00bb, poursuit-il. Sur le fond, il est reproch\u00e9 au maire de la capitale d&rsquo;\u00eatre inaudible et herm\u00e9tique \u00e0 toute forme de discussion. \u00ab Ainsi, vous avez la manie de prendre les sages de notre ville et vos conseillers priv\u00e9s comme rempart pour \u00e9viter tout d\u00e9bat contradictoire et toutes autres contributions constructives \u00bb, ajoute-t-il. Une position partag\u00e9e par d\u2019autres conseillers de la commune tout bord confondu. Elle est aussi jug\u00e9e d\u00e9magogique par d&rsquo;autres, chacun des deux camps avan\u00e7ant ses arguments.<\/p>\n<p>Les opposants du Maire de la capitale lui reprochent une gouvernance verticale o\u00f9 il est le centre de toutes les d\u00e9cisions. \u00ab Certes, il est le Maire mais les d\u00e9cisions concernant la conduite des affaires de la commune appartiennent au conseil mais, pas \u00e0 un quelconque organe que ce soit \u00bb, juge un conseiller qui a requit l&rsquo;anonymat. La visite du Maire dans la capitale aux \u00c9mirats Arabes Unis est jug\u00e9e par certains comme \u00e9tant faite dans les r\u00e8gles. \u00ab Comment le Maire peut voyager dans un cadre officiel, c&rsquo;est-\u00e0- dire engager la responsabilit\u00e9 de la commune avec des personnes qui ne font pas partie ni du bureau ni des \u00e9lus. C\u2019est une aberration \u00bb, se plaint un opposant du Maire.<\/p>\n<p>Les soutiens du Maire trouvent au contraire d\u00e9magogique la d\u00e9marche de l\u2019ancien Ministre. \u00ab Comme le Maire n&rsquo;acc\u00e8de pas \u00e0 ses recommandations, il veut semer la zizanie en prenant \u00e0 t\u00e9moin l\u2019opinion de sa bonne foi, mais les gens ne sont pas dupes. Ils savent ceux qui essayent de faire changer les choses et ceux qui veulent le statu quo \u00bb, r\u00e9torque un partisan du Maire.<\/p>\n<p>Des prises de position qui traduisent le climat que traverse la commune de la capitale depuis quelques semaines. La d\u00e9cision du Maire de d\u00e9loger des vendeurs ambulants dans les grands axes de la capitale ne pla\u00eet gu\u00e8re \u00e0 certains marchands qui ne ratent aucune opportunit\u00e9 pour pousser le bouchon de la d\u00e9stabilisation un peu plus loin. Sans c\u00e9der aux chantages des opportunistes de tout poil, l&rsquo;\u00e9dile de la capitale doit mettre un peu d\u2019eau dans son caf\u00e9 pour essayer de rassembler les habitants qui ne sont pour la majorit\u00e9 pas oppos\u00e9s aux changements que veut op\u00e9rer le Maire et son \u00e9quipe.<\/p>\n<p><strong>Pour plus d&rsquo;informations et d&rsquo;analyses sur la <a href=\"https:\/\/www.africa-press.net\/comores\">Comores<\/a>, suivez <a href=\"https:\/\/www.africa-press.net\/\">Africa-Press<\/a><\/strong><\/p>\n","protected":false},"excerpt":{"rendered":"<p>Africa-Press &#8211; Comores. A peine la lune de miel termin\u00e9e que les lignes de fractions commencent \u00e0 appara\u00eetre au sein de la nouvelle \u00e9quipe qui dirige la commune de Moroni. Un d\u00e9saccord apparemment profond a conduit l\u2019ancien ministre de la justice \u00e9lu sous l&rsquo;\u00e9tiquette de Moroni pour Tous \u00e0 quitter le navire. Ce n&rsquo;\u00e9tait plus [&hellip;]<\/p>\n","protected":false},"author":82,"featured_media":4718,"comment_status":"open","ping_status":"closed","sticky":false,"template":"","format":"standard","meta":{"footnotes":""},"categories":[11,2,20,10],"tags":[36,53,45],"class_list":["post-4719","post","type-post","status-publish","format-standard","has-post-thumbnail","hentry","category-homepage-french","category-politique","category-top-nouvelles","category-toutes-les-actualites","tag-africa-press","tag-africa-press-comores","tag-comores"],"yoast_head":"<!-- This site is optimized with the Yoast SEO Premium plugin v26.1 (Yoast SEO v27.0) - https:\/\/yoast.com\/product\/yoast-seo-premium-wordpress\/ -->\n<title>Commune de Moroni\u00a0: Mohamed El-Had Abbas, une d\u00e9mission qui interroge - Comores<\/title>\n<meta name=\"description\" content=\"A peine la lune de miel termin\u00e9e que les lignes de fractions commencent \u00e0 appara\u00eetre au sein de la nouvelle \u00e9quipe qu ...\" \/>\n<meta name=\"robots\" content=\"index, follow, max-snippet:-1, max-image-preview:large, max-video-preview:-1\" \/>\n<link rel=\"canonical\" href=\"https:\/\/www.africa-press.net\/comores\/politique\/commune-de-moroni-mohamed-el-had-abbas-une-demission-qui-interroge\" \/>\n<meta property=\"og:locale\" content=\"fr_FR\" \/>\n<meta property=\"og:type\" content=\"article\" \/>\n<meta property=\"og:title\" content=\"Commune de Moroni\u00a0: Mohamed El-Had Abbas, une d\u00e9mission qui interroge\" \/>\n<meta property=\"og:description\" content=\"A peine la lune de miel termin\u00e9e que les lignes de fractions commencent \u00e0 appara\u00eetre au sein de la nouvelle \u00e9quipe qu ...\" \/>\n<meta property=\"og:url\" content=\"https:\/\/www.africa-press.net\/comores\/politique\/commune-de-moroni-mohamed-el-had-abbas-une-demission-qui-interroge\" \/>\n<meta property=\"og:site_name\" content=\"Comores\" \/>\n<meta property=\"article:published_time\" content=\"2022-10-07T12:56:16+00:00\" \/>\n<meta property=\"article:modified_time\" content=\"2022-10-07T13:35:08+00:00\" \/>\n<meta property=\"og:image\" content=\"https:\/\/static.africa-press.net\/centrafricaine\/sites\/48\/2022\/10\/postQueueImg_7-63402aedd146a.jpg\" \/>\n\t<meta property=\"og:image:width\" content=\"750\" \/>\n\t<meta property=\"og:image:height\" content=\"500\" \/>\n\t<meta property=\"og:image:type\" content=\"image\/jpeg\" \/>\n<meta name=\"author\" content=\"cfeditorfr\" \/>\n<meta name=\"twitter:card\" content=\"summary_large_image\" \/>\n<meta name=\"twitter:label1\" content=\"\u00c9crit par\" \/>\n\t<meta name=\"twitter:data1\" content=\"cfeditorfr\" \/>\n\t<meta name=\"twitter:label2\" content=\"Dur\u00e9e de lecture estim\u00e9e\" \/>\n\t<meta name=\"twitter:data2\" content=\"4 minutes\" \/>\n<script type=\"application\/ld+json\" class=\"yoast-schema-graph\">{\"@context\":\"https:\/\/schema.org\",\"@graph\":[{\"@type\":\"Article\",\"@id\":\"https:\/\/www.africa-press.net\/comores\/politique\/commune-de-moroni-mohamed-el-had-abbas-une-demission-qui-interroge#article\",\"isPartOf\":{\"@id\":\"https:\/\/www.africa-press.net\/comores\/politique\/commune-de-moroni-mohamed-el-had-abbas-une-demission-qui-interroge\"},\"author\":{\"name\":\"cfeditorfr\",\"@id\":\"https:\/\/www.africa-press.net\/comores\/#\/schema\/person\/2b1cf3cd81a31e3cd26889ca66d677f1\"},\"headline\":\"Commune de Moroni\u00a0: Mohamed El-Had Abbas, une d\u00e9mission qui interroge\",\"datePublished\":\"2022-10-07T12:56:16+00:00\",\"dateModified\":\"2022-10-07T13:35:08+00:00\",\"mainEntityOfPage\":{\"@id\":\"https:\/\/www.africa-press.net\/comores\/politique\/commune-de-moroni-mohamed-el-had-abbas-une-demission-qui-interroge\"},\"wordCount\":672,\"commentCount\":0,\"image\":{\"@id\":\"https:\/\/www.africa-press.net\/comores\/politique\/commune-de-moroni-mohamed-el-had-abbas-une-demission-qui-interroge#primaryimage\"},\"thumbnailUrl\":\"https:\/\/static.africa-press.net\/centrafricaine\/sites\/48\/2022\/10\/postQueueImg_7-63402aedd146a.jpg\",\"keywords\":[\"Africa Press\",\"Africa Press-Comores\",\"Comores\"],\"articleSection\":[\"homepage-french\",\"Politique\",\"Top Nouvelles\",\"Toutes les actualit\u00e9s\"],\"inLanguage\":\"fr-FR\",\"potentialAction\":[{\"@type\":\"CommentAction\",\"name\":\"Comment\",\"target\":[\"https:\/\/www.africa-press.net\/comores\/politique\/commune-de-moroni-mohamed-el-had-abbas-une-demission-qui-interroge#respond\"]}]},{\"@type\":\"WebPage\",\"@id\":\"https:\/\/www.africa-press.net\/comores\/politique\/commune-de-moroni-mohamed-el-had-abbas-une-demission-qui-interroge\",\"url\":\"https:\/\/www.africa-press.net\/comores\/politique\/commune-de-moroni-mohamed-el-had-abbas-une-demission-qui-interroge\",\"name\":\"Commune de Moroni\u00a0: Mohamed El-Had Abbas, une d\u00e9mission qui interroge - Comores\",\"isPartOf\":{\"@id\":\"https:\/\/www.africa-press.net\/comores\/#website\"},\"primaryImageOfPage\":{\"@id\":\"https:\/\/www.africa-press.net\/comores\/politique\/commune-de-moroni-mohamed-el-had-abbas-une-demission-qui-interroge#primaryimage\"},\"image\":{\"@id\":\"https:\/\/www.africa-press.net\/comores\/politique\/commune-de-moroni-mohamed-el-had-abbas-une-demission-qui-interroge#primaryimage\"},\"thumbnailUrl\":\"https:\/\/static.africa-press.net\/centrafricaine\/sites\/48\/2022\/10\/postQueueImg_7-63402aedd146a.jpg\",\"datePublished\":\"2022-10-07T12:56:16+00:00\",\"dateModified\":\"2022-10-07T13:35:08+00:00\",\"author\":{\"@id\":\"https:\/\/www.africa-press.net\/comores\/#\/schema\/person\/2b1cf3cd81a31e3cd26889ca66d677f1\"},\"description\":\"A peine la lune de miel termin\u00e9e que les lignes de fractions commencent \u00e0 appara\u00eetre au sein de la nouvelle \u00e9quipe qu ...\",\"breadcrumb\":{\"@id\":\"https:\/\/www.africa-press.net\/comores\/politique\/commune-de-moroni-mohamed-el-had-abbas-une-demission-qui-interroge#breadcrumb\"},\"inLanguage\":\"fr-FR\",\"potentialAction\":[{\"@type\":\"ReadAction\",\"target\":[\"https:\/\/www.africa-press.net\/comores\/politique\/commune-de-moroni-mohamed-el-had-abbas-une-demission-qui-interroge\"]}]},{\"@type\":\"ImageObject\",\"inLanguage\":\"fr-FR\",\"@id\":\"https:\/\/www.africa-press.net\/comores\/politique\/commune-de-moroni-mohamed-el-had-abbas-une-demission-qui-interroge#primaryimage\",\"url\":\"https:\/\/static.africa-press.net\/centrafricaine\/sites\/48\/2022\/10\/postQueueImg_7-63402aedd146a.jpg\",\"contentUrl\":\"https:\/\/static.africa-press.net\/centrafricaine\/sites\/48\/2022\/10\/postQueueImg_7-63402aedd146a.jpg\",\"width\":750,\"height\":500,\"caption\":\"Commune de Moroni\u00a0: Mohamed El-Had Abbas, une d\u00e9mission qui interroge\"},{\"@type\":\"BreadcrumbList\",\"@id\":\"https:\/\/www.africa-press.net\/comores\/politique\/commune-de-moroni-mohamed-el-had-abbas-une-demission-qui-interroge#breadcrumb\",\"itemListElement\":[{\"@type\":\"ListItem\",\"position\":1,\"name\":\"Accueil\",\"item\":\"https:\/\/www.africa-press.net\/comores\/\"},{\"@type\":\"ListItem\",\"position\":2,\"name\":\"Commune de Moroni\u00a0: Mohamed El-Had Abbas, une d\u00e9mission qui interroge\"}]},{\"@type\":\"WebSite\",\"@id\":\"https:\/\/www.africa-press.net\/comores\/#website\",\"url\":\"https:\/\/www.africa-press.net\/comores\/\",\"name\":\"Comores\",\"description\":\"Just another Africa News Agency Sites site\",\"potentialAction\":[{\"@type\":\"SearchAction\",\"target\":{\"@type\":\"EntryPoint\",\"urlTemplate\":\"https:\/\/www.africa-press.net\/comores\/?s={search_term_string}\"},\"query-input\":{\"@type\":\"PropertyValueSpecification\",\"valueRequired\":true,\"valueName\":\"search_term_string\"}}],\"inLanguage\":\"fr-FR\"},{\"@type\":\"Person\",\"@id\":\"https:\/\/www.africa-press.net\/comores\/#\/schema\/person\/2b1cf3cd81a31e3cd26889ca66d677f1\",\"name\":\"cfeditorfr\"}]}<\/script>\n<!-- \/ Yoast SEO Premium plugin. -->","yoast_head_json":{"title":"Commune de Moroni\u00a0: Mohamed El-Had Abbas, une d\u00e9mission qui interroge - Comores","description":"A peine la lune de miel termin\u00e9e que les lignes de fractions commencent \u00e0 appara\u00eetre au sein de la nouvelle \u00e9quipe qu ...","robots":{"index":"index","follow":"follow","max-snippet":"max-snippet:-1","max-image-preview":"max-image-preview:large","max-video-preview":"max-video-preview:-1"},"canonical":"https:\/\/www.africa-press.net\/comores\/politique\/commune-de-moroni-mohamed-el-had-abbas-une-demission-qui-interroge","og_locale":"fr_FR","og_type":"article","og_title":"Commune de Moroni\u00a0: Mohamed El-Had Abbas, une d\u00e9mission qui interroge","og_description":"A peine la lune de miel termin\u00e9e que les lignes de fractions commencent \u00e0 appara\u00eetre au sein de la nouvelle \u00e9quipe qu ...","og_url":"https:\/\/www.africa-press.net\/comores\/politique\/commune-de-moroni-mohamed-el-had-abbas-une-demission-qui-interroge","og_site_name":"Comores","article_published_time":"2022-10-07T12:56:16+00:00","article_modified_time":"2022-10-07T13:35:08+00:00","og_image":[{"width":750,"height":500,"url":"https:\/\/static.africa-press.net\/centrafricaine\/sites\/48\/2022\/10\/postQueueImg_7-63402aedd146a.jpg","type":"image\/jpeg"}],"author":"cfeditorfr","twitter_card":"summary_large_image","twitter_misc":{"\u00c9crit par":"cfeditorfr","Dur\u00e9e de lecture estim\u00e9e":"4 minutes"},"schema":{"@context":"https:\/\/schema.org","@graph":[{"@type":"Article","@id":"https:\/\/www.africa-press.net\/comores\/politique\/commune-de-moroni-mohamed-el-had-abbas-une-demission-qui-interroge#article","isPartOf":{"@id":"https:\/\/www.africa-press.net\/comores\/politique\/commune-de-moroni-mohamed-el-had-abbas-une-demission-qui-interroge"},"author":{"name":"cfeditorfr","@id":"https:\/\/www.africa-press.net\/comores\/#\/schema\/person\/2b1cf3cd81a31e3cd26889ca66d677f1"},"headline":"Commune de Moroni\u00a0: Mohamed El-Had Abbas, une d\u00e9mission qui interroge","datePublished":"2022-10-07T12:56:16+00:00","dateModified":"2022-10-07T13:35:08+00:00","mainEntityOfPage":{"@id":"https:\/\/www.africa-press.net\/comores\/politique\/commune-de-moroni-mohamed-el-had-abbas-une-demission-qui-interroge"},"wordCount":672,"commentCount":0,"image":{"@id":"https:\/\/www.africa-press.net\/comores\/politique\/commune-de-moroni-mohamed-el-had-abbas-une-demission-qui-interroge#primaryimage"},"thumbnailUrl":"https:\/\/static.africa-press.net\/centrafricaine\/sites\/48\/2022\/10\/postQueueImg_7-63402aedd146a.jpg","keywords":["Africa Press","Africa Press-Comores","Comores"],"articleSection":["homepage-french","Politique","Top Nouvelles","Toutes les actualit\u00e9s"],"inLanguage":"fr-FR","potentialAction":[{"@type":"CommentAction","name":"Comment","target":["https:\/\/www.africa-press.net\/comores\/politique\/commune-de-moroni-mohamed-el-had-abbas-une-demission-qui-interroge#respond"]}]},{"@type":"WebPage","@id":"https:\/\/www.africa-press.net\/comores\/politique\/commune-de-moroni-mohamed-el-had-abbas-une-demission-qui-interroge","url":"https:\/\/www.africa-press.net\/comores\/politique\/commune-de-moroni-mohamed-el-had-abbas-une-demission-qui-interroge","name":"Commune de Moroni\u00a0: Mohamed El-Had Abbas, une d\u00e9mission qui interroge - Comores","isPartOf":{"@id":"https:\/\/www.africa-press.net\/comores\/#website"},"primaryImageOfPage":{"@id":"https:\/\/www.africa-press.net\/comores\/politique\/commune-de-moroni-mohamed-el-had-abbas-une-demission-qui-interroge#primaryimage"},"image":{"@id":"https:\/\/www.africa-press.net\/comores\/politique\/commune-de-moroni-mohamed-el-had-abbas-une-demission-qui-interroge#primaryimage"},"thumbnailUrl":"https:\/\/static.africa-press.net\/centrafricaine\/sites\/48\/2022\/10\/postQueueImg_7-63402aedd146a.jpg","datePublished":"2022-10-07T12:56:16+00:00","dateModified":"2022-10-07T13:35:08+00:00","author":{"@id":"https:\/\/www.africa-press.net\/comores\/#\/schema\/person\/2b1cf3cd81a31e3cd26889ca66d677f1"},"description":"A peine la lune de miel termin\u00e9e que les lignes de fractions commencent \u00e0 appara\u00eetre au sein de la nouvelle \u00e9quipe qu ...","breadcrumb":{"@id":"https:\/\/www.africa-press.net\/comores\/politique\/commune-de-moroni-mohamed-el-had-abbas-une-demission-qui-interroge#breadcrumb"},"inLanguage":"fr-FR","potentialAction":[{"@type":"ReadAction","target":["https:\/\/www.africa-press.net\/comores\/politique\/commune-de-moroni-mohamed-el-had-abbas-une-demission-qui-interroge"]}]},{"@type":"ImageObject","inLanguage":"fr-FR","@id":"https:\/\/www.africa-press.net\/comores\/politique\/commune-de-moroni-mohamed-el-had-abbas-une-demission-qui-interroge#primaryimage","url":"https:\/\/static.africa-press.net\/centrafricaine\/sites\/48\/2022\/10\/postQueueImg_7-63402aedd146a.jpg","contentUrl":"https:\/\/static.africa-press.net\/centrafricaine\/sites\/48\/2022\/10\/postQueueImg_7-63402aedd146a.jpg","width":750,"height":500,"caption":"Commune de Moroni\u00a0: Mohamed El-Had Abbas, une d\u00e9mission qui interroge"},{"@type":"BreadcrumbList","@id":"https:\/\/www.africa-press.net\/comores\/politique\/commune-de-moroni-mohamed-el-had-abbas-une-demission-qui-interroge#breadcrumb","itemListElement":[{"@type":"ListItem","position":1,"name":"Accueil","item":"https:\/\/www.africa-press.net\/comores\/"},{"@type":"ListItem","position":2,"name":"Commune de Moroni\u00a0: Mohamed El-Had Abbas, une d\u00e9mission qui interroge"}]},{"@type":"WebSite","@id":"https:\/\/www.africa-press.net\/comores\/#website","url":"https:\/\/www.africa-press.net\/comores\/","name":"Comores","description":"Just another Africa News Agency Sites site","potentialAction":[{"@type":"SearchAction","target":{"@type":"EntryPoint","urlTemplate":"https:\/\/www.africa-press.net\/comores\/?s={search_term_string}"},"query-input":{"@type":"PropertyValueSpecification","valueRequired":true,"valueName":"search_term_string"}}],"inLanguage":"fr-FR"},{"@type":"Person","@id":"https:\/\/www.africa-press.net\/comores\/#\/schema\/person\/2b1cf3cd81a31e3cd26889ca66d677f1","name":"cfeditorfr"}]}},"_links":{"self":[{"href":"https:\/\/www.africa-press.net\/comores\/wp-json\/wp\/v2\/posts\/4719","targetHints":{"allow":["GET"]}}],"collection":[{"href":"https:\/\/www.africa-press.net\/comores\/wp-json\/wp\/v2\/posts"}],"about":[{"href":"https:\/\/www.africa-press.net\/comores\/wp-json\/wp\/v2\/types\/post"}],"author":[{"embeddable":true,"href":"https:\/\/www.africa-press.net\/comores\/wp-json\/wp\/v2\/users\/82"}],"replies":[{"embeddable":true,"href":"https:\/\/www.africa-press.net\/comores\/wp-json\/wp\/v2\/comments?post=4719"}],"version-history":[{"count":0,"href":"https:\/\/www.africa-press.net\/comores\/wp-json\/wp\/v2\/posts\/4719\/revisions"}],"wp:featuredmedia":[{"embeddable":true,"href":"https:\/\/www.africa-press.net\/comores\/wp-json\/wp\/v2\/media\/4718"}],"wp:attachment":[{"href":"https:\/\/www.africa-press.net\/comores\/wp-json\/wp\/v2\/media?parent=4719"}],"wp:term":[{"taxonomy":"category","embeddable":true,"href":"https:\/\/www.africa-press.net\/comores\/wp-json\/wp\/v2\/categories?post=4719"},{"taxonomy":"post_tag","embeddable":true,"href":"https:\/\/www.africa-press.net\/comores\/wp-json\/wp\/v2\/tags?post=4719"}],"curies":[{"name":"wp","href":"https:\/\/api.w.org\/{rel}","templated":true}]}}