{"id":4722,"date":"2022-10-07T13:02:13","date_gmt":"2022-10-07T13:02:13","guid":{"rendered":"https:\/\/www.africa-press.net\/comores\/politique\/karihila-et-mamadou-meme-combat"},"modified":"2022-10-07T13:35:45","modified_gmt":"2022-10-07T13:35:45","slug":"karihila-et-mamadou-meme-combat","status":"publish","type":"post","link":"https:\/\/www.africa-press.net\/comores\/parties\/karihila-et-mamadou-meme-combat","title":{"rendered":"Karihila et Mamadou, m\u00eame combat\u00a0!"},"content":{"rendered":"<p><span style=\"color: #ff6600\"><strong>Africa-Press &#8211; Comores. <\/strong><\/span><b>Le pr\u00e9sident du parti Espoir des Comores \u00e9tait \u00e0 M&rsquo;beni le week-end dernier. Avec son bureau national, ils \u00e9taient en train de mettre en place les coordinateurs de la r\u00e9gion de Hamahamet Mboinkou. Un travail qui va se poursuivre durant 4 mois avenir avant la tenue du congr\u00e8s du parti en janvier prochain, dans la perspectives des prochaines \u00e9ch\u00e9ances \u00e9lectorales de 2024 et 2025.<\/b><\/p>\n<p>Apr\u00e8s avoir quitt\u00e9 le navire de la CRC (Convention pour le renouveau des Comores) en 2018 dont il \u00e9tait le secr\u00e9taire national, Hamidou Karihila a cr\u00e9\u00e9 son propre parti politique, d\u00e9nomm\u00e9 \u00ab Espoir des Comores \u00bb, consacrant sa rupture avec le pr\u00e9sident Azali Assoumani. Apr\u00e8s l&rsquo;avoir officialis\u00e9 le 7 septembre dernier \u00e0 travers une conf\u00e9rence presse, le parti commence \u00e0 s\u2019implanter progressivement. Le week-end dernier, le pr\u00e9sident du parti \u00e9tait a M&rsquo;beni, sa ville natale pour la mise en place des coordinateurs de la r\u00e9gion Hamahamet Mboinkou. Devant une grande assembl\u00e9e venue assister \u00e0 cet \u00e9v\u00e9nement, l\u2019ancien ambassadeur des Comores en Arabie Saoudite promet que son parti acc\u00e9dera au pouvoir t\u00f4t ou tard.<\/p>\n<p>\u00ab Sachez que nous sommes dans la bonne voie. J&rsquo;\u00e9tais au pouvoir mais lorsque j\u2019ai constat\u00e9 que tout n\u2019allait pas dans la bonne direction, je n\u2019ai pas h\u00e9sit\u00e9 \u00e0 quitter le navire sans faire du bruit. Je n\u2019ai aucun probl\u00e8me avec qui que ce soit. Parce que ce qui m\u2019int\u00e9resse ce n\u2019est pas le pouvoir pour le pouvoir, mais le bien \u00eatre des Comores \u00bb, avance-t-il sous les applaudissements de la salle compos\u00e9e majoritairement de militants de la r\u00e9gion Hamahamet, plus particuli\u00e8rement de la ville de M&rsquo;b\u00e9ni.<\/p>\n<p>Dans son discours, Hamidou Karihila a parl\u00e9 aussi de l\u2019ancien candidat malheureux aux \u00e9lections pr\u00e9sidentielles de 2016, Mohamed Ali Soilihi alias Mamadou, devenu son nouvel alli\u00e9 politique. \u00ab Toutes les d\u00e9marches que j\u2019entreprends, je le consulte. Nous sommes ensemble pour une strat\u00e9gie commune d\u2019accession au pouvoir afin de faciliter la vie quotidienne des comoriens \u00bb, indique-t-il. Ce rapprochement avec le leader de l\u2019UPDC, un des principaux partis de l\u2019opposition, pr\u00e9sage-t-il une recomposition du paysage politique \u00e0 l\u2019approche des \u00e9lections pr\u00e9sidentielles de 2024 ?<\/p>\n<p>Le secr\u00e9taire g\u00e9n\u00e9ral de ce jeune parti, Idi Bachar, a tenu quant \u00e0 lui \u00e0 rassurer que leur formation politique n&rsquo;est pas cr\u00e9\u00e9e juste pour s\u2019ajouter \u00e0 la longue liste des partis politiques en Union des Comores. \u00ab Nous avons cr\u00e9\u00e9 ce parti pour venir apporter des solutions aux diff\u00e9rents probl\u00e8mes qui gangr\u00e8nent le pays \u00bb, avance cet ancien conseiller de l\u2019ile de Ngazidja, natif de Koimbani Oichili.<\/p>\n<p><strong>Pour plus d&rsquo;informations et d&rsquo;analyses sur la <a href=\"https:\/\/www.africa-press.net\/comores\">Comores<\/a>, suivez <a href=\"https:\/\/www.africa-press.net\/\">Africa-Press<\/a><\/strong><\/p>\n","protected":false},"excerpt":{"rendered":"<p>Africa-Press &#8211; Comores. Le pr\u00e9sident du parti Espoir des Comores \u00e9tait \u00e0 M&rsquo;beni le week-end dernier. Avec son bureau national, ils \u00e9taient en train de mettre en place les coordinateurs de la r\u00e9gion de Hamahamet Mboinkou. Un travail qui va se poursuivre durant 4 mois avenir avant la tenue du congr\u00e8s du parti en janvier [&hellip;]<\/p>\n","protected":false},"author":82,"featured_media":4721,"comment_status":"open","ping_status":"closed","sticky":false,"template":"","format":"standard","meta":{"footnotes":""},"categories":[11,4,20,10],"tags":[36,53,45],"class_list":["post-4722","post","type-post","status-publish","format-standard","has-post-thumbnail","hentry","category-homepage-french","category-parties","category-top-nouvelles","category-toutes-les-actualites","tag-africa-press","tag-africa-press-comores","tag-comores"],"yoast_head":"<!-- This site is optimized with the Yoast SEO Premium plugin v26.1 (Yoast SEO v27.0) - https:\/\/yoast.com\/product\/yoast-seo-premium-wordpress\/ -->\n<title>Karihila et Mamadou, m\u00eame combat\u00a0! - Comores<\/title>\n<meta name=\"description\" content=\"Le pr\u00e9sident du parti Espoir des Comores \u00e9tait \u00e0 M&#039;beni le week-end dernier. Avec son bureau national, ils \u00e9taient en ...\" \/>\n<meta name=\"robots\" content=\"index, follow, max-snippet:-1, max-image-preview:large, max-video-preview:-1\" \/>\n<link rel=\"canonical\" href=\"https:\/\/www.africa-press.net\/comores\/parties\/karihila-et-mamadou-meme-combat\" \/>\n<meta property=\"og:locale\" content=\"fr_FR\" \/>\n<meta property=\"og:type\" content=\"article\" \/>\n<meta property=\"og:title\" content=\"Karihila et Mamadou, m\u00eame combat\u00a0!\" \/>\n<meta property=\"og:description\" content=\"Le pr\u00e9sident du parti Espoir des Comores \u00e9tait \u00e0 M&#039;beni le week-end dernier. Avec son bureau national, ils \u00e9taient en ...\" \/>\n<meta property=\"og:url\" content=\"https:\/\/www.africa-press.net\/comores\/parties\/karihila-et-mamadou-meme-combat\" \/>\n<meta property=\"og:site_name\" content=\"Comores\" \/>\n<meta property=\"article:published_time\" content=\"2022-10-07T13:02:13+00:00\" \/>\n<meta property=\"article:modified_time\" content=\"2022-10-07T13:35:45+00:00\" \/>\n<meta property=\"og:image\" content=\"https:\/\/static.africa-press.net\/centrafricaine\/sites\/48\/2022\/10\/postQueueImg_8-63402b124cd2f.jpg\" \/>\n\t<meta property=\"og:image:width\" content=\"740\" \/>\n\t<meta property=\"og:image:height\" content=\"416\" \/>\n\t<meta property=\"og:image:type\" content=\"image\/jpeg\" \/>\n<meta name=\"author\" content=\"cfeditorfr\" \/>\n<meta name=\"twitter:card\" content=\"summary_large_image\" \/>\n<meta name=\"twitter:label1\" content=\"\u00c9crit par\" \/>\n\t<meta name=\"twitter:data1\" content=\"cfeditorfr\" \/>\n\t<meta name=\"twitter:label2\" content=\"Dur\u00e9e de lecture estim\u00e9e\" \/>\n\t<meta name=\"twitter:data2\" content=\"3 minutes\" \/>\n<script type=\"application\/ld+json\" class=\"yoast-schema-graph\">{\"@context\":\"https:\/\/schema.org\",\"@graph\":[{\"@type\":\"Article\",\"@id\":\"https:\/\/www.africa-press.net\/comores\/parties\/karihila-et-mamadou-meme-combat#article\",\"isPartOf\":{\"@id\":\"https:\/\/www.africa-press.net\/comores\/parties\/karihila-et-mamadou-meme-combat\"},\"author\":{\"name\":\"cfeditorfr\",\"@id\":\"https:\/\/www.africa-press.net\/comores\/#\/schema\/person\/2b1cf3cd81a31e3cd26889ca66d677f1\"},\"headline\":\"Karihila et Mamadou, m\u00eame combat\u00a0!\",\"datePublished\":\"2022-10-07T13:02:13+00:00\",\"dateModified\":\"2022-10-07T13:35:45+00:00\",\"mainEntityOfPage\":{\"@id\":\"https:\/\/www.africa-press.net\/comores\/parties\/karihila-et-mamadou-meme-combat\"},\"wordCount\":468,\"commentCount\":0,\"image\":{\"@id\":\"https:\/\/www.africa-press.net\/comores\/parties\/karihila-et-mamadou-meme-combat#primaryimage\"},\"thumbnailUrl\":\"https:\/\/static.africa-press.net\/centrafricaine\/sites\/48\/2022\/10\/postQueueImg_8-63402b124cd2f.jpg\",\"keywords\":[\"Africa Press\",\"Africa Press-Comores\",\"Comores\"],\"articleSection\":[\"homepage-french\",\"Parties\",\"Top Nouvelles\",\"Toutes les actualit\u00e9s\"],\"inLanguage\":\"fr-FR\",\"potentialAction\":[{\"@type\":\"CommentAction\",\"name\":\"Comment\",\"target\":[\"https:\/\/www.africa-press.net\/comores\/parties\/karihila-et-mamadou-meme-combat#respond\"]}]},{\"@type\":\"WebPage\",\"@id\":\"https:\/\/www.africa-press.net\/comores\/parties\/karihila-et-mamadou-meme-combat\",\"url\":\"https:\/\/www.africa-press.net\/comores\/parties\/karihila-et-mamadou-meme-combat\",\"name\":\"Karihila et Mamadou, m\u00eame combat\u00a0! - Comores\",\"isPartOf\":{\"@id\":\"https:\/\/www.africa-press.net\/comores\/#website\"},\"primaryImageOfPage\":{\"@id\":\"https:\/\/www.africa-press.net\/comores\/parties\/karihila-et-mamadou-meme-combat#primaryimage\"},\"image\":{\"@id\":\"https:\/\/www.africa-press.net\/comores\/parties\/karihila-et-mamadou-meme-combat#primaryimage\"},\"thumbnailUrl\":\"https:\/\/static.africa-press.net\/centrafricaine\/sites\/48\/2022\/10\/postQueueImg_8-63402b124cd2f.jpg\",\"datePublished\":\"2022-10-07T13:02:13+00:00\",\"dateModified\":\"2022-10-07T13:35:45+00:00\",\"author\":{\"@id\":\"https:\/\/www.africa-press.net\/comores\/#\/schema\/person\/2b1cf3cd81a31e3cd26889ca66d677f1\"},\"description\":\"Le pr\u00e9sident du parti Espoir des Comores \u00e9tait \u00e0 M'beni le week-end dernier. Avec son bureau national, ils \u00e9taient en ...\",\"breadcrumb\":{\"@id\":\"https:\/\/www.africa-press.net\/comores\/parties\/karihila-et-mamadou-meme-combat#breadcrumb\"},\"inLanguage\":\"fr-FR\",\"potentialAction\":[{\"@type\":\"ReadAction\",\"target\":[\"https:\/\/www.africa-press.net\/comores\/parties\/karihila-et-mamadou-meme-combat\"]}]},{\"@type\":\"ImageObject\",\"inLanguage\":\"fr-FR\",\"@id\":\"https:\/\/www.africa-press.net\/comores\/parties\/karihila-et-mamadou-meme-combat#primaryimage\",\"url\":\"https:\/\/static.africa-press.net\/centrafricaine\/sites\/48\/2022\/10\/postQueueImg_8-63402b124cd2f.jpg\",\"contentUrl\":\"https:\/\/static.africa-press.net\/centrafricaine\/sites\/48\/2022\/10\/postQueueImg_8-63402b124cd2f.jpg\",\"width\":740,\"height\":416,\"caption\":\"Karihila et Mamadou, m\u00eame combat\u00a0!\"},{\"@type\":\"BreadcrumbList\",\"@id\":\"https:\/\/www.africa-press.net\/comores\/parties\/karihila-et-mamadou-meme-combat#breadcrumb\",\"itemListElement\":[{\"@type\":\"ListItem\",\"position\":1,\"name\":\"Accueil\",\"item\":\"https:\/\/www.africa-press.net\/comores\/\"},{\"@type\":\"ListItem\",\"position\":2,\"name\":\"Karihila et Mamadou, m\u00eame combat\u00a0!\"}]},{\"@type\":\"WebSite\",\"@id\":\"https:\/\/www.africa-press.net\/comores\/#website\",\"url\":\"https:\/\/www.africa-press.net\/comores\/\",\"name\":\"Comores\",\"description\":\"Just another Africa News Agency Sites site\",\"potentialAction\":[{\"@type\":\"SearchAction\",\"target\":{\"@type\":\"EntryPoint\",\"urlTemplate\":\"https:\/\/www.africa-press.net\/comores\/?s={search_term_string}\"},\"query-input\":{\"@type\":\"PropertyValueSpecification\",\"valueRequired\":true,\"valueName\":\"search_term_string\"}}],\"inLanguage\":\"fr-FR\"},{\"@type\":\"Person\",\"@id\":\"https:\/\/www.africa-press.net\/comores\/#\/schema\/person\/2b1cf3cd81a31e3cd26889ca66d677f1\",\"name\":\"cfeditorfr\"}]}<\/script>\n<!-- \/ Yoast SEO Premium plugin. -->","yoast_head_json":{"title":"Karihila et Mamadou, m\u00eame combat\u00a0! - Comores","description":"Le pr\u00e9sident du parti Espoir des Comores \u00e9tait \u00e0 M'beni le week-end dernier. Avec son bureau national, ils \u00e9taient en ...","robots":{"index":"index","follow":"follow","max-snippet":"max-snippet:-1","max-image-preview":"max-image-preview:large","max-video-preview":"max-video-preview:-1"},"canonical":"https:\/\/www.africa-press.net\/comores\/parties\/karihila-et-mamadou-meme-combat","og_locale":"fr_FR","og_type":"article","og_title":"Karihila et Mamadou, m\u00eame combat\u00a0!","og_description":"Le pr\u00e9sident du parti Espoir des Comores \u00e9tait \u00e0 M'beni le week-end dernier. Avec son bureau national, ils \u00e9taient en ...","og_url":"https:\/\/www.africa-press.net\/comores\/parties\/karihila-et-mamadou-meme-combat","og_site_name":"Comores","article_published_time":"2022-10-07T13:02:13+00:00","article_modified_time":"2022-10-07T13:35:45+00:00","og_image":[{"width":740,"height":416,"url":"https:\/\/static.africa-press.net\/centrafricaine\/sites\/48\/2022\/10\/postQueueImg_8-63402b124cd2f.jpg","type":"image\/jpeg"}],"author":"cfeditorfr","twitter_card":"summary_large_image","twitter_misc":{"\u00c9crit par":"cfeditorfr","Dur\u00e9e de lecture estim\u00e9e":"3 minutes"},"schema":{"@context":"https:\/\/schema.org","@graph":[{"@type":"Article","@id":"https:\/\/www.africa-press.net\/comores\/parties\/karihila-et-mamadou-meme-combat#article","isPartOf":{"@id":"https:\/\/www.africa-press.net\/comores\/parties\/karihila-et-mamadou-meme-combat"},"author":{"name":"cfeditorfr","@id":"https:\/\/www.africa-press.net\/comores\/#\/schema\/person\/2b1cf3cd81a31e3cd26889ca66d677f1"},"headline":"Karihila et Mamadou, m\u00eame combat\u00a0!","datePublished":"2022-10-07T13:02:13+00:00","dateModified":"2022-10-07T13:35:45+00:00","mainEntityOfPage":{"@id":"https:\/\/www.africa-press.net\/comores\/parties\/karihila-et-mamadou-meme-combat"},"wordCount":468,"commentCount":0,"image":{"@id":"https:\/\/www.africa-press.net\/comores\/parties\/karihila-et-mamadou-meme-combat#primaryimage"},"thumbnailUrl":"https:\/\/static.africa-press.net\/centrafricaine\/sites\/48\/2022\/10\/postQueueImg_8-63402b124cd2f.jpg","keywords":["Africa Press","Africa Press-Comores","Comores"],"articleSection":["homepage-french","Parties","Top Nouvelles","Toutes les actualit\u00e9s"],"inLanguage":"fr-FR","potentialAction":[{"@type":"CommentAction","name":"Comment","target":["https:\/\/www.africa-press.net\/comores\/parties\/karihila-et-mamadou-meme-combat#respond"]}]},{"@type":"WebPage","@id":"https:\/\/www.africa-press.net\/comores\/parties\/karihila-et-mamadou-meme-combat","url":"https:\/\/www.africa-press.net\/comores\/parties\/karihila-et-mamadou-meme-combat","name":"Karihila et Mamadou, m\u00eame combat\u00a0! - Comores","isPartOf":{"@id":"https:\/\/www.africa-press.net\/comores\/#website"},"primaryImageOfPage":{"@id":"https:\/\/www.africa-press.net\/comores\/parties\/karihila-et-mamadou-meme-combat#primaryimage"},"image":{"@id":"https:\/\/www.africa-press.net\/comores\/parties\/karihila-et-mamadou-meme-combat#primaryimage"},"thumbnailUrl":"https:\/\/static.africa-press.net\/centrafricaine\/sites\/48\/2022\/10\/postQueueImg_8-63402b124cd2f.jpg","datePublished":"2022-10-07T13:02:13+00:00","dateModified":"2022-10-07T13:35:45+00:00","author":{"@id":"https:\/\/www.africa-press.net\/comores\/#\/schema\/person\/2b1cf3cd81a31e3cd26889ca66d677f1"},"description":"Le pr\u00e9sident du parti Espoir des Comores \u00e9tait \u00e0 M'beni le week-end dernier. Avec son bureau national, ils \u00e9taient en ...","breadcrumb":{"@id":"https:\/\/www.africa-press.net\/comores\/parties\/karihila-et-mamadou-meme-combat#breadcrumb"},"inLanguage":"fr-FR","potentialAction":[{"@type":"ReadAction","target":["https:\/\/www.africa-press.net\/comores\/parties\/karihila-et-mamadou-meme-combat"]}]},{"@type":"ImageObject","inLanguage":"fr-FR","@id":"https:\/\/www.africa-press.net\/comores\/parties\/karihila-et-mamadou-meme-combat#primaryimage","url":"https:\/\/static.africa-press.net\/centrafricaine\/sites\/48\/2022\/10\/postQueueImg_8-63402b124cd2f.jpg","contentUrl":"https:\/\/static.africa-press.net\/centrafricaine\/sites\/48\/2022\/10\/postQueueImg_8-63402b124cd2f.jpg","width":740,"height":416,"caption":"Karihila et Mamadou, m\u00eame combat\u00a0!"},{"@type":"BreadcrumbList","@id":"https:\/\/www.africa-press.net\/comores\/parties\/karihila-et-mamadou-meme-combat#breadcrumb","itemListElement":[{"@type":"ListItem","position":1,"name":"Accueil","item":"https:\/\/www.africa-press.net\/comores\/"},{"@type":"ListItem","position":2,"name":"Karihila et Mamadou, m\u00eame combat\u00a0!"}]},{"@type":"WebSite","@id":"https:\/\/www.africa-press.net\/comores\/#website","url":"https:\/\/www.africa-press.net\/comores\/","name":"Comores","description":"Just another Africa News Agency Sites site","potentialAction":[{"@type":"SearchAction","target":{"@type":"EntryPoint","urlTemplate":"https:\/\/www.africa-press.net\/comores\/?s={search_term_string}"},"query-input":{"@type":"PropertyValueSpecification","valueRequired":true,"valueName":"search_term_string"}}],"inLanguage":"fr-FR"},{"@type":"Person","@id":"https:\/\/www.africa-press.net\/comores\/#\/schema\/person\/2b1cf3cd81a31e3cd26889ca66d677f1","name":"cfeditorfr"}]}},"_links":{"self":[{"href":"https:\/\/www.africa-press.net\/comores\/wp-json\/wp\/v2\/posts\/4722","targetHints":{"allow":["GET"]}}],"collection":[{"href":"https:\/\/www.africa-press.net\/comores\/wp-json\/wp\/v2\/posts"}],"about":[{"href":"https:\/\/www.africa-press.net\/comores\/wp-json\/wp\/v2\/types\/post"}],"author":[{"embeddable":true,"href":"https:\/\/www.africa-press.net\/comores\/wp-json\/wp\/v2\/users\/82"}],"replies":[{"embeddable":true,"href":"https:\/\/www.africa-press.net\/comores\/wp-json\/wp\/v2\/comments?post=4722"}],"version-history":[{"count":0,"href":"https:\/\/www.africa-press.net\/comores\/wp-json\/wp\/v2\/posts\/4722\/revisions"}],"wp:featuredmedia":[{"embeddable":true,"href":"https:\/\/www.africa-press.net\/comores\/wp-json\/wp\/v2\/media\/4721"}],"wp:attachment":[{"href":"https:\/\/www.africa-press.net\/comores\/wp-json\/wp\/v2\/media?parent=4722"}],"wp:term":[{"taxonomy":"category","embeddable":true,"href":"https:\/\/www.africa-press.net\/comores\/wp-json\/wp\/v2\/categories?post=4722"},{"taxonomy":"post_tag","embeddable":true,"href":"https:\/\/www.africa-press.net\/comores\/wp-json\/wp\/v2\/tags?post=4722"}],"curies":[{"name":"wp","href":"https:\/\/api.w.org\/{rel}","templated":true}]}}