{"id":5793,"date":"2022-11-28T15:22:54","date_gmt":"2022-11-28T15:22:54","guid":{"rendered":"https:\/\/www.africa-press.net\/comores\/politique\/liut-observe-un-arret-de-cours-de-24h-ce-lundi"},"modified":"2022-11-28T17:06:18","modified_gmt":"2022-11-28T17:06:18","slug":"liut-observe-un-arret-de-cours-de-24h-ce-lundi","status":"publish","type":"post","link":"https:\/\/www.africa-press.net\/comores\/toutes-les-actualites\/liut-observe-un-arret-de-cours-de-24h-ce-lundi","title":{"rendered":"L\u2019IUT observe un arr\u00eat de cours de 24h ce lundi"},"content":{"rendered":"<p><span style=\"color: #ff6600\"><strong>Africa-Press &#8211; Comores. <\/strong><\/span><b>Les enseignants de l\u2019Institut Universitaire de Technologie (IUT) vont observer un arre\u0302t de cours de 24h ce lundi 28 novembre. L\u2019administration compose\u0301e par des enseignants va chasser des salles de classes les e\u0301tudiants qui n\u2019ont pas re\u0301ussi leur concours d\u2019entre\u0301e.<\/b><\/p>\n<p>Un arre\u0302t de cours de 24h pour chasser les e\u0301le\u0300ves qui n\u2019ont pas eu le concours est pre\u0301vu ce lundi par les enseignants de l\u2019IUT. Ces derniers se sont re\u0301unis le jeudi 24 novembre dernier pour plancher sur les conditions difficiles de travail impose\u0301es par le sureffectif des salles de classe de\u0301die\u0301es aux enseignements de premie\u0300re anne\u0301e. \u00ab Vous n\u2019e\u0302tes sans savoir qu\u2019a\u0300 l\u2019issue du concours d\u2019entre\u0301e a\u0300 l\u2019IUT dont les re\u0301sultats ont tenu compte de la capacite\u0301 d\u2019accueil re\u0301elle des classes et des redoublants dans chacune de six divisions de la premie\u0300re anne\u0301e, il nous a e\u0301te\u0301 impose\u0301 un nombre d\u2019e\u0301tudiants non admis au concours de\u0301passant les limites des places disponibles dans les salles de classe. Des conditions difficiles de travail jamais connues auparavant dans l\u2019e\u0301tablissement : tentions permanentes entre e\u0301tudiants pour occuper une place assise, difficulte\u0301 pour les enseignants de faire le cours dans un environnement ou\u0300 ils estiment e\u0302tre de\u0301borde\u0301s pour toutes les taches pe\u0301dagogiques propres a\u0300 un e\u0301tablissement a\u0300 vocation professionnalisant \u00bb, lit-on dans une note signe\u0301e par trois repre\u0301sentants des enseignants envoye\u0301e a\u0300 l\u2019administration centrale de l\u2019universite\u0301 et la direction de l\u2019IUT.<\/p>\n<p>Dans cette re\u0301union, les interventions ont porte\u0301 sur la recherche des solutions devant aider a\u0300 garantir le bon de\u0301roulement des cours dans les meilleures conditions possibles. Certains ont pointe\u0301 du doigt le de\u0301sinte\u0301ressement des autorite\u0301s universitaires dont certaines sont derrie\u0300re ce \u00ab de\u0301sordre \u00bb pe\u0301dagogique. D\u2019autres ont montre\u0301 la non application des textes re\u0301gissant l\u2019universite\u0301 notamment ceux relatifs a\u0300 l\u2019admission des e\u0301tudiants dans les e\u0301tablissements de l\u2019UDC a\u0300 caracte\u0300re professionnel. Ainsi que d\u2019autres refusant des solutions non re\u0301alistes visant le partage des classes en deux groupes du fait du manque de salles et d\u2019un nombre suffisant d\u2019enseignants, sachant que l\u2019IUT n\u2019est pas une faculte\u0301. \u00ab Il a e\u0301te\u0301 rappele\u0301 que plusieurs enseignements sont dote\u0301s de travaux pratiques (TP) et des travaux dirige\u0301s (TD) ne\u0301cessitant un suivi et un contact direct entre l\u2019e\u0301tudiant et son enseignant, or le sureffectif ave\u0301re\u0301 d\u2019e\u0301tudiants handicape le de\u0301roulement des TP et TD \u00bb, poursuit-il.<\/p>\n<p>Les enseignants de\u0301plorent ces conditions difficiles de travail et exigent que l\u2019on revienne sur les listes des admis aux concours d\u2019entre\u0301e a\u0300 l\u2019IUT. C\u2019est ainsi que, pour manifester leur me\u0301contentement et leur de\u0301sarroi d\u2019une part et pour protester contre le non-respect des textes et re\u0300glement re\u0301gissant le fonctionnement et le de\u0301roulement des concours, les enseignants ont de\u0301cide\u0301 a\u0300 l\u2019unanimite\u0301 d\u2019observer ce lundi 28 novembre un arre\u0302t de cours de 24h. \u00ab A la reprise des cours le mardi 29 novembre, seuls les e\u0301tudiants admis suivront les cours, seront note\u0301s dans les diffe\u0301rents types d\u2019e\u0301valuation de l\u2019e\u0301tablissement \u00bb, pre\u0301cise la note.<\/p>\n<p><strong>Pour plus d&rsquo;informations et d&rsquo;analyses sur la <a href=\"https:\/\/www.africa-press.net\/comores\">Comores<\/a>, suivez <a href=\"https:\/\/www.africa-press.net\/\">Africa-Press<\/a><\/strong><\/p>\n","protected":false},"excerpt":{"rendered":"<p>Africa-Press &#8211; Comores. Les enseignants de l\u2019Institut Universitaire de Technologie (IUT) vont observer un arre\u0302t de cours de 24h ce lundi 28 novembre. L\u2019administration compose\u0301e par des enseignants va chasser des salles de classes les e\u0301tudiants qui n\u2019ont pas re\u0301ussi leur concours d\u2019entre\u0301e. Un arre\u0302t de cours de 24h pour chasser les e\u0301le\u0300ves qui n\u2019ont [&hellip;]<\/p>\n","protected":false},"author":82,"featured_media":5792,"comment_status":"open","ping_status":"closed","sticky":false,"template":"","format":"standard","meta":{"footnotes":""},"categories":[21,10],"tags":[36,53,45],"class_list":["post-5793","post","type-post","status-publish","format-standard","has-post-thumbnail","hentry","category-communaute","category-toutes-les-actualites","tag-africa-press","tag-africa-press-comores","tag-comores"],"yoast_head":"<!-- This site is optimized with the Yoast SEO Premium plugin v26.1 (Yoast SEO v27.0) - https:\/\/yoast.com\/product\/yoast-seo-premium-wordpress\/ -->\n<title>L\u2019IUT observe un arr\u00eat de cours de 24h ce lundi - Comores<\/title>\n<meta name=\"description\" content=\"Les enseignants de l\u2019Institut Universitaire de Technologie (IUT) vont observer un arre\u0302t de cours de 24h ce lundi 28 ...\" \/>\n<meta name=\"robots\" content=\"index, follow, max-snippet:-1, max-image-preview:large, max-video-preview:-1\" \/>\n<link rel=\"canonical\" href=\"https:\/\/www.africa-press.net\/comores\/toutes-les-actualites\/liut-observe-un-arret-de-cours-de-24h-ce-lundi\" \/>\n<meta property=\"og:locale\" content=\"fr_FR\" \/>\n<meta property=\"og:type\" content=\"article\" \/>\n<meta property=\"og:title\" content=\"L\u2019IUT observe un arr\u00eat de cours de 24h ce lundi\" \/>\n<meta property=\"og:description\" content=\"Les enseignants de l\u2019Institut Universitaire de Technologie (IUT) vont observer un arre\u0302t de cours de 24h ce lundi 28 ...\" \/>\n<meta property=\"og:url\" content=\"https:\/\/www.africa-press.net\/comores\/toutes-les-actualites\/liut-observe-un-arret-de-cours-de-24h-ce-lundi\" \/>\n<meta property=\"og:site_name\" content=\"Comores\" \/>\n<meta property=\"article:published_time\" content=\"2022-11-28T15:22:54+00:00\" \/>\n<meta property=\"article:modified_time\" content=\"2022-11-28T17:06:18+00:00\" \/>\n<meta property=\"og:image\" content=\"https:\/\/static.africa-press.net\/centrafricaine\/sites\/48\/2022\/11\/postQueueImg_1669636388.73.jpg\" \/>\n\t<meta property=\"og:image:width\" content=\"720\" \/>\n\t<meta property=\"og:image:height\" content=\"360\" \/>\n\t<meta property=\"og:image:type\" content=\"image\/jpeg\" \/>\n<meta name=\"author\" content=\"cfeditorfr\" \/>\n<meta name=\"twitter:card\" content=\"summary_large_image\" \/>\n<meta name=\"twitter:label1\" content=\"\u00c9crit par\" \/>\n\t<meta name=\"twitter:data1\" content=\"cfeditorfr\" \/>\n\t<meta name=\"twitter:label2\" content=\"Dur\u00e9e de lecture estim\u00e9e\" \/>\n\t<meta name=\"twitter:data2\" content=\"3 minutes\" \/>\n<script type=\"application\/ld+json\" class=\"yoast-schema-graph\">{\"@context\":\"https:\/\/schema.org\",\"@graph\":[{\"@type\":\"Article\",\"@id\":\"https:\/\/www.africa-press.net\/comores\/toutes-les-actualites\/liut-observe-un-arret-de-cours-de-24h-ce-lundi#article\",\"isPartOf\":{\"@id\":\"https:\/\/www.africa-press.net\/comores\/toutes-les-actualites\/liut-observe-un-arret-de-cours-de-24h-ce-lundi\"},\"author\":{\"name\":\"cfeditorfr\",\"@id\":\"https:\/\/www.africa-press.net\/comores\/#\/schema\/person\/2b1cf3cd81a31e3cd26889ca66d677f1\"},\"headline\":\"L\u2019IUT observe un arr\u00eat de cours de 24h ce lundi\",\"datePublished\":\"2022-11-28T15:22:54+00:00\",\"dateModified\":\"2022-11-28T17:06:18+00:00\",\"mainEntityOfPage\":{\"@id\":\"https:\/\/www.africa-press.net\/comores\/toutes-les-actualites\/liut-observe-un-arret-de-cours-de-24h-ce-lundi\"},\"wordCount\":597,\"commentCount\":0,\"image\":{\"@id\":\"https:\/\/www.africa-press.net\/comores\/toutes-les-actualites\/liut-observe-un-arret-de-cours-de-24h-ce-lundi#primaryimage\"},\"thumbnailUrl\":\"https:\/\/static.africa-press.net\/centrafricaine\/sites\/48\/2022\/11\/postQueueImg_1669636388.73.jpg\",\"keywords\":[\"Africa Press\",\"Africa Press-Comores\",\"Comores\"],\"articleSection\":[\"Communaut\u00e9\",\"Toutes les actualit\u00e9s\"],\"inLanguage\":\"fr-FR\",\"potentialAction\":[{\"@type\":\"CommentAction\",\"name\":\"Comment\",\"target\":[\"https:\/\/www.africa-press.net\/comores\/toutes-les-actualites\/liut-observe-un-arret-de-cours-de-24h-ce-lundi#respond\"]}]},{\"@type\":\"WebPage\",\"@id\":\"https:\/\/www.africa-press.net\/comores\/toutes-les-actualites\/liut-observe-un-arret-de-cours-de-24h-ce-lundi\",\"url\":\"https:\/\/www.africa-press.net\/comores\/toutes-les-actualites\/liut-observe-un-arret-de-cours-de-24h-ce-lundi\",\"name\":\"L\u2019IUT observe un arr\u00eat de cours de 24h ce lundi - Comores\",\"isPartOf\":{\"@id\":\"https:\/\/www.africa-press.net\/comores\/#website\"},\"primaryImageOfPage\":{\"@id\":\"https:\/\/www.africa-press.net\/comores\/toutes-les-actualites\/liut-observe-un-arret-de-cours-de-24h-ce-lundi#primaryimage\"},\"image\":{\"@id\":\"https:\/\/www.africa-press.net\/comores\/toutes-les-actualites\/liut-observe-un-arret-de-cours-de-24h-ce-lundi#primaryimage\"},\"thumbnailUrl\":\"https:\/\/static.africa-press.net\/centrafricaine\/sites\/48\/2022\/11\/postQueueImg_1669636388.73.jpg\",\"datePublished\":\"2022-11-28T15:22:54+00:00\",\"dateModified\":\"2022-11-28T17:06:18+00:00\",\"author\":{\"@id\":\"https:\/\/www.africa-press.net\/comores\/#\/schema\/person\/2b1cf3cd81a31e3cd26889ca66d677f1\"},\"description\":\"Les enseignants de l\u2019Institut Universitaire de Technologie (IUT) vont observer un arre\u0302t de cours de 24h ce lundi 28 ...\",\"breadcrumb\":{\"@id\":\"https:\/\/www.africa-press.net\/comores\/toutes-les-actualites\/liut-observe-un-arret-de-cours-de-24h-ce-lundi#breadcrumb\"},\"inLanguage\":\"fr-FR\",\"potentialAction\":[{\"@type\":\"ReadAction\",\"target\":[\"https:\/\/www.africa-press.net\/comores\/toutes-les-actualites\/liut-observe-un-arret-de-cours-de-24h-ce-lundi\"]}]},{\"@type\":\"ImageObject\",\"inLanguage\":\"fr-FR\",\"@id\":\"https:\/\/www.africa-press.net\/comores\/toutes-les-actualites\/liut-observe-un-arret-de-cours-de-24h-ce-lundi#primaryimage\",\"url\":\"https:\/\/static.africa-press.net\/centrafricaine\/sites\/48\/2022\/11\/postQueueImg_1669636388.73.jpg\",\"contentUrl\":\"https:\/\/static.africa-press.net\/centrafricaine\/sites\/48\/2022\/11\/postQueueImg_1669636388.73.jpg\",\"width\":720,\"height\":360,\"caption\":\"L\u2019IUT observe un arr\u00eat de cours de 24h ce lundi\"},{\"@type\":\"BreadcrumbList\",\"@id\":\"https:\/\/www.africa-press.net\/comores\/toutes-les-actualites\/liut-observe-un-arret-de-cours-de-24h-ce-lundi#breadcrumb\",\"itemListElement\":[{\"@type\":\"ListItem\",\"position\":1,\"name\":\"Accueil\",\"item\":\"https:\/\/www.africa-press.net\/comores\/\"},{\"@type\":\"ListItem\",\"position\":2,\"name\":\"L\u2019IUT observe un arr\u00eat de cours de 24h ce lundi\"}]},{\"@type\":\"WebSite\",\"@id\":\"https:\/\/www.africa-press.net\/comores\/#website\",\"url\":\"https:\/\/www.africa-press.net\/comores\/\",\"name\":\"Comores\",\"description\":\"Just another Africa News Agency Sites site\",\"potentialAction\":[{\"@type\":\"SearchAction\",\"target\":{\"@type\":\"EntryPoint\",\"urlTemplate\":\"https:\/\/www.africa-press.net\/comores\/?s={search_term_string}\"},\"query-input\":{\"@type\":\"PropertyValueSpecification\",\"valueRequired\":true,\"valueName\":\"search_term_string\"}}],\"inLanguage\":\"fr-FR\"},{\"@type\":\"Person\",\"@id\":\"https:\/\/www.africa-press.net\/comores\/#\/schema\/person\/2b1cf3cd81a31e3cd26889ca66d677f1\",\"name\":\"cfeditorfr\"}]}<\/script>\n<!-- \/ Yoast SEO Premium plugin. -->","yoast_head_json":{"title":"L\u2019IUT observe un arr\u00eat de cours de 24h ce lundi - Comores","description":"Les enseignants de l\u2019Institut Universitaire de Technologie (IUT) vont observer un arre\u0302t de cours de 24h ce lundi 28 ...","robots":{"index":"index","follow":"follow","max-snippet":"max-snippet:-1","max-image-preview":"max-image-preview:large","max-video-preview":"max-video-preview:-1"},"canonical":"https:\/\/www.africa-press.net\/comores\/toutes-les-actualites\/liut-observe-un-arret-de-cours-de-24h-ce-lundi","og_locale":"fr_FR","og_type":"article","og_title":"L\u2019IUT observe un arr\u00eat de cours de 24h ce lundi","og_description":"Les enseignants de l\u2019Institut Universitaire de Technologie (IUT) vont observer un arre\u0302t de cours de 24h ce lundi 28 ...","og_url":"https:\/\/www.africa-press.net\/comores\/toutes-les-actualites\/liut-observe-un-arret-de-cours-de-24h-ce-lundi","og_site_name":"Comores","article_published_time":"2022-11-28T15:22:54+00:00","article_modified_time":"2022-11-28T17:06:18+00:00","og_image":[{"width":720,"height":360,"url":"https:\/\/static.africa-press.net\/centrafricaine\/sites\/48\/2022\/11\/postQueueImg_1669636388.73.jpg","type":"image\/jpeg"}],"author":"cfeditorfr","twitter_card":"summary_large_image","twitter_misc":{"\u00c9crit par":"cfeditorfr","Dur\u00e9e de lecture estim\u00e9e":"3 minutes"},"schema":{"@context":"https:\/\/schema.org","@graph":[{"@type":"Article","@id":"https:\/\/www.africa-press.net\/comores\/toutes-les-actualites\/liut-observe-un-arret-de-cours-de-24h-ce-lundi#article","isPartOf":{"@id":"https:\/\/www.africa-press.net\/comores\/toutes-les-actualites\/liut-observe-un-arret-de-cours-de-24h-ce-lundi"},"author":{"name":"cfeditorfr","@id":"https:\/\/www.africa-press.net\/comores\/#\/schema\/person\/2b1cf3cd81a31e3cd26889ca66d677f1"},"headline":"L\u2019IUT observe un arr\u00eat de cours de 24h ce lundi","datePublished":"2022-11-28T15:22:54+00:00","dateModified":"2022-11-28T17:06:18+00:00","mainEntityOfPage":{"@id":"https:\/\/www.africa-press.net\/comores\/toutes-les-actualites\/liut-observe-un-arret-de-cours-de-24h-ce-lundi"},"wordCount":597,"commentCount":0,"image":{"@id":"https:\/\/www.africa-press.net\/comores\/toutes-les-actualites\/liut-observe-un-arret-de-cours-de-24h-ce-lundi#primaryimage"},"thumbnailUrl":"https:\/\/static.africa-press.net\/centrafricaine\/sites\/48\/2022\/11\/postQueueImg_1669636388.73.jpg","keywords":["Africa Press","Africa Press-Comores","Comores"],"articleSection":["Communaut\u00e9","Toutes les actualit\u00e9s"],"inLanguage":"fr-FR","potentialAction":[{"@type":"CommentAction","name":"Comment","target":["https:\/\/www.africa-press.net\/comores\/toutes-les-actualites\/liut-observe-un-arret-de-cours-de-24h-ce-lundi#respond"]}]},{"@type":"WebPage","@id":"https:\/\/www.africa-press.net\/comores\/toutes-les-actualites\/liut-observe-un-arret-de-cours-de-24h-ce-lundi","url":"https:\/\/www.africa-press.net\/comores\/toutes-les-actualites\/liut-observe-un-arret-de-cours-de-24h-ce-lundi","name":"L\u2019IUT observe un arr\u00eat de cours de 24h ce lundi - Comores","isPartOf":{"@id":"https:\/\/www.africa-press.net\/comores\/#website"},"primaryImageOfPage":{"@id":"https:\/\/www.africa-press.net\/comores\/toutes-les-actualites\/liut-observe-un-arret-de-cours-de-24h-ce-lundi#primaryimage"},"image":{"@id":"https:\/\/www.africa-press.net\/comores\/toutes-les-actualites\/liut-observe-un-arret-de-cours-de-24h-ce-lundi#primaryimage"},"thumbnailUrl":"https:\/\/static.africa-press.net\/centrafricaine\/sites\/48\/2022\/11\/postQueueImg_1669636388.73.jpg","datePublished":"2022-11-28T15:22:54+00:00","dateModified":"2022-11-28T17:06:18+00:00","author":{"@id":"https:\/\/www.africa-press.net\/comores\/#\/schema\/person\/2b1cf3cd81a31e3cd26889ca66d677f1"},"description":"Les enseignants de l\u2019Institut Universitaire de Technologie (IUT) vont observer un arre\u0302t de cours de 24h ce lundi 28 ...","breadcrumb":{"@id":"https:\/\/www.africa-press.net\/comores\/toutes-les-actualites\/liut-observe-un-arret-de-cours-de-24h-ce-lundi#breadcrumb"},"inLanguage":"fr-FR","potentialAction":[{"@type":"ReadAction","target":["https:\/\/www.africa-press.net\/comores\/toutes-les-actualites\/liut-observe-un-arret-de-cours-de-24h-ce-lundi"]}]},{"@type":"ImageObject","inLanguage":"fr-FR","@id":"https:\/\/www.africa-press.net\/comores\/toutes-les-actualites\/liut-observe-un-arret-de-cours-de-24h-ce-lundi#primaryimage","url":"https:\/\/static.africa-press.net\/centrafricaine\/sites\/48\/2022\/11\/postQueueImg_1669636388.73.jpg","contentUrl":"https:\/\/static.africa-press.net\/centrafricaine\/sites\/48\/2022\/11\/postQueueImg_1669636388.73.jpg","width":720,"height":360,"caption":"L\u2019IUT observe un arr\u00eat de cours de 24h ce lundi"},{"@type":"BreadcrumbList","@id":"https:\/\/www.africa-press.net\/comores\/toutes-les-actualites\/liut-observe-un-arret-de-cours-de-24h-ce-lundi#breadcrumb","itemListElement":[{"@type":"ListItem","position":1,"name":"Accueil","item":"https:\/\/www.africa-press.net\/comores\/"},{"@type":"ListItem","position":2,"name":"L\u2019IUT observe un arr\u00eat de cours de 24h ce lundi"}]},{"@type":"WebSite","@id":"https:\/\/www.africa-press.net\/comores\/#website","url":"https:\/\/www.africa-press.net\/comores\/","name":"Comores","description":"Just another Africa News Agency Sites site","potentialAction":[{"@type":"SearchAction","target":{"@type":"EntryPoint","urlTemplate":"https:\/\/www.africa-press.net\/comores\/?s={search_term_string}"},"query-input":{"@type":"PropertyValueSpecification","valueRequired":true,"valueName":"search_term_string"}}],"inLanguage":"fr-FR"},{"@type":"Person","@id":"https:\/\/www.africa-press.net\/comores\/#\/schema\/person\/2b1cf3cd81a31e3cd26889ca66d677f1","name":"cfeditorfr"}]}},"_links":{"self":[{"href":"https:\/\/www.africa-press.net\/comores\/wp-json\/wp\/v2\/posts\/5793","targetHints":{"allow":["GET"]}}],"collection":[{"href":"https:\/\/www.africa-press.net\/comores\/wp-json\/wp\/v2\/posts"}],"about":[{"href":"https:\/\/www.africa-press.net\/comores\/wp-json\/wp\/v2\/types\/post"}],"author":[{"embeddable":true,"href":"https:\/\/www.africa-press.net\/comores\/wp-json\/wp\/v2\/users\/82"}],"replies":[{"embeddable":true,"href":"https:\/\/www.africa-press.net\/comores\/wp-json\/wp\/v2\/comments?post=5793"}],"version-history":[{"count":0,"href":"https:\/\/www.africa-press.net\/comores\/wp-json\/wp\/v2\/posts\/5793\/revisions"}],"wp:featuredmedia":[{"embeddable":true,"href":"https:\/\/www.africa-press.net\/comores\/wp-json\/wp\/v2\/media\/5792"}],"wp:attachment":[{"href":"https:\/\/www.africa-press.net\/comores\/wp-json\/wp\/v2\/media?parent=5793"}],"wp:term":[{"taxonomy":"category","embeddable":true,"href":"https:\/\/www.africa-press.net\/comores\/wp-json\/wp\/v2\/categories?post=5793"},{"taxonomy":"post_tag","embeddable":true,"href":"https:\/\/www.africa-press.net\/comores\/wp-json\/wp\/v2\/tags?post=5793"}],"curies":[{"name":"wp","href":"https:\/\/api.w.org\/{rel}","templated":true}]}}