{"id":5838,"date":"2022-11-29T14:24:17","date_gmt":"2022-11-29T14:24:17","guid":{"rendered":"https:\/\/www.africa-press.net\/comores\/politique\/les-elus-et-cadres-en-formation-sur-lamenagement-du-territoire-communal"},"modified":"2022-11-29T15:30:08","modified_gmt":"2022-11-29T15:30:08","slug":"les-elus-et-cadres-en-formation-sur-lamenagement-du-territoire-communal","status":"publish","type":"post","link":"https:\/\/www.africa-press.net\/comores\/toutes-les-actualites\/les-elus-et-cadres-en-formation-sur-lamenagement-du-territoire-communal","title":{"rendered":"Les \u00e9lus et cadres en formation sur l&rsquo;am\u00e9nagement du territoire communal"},"content":{"rendered":"<p><span style=\"color: #ff6600\"><strong>Africa-Press &#8211; Comores. <\/strong><\/span><b>Ce lundi 28 novembre, a eu lieu la ce\u0301re\u0301monie de clo\u0302ture du programme de formation des e\u0301lus et cadres locaux comoriens. Mis en place en novembre 2019, le projet a e\u0301te\u0301 finance\u0301 par le ministe\u0300re franc\u0327ais de l&rsquo;Europe et des affaires e\u0301trange\u0300res et le de\u0301partement de La Re\u0301union. 133 e\u0301lus et cadres locaux ont be\u0301ne\u0301ficie\u0301 de cette formation avec les diffe\u0301rentes parties prenantes comoriennes, conc\u0327ue pour appuyer le processus de de\u0301centralisation. <\/b><\/p>\n<p>La formation des e\u0301lus et cadres locaux a ferme\u0301 ses portes hier lundi 28 novembre. La ce\u0301re\u0301monie a vu la participation du ministre de l&rsquo;e\u0301ducation, des gouverneurs des i\u0302les, de l&rsquo;ambassadeur de France et d\u2019une de\u0301le\u0301gation du Conseil de\u0301partemental de La Re\u0301union. Mis en place en novembre 2019, le projet a e\u0301te\u0301 finance\u0301 par le ministe\u0300re franc\u0327ais de l&rsquo;Europe et des affaires e\u0301trange\u0300res et le de\u0301partement de La Re\u0301union. 133 e\u0301lus et cadres locaux ont be\u0301ne\u0301ficie\u0301 d&rsquo;une formation avec les diffe\u0301rentes parties prenantes comoriennes et conc\u0327ue pour appuyer le processus de de\u0301centralisation. Et le SUFOP e\u0301tait l&rsquo;ope\u0301rateur relais de cette formation.<\/p>\n<p>\u00ab Il faut noter qu&rsquo;on avait beaucoup de sessions avec des the\u0301matiques diffe\u0301rentes qui se sont de\u0301roule\u0301es dans les trois i\u0302les. En premier lieu 12 formateurs comoriens e\u0301taient initie\u0301s aux techniques de la formation continue et d&rsquo;adultes et de la co-animation. Et une autre session sur la de\u0301centralisation et la gouvernance locale en pre\u0301sentiel et en sche\u0301ma pe\u0301dagogique hybride compte tenu du contexte sanitaire. Et une formation sur les fondamentaux de la gouvernance locale, la gestion budge\u0301taire et financie\u0300re et la conduite de projet. Puis sur l&rsquo;ame\u0301nagement du territoire communal \u00bb, montre Mohamed El-Had, interface entre le SUFOP et les institutions parties prenantes.<\/p>\n<p>Le maire de Bambao Ya Hari a tenu a\u0300 remercier les formateurs pour cette formation enrichissante qui va leur permettre de mener a\u0300 bien leur mission. \u00ab Au nom de tous les maires et en mon nom personnel, j\u2019exprime notre gratitude a\u0300 madame la gouverneure pour son engagement et sa de\u0301termination de tout mettre en \u0153uvre pour nous soutenir. Et e\u0301videmment avec une telle compe\u0301tence acquise, nous serons en effet, en mesure de faire notre travail en qualite\u0301 de maires \u00bb, avance Dini Ahamada, pre\u0301sident de l&rsquo;association des maires de Ngazidja. C\u2019e\u0301tait aussi l\u2019occasion de remettre les attestations de me\u0301rite aux be\u0301ne\u0301ficiaires par les autorite\u0301s pre\u0301sentes.<\/p>\n<p><strong>Pour plus d&rsquo;informations et d&rsquo;analyses sur la <a href=\"https:\/\/www.africa-press.net\/comores\">Comores<\/a>, suivez <a href=\"https:\/\/www.africa-press.net\/\">Africa-Press<\/a><\/strong><\/p>\n","protected":false},"excerpt":{"rendered":"<p>Africa-Press &#8211; Comores. Ce lundi 28 novembre, a eu lieu la ce\u0301re\u0301monie de clo\u0302ture du programme de formation des e\u0301lus et cadres locaux comoriens. Mis en place en novembre 2019, le projet a e\u0301te\u0301 finance\u0301 par le ministe\u0300re franc\u0327ais de l&rsquo;Europe et des affaires e\u0301trange\u0300res et le de\u0301partement de La Re\u0301union. 133 e\u0301lus et cadres [&hellip;]<\/p>\n","protected":false},"author":82,"featured_media":5837,"comment_status":"open","ping_status":"closed","sticky":false,"template":"","format":"standard","meta":{"footnotes":""},"categories":[21,20,10],"tags":[36,53,45],"class_list":["post-5838","post","type-post","status-publish","format-standard","has-post-thumbnail","hentry","category-communaute","category-top-nouvelles","category-toutes-les-actualites","tag-africa-press","tag-africa-press-comores","tag-comores"],"yoast_head":"<!-- This site is optimized with the Yoast SEO Premium plugin v26.1 (Yoast SEO v27.0) - https:\/\/yoast.com\/product\/yoast-seo-premium-wordpress\/ -->\n<title>Les \u00e9lus et cadres en formation sur l&#039;am\u00e9nagement du territoire communal - Comores<\/title>\n<meta name=\"description\" content=\"Ce lundi 28 novembre, a eu lieu la ce\u0301re\u0301monie de clo\u0302ture du programme de formation des e\u0301lus et cadres locaux comor ...\" \/>\n<meta name=\"robots\" content=\"index, follow, max-snippet:-1, max-image-preview:large, max-video-preview:-1\" \/>\n<link rel=\"canonical\" href=\"https:\/\/www.africa-press.net\/comores\/toutes-les-actualites\/les-elus-et-cadres-en-formation-sur-lamenagement-du-territoire-communal\" \/>\n<meta property=\"og:locale\" content=\"fr_FR\" \/>\n<meta property=\"og:type\" content=\"article\" \/>\n<meta property=\"og:title\" content=\"Les \u00e9lus et cadres en formation sur l&#039;am\u00e9nagement du territoire communal\" \/>\n<meta property=\"og:description\" content=\"Ce lundi 28 novembre, a eu lieu la ce\u0301re\u0301monie de clo\u0302ture du programme de formation des e\u0301lus et cadres locaux comor ...\" \/>\n<meta property=\"og:url\" content=\"https:\/\/www.africa-press.net\/comores\/toutes-les-actualites\/les-elus-et-cadres-en-formation-sur-lamenagement-du-territoire-communal\" \/>\n<meta property=\"og:site_name\" content=\"Comores\" \/>\n<meta property=\"article:published_time\" content=\"2022-11-29T14:24:17+00:00\" \/>\n<meta property=\"article:modified_time\" content=\"2022-11-29T15:30:08+00:00\" \/>\n<meta property=\"og:image\" content=\"https:\/\/static.africa-press.net\/centrafricaine\/sites\/48\/2022\/11\/postQueueImg_1669719283.36.jpg\" \/>\n\t<meta property=\"og:image:width\" content=\"1080\" \/>\n\t<meta property=\"og:image:height\" content=\"718\" \/>\n\t<meta property=\"og:image:type\" content=\"image\/jpeg\" \/>\n<meta name=\"author\" content=\"cfeditorfr\" \/>\n<meta name=\"twitter:card\" content=\"summary_large_image\" \/>\n<meta name=\"twitter:label1\" content=\"\u00c9crit par\" \/>\n\t<meta name=\"twitter:data1\" content=\"cfeditorfr\" \/>\n\t<meta name=\"twitter:label2\" content=\"Dur\u00e9e de lecture estim\u00e9e\" \/>\n\t<meta name=\"twitter:data2\" content=\"2 minutes\" \/>\n<script type=\"application\/ld+json\" class=\"yoast-schema-graph\">{\"@context\":\"https:\/\/schema.org\",\"@graph\":[{\"@type\":\"Article\",\"@id\":\"https:\/\/www.africa-press.net\/comores\/toutes-les-actualites\/les-elus-et-cadres-en-formation-sur-lamenagement-du-territoire-communal#article\",\"isPartOf\":{\"@id\":\"https:\/\/www.africa-press.net\/comores\/toutes-les-actualites\/les-elus-et-cadres-en-formation-sur-lamenagement-du-territoire-communal\"},\"author\":{\"name\":\"cfeditorfr\",\"@id\":\"https:\/\/www.africa-press.net\/comores\/#\/schema\/person\/2b1cf3cd81a31e3cd26889ca66d677f1\"},\"headline\":\"Les \u00e9lus et cadres en formation sur l&rsquo;am\u00e9nagement du territoire communal\",\"datePublished\":\"2022-11-29T14:24:17+00:00\",\"dateModified\":\"2022-11-29T15:30:08+00:00\",\"mainEntityOfPage\":{\"@id\":\"https:\/\/www.africa-press.net\/comores\/toutes-les-actualites\/les-elus-et-cadres-en-formation-sur-lamenagement-du-territoire-communal\"},\"wordCount\":477,\"commentCount\":0,\"image\":{\"@id\":\"https:\/\/www.africa-press.net\/comores\/toutes-les-actualites\/les-elus-et-cadres-en-formation-sur-lamenagement-du-territoire-communal#primaryimage\"},\"thumbnailUrl\":\"https:\/\/static.africa-press.net\/centrafricaine\/sites\/48\/2022\/11\/postQueueImg_1669719283.36.jpg\",\"keywords\":[\"Africa Press\",\"Africa Press-Comores\",\"Comores\"],\"articleSection\":[\"Communaut\u00e9\",\"Top Nouvelles\",\"Toutes les actualit\u00e9s\"],\"inLanguage\":\"fr-FR\",\"potentialAction\":[{\"@type\":\"CommentAction\",\"name\":\"Comment\",\"target\":[\"https:\/\/www.africa-press.net\/comores\/toutes-les-actualites\/les-elus-et-cadres-en-formation-sur-lamenagement-du-territoire-communal#respond\"]}]},{\"@type\":\"WebPage\",\"@id\":\"https:\/\/www.africa-press.net\/comores\/toutes-les-actualites\/les-elus-et-cadres-en-formation-sur-lamenagement-du-territoire-communal\",\"url\":\"https:\/\/www.africa-press.net\/comores\/toutes-les-actualites\/les-elus-et-cadres-en-formation-sur-lamenagement-du-territoire-communal\",\"name\":\"Les \u00e9lus et cadres en formation sur l'am\u00e9nagement du territoire communal - Comores\",\"isPartOf\":{\"@id\":\"https:\/\/www.africa-press.net\/comores\/#website\"},\"primaryImageOfPage\":{\"@id\":\"https:\/\/www.africa-press.net\/comores\/toutes-les-actualites\/les-elus-et-cadres-en-formation-sur-lamenagement-du-territoire-communal#primaryimage\"},\"image\":{\"@id\":\"https:\/\/www.africa-press.net\/comores\/toutes-les-actualites\/les-elus-et-cadres-en-formation-sur-lamenagement-du-territoire-communal#primaryimage\"},\"thumbnailUrl\":\"https:\/\/static.africa-press.net\/centrafricaine\/sites\/48\/2022\/11\/postQueueImg_1669719283.36.jpg\",\"datePublished\":\"2022-11-29T14:24:17+00:00\",\"dateModified\":\"2022-11-29T15:30:08+00:00\",\"author\":{\"@id\":\"https:\/\/www.africa-press.net\/comores\/#\/schema\/person\/2b1cf3cd81a31e3cd26889ca66d677f1\"},\"description\":\"Ce lundi 28 novembre, a eu lieu la ce\u0301re\u0301monie de clo\u0302ture du programme de formation des e\u0301lus et cadres locaux comor ...\",\"breadcrumb\":{\"@id\":\"https:\/\/www.africa-press.net\/comores\/toutes-les-actualites\/les-elus-et-cadres-en-formation-sur-lamenagement-du-territoire-communal#breadcrumb\"},\"inLanguage\":\"fr-FR\",\"potentialAction\":[{\"@type\":\"ReadAction\",\"target\":[\"https:\/\/www.africa-press.net\/comores\/toutes-les-actualites\/les-elus-et-cadres-en-formation-sur-lamenagement-du-territoire-communal\"]}]},{\"@type\":\"ImageObject\",\"inLanguage\":\"fr-FR\",\"@id\":\"https:\/\/www.africa-press.net\/comores\/toutes-les-actualites\/les-elus-et-cadres-en-formation-sur-lamenagement-du-territoire-communal#primaryimage\",\"url\":\"https:\/\/static.africa-press.net\/centrafricaine\/sites\/48\/2022\/11\/postQueueImg_1669719283.36.jpg\",\"contentUrl\":\"https:\/\/static.africa-press.net\/centrafricaine\/sites\/48\/2022\/11\/postQueueImg_1669719283.36.jpg\",\"width\":1080,\"height\":718,\"caption\":\"Les \u00e9lus et cadres en formation sur l'am\u00e9nagement du territoire communal\"},{\"@type\":\"BreadcrumbList\",\"@id\":\"https:\/\/www.africa-press.net\/comores\/toutes-les-actualites\/les-elus-et-cadres-en-formation-sur-lamenagement-du-territoire-communal#breadcrumb\",\"itemListElement\":[{\"@type\":\"ListItem\",\"position\":1,\"name\":\"Accueil\",\"item\":\"https:\/\/www.africa-press.net\/comores\/\"},{\"@type\":\"ListItem\",\"position\":2,\"name\":\"Les \u00e9lus et cadres en formation sur l&#8217;am\u00e9nagement du territoire communal\"}]},{\"@type\":\"WebSite\",\"@id\":\"https:\/\/www.africa-press.net\/comores\/#website\",\"url\":\"https:\/\/www.africa-press.net\/comores\/\",\"name\":\"Comores\",\"description\":\"Just another Africa News Agency Sites site\",\"potentialAction\":[{\"@type\":\"SearchAction\",\"target\":{\"@type\":\"EntryPoint\",\"urlTemplate\":\"https:\/\/www.africa-press.net\/comores\/?s={search_term_string}\"},\"query-input\":{\"@type\":\"PropertyValueSpecification\",\"valueRequired\":true,\"valueName\":\"search_term_string\"}}],\"inLanguage\":\"fr-FR\"},{\"@type\":\"Person\",\"@id\":\"https:\/\/www.africa-press.net\/comores\/#\/schema\/person\/2b1cf3cd81a31e3cd26889ca66d677f1\",\"name\":\"cfeditorfr\"}]}<\/script>\n<!-- \/ Yoast SEO Premium plugin. -->","yoast_head_json":{"title":"Les \u00e9lus et cadres en formation sur l'am\u00e9nagement du territoire communal - Comores","description":"Ce lundi 28 novembre, a eu lieu la ce\u0301re\u0301monie de clo\u0302ture du programme de formation des e\u0301lus et cadres locaux comor ...","robots":{"index":"index","follow":"follow","max-snippet":"max-snippet:-1","max-image-preview":"max-image-preview:large","max-video-preview":"max-video-preview:-1"},"canonical":"https:\/\/www.africa-press.net\/comores\/toutes-les-actualites\/les-elus-et-cadres-en-formation-sur-lamenagement-du-territoire-communal","og_locale":"fr_FR","og_type":"article","og_title":"Les \u00e9lus et cadres en formation sur l'am\u00e9nagement du territoire communal","og_description":"Ce lundi 28 novembre, a eu lieu la ce\u0301re\u0301monie de clo\u0302ture du programme de formation des e\u0301lus et cadres locaux comor ...","og_url":"https:\/\/www.africa-press.net\/comores\/toutes-les-actualites\/les-elus-et-cadres-en-formation-sur-lamenagement-du-territoire-communal","og_site_name":"Comores","article_published_time":"2022-11-29T14:24:17+00:00","article_modified_time":"2022-11-29T15:30:08+00:00","og_image":[{"width":1080,"height":718,"url":"https:\/\/static.africa-press.net\/centrafricaine\/sites\/48\/2022\/11\/postQueueImg_1669719283.36.jpg","type":"image\/jpeg"}],"author":"cfeditorfr","twitter_card":"summary_large_image","twitter_misc":{"\u00c9crit par":"cfeditorfr","Dur\u00e9e de lecture estim\u00e9e":"2 minutes"},"schema":{"@context":"https:\/\/schema.org","@graph":[{"@type":"Article","@id":"https:\/\/www.africa-press.net\/comores\/toutes-les-actualites\/les-elus-et-cadres-en-formation-sur-lamenagement-du-territoire-communal#article","isPartOf":{"@id":"https:\/\/www.africa-press.net\/comores\/toutes-les-actualites\/les-elus-et-cadres-en-formation-sur-lamenagement-du-territoire-communal"},"author":{"name":"cfeditorfr","@id":"https:\/\/www.africa-press.net\/comores\/#\/schema\/person\/2b1cf3cd81a31e3cd26889ca66d677f1"},"headline":"Les \u00e9lus et cadres en formation sur l&rsquo;am\u00e9nagement du territoire communal","datePublished":"2022-11-29T14:24:17+00:00","dateModified":"2022-11-29T15:30:08+00:00","mainEntityOfPage":{"@id":"https:\/\/www.africa-press.net\/comores\/toutes-les-actualites\/les-elus-et-cadres-en-formation-sur-lamenagement-du-territoire-communal"},"wordCount":477,"commentCount":0,"image":{"@id":"https:\/\/www.africa-press.net\/comores\/toutes-les-actualites\/les-elus-et-cadres-en-formation-sur-lamenagement-du-territoire-communal#primaryimage"},"thumbnailUrl":"https:\/\/static.africa-press.net\/centrafricaine\/sites\/48\/2022\/11\/postQueueImg_1669719283.36.jpg","keywords":["Africa Press","Africa Press-Comores","Comores"],"articleSection":["Communaut\u00e9","Top Nouvelles","Toutes les actualit\u00e9s"],"inLanguage":"fr-FR","potentialAction":[{"@type":"CommentAction","name":"Comment","target":["https:\/\/www.africa-press.net\/comores\/toutes-les-actualites\/les-elus-et-cadres-en-formation-sur-lamenagement-du-territoire-communal#respond"]}]},{"@type":"WebPage","@id":"https:\/\/www.africa-press.net\/comores\/toutes-les-actualites\/les-elus-et-cadres-en-formation-sur-lamenagement-du-territoire-communal","url":"https:\/\/www.africa-press.net\/comores\/toutes-les-actualites\/les-elus-et-cadres-en-formation-sur-lamenagement-du-territoire-communal","name":"Les \u00e9lus et cadres en formation sur l'am\u00e9nagement du territoire communal - Comores","isPartOf":{"@id":"https:\/\/www.africa-press.net\/comores\/#website"},"primaryImageOfPage":{"@id":"https:\/\/www.africa-press.net\/comores\/toutes-les-actualites\/les-elus-et-cadres-en-formation-sur-lamenagement-du-territoire-communal#primaryimage"},"image":{"@id":"https:\/\/www.africa-press.net\/comores\/toutes-les-actualites\/les-elus-et-cadres-en-formation-sur-lamenagement-du-territoire-communal#primaryimage"},"thumbnailUrl":"https:\/\/static.africa-press.net\/centrafricaine\/sites\/48\/2022\/11\/postQueueImg_1669719283.36.jpg","datePublished":"2022-11-29T14:24:17+00:00","dateModified":"2022-11-29T15:30:08+00:00","author":{"@id":"https:\/\/www.africa-press.net\/comores\/#\/schema\/person\/2b1cf3cd81a31e3cd26889ca66d677f1"},"description":"Ce lundi 28 novembre, a eu lieu la ce\u0301re\u0301monie de clo\u0302ture du programme de formation des e\u0301lus et cadres locaux comor ...","breadcrumb":{"@id":"https:\/\/www.africa-press.net\/comores\/toutes-les-actualites\/les-elus-et-cadres-en-formation-sur-lamenagement-du-territoire-communal#breadcrumb"},"inLanguage":"fr-FR","potentialAction":[{"@type":"ReadAction","target":["https:\/\/www.africa-press.net\/comores\/toutes-les-actualites\/les-elus-et-cadres-en-formation-sur-lamenagement-du-territoire-communal"]}]},{"@type":"ImageObject","inLanguage":"fr-FR","@id":"https:\/\/www.africa-press.net\/comores\/toutes-les-actualites\/les-elus-et-cadres-en-formation-sur-lamenagement-du-territoire-communal#primaryimage","url":"https:\/\/static.africa-press.net\/centrafricaine\/sites\/48\/2022\/11\/postQueueImg_1669719283.36.jpg","contentUrl":"https:\/\/static.africa-press.net\/centrafricaine\/sites\/48\/2022\/11\/postQueueImg_1669719283.36.jpg","width":1080,"height":718,"caption":"Les \u00e9lus et cadres en formation sur l'am\u00e9nagement du territoire communal"},{"@type":"BreadcrumbList","@id":"https:\/\/www.africa-press.net\/comores\/toutes-les-actualites\/les-elus-et-cadres-en-formation-sur-lamenagement-du-territoire-communal#breadcrumb","itemListElement":[{"@type":"ListItem","position":1,"name":"Accueil","item":"https:\/\/www.africa-press.net\/comores\/"},{"@type":"ListItem","position":2,"name":"Les \u00e9lus et cadres en formation sur l&#8217;am\u00e9nagement du territoire communal"}]},{"@type":"WebSite","@id":"https:\/\/www.africa-press.net\/comores\/#website","url":"https:\/\/www.africa-press.net\/comores\/","name":"Comores","description":"Just another Africa News Agency Sites site","potentialAction":[{"@type":"SearchAction","target":{"@type":"EntryPoint","urlTemplate":"https:\/\/www.africa-press.net\/comores\/?s={search_term_string}"},"query-input":{"@type":"PropertyValueSpecification","valueRequired":true,"valueName":"search_term_string"}}],"inLanguage":"fr-FR"},{"@type":"Person","@id":"https:\/\/www.africa-press.net\/comores\/#\/schema\/person\/2b1cf3cd81a31e3cd26889ca66d677f1","name":"cfeditorfr"}]}},"_links":{"self":[{"href":"https:\/\/www.africa-press.net\/comores\/wp-json\/wp\/v2\/posts\/5838","targetHints":{"allow":["GET"]}}],"collection":[{"href":"https:\/\/www.africa-press.net\/comores\/wp-json\/wp\/v2\/posts"}],"about":[{"href":"https:\/\/www.africa-press.net\/comores\/wp-json\/wp\/v2\/types\/post"}],"author":[{"embeddable":true,"href":"https:\/\/www.africa-press.net\/comores\/wp-json\/wp\/v2\/users\/82"}],"replies":[{"embeddable":true,"href":"https:\/\/www.africa-press.net\/comores\/wp-json\/wp\/v2\/comments?post=5838"}],"version-history":[{"count":0,"href":"https:\/\/www.africa-press.net\/comores\/wp-json\/wp\/v2\/posts\/5838\/revisions"}],"wp:featuredmedia":[{"embeddable":true,"href":"https:\/\/www.africa-press.net\/comores\/wp-json\/wp\/v2\/media\/5837"}],"wp:attachment":[{"href":"https:\/\/www.africa-press.net\/comores\/wp-json\/wp\/v2\/media?parent=5838"}],"wp:term":[{"taxonomy":"category","embeddable":true,"href":"https:\/\/www.africa-press.net\/comores\/wp-json\/wp\/v2\/categories?post=5838"},{"taxonomy":"post_tag","embeddable":true,"href":"https:\/\/www.africa-press.net\/comores\/wp-json\/wp\/v2\/tags?post=5838"}],"curies":[{"name":"wp","href":"https:\/\/api.w.org\/{rel}","templated":true}]}}