{"id":5874,"date":"2022-12-01T18:44:19","date_gmt":"2022-12-01T18:44:19","guid":{"rendered":"https:\/\/www.africa-press.net\/comores\/politique\/les-retraites-exigent-une-revalorisation-de-leur-pension"},"modified":"2022-12-01T19:20:30","modified_gmt":"2022-12-01T19:20:30","slug":"les-retraites-exigent-une-revalorisation-de-leur-pension","status":"publish","type":"post","link":"https:\/\/www.africa-press.net\/comores\/toutes-les-actualites\/les-retraites-exigent-une-revalorisation-de-leur-pension","title":{"rendered":"Les retrait\u00e9s exigent une revalorisation de leur pension"},"content":{"rendered":"<p><span style=\"color: #ff6600\"><strong>Africa-Press &#8211; Comores. <\/strong><\/span><b>Apre\u0300s un mois d\u2019attente, le collectif des retraite\u0301s a tenu un sit-in pour re\u0301clamer leurs droits. Ces hommes et femmes qui ont servi dignement le pays exigent le re\u0300glement des impaye\u0301s de leur pension, la re\u0301gularite\u0301 et la revalorisation de la pension. <\/b><\/p>\n<p>Le gouvernement a de quoi a\u0300 se faire des cheveux gris. C\u2019e\u0301tait en tout cas la couleur capillaire dominante de ceux et celles qui se sont rendus hier mercredi 30 novembre, au sie\u0300ge de la Caisse de retraite en re\u0301ponse de l\u2019appel a\u0300 une mobilisation pour revendiquer leurs droits. De\u0301clenche\u0301 le 04 octobre dernier, le mouvement social des retraite\u0301s se poursuit. Des promesses non tenues, des re\u0302ves brise\u0301s, ces derniers haussent le ton. Ils exigent le re\u0300glement des arrie\u0301re\u0301s d\u2019impaye\u0301s de leur pension, la re\u0301gularite\u0301 des paiements mensuels et la revalorisation de la pension minimale. Vent debout, major Zalhata Mohamed explique : \u00ab trop, c\u2019est trop. Nous sommes la\u0300, pour parler de nos droits les plus le\u0301gitimes. Nous re\u0301clamons nos pensions, nous exigeons d\u2019e\u0302tre paye\u0301s en me\u0302me temps que les fonctionnaires actifs. Pourquoi ont-ils d\u2019avancement et pourquoi pas nous ? Nous voulons la valorisation de nos pensions \u00bb, lance-t-elle.<\/p>\n<p>C\u2019est inadmissible voire me\u0302me inde\u0301cent qu\u2019en 2022 un retraite\u0301 perc\u0327oive un montant de\u0301risoire de 13.000 KMF, c\u2019est me\u0302me pas le prix d\u2019un sac de riz. Il est temps que ce minimum vital passe a\u0300 50.000 ou 60.000 KMF. L\u2019arnaque doit prendre fin au niveau de la Caisse de retraite \u00bb. Lors de son intervention, elle n\u2019a pas manque\u0301 de soulever la question tre\u0300s importante relative aux femmes retraite\u0301s. \u00abCes femmes, une fois de\u0301ce\u0301de\u0301es, leurs enfants ne be\u0301ne\u0301ficient pas de leurs pensions et pourtant elles ont cotise\u0301. C\u2019est une injustice criante a\u0300 notre e\u0301gard \u00bb, a-t-elle fustige\u0301.<\/p>\n<p>Andjib Ali Sai\u0308d, ancien inspecteur ge\u0301ne\u0301ral des finances est revenue sur les promesses faites par le gouvernement. Les e\u0301changes n\u2019ont pas encore porte\u0301 leurs fruits. \u00abLes promesses sont toujours en attente. Les engagements n\u2019ont pas abouti. Aujourd\u2019hui me\u0302me, le ministre premier qui assurait l\u2019inte\u0301rim du pre\u0301sident lors de notre rencontre ne re\u0301pond plus a\u0300 nos appels \u00bb, de\u0301plore-t-il. Notons que les retraite\u0301s avaient re\u0301clame\u0301 une loi qui garantisse la survie du retraite\u0301 en instituant le \u00ab minimum vital \u00bb des pensions quelle que soit sa situation, ses cotisations, sa situation au niveau des administrations, le paiement de la pension en me\u0302me temps que les fonctionnaires, la re\u0301gularisation des arrie\u0301re\u0301s. Des revendications le\u0301gitimes a\u0300 leurs yeux, compte tenu de l\u2019inflation galopante et de la pre\u0301carite\u0301 qui gagne de larges couches sociales.<\/p>\n<p><strong>Pour plus d&rsquo;informations et d&rsquo;analyses sur la <a href=\"https:\/\/www.africa-press.net\/comores\">Comores<\/a>, suivez <a href=\"https:\/\/www.africa-press.net\/\">Africa-Press<\/a><\/strong><\/p>\n","protected":false},"excerpt":{"rendered":"<p>Africa-Press &#8211; Comores. Apre\u0300s un mois d\u2019attente, le collectif des retraite\u0301s a tenu un sit-in pour re\u0301clamer leurs droits. Ces hommes et femmes qui ont servi dignement le pays exigent le re\u0300glement des impaye\u0301s de leur pension, la re\u0301gularite\u0301 et la revalorisation de la pension. Le gouvernement a de quoi a\u0300 se faire des cheveux [&hellip;]<\/p>\n","protected":false},"author":82,"featured_media":5873,"comment_status":"open","ping_status":"closed","sticky":false,"template":"","format":"standard","meta":{"footnotes":""},"categories":[21,10],"tags":[36,53,45],"class_list":["post-5874","post","type-post","status-publish","format-standard","has-post-thumbnail","hentry","category-communaute","category-toutes-les-actualites","tag-africa-press","tag-africa-press-comores","tag-comores"],"yoast_head":"<!-- This site is optimized with the Yoast SEO Premium plugin v26.1 (Yoast SEO v27.0) - https:\/\/yoast.com\/product\/yoast-seo-premium-wordpress\/ -->\n<title>Les retrait\u00e9s exigent une revalorisation de leur pension - Comores<\/title>\n<meta name=\"description\" content=\"Apre\u0300s un mois d\u2019attente, le collectif des retraite\u0301s a tenu un sit-in pour re\u0301clamer leurs droits. Ces hommes et fem ...\" \/>\n<meta name=\"robots\" content=\"index, follow, max-snippet:-1, max-image-preview:large, max-video-preview:-1\" \/>\n<link rel=\"canonical\" href=\"https:\/\/www.africa-press.net\/comores\/toutes-les-actualites\/les-retraites-exigent-une-revalorisation-de-leur-pension\" \/>\n<meta property=\"og:locale\" content=\"fr_FR\" \/>\n<meta property=\"og:type\" content=\"article\" \/>\n<meta property=\"og:title\" content=\"Les retrait\u00e9s exigent une revalorisation de leur pension\" \/>\n<meta property=\"og:description\" content=\"Apre\u0300s un mois d\u2019attente, le collectif des retraite\u0301s a tenu un sit-in pour re\u0301clamer leurs droits. Ces hommes et fem ...\" \/>\n<meta property=\"og:url\" content=\"https:\/\/www.africa-press.net\/comores\/toutes-les-actualites\/les-retraites-exigent-une-revalorisation-de-leur-pension\" \/>\n<meta property=\"og:site_name\" content=\"Comores\" \/>\n<meta property=\"article:published_time\" content=\"2022-12-01T18:44:19+00:00\" \/>\n<meta property=\"article:modified_time\" content=\"2022-12-01T19:20:30+00:00\" \/>\n<meta property=\"og:image\" content=\"https:\/\/static.africa-press.net\/centrafricaine\/sites\/48\/2022\/12\/postQueueImg_1669907670.48.jpg\" \/>\n\t<meta property=\"og:image:width\" content=\"1280\" \/>\n\t<meta property=\"og:image:height\" content=\"960\" \/>\n\t<meta property=\"og:image:type\" content=\"image\/jpeg\" \/>\n<meta name=\"author\" content=\"cfeditorfr\" \/>\n<meta name=\"twitter:card\" content=\"summary_large_image\" \/>\n<meta name=\"twitter:label1\" content=\"\u00c9crit par\" \/>\n\t<meta name=\"twitter:data1\" content=\"cfeditorfr\" \/>\n\t<meta name=\"twitter:label2\" content=\"Dur\u00e9e de lecture estim\u00e9e\" \/>\n\t<meta name=\"twitter:data2\" content=\"3 minutes\" \/>\n<script type=\"application\/ld+json\" class=\"yoast-schema-graph\">{\"@context\":\"https:\/\/schema.org\",\"@graph\":[{\"@type\":\"Article\",\"@id\":\"https:\/\/www.africa-press.net\/comores\/toutes-les-actualites\/les-retraites-exigent-une-revalorisation-de-leur-pension#article\",\"isPartOf\":{\"@id\":\"https:\/\/www.africa-press.net\/comores\/toutes-les-actualites\/les-retraites-exigent-une-revalorisation-de-leur-pension\"},\"author\":{\"name\":\"cfeditorfr\",\"@id\":\"https:\/\/www.africa-press.net\/comores\/#\/schema\/person\/2b1cf3cd81a31e3cd26889ca66d677f1\"},\"headline\":\"Les retrait\u00e9s exigent une revalorisation de leur pension\",\"datePublished\":\"2022-12-01T18:44:19+00:00\",\"dateModified\":\"2022-12-01T19:20:30+00:00\",\"mainEntityOfPage\":{\"@id\":\"https:\/\/www.africa-press.net\/comores\/toutes-les-actualites\/les-retraites-exigent-une-revalorisation-de-leur-pension\"},\"wordCount\":498,\"commentCount\":0,\"image\":{\"@id\":\"https:\/\/www.africa-press.net\/comores\/toutes-les-actualites\/les-retraites-exigent-une-revalorisation-de-leur-pension#primaryimage\"},\"thumbnailUrl\":\"https:\/\/static.africa-press.net\/centrafricaine\/sites\/48\/2022\/12\/postQueueImg_1669907670.48.jpg\",\"keywords\":[\"Africa Press\",\"Africa Press-Comores\",\"Comores\"],\"articleSection\":[\"Communaut\u00e9\",\"Toutes les actualit\u00e9s\"],\"inLanguage\":\"fr-FR\",\"potentialAction\":[{\"@type\":\"CommentAction\",\"name\":\"Comment\",\"target\":[\"https:\/\/www.africa-press.net\/comores\/toutes-les-actualites\/les-retraites-exigent-une-revalorisation-de-leur-pension#respond\"]}]},{\"@type\":\"WebPage\",\"@id\":\"https:\/\/www.africa-press.net\/comores\/toutes-les-actualites\/les-retraites-exigent-une-revalorisation-de-leur-pension\",\"url\":\"https:\/\/www.africa-press.net\/comores\/toutes-les-actualites\/les-retraites-exigent-une-revalorisation-de-leur-pension\",\"name\":\"Les retrait\u00e9s exigent une revalorisation de leur pension - Comores\",\"isPartOf\":{\"@id\":\"https:\/\/www.africa-press.net\/comores\/#website\"},\"primaryImageOfPage\":{\"@id\":\"https:\/\/www.africa-press.net\/comores\/toutes-les-actualites\/les-retraites-exigent-une-revalorisation-de-leur-pension#primaryimage\"},\"image\":{\"@id\":\"https:\/\/www.africa-press.net\/comores\/toutes-les-actualites\/les-retraites-exigent-une-revalorisation-de-leur-pension#primaryimage\"},\"thumbnailUrl\":\"https:\/\/static.africa-press.net\/centrafricaine\/sites\/48\/2022\/12\/postQueueImg_1669907670.48.jpg\",\"datePublished\":\"2022-12-01T18:44:19+00:00\",\"dateModified\":\"2022-12-01T19:20:30+00:00\",\"author\":{\"@id\":\"https:\/\/www.africa-press.net\/comores\/#\/schema\/person\/2b1cf3cd81a31e3cd26889ca66d677f1\"},\"description\":\"Apre\u0300s un mois d\u2019attente, le collectif des retraite\u0301s a tenu un sit-in pour re\u0301clamer leurs droits. Ces hommes et fem ...\",\"breadcrumb\":{\"@id\":\"https:\/\/www.africa-press.net\/comores\/toutes-les-actualites\/les-retraites-exigent-une-revalorisation-de-leur-pension#breadcrumb\"},\"inLanguage\":\"fr-FR\",\"potentialAction\":[{\"@type\":\"ReadAction\",\"target\":[\"https:\/\/www.africa-press.net\/comores\/toutes-les-actualites\/les-retraites-exigent-une-revalorisation-de-leur-pension\"]}]},{\"@type\":\"ImageObject\",\"inLanguage\":\"fr-FR\",\"@id\":\"https:\/\/www.africa-press.net\/comores\/toutes-les-actualites\/les-retraites-exigent-une-revalorisation-de-leur-pension#primaryimage\",\"url\":\"https:\/\/static.africa-press.net\/centrafricaine\/sites\/48\/2022\/12\/postQueueImg_1669907670.48.jpg\",\"contentUrl\":\"https:\/\/static.africa-press.net\/centrafricaine\/sites\/48\/2022\/12\/postQueueImg_1669907670.48.jpg\",\"width\":1280,\"height\":960,\"caption\":\"Les retrait\u00e9s exigent une revalorisation de leur pension\"},{\"@type\":\"BreadcrumbList\",\"@id\":\"https:\/\/www.africa-press.net\/comores\/toutes-les-actualites\/les-retraites-exigent-une-revalorisation-de-leur-pension#breadcrumb\",\"itemListElement\":[{\"@type\":\"ListItem\",\"position\":1,\"name\":\"Accueil\",\"item\":\"https:\/\/www.africa-press.net\/comores\/\"},{\"@type\":\"ListItem\",\"position\":2,\"name\":\"Les retrait\u00e9s exigent une revalorisation de leur pension\"}]},{\"@type\":\"WebSite\",\"@id\":\"https:\/\/www.africa-press.net\/comores\/#website\",\"url\":\"https:\/\/www.africa-press.net\/comores\/\",\"name\":\"Comores\",\"description\":\"Just another Africa News Agency Sites site\",\"potentialAction\":[{\"@type\":\"SearchAction\",\"target\":{\"@type\":\"EntryPoint\",\"urlTemplate\":\"https:\/\/www.africa-press.net\/comores\/?s={search_term_string}\"},\"query-input\":{\"@type\":\"PropertyValueSpecification\",\"valueRequired\":true,\"valueName\":\"search_term_string\"}}],\"inLanguage\":\"fr-FR\"},{\"@type\":\"Person\",\"@id\":\"https:\/\/www.africa-press.net\/comores\/#\/schema\/person\/2b1cf3cd81a31e3cd26889ca66d677f1\",\"name\":\"cfeditorfr\"}]}<\/script>\n<!-- \/ Yoast SEO Premium plugin. -->","yoast_head_json":{"title":"Les retrait\u00e9s exigent une revalorisation de leur pension - Comores","description":"Apre\u0300s un mois d\u2019attente, le collectif des retraite\u0301s a tenu un sit-in pour re\u0301clamer leurs droits. Ces hommes et fem ...","robots":{"index":"index","follow":"follow","max-snippet":"max-snippet:-1","max-image-preview":"max-image-preview:large","max-video-preview":"max-video-preview:-1"},"canonical":"https:\/\/www.africa-press.net\/comores\/toutes-les-actualites\/les-retraites-exigent-une-revalorisation-de-leur-pension","og_locale":"fr_FR","og_type":"article","og_title":"Les retrait\u00e9s exigent une revalorisation de leur pension","og_description":"Apre\u0300s un mois d\u2019attente, le collectif des retraite\u0301s a tenu un sit-in pour re\u0301clamer leurs droits. Ces hommes et fem ...","og_url":"https:\/\/www.africa-press.net\/comores\/toutes-les-actualites\/les-retraites-exigent-une-revalorisation-de-leur-pension","og_site_name":"Comores","article_published_time":"2022-12-01T18:44:19+00:00","article_modified_time":"2022-12-01T19:20:30+00:00","og_image":[{"width":1280,"height":960,"url":"https:\/\/static.africa-press.net\/centrafricaine\/sites\/48\/2022\/12\/postQueueImg_1669907670.48.jpg","type":"image\/jpeg"}],"author":"cfeditorfr","twitter_card":"summary_large_image","twitter_misc":{"\u00c9crit par":"cfeditorfr","Dur\u00e9e de lecture estim\u00e9e":"3 minutes"},"schema":{"@context":"https:\/\/schema.org","@graph":[{"@type":"Article","@id":"https:\/\/www.africa-press.net\/comores\/toutes-les-actualites\/les-retraites-exigent-une-revalorisation-de-leur-pension#article","isPartOf":{"@id":"https:\/\/www.africa-press.net\/comores\/toutes-les-actualites\/les-retraites-exigent-une-revalorisation-de-leur-pension"},"author":{"name":"cfeditorfr","@id":"https:\/\/www.africa-press.net\/comores\/#\/schema\/person\/2b1cf3cd81a31e3cd26889ca66d677f1"},"headline":"Les retrait\u00e9s exigent une revalorisation de leur pension","datePublished":"2022-12-01T18:44:19+00:00","dateModified":"2022-12-01T19:20:30+00:00","mainEntityOfPage":{"@id":"https:\/\/www.africa-press.net\/comores\/toutes-les-actualites\/les-retraites-exigent-une-revalorisation-de-leur-pension"},"wordCount":498,"commentCount":0,"image":{"@id":"https:\/\/www.africa-press.net\/comores\/toutes-les-actualites\/les-retraites-exigent-une-revalorisation-de-leur-pension#primaryimage"},"thumbnailUrl":"https:\/\/static.africa-press.net\/centrafricaine\/sites\/48\/2022\/12\/postQueueImg_1669907670.48.jpg","keywords":["Africa Press","Africa Press-Comores","Comores"],"articleSection":["Communaut\u00e9","Toutes les actualit\u00e9s"],"inLanguage":"fr-FR","potentialAction":[{"@type":"CommentAction","name":"Comment","target":["https:\/\/www.africa-press.net\/comores\/toutes-les-actualites\/les-retraites-exigent-une-revalorisation-de-leur-pension#respond"]}]},{"@type":"WebPage","@id":"https:\/\/www.africa-press.net\/comores\/toutes-les-actualites\/les-retraites-exigent-une-revalorisation-de-leur-pension","url":"https:\/\/www.africa-press.net\/comores\/toutes-les-actualites\/les-retraites-exigent-une-revalorisation-de-leur-pension","name":"Les retrait\u00e9s exigent une revalorisation de leur pension - Comores","isPartOf":{"@id":"https:\/\/www.africa-press.net\/comores\/#website"},"primaryImageOfPage":{"@id":"https:\/\/www.africa-press.net\/comores\/toutes-les-actualites\/les-retraites-exigent-une-revalorisation-de-leur-pension#primaryimage"},"image":{"@id":"https:\/\/www.africa-press.net\/comores\/toutes-les-actualites\/les-retraites-exigent-une-revalorisation-de-leur-pension#primaryimage"},"thumbnailUrl":"https:\/\/static.africa-press.net\/centrafricaine\/sites\/48\/2022\/12\/postQueueImg_1669907670.48.jpg","datePublished":"2022-12-01T18:44:19+00:00","dateModified":"2022-12-01T19:20:30+00:00","author":{"@id":"https:\/\/www.africa-press.net\/comores\/#\/schema\/person\/2b1cf3cd81a31e3cd26889ca66d677f1"},"description":"Apre\u0300s un mois d\u2019attente, le collectif des retraite\u0301s a tenu un sit-in pour re\u0301clamer leurs droits. Ces hommes et fem ...","breadcrumb":{"@id":"https:\/\/www.africa-press.net\/comores\/toutes-les-actualites\/les-retraites-exigent-une-revalorisation-de-leur-pension#breadcrumb"},"inLanguage":"fr-FR","potentialAction":[{"@type":"ReadAction","target":["https:\/\/www.africa-press.net\/comores\/toutes-les-actualites\/les-retraites-exigent-une-revalorisation-de-leur-pension"]}]},{"@type":"ImageObject","inLanguage":"fr-FR","@id":"https:\/\/www.africa-press.net\/comores\/toutes-les-actualites\/les-retraites-exigent-une-revalorisation-de-leur-pension#primaryimage","url":"https:\/\/static.africa-press.net\/centrafricaine\/sites\/48\/2022\/12\/postQueueImg_1669907670.48.jpg","contentUrl":"https:\/\/static.africa-press.net\/centrafricaine\/sites\/48\/2022\/12\/postQueueImg_1669907670.48.jpg","width":1280,"height":960,"caption":"Les retrait\u00e9s exigent une revalorisation de leur pension"},{"@type":"BreadcrumbList","@id":"https:\/\/www.africa-press.net\/comores\/toutes-les-actualites\/les-retraites-exigent-une-revalorisation-de-leur-pension#breadcrumb","itemListElement":[{"@type":"ListItem","position":1,"name":"Accueil","item":"https:\/\/www.africa-press.net\/comores\/"},{"@type":"ListItem","position":2,"name":"Les retrait\u00e9s exigent une revalorisation de leur pension"}]},{"@type":"WebSite","@id":"https:\/\/www.africa-press.net\/comores\/#website","url":"https:\/\/www.africa-press.net\/comores\/","name":"Comores","description":"Just another Africa News Agency Sites site","potentialAction":[{"@type":"SearchAction","target":{"@type":"EntryPoint","urlTemplate":"https:\/\/www.africa-press.net\/comores\/?s={search_term_string}"},"query-input":{"@type":"PropertyValueSpecification","valueRequired":true,"valueName":"search_term_string"}}],"inLanguage":"fr-FR"},{"@type":"Person","@id":"https:\/\/www.africa-press.net\/comores\/#\/schema\/person\/2b1cf3cd81a31e3cd26889ca66d677f1","name":"cfeditorfr"}]}},"_links":{"self":[{"href":"https:\/\/www.africa-press.net\/comores\/wp-json\/wp\/v2\/posts\/5874","targetHints":{"allow":["GET"]}}],"collection":[{"href":"https:\/\/www.africa-press.net\/comores\/wp-json\/wp\/v2\/posts"}],"about":[{"href":"https:\/\/www.africa-press.net\/comores\/wp-json\/wp\/v2\/types\/post"}],"author":[{"embeddable":true,"href":"https:\/\/www.africa-press.net\/comores\/wp-json\/wp\/v2\/users\/82"}],"replies":[{"embeddable":true,"href":"https:\/\/www.africa-press.net\/comores\/wp-json\/wp\/v2\/comments?post=5874"}],"version-history":[{"count":0,"href":"https:\/\/www.africa-press.net\/comores\/wp-json\/wp\/v2\/posts\/5874\/revisions"}],"wp:featuredmedia":[{"embeddable":true,"href":"https:\/\/www.africa-press.net\/comores\/wp-json\/wp\/v2\/media\/5873"}],"wp:attachment":[{"href":"https:\/\/www.africa-press.net\/comores\/wp-json\/wp\/v2\/media?parent=5874"}],"wp:term":[{"taxonomy":"category","embeddable":true,"href":"https:\/\/www.africa-press.net\/comores\/wp-json\/wp\/v2\/categories?post=5874"},{"taxonomy":"post_tag","embeddable":true,"href":"https:\/\/www.africa-press.net\/comores\/wp-json\/wp\/v2\/tags?post=5874"}],"curies":[{"name":"wp","href":"https:\/\/api.w.org\/{rel}","templated":true}]}}