{"id":5902,"date":"2022-12-02T13:38:53","date_gmt":"2022-12-02T13:38:53","guid":{"rendered":"https:\/\/www.africa-press.net\/comores\/politique\/a-quand-la-fin-des-coupures-intempestives"},"modified":"2022-12-02T13:38:53","modified_gmt":"2022-12-02T13:38:53","slug":"a-quand-la-fin-des-coupures-intempestives","status":"publish","type":"post","link":"https:\/\/www.africa-press.net\/comores\/economie\/a-quand-la-fin-des-coupures-intempestives","title":{"rendered":"A quand la fin des coupures\u00a0intempestives ?"},"content":{"rendered":"<p><span style=\"color: #ff6600\"><strong>Africa-Press &#8211; Comores. <\/strong><\/span><b>Ces derniers jours les coupures d\u2019e\u0301lectricite\u0301 intempestives s\u2019intensifient dans la capitale et ses environs, ainsi que toutes les zones pe\u0301riphe\u0301riques. La direction de la socie\u0301te\u0301 d\u2019e\u0301lectricite\u0301 e\u0301voque un proble\u0300me de radiateur destine\u0301 a\u0300 maintenir la tempe\u0301rature des groupes e\u0301lectroge\u0300nes et des pie\u0300ces endommage\u0301es. Un proble\u0300me e\u0301voque\u0301 maintes fois par le directeur ge\u0301ne\u0301ral Soilihi Mohamed Djounaid qui devrait e\u0302tre de\u0301ja\u0300 re\u0301gle\u0301.<\/b><\/p>\n<p>Malgre\u0301 tous les appuis financiers pour l\u2019achat des moteurs e\u0301lectroge\u0300nes, la SONELEC n\u2019arrive pas a\u0300 fournir l\u2019e\u0301lectricite\u0301 re\u0301gulie\u0300rement. Ces dernie\u0300res semaines, des coupures d\u2019e\u0301lectricite\u0301 frappent la capitale ainsi que les zones pe\u0301riphe\u0301riques. Dans un premier temps, la direction de la socie\u0301te\u0301 e\u0301voque un proble\u0300me de radiateur charge\u0301 de maintenir la tempe\u0301rature des groupes e\u0301lectroge\u0300nes et des pie\u0300ces endommage\u0301es, un proble\u0300me e\u0301voque\u0301 maintes fois par le directeur ge\u0301ne\u0301ral et qui devrait e\u0302tre de\u0301ja\u0300 re\u0301gle\u0301. Et aujourd\u2019hui encore, les clients de la Sonelec ont du mal a\u0300 croire le discours du directeur ge\u0301ne\u0301ral de la boite. \u00ab Des radiateurs sont abi\u0302me\u0301s de sorte qu\u2019il y a exce\u0300s de tempe\u0301rature occasionnant la mise hors-re\u0301seau de certains groupes et la limitation de vitesse pour d\u2019autres. Malgre\u0301 cela, nous commenc\u0327ons a\u0300 voir le bout du tunnel \u00bb, avait-il de\u0301clare\u0301 a\u0300 la te\u0301le\u0301vision nationale, tout en annonc\u0327ant que la situation va revenir a\u0300 la normale d\u2019ici la fin de cette semaine. Il a annonce\u0301 par ailleurs que les trois groupes attendus sont arrive\u0301s a\u0300 Moroni dont deux sont en cours d\u2019installation a\u0300 Ngazidja.<\/p>\n<p>Les coupures prolonge\u0301es perturbent non seulement des activite\u0301s professionnelles, mais e\u0301galement la vie de nombreux foyers surtout en cette pe\u0301riode de coupe du monde de football. Pire encore, l\u2019activite\u0301 e\u0301conomique tourne au ralenti pour de nombreux secteurs notamment les artisans. C\u2019est le cas d\u2019Inoussa, un menuiser qui doit livrer un salon complet les prochaines semaines. \u00ab Nous sommes de\u0301ja\u0300 entre\u0301 dans la pe\u0301riode des grands mariages. Et pour te dire, j\u2019ai beaucoup de commandes mais avec ces coupures a\u0300 re\u0301pe\u0301tition, je tourne au ralenti. Je crains ne pouvoir respecter mes engagements \u00bb, dit-il. Il n\u2019est pas le seul a\u0300 souffrir. Il y\u2019a aussi les commerc\u0327ants avec leurs produits carne\u0301s ou bien les buvettes qui doivent vivre au quotidien.<\/p>\n<p>\u00ab Je pense qu\u2019il y a de l\u2019incompe\u0301tence dans la socie\u0301te\u0301. Ces responsables ne savent rien, sinon ils ne savent pas pourquoi ils sont la\u0300. A chaque fois, on voit la socie\u0301te\u0301 recevoir des groupes e\u0301lectroge\u0300nes flambant neufs. Et comment peut-on avoir des coupures aussi fre\u0301quentes dans un petit pays comme le no\u0302tre. C\u2019est normal, car malheureusement, tous les directeurs qui passent dans cette socie\u0301te\u0301 continuent les me\u0302mes pratiques&#8230; sans aucune inovation\u00bb, confie un ancien agent de la socie\u0301te\u0301. \u00ab Actuellement la socie\u0301te\u0301 est au bout du rouleau. Elle est endette\u0301e a\u0300 hauteur de 5 milliards de francs comoriens, une somme colossale qu\u2019elle doit a\u0300 ses fournisseurs. On parle d\u2019achats de pie\u0300ces de rechange, de radiateurs de tempe\u0301rature et me\u0302me des groupes. Et on revient chaque fois a\u0300 la case de\u0301part \u00bb, poursuit-il.<\/p>\n<p>Pour rappel, la socie\u0301te\u0301 prend toujours ses 60 000 litres de gazole par jour et pourtant tous les moteurs ne s\u2019allument pas. Une situation qui interroge un agent de la Socie\u0301te\u0301 Comorienne des Hydrocarbures. \u00ab Je trouve bizarre que la socie\u0301te\u0301 prenne 60 000 litres de gazole par jour et ce sont deux ou trois moteurs qui marchent. Et me\u0302me si il y a des de\u0301lestages, la socie\u0301te\u0301 prend la me\u0302me quantite\u0301 \u00bb, s\u2019e\u0301tonne notre source.<\/p>\n<p><strong>Pour plus d&rsquo;informations et d&rsquo;analyses sur la <a href=\"https:\/\/www.africa-press.net\/comores\">Comores<\/a>, suivez <a href=\"https:\/\/www.africa-press.net\/\">Africa-Press<\/a><\/strong><\/p>\n","protected":false},"excerpt":{"rendered":"<p>Africa-Press &#8211; Comores. Ces derniers jours les coupures d\u2019e\u0301lectricite\u0301 intempestives s\u2019intensifient dans la capitale et ses environs, ainsi que toutes les zones pe\u0301riphe\u0301riques. La direction de la socie\u0301te\u0301 d\u2019e\u0301lectricite\u0301 e\u0301voque un proble\u0300me de radiateur destine\u0301 a\u0300 maintenir la tempe\u0301rature des groupes e\u0301lectroge\u0300nes et des pie\u0300ces endommage\u0301es. Un proble\u0300me e\u0301voque\u0301 maintes fois par le directeur ge\u0301ne\u0301ral [&hellip;]<\/p>\n","protected":false},"author":82,"featured_media":5901,"comment_status":"open","ping_status":"closed","sticky":false,"template":"","format":"standard","meta":{"footnotes":""},"categories":[3,20,10],"tags":[36,53,45],"class_list":["post-5902","post","type-post","status-publish","format-standard","has-post-thumbnail","hentry","category-economie","category-top-nouvelles","category-toutes-les-actualites","tag-africa-press","tag-africa-press-comores","tag-comores"],"yoast_head":"<!-- This site is optimized with the Yoast SEO Premium plugin v26.1 (Yoast SEO v27.0) - https:\/\/yoast.com\/product\/yoast-seo-premium-wordpress\/ -->\n<title>A quand la fin des coupures\u00a0intempestives ? - Comores<\/title>\n<meta name=\"robots\" content=\"index, follow, max-snippet:-1, max-image-preview:large, max-video-preview:-1\" \/>\n<link rel=\"canonical\" href=\"https:\/\/www.africa-press.net\/comores\/politique\/a-quand-la-fin-des-coupures-intempestives\" \/>\n<meta property=\"og:locale\" content=\"fr_FR\" \/>\n<meta property=\"og:type\" content=\"article\" \/>\n<meta property=\"og:title\" content=\"A quand la fin des coupures\u00a0intempestives ?\" \/>\n<meta property=\"og:description\" content=\"Africa-Press &#8211; Comores. Ces derniers jours les coupures d\u2019e\u0301lectricite\u0301 intempestives s\u2019intensifient dans la capitale et ses environs, ainsi que toutes les zones pe\u0301riphe\u0301riques. La direction de la socie\u0301te\u0301 d\u2019e\u0301lectricite\u0301 e\u0301voque un proble\u0300me de radiateur destine\u0301 a\u0300 maintenir la tempe\u0301rature des groupes e\u0301lectroge\u0300nes et des pie\u0300ces endommage\u0301es. Un proble\u0300me e\u0301voque\u0301 maintes fois par le directeur ge\u0301ne\u0301ral [&hellip;]\" \/>\n<meta property=\"og:url\" content=\"https:\/\/www.africa-press.net\/comores\/politique\/a-quand-la-fin-des-coupures-intempestives\" \/>\n<meta property=\"og:site_name\" content=\"Comores\" \/>\n<meta property=\"article:published_time\" content=\"2022-12-02T13:38:53+00:00\" \/>\n<meta name=\"author\" content=\"cfeditorfr\" \/>\n<meta name=\"twitter:card\" content=\"summary_large_image\" \/>\n<meta name=\"twitter:label1\" content=\"\u00c9crit par\" \/>\n\t<meta name=\"twitter:data1\" content=\"cfeditorfr\" \/>\n\t<meta name=\"twitter:label2\" content=\"Dur\u00e9e de lecture estim\u00e9e\" \/>\n\t<meta name=\"twitter:data2\" content=\"3 minutes\" \/>\n<script type=\"application\/ld+json\" class=\"yoast-schema-graph\">{\"@context\":\"https:\/\/schema.org\",\"@graph\":[{\"@type\":\"Article\",\"@id\":\"https:\/\/www.africa-press.net\/comores\/politique\/a-quand-la-fin-des-coupures-intempestives#article\",\"isPartOf\":{\"@id\":\"https:\/\/www.africa-press.net\/comores\/politique\/a-quand-la-fin-des-coupures-intempestives\"},\"author\":{\"name\":\"cfeditorfr\",\"@id\":\"https:\/\/www.africa-press.net\/comores\/#\/schema\/person\/2b1cf3cd81a31e3cd26889ca66d677f1\"},\"headline\":\"A quand la fin des coupures\u00a0intempestives ?\",\"datePublished\":\"2022-12-02T13:38:53+00:00\",\"mainEntityOfPage\":{\"@id\":\"https:\/\/www.africa-press.net\/comores\/politique\/a-quand-la-fin-des-coupures-intempestives\"},\"wordCount\":688,\"commentCount\":0,\"image\":{\"@id\":\"https:\/\/www.africa-press.net\/comores\/politique\/a-quand-la-fin-des-coupures-intempestives#primaryimage\"},\"thumbnailUrl\":\"https:\/\/static.africa-press.net\/centrafricaine\/sites\/48\/2022\/12\/postQueueImg_1669975750.20.jpg\",\"keywords\":[\"Africa Press\",\"Africa Press-Comores\",\"Comores\"],\"articleSection\":[\"\u00c9conomie\",\"Top Nouvelles\",\"Toutes les actualit\u00e9s\"],\"inLanguage\":\"fr-FR\",\"potentialAction\":[{\"@type\":\"CommentAction\",\"name\":\"Comment\",\"target\":[\"https:\/\/www.africa-press.net\/comores\/politique\/a-quand-la-fin-des-coupures-intempestives#respond\"]}]},{\"@type\":\"WebPage\",\"@id\":\"https:\/\/www.africa-press.net\/comores\/politique\/a-quand-la-fin-des-coupures-intempestives\",\"url\":\"https:\/\/www.africa-press.net\/comores\/politique\/a-quand-la-fin-des-coupures-intempestives\",\"name\":\"A quand la fin des coupures\u00a0intempestives ? - Comores\",\"isPartOf\":{\"@id\":\"https:\/\/www.africa-press.net\/comores\/#website\"},\"primaryImageOfPage\":{\"@id\":\"https:\/\/www.africa-press.net\/comores\/politique\/a-quand-la-fin-des-coupures-intempestives#primaryimage\"},\"image\":{\"@id\":\"https:\/\/www.africa-press.net\/comores\/politique\/a-quand-la-fin-des-coupures-intempestives#primaryimage\"},\"thumbnailUrl\":\"https:\/\/static.africa-press.net\/centrafricaine\/sites\/48\/2022\/12\/postQueueImg_1669975750.20.jpg\",\"datePublished\":\"2022-12-02T13:38:53+00:00\",\"author\":{\"@id\":\"https:\/\/www.africa-press.net\/comores\/#\/schema\/person\/2b1cf3cd81a31e3cd26889ca66d677f1\"},\"breadcrumb\":{\"@id\":\"https:\/\/www.africa-press.net\/comores\/politique\/a-quand-la-fin-des-coupures-intempestives#breadcrumb\"},\"inLanguage\":\"fr-FR\",\"potentialAction\":[{\"@type\":\"ReadAction\",\"target\":[\"https:\/\/www.africa-press.net\/comores\/politique\/a-quand-la-fin-des-coupures-intempestives\"]}]},{\"@type\":\"ImageObject\",\"inLanguage\":\"fr-FR\",\"@id\":\"https:\/\/www.africa-press.net\/comores\/politique\/a-quand-la-fin-des-coupures-intempestives#primaryimage\",\"url\":\"https:\/\/static.africa-press.net\/centrafricaine\/sites\/48\/2022\/12\/postQueueImg_1669975750.20.jpg\",\"contentUrl\":\"https:\/\/static.africa-press.net\/centrafricaine\/sites\/48\/2022\/12\/postQueueImg_1669975750.20.jpg\",\"width\":750,\"height\":438,\"caption\":\"A quand la fin des coupures\u00a0intempestives ?\"},{\"@type\":\"BreadcrumbList\",\"@id\":\"https:\/\/www.africa-press.net\/comores\/politique\/a-quand-la-fin-des-coupures-intempestives#breadcrumb\",\"itemListElement\":[{\"@type\":\"ListItem\",\"position\":1,\"name\":\"Accueil\",\"item\":\"https:\/\/www.africa-press.net\/comores\/\"},{\"@type\":\"ListItem\",\"position\":2,\"name\":\"A quand la fin des coupures\u00a0intempestives ?\"}]},{\"@type\":\"WebSite\",\"@id\":\"https:\/\/www.africa-press.net\/comores\/#website\",\"url\":\"https:\/\/www.africa-press.net\/comores\/\",\"name\":\"Comores\",\"description\":\"Just another Africa News Agency Sites site\",\"potentialAction\":[{\"@type\":\"SearchAction\",\"target\":{\"@type\":\"EntryPoint\",\"urlTemplate\":\"https:\/\/www.africa-press.net\/comores\/?s={search_term_string}\"},\"query-input\":{\"@type\":\"PropertyValueSpecification\",\"valueRequired\":true,\"valueName\":\"search_term_string\"}}],\"inLanguage\":\"fr-FR\"},{\"@type\":\"Person\",\"@id\":\"https:\/\/www.africa-press.net\/comores\/#\/schema\/person\/2b1cf3cd81a31e3cd26889ca66d677f1\",\"name\":\"cfeditorfr\"}]}<\/script>\n<!-- \/ Yoast SEO Premium plugin. -->","yoast_head_json":{"title":"A quand la fin des coupures\u00a0intempestives ? - Comores","robots":{"index":"index","follow":"follow","max-snippet":"max-snippet:-1","max-image-preview":"max-image-preview:large","max-video-preview":"max-video-preview:-1"},"canonical":"https:\/\/www.africa-press.net\/comores\/politique\/a-quand-la-fin-des-coupures-intempestives","og_locale":"fr_FR","og_type":"article","og_title":"A quand la fin des coupures\u00a0intempestives ?","og_description":"Africa-Press &#8211; Comores. Ces derniers jours les coupures d\u2019e\u0301lectricite\u0301 intempestives s\u2019intensifient dans la capitale et ses environs, ainsi que toutes les zones pe\u0301riphe\u0301riques. La direction de la socie\u0301te\u0301 d\u2019e\u0301lectricite\u0301 e\u0301voque un proble\u0300me de radiateur destine\u0301 a\u0300 maintenir la tempe\u0301rature des groupes e\u0301lectroge\u0300nes et des pie\u0300ces endommage\u0301es. Un proble\u0300me e\u0301voque\u0301 maintes fois par le directeur ge\u0301ne\u0301ral [&hellip;]","og_url":"https:\/\/www.africa-press.net\/comores\/politique\/a-quand-la-fin-des-coupures-intempestives","og_site_name":"Comores","article_published_time":"2022-12-02T13:38:53+00:00","author":"cfeditorfr","twitter_card":"summary_large_image","twitter_misc":{"\u00c9crit par":"cfeditorfr","Dur\u00e9e de lecture estim\u00e9e":"3 minutes"},"schema":{"@context":"https:\/\/schema.org","@graph":[{"@type":"Article","@id":"https:\/\/www.africa-press.net\/comores\/politique\/a-quand-la-fin-des-coupures-intempestives#article","isPartOf":{"@id":"https:\/\/www.africa-press.net\/comores\/politique\/a-quand-la-fin-des-coupures-intempestives"},"author":{"name":"cfeditorfr","@id":"https:\/\/www.africa-press.net\/comores\/#\/schema\/person\/2b1cf3cd81a31e3cd26889ca66d677f1"},"headline":"A quand la fin des coupures\u00a0intempestives ?","datePublished":"2022-12-02T13:38:53+00:00","mainEntityOfPage":{"@id":"https:\/\/www.africa-press.net\/comores\/politique\/a-quand-la-fin-des-coupures-intempestives"},"wordCount":688,"commentCount":0,"image":{"@id":"https:\/\/www.africa-press.net\/comores\/politique\/a-quand-la-fin-des-coupures-intempestives#primaryimage"},"thumbnailUrl":"https:\/\/static.africa-press.net\/centrafricaine\/sites\/48\/2022\/12\/postQueueImg_1669975750.20.jpg","keywords":["Africa Press","Africa Press-Comores","Comores"],"articleSection":["\u00c9conomie","Top Nouvelles","Toutes les actualit\u00e9s"],"inLanguage":"fr-FR","potentialAction":[{"@type":"CommentAction","name":"Comment","target":["https:\/\/www.africa-press.net\/comores\/politique\/a-quand-la-fin-des-coupures-intempestives#respond"]}]},{"@type":"WebPage","@id":"https:\/\/www.africa-press.net\/comores\/politique\/a-quand-la-fin-des-coupures-intempestives","url":"https:\/\/www.africa-press.net\/comores\/politique\/a-quand-la-fin-des-coupures-intempestives","name":"A quand la fin des coupures\u00a0intempestives ? - Comores","isPartOf":{"@id":"https:\/\/www.africa-press.net\/comores\/#website"},"primaryImageOfPage":{"@id":"https:\/\/www.africa-press.net\/comores\/politique\/a-quand-la-fin-des-coupures-intempestives#primaryimage"},"image":{"@id":"https:\/\/www.africa-press.net\/comores\/politique\/a-quand-la-fin-des-coupures-intempestives#primaryimage"},"thumbnailUrl":"https:\/\/static.africa-press.net\/centrafricaine\/sites\/48\/2022\/12\/postQueueImg_1669975750.20.jpg","datePublished":"2022-12-02T13:38:53+00:00","author":{"@id":"https:\/\/www.africa-press.net\/comores\/#\/schema\/person\/2b1cf3cd81a31e3cd26889ca66d677f1"},"breadcrumb":{"@id":"https:\/\/www.africa-press.net\/comores\/politique\/a-quand-la-fin-des-coupures-intempestives#breadcrumb"},"inLanguage":"fr-FR","potentialAction":[{"@type":"ReadAction","target":["https:\/\/www.africa-press.net\/comores\/politique\/a-quand-la-fin-des-coupures-intempestives"]}]},{"@type":"ImageObject","inLanguage":"fr-FR","@id":"https:\/\/www.africa-press.net\/comores\/politique\/a-quand-la-fin-des-coupures-intempestives#primaryimage","url":"https:\/\/static.africa-press.net\/centrafricaine\/sites\/48\/2022\/12\/postQueueImg_1669975750.20.jpg","contentUrl":"https:\/\/static.africa-press.net\/centrafricaine\/sites\/48\/2022\/12\/postQueueImg_1669975750.20.jpg","width":750,"height":438,"caption":"A quand la fin des coupures\u00a0intempestives ?"},{"@type":"BreadcrumbList","@id":"https:\/\/www.africa-press.net\/comores\/politique\/a-quand-la-fin-des-coupures-intempestives#breadcrumb","itemListElement":[{"@type":"ListItem","position":1,"name":"Accueil","item":"https:\/\/www.africa-press.net\/comores\/"},{"@type":"ListItem","position":2,"name":"A quand la fin des coupures\u00a0intempestives ?"}]},{"@type":"WebSite","@id":"https:\/\/www.africa-press.net\/comores\/#website","url":"https:\/\/www.africa-press.net\/comores\/","name":"Comores","description":"Just another Africa News Agency Sites site","potentialAction":[{"@type":"SearchAction","target":{"@type":"EntryPoint","urlTemplate":"https:\/\/www.africa-press.net\/comores\/?s={search_term_string}"},"query-input":{"@type":"PropertyValueSpecification","valueRequired":true,"valueName":"search_term_string"}}],"inLanguage":"fr-FR"},{"@type":"Person","@id":"https:\/\/www.africa-press.net\/comores\/#\/schema\/person\/2b1cf3cd81a31e3cd26889ca66d677f1","name":"cfeditorfr"}]}},"_links":{"self":[{"href":"https:\/\/www.africa-press.net\/comores\/wp-json\/wp\/v2\/posts\/5902","targetHints":{"allow":["GET"]}}],"collection":[{"href":"https:\/\/www.africa-press.net\/comores\/wp-json\/wp\/v2\/posts"}],"about":[{"href":"https:\/\/www.africa-press.net\/comores\/wp-json\/wp\/v2\/types\/post"}],"author":[{"embeddable":true,"href":"https:\/\/www.africa-press.net\/comores\/wp-json\/wp\/v2\/users\/82"}],"replies":[{"embeddable":true,"href":"https:\/\/www.africa-press.net\/comores\/wp-json\/wp\/v2\/comments?post=5902"}],"version-history":[{"count":0,"href":"https:\/\/www.africa-press.net\/comores\/wp-json\/wp\/v2\/posts\/5902\/revisions"}],"wp:featuredmedia":[{"embeddable":true,"href":"https:\/\/www.africa-press.net\/comores\/wp-json\/wp\/v2\/media\/5901"}],"wp:attachment":[{"href":"https:\/\/www.africa-press.net\/comores\/wp-json\/wp\/v2\/media?parent=5902"}],"wp:term":[{"taxonomy":"category","embeddable":true,"href":"https:\/\/www.africa-press.net\/comores\/wp-json\/wp\/v2\/categories?post=5902"},{"taxonomy":"post_tag","embeddable":true,"href":"https:\/\/www.africa-press.net\/comores\/wp-json\/wp\/v2\/tags?post=5902"}],"curies":[{"name":"wp","href":"https:\/\/api.w.org\/{rel}","templated":true}]}}