{"id":10319,"date":"2022-10-24T20:27:59","date_gmt":"2022-10-24T20:27:59","guid":{"rendered":"https:\/\/www.africa-press.net\/congo-brazzaville\/politique\/entrepreneuriat-une-formation-sur-les-clusters-pour-lemergence-des-pme-solidaires-et-competitives"},"modified":"2022-10-24T21:06:55","modified_gmt":"2022-10-24T21:06:55","slug":"entrepreneuriat-une-formation-sur-les-clusters-pour-lemergence-des-pme-solidaires-et-competitives","status":"publish","type":"post","link":"https:\/\/www.africa-press.net\/congo-brazzaville\/economie\/entrepreneuriat-une-formation-sur-les-clusters-pour-lemergence-des-pme-solidaires-et-competitives","title":{"rendered":"Entrepreneuriat : une formation sur les clusters pour l\u2019\u00e9mergence des PME solidaires et comp\u00e9titives"},"content":{"rendered":"<p><span style=\"color: #ff6600\"><strong>Africa-Press &#8211; Congo Brazzaville. <\/strong><\/span><b>La ministre des Petites et moyennes entreprises (PME) et de l\u2019Artisanat, Jacqueline Lydia Mikolo, a lance\u0301 une formation des formateurs de l\u2019Agence de de\u0301veloppement des tre\u0300s petites, petites et moyennes entreprises en matie\u0300re de gestion ope\u0301rationnelle des clusters pour une meilleure compe\u0301titivite\u0301. <\/b><\/p>\n<p>Des clusters sont une concentration d\u2019activite\u0301s regroupe\u0301es autour d\u2019un secteur ou d\u2019une filie\u0300re. Dans le but d\u2019accroi\u0302tre la solidarite\u0301 et la compe\u0301titivite\u0301 des tre\u0300s petites, petites et moyennes entreprises congolaises, la ministre Jacqueline Lydia Mikolo a lance\u0301, le 24 octobre a\u0300 Brazzaville, la formation sur la gestion ope\u0301rationnelle des clusters. \u00ab Les porteurs de projets regroupe\u0301s au sein des clusters ont besoin d\u2019e\u0302tre accompagne\u0301s dans la mise en \u0153uvre de leurs activite\u0301s afin qu\u2019ils deviennent de ve\u0301ritables acteurs de re\u0301duction des importations en vue d\u2019accroi\u0302tre les exportations \u00bb, a-t-elle indique\u0301 en e\u0301voquant la ne\u0301cessite\u0301 de cre\u0301er un environnement favorable a\u0300 l\u2019inclusion des tre\u0300s petites, petites et moyennes entreprises. Il est, en effet, question pour celles-ci de travailler en synergie pour la promotion ou la vente de leurs produits.<\/p>\n<p>La formation des formateurs porte, entre autres, sur la mise en place des clusters, leur dynamisation, leurs obligations administratives et re\u0301glementaires, les contraintes lie\u0301es aux produits agro-alimentaires, la gouvernance des organes administratifs et de gestion.<\/p>\n<p>Les be\u0301ne\u0301ficiaires de cette formation sont des cadres de l\u2019Agence de de\u0301veloppement des tre\u0300s petites, petites et moyennes entreprises. Celle-ci est l\u2019e\u0301tablissement qui assure la mission d\u2019encadrement, en vue de favoriser la cre\u0301ation d\u2019entreprises, renforcer les capacite\u0301s et ame\u0301liorer les performances des porteurs de projets et des dirigeants d\u2019entreprises pour consolider leurs activite\u0301s. \u00ab Former les formateurs en matie\u0300re de gestion ope\u0301rationnelle des clusters permettra aux be\u0301ne\u0301ficiaires de former d\u2019autres formateurs dans le but de garantir a\u0300 court, moyen et long termes une meilleure compe\u0301titivite\u0301 des tre\u0300s petites, petites et moyennes entreprises \u00bb, a explique\u0301 le directeur ge\u0301ne\u0301ral de ladite agence, Aime\u0301 Blanchard Linvani.<\/p>\n<p>Pour sa part, l\u2019ambassadeur de l\u2019Union europe\u0301enne, Giacomo Durazzo, a indique\u0301 que la diversification de l\u2019e\u0301conomie est l\u2019une des priorite\u0301s du partenariat avec le Congo afin de contribuer a\u0300 la re\u0301alisation des objectifs du Plan national de de\u0301veloppement 2022-2026. Le renforcement des capacite\u0301s des clusters et les appuis a\u0300 la re\u0301alisation des projets collectifs inte\u0300grent ce partenariat qui vise aussi a\u0300 de\u0301velopper le secteur prive\u0301.<\/p>\n\r\n                <style type=\"text\/css\">\r\n                    \r\n                    #td_uid_1_69f12d787b4db  .td-doubleSlider-2 .td-item1 {\r\n                        background: url(https:\/\/static.africa-press.net\/congo-brazzaville\/sites\/51\/2022\/10\/postMediaimg_53_1-80x60.jpg) 0 0 no-repeat;\r\n                    }\r\n                    #td_uid_1_69f12d787b4db  .td-doubleSlider-2 .td-item2 {\r\n                        background: url(https:\/\/static.africa-press.net\/congo-brazzaville\/sites\/51\/2022\/10\/postMediaimg_53_2-80x60.jpg) 0 0 no-repeat;\r\n                    }\r\n                <\/style>\r\n\r\n                <div id=\"td_uid_1_69f12d787b4db\" class=\"td-gallery td-slide-on-2-columns\">\r\n                    <div class=\"post_td_gallery\">\r\n                        <div class=\"td-gallery-slide-top\">\r\n                           <div class=\"td-gallery-title\"><\/div>\r\n\r\n                            <div class=\"td-gallery-controls-wrapper\">\r\n                                <div class=\"td-gallery-slide-count\"><span class=\"td-gallery-slide-item-focus\">1<\/span> de 2<\/div>\r\n                                <div class=\"td-gallery-slide-prev-next-but\">\r\n                                    <i class = \"td-icon-left doubleSliderPrevButton\"><\/i>\r\n                                    <i class = \"td-icon-right doubleSliderNextButton\"><\/i>\r\n                                <\/div>\r\n                            <\/div>\r\n                        <\/div>\r\n\r\n                        <div class = \"td-doubleSlider-1 \">\r\n                            <div class = \"td-slider\">\r\n                                \r\n                    <div class = \"td-slide-item td-item1\">\r\n                        <figure class=\"td-slide-galery-figure td-slide-popup-gallery\">\r\n                            <a class=\"slide-gallery-image-link\" href=\"https:\/\/static.africa-press.net\/congo-brazzaville\/sites\/51\/2022\/10\/postMediaimg_53_1.jpg\" title=\"postMediaimg_53_1\"  data-caption=\"\"  data-description=\"\">\r\n                                <img decoding=\"async\" src=\"https:\/\/static.africa-press.net\/congo-brazzaville\/sites\/51\/2022\/10\/postMediaimg_53_1.jpg\" srcset=\"https:\/\/static.africa-press.net\/congo-brazzaville\/sites\/51\/2022\/10\/postMediaimg_53_1.jpg 1155w, https:\/\/static.africa-press.net\/congo-brazzaville\/sites\/51\/2022\/10\/postMediaimg_53_1-300x199.jpg 300w, https:\/\/static.africa-press.net\/congo-brazzaville\/sites\/51\/2022\/10\/postMediaimg_53_1-1024x681.jpg 1024w, https:\/\/static.africa-press.net\/congo-brazzaville\/sites\/51\/2022\/10\/postMediaimg_53_1-768x511.jpg 768w\" sizes=\"(max-width: 1155px) 100vw, 1155px\" alt=\"\">\r\n                            <\/a>\r\n                            \r\n                        <\/figure>\r\n                    <\/div>\r\n                    <div class = \"td-slide-item td-item2\">\r\n                        <figure class=\"td-slide-galery-figure td-slide-popup-gallery\">\r\n                            <a class=\"slide-gallery-image-link\" href=\"https:\/\/static.africa-press.net\/congo-brazzaville\/sites\/51\/2022\/10\/postMediaimg_53_2.jpg\" title=\"postMediaimg_53_2\"  data-caption=\"\"  data-description=\"\">\r\n                                <img decoding=\"async\" src=\"https:\/\/static.africa-press.net\/congo-brazzaville\/sites\/51\/2022\/10\/postMediaimg_53_2.jpg\" srcset=\"https:\/\/static.africa-press.net\/congo-brazzaville\/sites\/51\/2022\/10\/postMediaimg_53_2.jpg 1155w, https:\/\/static.africa-press.net\/congo-brazzaville\/sites\/51\/2022\/10\/postMediaimg_53_2-300x199.jpg 300w, https:\/\/static.africa-press.net\/congo-brazzaville\/sites\/51\/2022\/10\/postMediaimg_53_2-1024x681.jpg 1024w, https:\/\/static.africa-press.net\/congo-brazzaville\/sites\/51\/2022\/10\/postMediaimg_53_2-768x511.jpg 768w\" sizes=\"(max-width: 1155px) 100vw, 1155px\" alt=\"\">\r\n                            <\/a>\r\n                            \r\n                        <\/figure>\r\n                    <\/div>\r\n                            <\/div>\r\n                        <\/div>\r\n\r\n                        <div class = \"td-doubleSlider-2\">\r\n                            <div class = \"td-slider\">\r\n                                \r\n                    <div class = \"td-button td-item1\">\r\n                        <div class = \"td-border\"><\/div>\r\n                    <\/div>\r\n                    <div class = \"td-button td-item2\">\r\n                        <div class = \"td-border\"><\/div>\r\n                    <\/div>\r\n                            <\/div>\r\n                        <\/div>\r\n\r\n                    <\/div>\r\n\r\n                <\/div>\r\n                \n<p><strong>Pour plus d&rsquo;informations et d&rsquo;analyses sur la <a href=\"https:\/\/www.africa-press.net\/congo-brazzaville\">Congo Brazzaville<\/a>, suivez <a href=\"https:\/\/www.africa-press.net\/\">Africa-Press<\/a><\/strong><\/p>\n","protected":false},"excerpt":{"rendered":"<p>Africa-Press &#8211; Congo Brazzaville. La ministre des Petites et moyennes entreprises (PME) et de l\u2019Artisanat, Jacqueline Lydia Mikolo, a lance\u0301 une formation des formateurs de l\u2019Agence de de\u0301veloppement des tre\u0300s petites, petites et moyennes entreprises en matie\u0300re de gestion ope\u0301rationnelle des clusters pour une meilleure compe\u0301titivite\u0301. Des clusters sont une concentration d\u2019activite\u0301s regroupe\u0301es autour d\u2019un [&hellip;]<\/p>\n","protected":false},"author":82,"featured_media":10317,"comment_status":"open","ping_status":"closed","sticky":false,"template":"","format":"standard","meta":{"footnotes":""},"categories":[3,11,8,10],"tags":[36,47,46],"class_list":["post-10319","post","type-post","status-publish","format-standard","has-post-thumbnail","hentry","category-economie","category-homepage-french","category-photo","category-toutes-les-actualites","tag-africa-press","tag-africa-press-congo-brazzaville","tag-congo-brazzaville"],"yoast_head":"<!-- This site is optimized with the Yoast SEO Premium plugin v26.1 (Yoast SEO v27.0) - https:\/\/yoast.com\/product\/yoast-seo-premium-wordpress\/ -->\n<title>Entrepreneuriat : une formation sur les clusters pour l\u2019\u00e9mergence des PME solidaires et comp\u00e9titives - Congo Brazzaville<\/title>\n<meta name=\"description\" content=\"La ministre des Petites et moyennes entreprises (PME) et de l\u2019Artisanat, Jacqueline Lydia Mikolo, a lance\u0301 une format ...\" \/>\n<meta name=\"robots\" content=\"index, follow, max-snippet:-1, max-image-preview:large, max-video-preview:-1\" \/>\n<link rel=\"canonical\" href=\"https:\/\/www.africa-press.net\/congo-brazzaville\/economie\/entrepreneuriat-une-formation-sur-les-clusters-pour-lemergence-des-pme-solidaires-et-competitives\" \/>\n<meta property=\"og:locale\" content=\"fr_FR\" \/>\n<meta property=\"og:type\" content=\"article\" \/>\n<meta property=\"og:title\" content=\"Entrepreneuriat : une formation sur les clusters pour l\u2019\u00e9mergence des PME solidaires et comp\u00e9titives\" \/>\n<meta property=\"og:description\" content=\"La ministre des Petites et moyennes entreprises (PME) et de l\u2019Artisanat, Jacqueline Lydia Mikolo, a lance\u0301 une format ...\" \/>\n<meta property=\"og:url\" content=\"https:\/\/www.africa-press.net\/congo-brazzaville\/economie\/entrepreneuriat-une-formation-sur-les-clusters-pour-lemergence-des-pme-solidaires-et-competitives\" \/>\n<meta property=\"og:site_name\" content=\"Congo Brazzaville\" \/>\n<meta property=\"article:published_time\" content=\"2022-10-24T20:27:59+00:00\" \/>\n<meta property=\"article:modified_time\" content=\"2022-10-24T21:06:55+00:00\" \/>\n<meta property=\"og:image\" content=\"https:\/\/static.africa-press.net\/congo-brazzaville\/sites\/51\/2022\/10\/postQueueImg_53-6356fe34b60c3.jpg\" \/>\n\t<meta property=\"og:image:width\" content=\"1155\" \/>\n\t<meta property=\"og:image:height\" content=\"768\" \/>\n\t<meta property=\"og:image:type\" content=\"image\/jpeg\" \/>\n<meta name=\"author\" content=\"cfeditorfr\" \/>\n<meta name=\"twitter:card\" content=\"summary_large_image\" \/>\n<meta name=\"twitter:label1\" content=\"\u00c9crit par\" \/>\n\t<meta name=\"twitter:data1\" content=\"cfeditorfr\" \/>\n\t<meta name=\"twitter:label2\" content=\"Dur\u00e9e de lecture estim\u00e9e\" \/>\n\t<meta name=\"twitter:data2\" content=\"2 minutes\" \/>\n<script type=\"application\/ld+json\" class=\"yoast-schema-graph\">{\"@context\":\"https:\/\/schema.org\",\"@graph\":[{\"@type\":\"Article\",\"@id\":\"https:\/\/www.africa-press.net\/congo-brazzaville\/economie\/entrepreneuriat-une-formation-sur-les-clusters-pour-lemergence-des-pme-solidaires-et-competitives#article\",\"isPartOf\":{\"@id\":\"https:\/\/www.africa-press.net\/congo-brazzaville\/economie\/entrepreneuriat-une-formation-sur-les-clusters-pour-lemergence-des-pme-solidaires-et-competitives\"},\"author\":{\"name\":\"cfeditorfr\",\"@id\":\"https:\/\/www.africa-press.net\/congo-brazzaville\/#\/schema\/person\/2b1cf3cd81a31e3cd26889ca66d677f1\"},\"headline\":\"Entrepreneuriat : une formation sur les clusters pour l\u2019\u00e9mergence des PME solidaires et comp\u00e9titives\",\"datePublished\":\"2022-10-24T20:27:59+00:00\",\"dateModified\":\"2022-10-24T21:06:55+00:00\",\"mainEntityOfPage\":{\"@id\":\"https:\/\/www.africa-press.net\/congo-brazzaville\/economie\/entrepreneuriat-une-formation-sur-les-clusters-pour-lemergence-des-pme-solidaires-et-competitives\"},\"wordCount\":482,\"commentCount\":0,\"image\":{\"@id\":\"https:\/\/www.africa-press.net\/congo-brazzaville\/economie\/entrepreneuriat-une-formation-sur-les-clusters-pour-lemergence-des-pme-solidaires-et-competitives#primaryimage\"},\"thumbnailUrl\":\"https:\/\/static.africa-press.net\/congo-brazzaville\/sites\/51\/2022\/10\/postQueueImg_53-6356fe34b60c3.jpg\",\"keywords\":[\"Africa Press\",\"Africa Press-Congo Brazzaville\",\"Congo Brazzaville\"],\"articleSection\":[\"\u00c9conomie\",\"homepage-french\",\"Photo\",\"Toutes les actualit\u00e9s\"],\"inLanguage\":\"fr-FR\",\"potentialAction\":[{\"@type\":\"CommentAction\",\"name\":\"Comment\",\"target\":[\"https:\/\/www.africa-press.net\/congo-brazzaville\/economie\/entrepreneuriat-une-formation-sur-les-clusters-pour-lemergence-des-pme-solidaires-et-competitives#respond\"]}]},{\"@type\":\"WebPage\",\"@id\":\"https:\/\/www.africa-press.net\/congo-brazzaville\/economie\/entrepreneuriat-une-formation-sur-les-clusters-pour-lemergence-des-pme-solidaires-et-competitives\",\"url\":\"https:\/\/www.africa-press.net\/congo-brazzaville\/economie\/entrepreneuriat-une-formation-sur-les-clusters-pour-lemergence-des-pme-solidaires-et-competitives\",\"name\":\"Entrepreneuriat : une formation sur les clusters pour l\u2019\u00e9mergence des PME solidaires et comp\u00e9titives - Congo Brazzaville\",\"isPartOf\":{\"@id\":\"https:\/\/www.africa-press.net\/congo-brazzaville\/#website\"},\"primaryImageOfPage\":{\"@id\":\"https:\/\/www.africa-press.net\/congo-brazzaville\/economie\/entrepreneuriat-une-formation-sur-les-clusters-pour-lemergence-des-pme-solidaires-et-competitives#primaryimage\"},\"image\":{\"@id\":\"https:\/\/www.africa-press.net\/congo-brazzaville\/economie\/entrepreneuriat-une-formation-sur-les-clusters-pour-lemergence-des-pme-solidaires-et-competitives#primaryimage\"},\"thumbnailUrl\":\"https:\/\/static.africa-press.net\/congo-brazzaville\/sites\/51\/2022\/10\/postQueueImg_53-6356fe34b60c3.jpg\",\"datePublished\":\"2022-10-24T20:27:59+00:00\",\"dateModified\":\"2022-10-24T21:06:55+00:00\",\"author\":{\"@id\":\"https:\/\/www.africa-press.net\/congo-brazzaville\/#\/schema\/person\/2b1cf3cd81a31e3cd26889ca66d677f1\"},\"description\":\"La ministre des Petites et moyennes entreprises (PME) et de l\u2019Artisanat, Jacqueline Lydia Mikolo, a lance\u0301 une format ...\",\"breadcrumb\":{\"@id\":\"https:\/\/www.africa-press.net\/congo-brazzaville\/economie\/entrepreneuriat-une-formation-sur-les-clusters-pour-lemergence-des-pme-solidaires-et-competitives#breadcrumb\"},\"inLanguage\":\"fr-FR\",\"potentialAction\":[{\"@type\":\"ReadAction\",\"target\":[\"https:\/\/www.africa-press.net\/congo-brazzaville\/economie\/entrepreneuriat-une-formation-sur-les-clusters-pour-lemergence-des-pme-solidaires-et-competitives\"]}]},{\"@type\":\"ImageObject\",\"inLanguage\":\"fr-FR\",\"@id\":\"https:\/\/www.africa-press.net\/congo-brazzaville\/economie\/entrepreneuriat-une-formation-sur-les-clusters-pour-lemergence-des-pme-solidaires-et-competitives#primaryimage\",\"url\":\"https:\/\/static.africa-press.net\/congo-brazzaville\/sites\/51\/2022\/10\/postQueueImg_53-6356fe34b60c3.jpg\",\"contentUrl\":\"https:\/\/static.africa-press.net\/congo-brazzaville\/sites\/51\/2022\/10\/postQueueImg_53-6356fe34b60c3.jpg\",\"width\":1155,\"height\":768,\"caption\":\"Entrepreneuriat : une formation sur les clusters pour l\u2019\u00e9mergence des PME solidaires et comp\u00e9titives\"},{\"@type\":\"BreadcrumbList\",\"@id\":\"https:\/\/www.africa-press.net\/congo-brazzaville\/economie\/entrepreneuriat-une-formation-sur-les-clusters-pour-lemergence-des-pme-solidaires-et-competitives#breadcrumb\",\"itemListElement\":[{\"@type\":\"ListItem\",\"position\":1,\"name\":\"Accueil\",\"item\":\"https:\/\/www.africa-press.net\/congo-brazzaville\/\"},{\"@type\":\"ListItem\",\"position\":2,\"name\":\"Entrepreneuriat : une formation sur les clusters pour l\u2019\u00e9mergence des PME solidaires et comp\u00e9titives\"}]},{\"@type\":\"WebSite\",\"@id\":\"https:\/\/www.africa-press.net\/congo-brazzaville\/#website\",\"url\":\"https:\/\/www.africa-press.net\/congo-brazzaville\/\",\"name\":\"Congo Brazzaville\",\"description\":\"Just another Africa News Agency Sites site\",\"potentialAction\":[{\"@type\":\"SearchAction\",\"target\":{\"@type\":\"EntryPoint\",\"urlTemplate\":\"https:\/\/www.africa-press.net\/congo-brazzaville\/?s={search_term_string}\"},\"query-input\":{\"@type\":\"PropertyValueSpecification\",\"valueRequired\":true,\"valueName\":\"search_term_string\"}}],\"inLanguage\":\"fr-FR\"},{\"@type\":\"Person\",\"@id\":\"https:\/\/www.africa-press.net\/congo-brazzaville\/#\/schema\/person\/2b1cf3cd81a31e3cd26889ca66d677f1\",\"name\":\"cfeditorfr\"}]}<\/script>\n<!-- \/ Yoast SEO Premium plugin. -->","yoast_head_json":{"title":"Entrepreneuriat : une formation sur les clusters pour l\u2019\u00e9mergence des PME solidaires et comp\u00e9titives - Congo Brazzaville","description":"La ministre des Petites et moyennes entreprises (PME) et de l\u2019Artisanat, Jacqueline Lydia Mikolo, a lance\u0301 une format ...","robots":{"index":"index","follow":"follow","max-snippet":"max-snippet:-1","max-image-preview":"max-image-preview:large","max-video-preview":"max-video-preview:-1"},"canonical":"https:\/\/www.africa-press.net\/congo-brazzaville\/economie\/entrepreneuriat-une-formation-sur-les-clusters-pour-lemergence-des-pme-solidaires-et-competitives","og_locale":"fr_FR","og_type":"article","og_title":"Entrepreneuriat : une formation sur les clusters pour l\u2019\u00e9mergence des PME solidaires et comp\u00e9titives","og_description":"La ministre des Petites et moyennes entreprises (PME) et de l\u2019Artisanat, Jacqueline Lydia Mikolo, a lance\u0301 une format ...","og_url":"https:\/\/www.africa-press.net\/congo-brazzaville\/economie\/entrepreneuriat-une-formation-sur-les-clusters-pour-lemergence-des-pme-solidaires-et-competitives","og_site_name":"Congo Brazzaville","article_published_time":"2022-10-24T20:27:59+00:00","article_modified_time":"2022-10-24T21:06:55+00:00","og_image":[{"width":1155,"height":768,"url":"https:\/\/static.africa-press.net\/congo-brazzaville\/sites\/51\/2022\/10\/postQueueImg_53-6356fe34b60c3.jpg","type":"image\/jpeg"}],"author":"cfeditorfr","twitter_card":"summary_large_image","twitter_misc":{"\u00c9crit par":"cfeditorfr","Dur\u00e9e de lecture estim\u00e9e":"2 minutes"},"schema":{"@context":"https:\/\/schema.org","@graph":[{"@type":"Article","@id":"https:\/\/www.africa-press.net\/congo-brazzaville\/economie\/entrepreneuriat-une-formation-sur-les-clusters-pour-lemergence-des-pme-solidaires-et-competitives#article","isPartOf":{"@id":"https:\/\/www.africa-press.net\/congo-brazzaville\/economie\/entrepreneuriat-une-formation-sur-les-clusters-pour-lemergence-des-pme-solidaires-et-competitives"},"author":{"name":"cfeditorfr","@id":"https:\/\/www.africa-press.net\/congo-brazzaville\/#\/schema\/person\/2b1cf3cd81a31e3cd26889ca66d677f1"},"headline":"Entrepreneuriat : une formation sur les clusters pour l\u2019\u00e9mergence des PME solidaires et comp\u00e9titives","datePublished":"2022-10-24T20:27:59+00:00","dateModified":"2022-10-24T21:06:55+00:00","mainEntityOfPage":{"@id":"https:\/\/www.africa-press.net\/congo-brazzaville\/economie\/entrepreneuriat-une-formation-sur-les-clusters-pour-lemergence-des-pme-solidaires-et-competitives"},"wordCount":482,"commentCount":0,"image":{"@id":"https:\/\/www.africa-press.net\/congo-brazzaville\/economie\/entrepreneuriat-une-formation-sur-les-clusters-pour-lemergence-des-pme-solidaires-et-competitives#primaryimage"},"thumbnailUrl":"https:\/\/static.africa-press.net\/congo-brazzaville\/sites\/51\/2022\/10\/postQueueImg_53-6356fe34b60c3.jpg","keywords":["Africa Press","Africa Press-Congo Brazzaville","Congo Brazzaville"],"articleSection":["\u00c9conomie","homepage-french","Photo","Toutes les actualit\u00e9s"],"inLanguage":"fr-FR","potentialAction":[{"@type":"CommentAction","name":"Comment","target":["https:\/\/www.africa-press.net\/congo-brazzaville\/economie\/entrepreneuriat-une-formation-sur-les-clusters-pour-lemergence-des-pme-solidaires-et-competitives#respond"]}]},{"@type":"WebPage","@id":"https:\/\/www.africa-press.net\/congo-brazzaville\/economie\/entrepreneuriat-une-formation-sur-les-clusters-pour-lemergence-des-pme-solidaires-et-competitives","url":"https:\/\/www.africa-press.net\/congo-brazzaville\/economie\/entrepreneuriat-une-formation-sur-les-clusters-pour-lemergence-des-pme-solidaires-et-competitives","name":"Entrepreneuriat : une formation sur les clusters pour l\u2019\u00e9mergence des PME solidaires et comp\u00e9titives - Congo Brazzaville","isPartOf":{"@id":"https:\/\/www.africa-press.net\/congo-brazzaville\/#website"},"primaryImageOfPage":{"@id":"https:\/\/www.africa-press.net\/congo-brazzaville\/economie\/entrepreneuriat-une-formation-sur-les-clusters-pour-lemergence-des-pme-solidaires-et-competitives#primaryimage"},"image":{"@id":"https:\/\/www.africa-press.net\/congo-brazzaville\/economie\/entrepreneuriat-une-formation-sur-les-clusters-pour-lemergence-des-pme-solidaires-et-competitives#primaryimage"},"thumbnailUrl":"https:\/\/static.africa-press.net\/congo-brazzaville\/sites\/51\/2022\/10\/postQueueImg_53-6356fe34b60c3.jpg","datePublished":"2022-10-24T20:27:59+00:00","dateModified":"2022-10-24T21:06:55+00:00","author":{"@id":"https:\/\/www.africa-press.net\/congo-brazzaville\/#\/schema\/person\/2b1cf3cd81a31e3cd26889ca66d677f1"},"description":"La ministre des Petites et moyennes entreprises (PME) et de l\u2019Artisanat, Jacqueline Lydia Mikolo, a lance\u0301 une format ...","breadcrumb":{"@id":"https:\/\/www.africa-press.net\/congo-brazzaville\/economie\/entrepreneuriat-une-formation-sur-les-clusters-pour-lemergence-des-pme-solidaires-et-competitives#breadcrumb"},"inLanguage":"fr-FR","potentialAction":[{"@type":"ReadAction","target":["https:\/\/www.africa-press.net\/congo-brazzaville\/economie\/entrepreneuriat-une-formation-sur-les-clusters-pour-lemergence-des-pme-solidaires-et-competitives"]}]},{"@type":"ImageObject","inLanguage":"fr-FR","@id":"https:\/\/www.africa-press.net\/congo-brazzaville\/economie\/entrepreneuriat-une-formation-sur-les-clusters-pour-lemergence-des-pme-solidaires-et-competitives#primaryimage","url":"https:\/\/static.africa-press.net\/congo-brazzaville\/sites\/51\/2022\/10\/postQueueImg_53-6356fe34b60c3.jpg","contentUrl":"https:\/\/static.africa-press.net\/congo-brazzaville\/sites\/51\/2022\/10\/postQueueImg_53-6356fe34b60c3.jpg","width":1155,"height":768,"caption":"Entrepreneuriat : une formation sur les clusters pour l\u2019\u00e9mergence des PME solidaires et comp\u00e9titives"},{"@type":"BreadcrumbList","@id":"https:\/\/www.africa-press.net\/congo-brazzaville\/economie\/entrepreneuriat-une-formation-sur-les-clusters-pour-lemergence-des-pme-solidaires-et-competitives#breadcrumb","itemListElement":[{"@type":"ListItem","position":1,"name":"Accueil","item":"https:\/\/www.africa-press.net\/congo-brazzaville\/"},{"@type":"ListItem","position":2,"name":"Entrepreneuriat : une formation sur les clusters pour l\u2019\u00e9mergence des PME solidaires et comp\u00e9titives"}]},{"@type":"WebSite","@id":"https:\/\/www.africa-press.net\/congo-brazzaville\/#website","url":"https:\/\/www.africa-press.net\/congo-brazzaville\/","name":"Congo Brazzaville","description":"Just another Africa News Agency Sites site","potentialAction":[{"@type":"SearchAction","target":{"@type":"EntryPoint","urlTemplate":"https:\/\/www.africa-press.net\/congo-brazzaville\/?s={search_term_string}"},"query-input":{"@type":"PropertyValueSpecification","valueRequired":true,"valueName":"search_term_string"}}],"inLanguage":"fr-FR"},{"@type":"Person","@id":"https:\/\/www.africa-press.net\/congo-brazzaville\/#\/schema\/person\/2b1cf3cd81a31e3cd26889ca66d677f1","name":"cfeditorfr"}]}},"_links":{"self":[{"href":"https:\/\/www.africa-press.net\/congo-brazzaville\/wp-json\/wp\/v2\/posts\/10319","targetHints":{"allow":["GET"]}}],"collection":[{"href":"https:\/\/www.africa-press.net\/congo-brazzaville\/wp-json\/wp\/v2\/posts"}],"about":[{"href":"https:\/\/www.africa-press.net\/congo-brazzaville\/wp-json\/wp\/v2\/types\/post"}],"author":[{"embeddable":true,"href":"https:\/\/www.africa-press.net\/congo-brazzaville\/wp-json\/wp\/v2\/users\/82"}],"replies":[{"embeddable":true,"href":"https:\/\/www.africa-press.net\/congo-brazzaville\/wp-json\/wp\/v2\/comments?post=10319"}],"version-history":[{"count":0,"href":"https:\/\/www.africa-press.net\/congo-brazzaville\/wp-json\/wp\/v2\/posts\/10319\/revisions"}],"wp:featuredmedia":[{"embeddable":true,"href":"https:\/\/www.africa-press.net\/congo-brazzaville\/wp-json\/wp\/v2\/media\/10317"}],"wp:attachment":[{"href":"https:\/\/www.africa-press.net\/congo-brazzaville\/wp-json\/wp\/v2\/media?parent=10319"}],"wp:term":[{"taxonomy":"category","embeddable":true,"href":"https:\/\/www.africa-press.net\/congo-brazzaville\/wp-json\/wp\/v2\/categories?post=10319"},{"taxonomy":"post_tag","embeddable":true,"href":"https:\/\/www.africa-press.net\/congo-brazzaville\/wp-json\/wp\/v2\/tags?post=10319"}],"curies":[{"name":"wp","href":"https:\/\/api.w.org\/{rel}","templated":true}]}}