{"id":1037,"date":"2021-08-02T21:43:43","date_gmt":"2021-08-02T21:43:43","guid":{"rendered":"https:\/\/www.africa-press.net\/congo-brazzaville\/?p=1037"},"modified":"2021-08-02T21:12:01","modified_gmt":"2021-08-02T21:12:01","slug":"congo-anatole-collinet-makosso-un-fidele-de-sassou-nguesso-a-la-primature","status":"publish","type":"post","link":"https:\/\/www.africa-press.net\/congo-brazzaville\/politique\/congo-anatole-collinet-makosso-un-fidele-de-sassou-nguesso-a-la-primature","title":{"rendered":"Congo : Anatole Collinet Makosso, un fid\u00e8le de Sassou Nguesso \u00e0 la primature"},"content":{"rendered":"<p><span style=\"color: #ff6600\"><strong><a href=\"https:\/\/www.africa-press.net\/\">Africa-Press<\/a> &#8211; <a href=\"https:\/\/www.africa-press.net\/congo-brazzaville\">Congo Brazzaville<\/a>. <\/strong><\/span>Homme de lettres, magistrat de formation, ex-animateur radio\u2026 Nomm\u00e9 mi-mai \u00e0 la t\u00eate du gouvernement, Anatole Collinet Makosso est, depuis quinze ans, r\u00e9put\u00e9 proche du couple pr\u00e9sidentiel.<\/p>\n<p>Depuis le 12 mai, Anatole Collinet Makosso est Premier ministre de la R\u00e9publique du Congo. Et m\u00eame si la rumeur circulait quelques jours plus t\u00f4t \u2013 parmi tant d\u2019autres \u00e0 Brazzaville \u2013, c\u2019est comme la grande majorit\u00e9 de ses compatriotes qu\u2019il a appris sa nomination : en famille, \u00e0 l\u2019heure du d\u00eener, devant T\u00e9l\u00e9 Congo, la cha\u00eene nationale.<\/p>\n<p>En entendant Florent Ntsiba, le directeur de cabinet du pr\u00e9sident Denis Sassou Nguesso (DSN), prononcer son nom, celui qui est alors encore ministre de l\u2019Enseignement primaire, secondaire et de l\u2019Alphab\u00e9tisation avoue avoir ressenti \u00ab une tr\u00e8s forte \u00e9motion \u00bb. \u00c0 la hauteur de ses nouvelles fonctions et peut-\u00eatre plus encore des relations tr\u00e8s \u00e9troites qui le lient au couple pr\u00e9sidentiel depuis bient\u00f4t une quinzaine d\u2019ann\u00e9es.<\/p>\n<p>Il bachotait il y a encore quelques semaines pour un concours d\u2019agr\u00e9gation en droit priv\u00e9 Car c\u2019est \u00e0 un fid\u00e8le que le chef de l\u2019\u00c9tat, r\u00e9\u00e9lu confortablement d\u00e9but avril, a confi\u00e9 les r\u00eanes du premier gouvernement de son cinqui\u00e8me mandat. Celui qui doit permettre au Congo \u00ab de reprendre sa marche vers le d\u00e9veloppement, lanc\u00e9e en 2016 \u00bb, d\u00e9clare Anatole Collinet Makosso, comme pour r\u00e9sumer la feuille de route que vient de lui donner le pr\u00e9sident.<\/p>\n<p><b>Un vent de fra\u00eecheur<\/b><\/p>\n<p>Bien conscient de ses nouvelles responsabilit\u00e9s, ACM, comme l\u2019appellent ses collaborateurs, poursuit une ascension sans t\u00e2che et semble apporter, \u00e0 56 ans, un vent de fra\u00eecheur sur une sc\u00e8ne politique congolaise dont il occupe d\u00e9sormais l\u2019un des tout premiers rangs sans l\u2019avoir vraiment voulu. Magistrat de formation, il bachotait il y a encore quelques semaines pour le concours d\u2019agr\u00e9gation en droit priv\u00e9 qu\u2019il doit passer en novembre. Avant d\u2019\u00eatre appel\u00e9 par le chef au chevet du pays.<\/p>\n<p>Denis Sassou Nguesso (DSN) sait parfaitement \u00e0 qui il vient de remettre les clefs du gouvernement. Avant d\u2019entrer dans la lumi\u00e8re des projecteurs en devenant ministre de la Jeunesse et de l\u2019\u00c9ducation civique en 2011, Anatole Collinet Makosso restait dans l\u2019ombre des cabinets. D\u2019abord, au d\u00e9but des ann\u00e9es 1990, en tant que conseiller, puis directeur de celui du pr\u00e9fet de la r\u00e9gion du Kouilou, dont ce Vili est originaire. Avant de prendre la t\u00eate, le 31 janvier 1998, du cabinet de la premi\u00e8re dame, Antoinette Sassou Nguesso, tout en devenant conseiller \u00e0 la pr\u00e9sidence.<\/p>\n<p><b>D\u2019Antoinette Sassou Nguesso\u2026<\/b><\/p>\n<p>Il y a des occasions \u00e0 ne pas manquer, et ACM a su saisir la sienne, en 1992, lorsqu\u2019il a d\u00fb remplacer au pied lev\u00e9 le pr\u00e9fet lors d\u2019une audience avec l\u2019\u00e9pouse du chef de l\u2019\u00c9tat, alors en visite \u00e0 Pointe-Noire. S\u2019ensuivit une longue discussion suffisamment remarqu\u00e9e pour provoquer l\u2019ire de son sup\u00e9rieur de l\u2019\u00e9poque.<\/p>\n<p>Surtout qu\u2019Anatole Collinet Makosso n\u2019appartient pas vraiment au s\u00e9rail puisqu\u2019il n\u2019est alors m\u00eame pas membre du Parti congolais du travail (PCT). D\u2019abord instituteur puis professeur de lyc\u00e9e, c\u2019est aux c\u00f4t\u00e9s de Jean-Pierre Thyst\u00e8re-Tchicaya et de son Rassemblement pour la d\u00e9mocratie et le progr\u00e8s social (RDPS) qu\u2019il s\u2019engage officiellement en politique, en mars 1991, \u00ab dans la ferveur de la conf\u00e9rence nationale \u00bb, se souvient-il aujourd\u2019hui. Il met d\u2019ailleurs sur le compte de cette appartenance sa bonne relation avec Antoinette Sassou Nguesso, alors volontiers rassembleuse, quand lui-m\u00eame montrait d\u00e9j\u00e0 des signes d\u2019ouverture.<\/p>\n<p>Je m\u2019improvise journaliste, le temps de calmer l\u2019opinion publique et d\u2019expliquer les enjeux li\u00e9s au retour du pr\u00e9sident La deuxi\u00e8me rencontre, en 1995, entre ces deux personnes qui ont \u00e9galement en commun leur jeunesse pont\u00e9n\u00e9grine, ne fait qu\u2019ent\u00e9riner davantage la premi\u00e8re impression n\u00e9e quelques ann\u00e9es plus t\u00f4t. Parti du RDPS, libre de tout mouvement et de tout engagement, ACM est en phase avec celle qui commence alors \u00e0 pr\u00e9parer activement le retour de son mari pour la campagne pr\u00e9sidentielle de 1997.<\/p>\n<p>C\u2019est \u00e0 cette occasion qu\u2019il rencontre ce dernier pour la premi\u00e8re fois, au lendemain de son retour d\u2019exil. Antoinette Sassou Nguesso le fait chercher et, apr\u00e8s trois heures d\u2019entretien dans sa r\u00e9sidence de Pointe-Noire, Denis Sassou Nguesso veut s\u2019attacher ses services.<\/p>\n<p>Ce sera chose faite quelques mois plus tard, en octobre, une fois la guerre civile termin\u00e9e et la situation politique du pays \u00e0 nouveau stabilis\u00e9e. Anatole Collinet Makosso rouvre les micros de la radio nationale \u00e0 Pointe-Noire. C\u2019est Tchicaya qui m\u2019a con\u00e7u et Sassou qui m\u2019a d\u00e9velopp\u00e9<\/p>\n<p>\u00ab Je m\u2019improvise journaliste pendant une semaine, raconte-t-il, le temps de calmer l\u2019opinion publique et d\u2019expliquer les enjeux li\u00e9s au retour du pr\u00e9sident. \u00bb Et aussi de se rappeler, \u00e0 titre personnel, l\u2019\u00e9poque o\u00f9 il animait sur la m\u00eame antenne, chaque matin \u00e0 6 heures, le \u00ab T\u00e9lex pour la jeunesse \u00bb, lorsque cette derni\u00e8re \u00e9tait encadr\u00e9e de pr\u00e8s par le PCT.<\/p>\n<p>Pass\u00e9 l\u2019interlude radiophonique, il se rend \u00e0 Brazzaville assister \u00e0 l\u2019investiture du pr\u00e9sident, avant donc de prendre son poste quelques mois plus tard aupr\u00e8s de la premi\u00e8re dame. Il le conserve pendant treize ans, jusqu\u2019\u00e0 ce qu\u2019on lui attribue en 2011 son premier maroquin, celui de la Jeunesse, puis, en 2016, celui de l\u2019\u00c9ducation.<\/p>\n<p>L\u2019occasion de rapprocher, d\u00e8s 2000, ses deux mentors politiques : \u00ab C\u2019est Tchicaya qui m\u2019a con\u00e7u et Sassou qui m\u2019a d\u00e9velopp\u00e9. \u00bb Le temps surtout de tisser une relation de confiance et de loyaut\u00e9 quasi filiale avec le couple pr\u00e9sidentiel et sa famille. Celui qui dispose de \u00ab l\u2019oreille de madame \u00bb a \u00e9galement particip\u00e9 \u00e0 un recueil de po\u00e9sie, en hommage \u00e0 Edith Lucie Bongo, disparue en 2009, \u00ab pour ne pas me faire voler mon chagrin par d\u2019autres \u00bb, explique-t-il.<\/p>\n<p>Avec Denis Christel Sassou Nguesso, ils incarnent l\u2019atout jeunesse du boss On le dit \u00e9galement proche de son ministre de la Coop\u00e9ration internationale et de la Promotion du partenariat public-priv\u00e9, Denis Christel Sassou Nguesso. Qu\u2019importe si la nomination du fils du pr\u00e9sident a un peu \u00e9clips\u00e9 la sienne dans les m\u00e9dias internationaux, \u00ab ils incarnent tous les deux l\u2019atout jeunesse du boss \u00bb, constate un observateur local.<\/p>\n<p>Assur\u00e9 du soutien du chef de l\u2019\u00c9tat, ACM va pouvoir mobiliser \u00ab la formidable force de travail \u00bb mise en avant par ses proches, \u00ab au service du pays \u00bb, ainsi qu\u2019il dit concevoir la politique. Avec, tout en haut de son agenda, la reprise des n\u00e9gociations avec le FMI destin\u00e9es \u00e0 sortir le Congo de son impasse \u00e9conomique actuelle. \u00ab Nous devrons montrer notre bonne volont\u00e9 \u00bb, assure ce fervent protestant qui sait que sur un tel dossier, les pri\u00e8res ne suffiront pas.<\/p>\n<p>Amoureux des livres dont il tapisse les murs de sa maison, auteur de nombreux essais par le pass\u00e9, comme cette monographie sur le PCT auquel il est encart\u00e9 depuis 2011, c\u2019est donc \u00e0 lui d\u2019\u00e9crire un nouveau chapitre de l\u2019histoire de son pays. Et de r\u00e9pondre aux espoirs suscit\u00e9s par son arriv\u00e9e \u00e0 la primature aupr\u00e8s de la jeunesse congolaise.<\/p>\n","protected":false},"excerpt":{"rendered":"<p>Africa-Press &#8211; Congo Brazzaville. Homme de lettres, magistrat de formation, ex-animateur radio\u2026 Nomm\u00e9 mi-mai \u00e0 la t\u00eate du gouvernement, Anatole Collinet Makosso est, depuis quinze ans, r\u00e9put\u00e9 proche du couple pr\u00e9sidentiel. Depuis le 12 mai, Anatole Collinet Makosso est Premier ministre de la R\u00e9publique du Congo. Et m\u00eame si la rumeur circulait quelques jours plus [&hellip;]<\/p>\n","protected":false},"author":82,"featured_media":1036,"comment_status":"open","ping_status":"closed","sticky":false,"template":"","format":"standard","meta":{"footnotes":""},"categories":[11,2,10],"tags":[36,47,46],"class_list":["post-1037","post","type-post","status-publish","format-standard","has-post-thumbnail","hentry","category-homepage-french","category-politique","category-toutes-les-actualites","tag-africa-press","tag-africa-press-congo-brazzaville","tag-congo-brazzaville"],"yoast_head":"<!-- This site is optimized with the Yoast SEO Premium plugin v26.1 (Yoast SEO v27.0) - https:\/\/yoast.com\/product\/yoast-seo-premium-wordpress\/ -->\n<title>Congo : Anatole Collinet Makosso, un fid\u00e8le de Sassou Nguesso \u00e0 la primature - Congo Brazzaville<\/title>\n<meta name=\"description\" content=\"Homme de lettres, magistrat de formation, ex-animateur radio\u2026 Nomm\u00e9 mi-mai \u00e0 la t\u00eate du gouvernement, Anatole Collinet M ...\" \/>\n<meta name=\"robots\" content=\"index, follow, max-snippet:-1, max-image-preview:large, max-video-preview:-1\" \/>\n<link rel=\"canonical\" href=\"https:\/\/www.africa-press.net\/congo-brazzaville\/politique\/congo-anatole-collinet-makosso-un-fidele-de-sassou-nguesso-a-la-primature\" \/>\n<meta property=\"og:locale\" content=\"fr_FR\" \/>\n<meta property=\"og:type\" content=\"article\" \/>\n<meta property=\"og:title\" content=\"Congo : Anatole Collinet Makosso, un fid\u00e8le de Sassou Nguesso \u00e0 la primature\" \/>\n<meta property=\"og:description\" content=\"Homme de lettres, magistrat de formation, ex-animateur radio\u2026 Nomm\u00e9 mi-mai \u00e0 la t\u00eate du gouvernement, Anatole Collinet M ...\" \/>\n<meta property=\"og:url\" content=\"https:\/\/www.africa-press.net\/congo-brazzaville\/politique\/congo-anatole-collinet-makosso-un-fidele-de-sassou-nguesso-a-la-primature\" \/>\n<meta property=\"og:site_name\" content=\"Congo Brazzaville\" \/>\n<meta property=\"article:published_time\" content=\"2021-08-02T21:43:43+00:00\" \/>\n<meta property=\"og:image\" content=\"https:\/\/static.africa-press.net\/centrafricaine\/sites\/51\/2021\/08\/img-61085f85dc546.jpg\" \/>\n\t<meta property=\"og:image:width\" content=\"720\" \/>\n\t<meta property=\"og:image:height\" content=\"360\" \/>\n\t<meta property=\"og:image:type\" content=\"image\/jpeg\" \/>\n<meta name=\"author\" content=\"cfeditorfr\" \/>\n<meta name=\"twitter:card\" content=\"summary_large_image\" \/>\n<meta name=\"twitter:label1\" content=\"\u00c9crit par\" \/>\n\t<meta name=\"twitter:data1\" content=\"cfeditorfr\" \/>\n\t<meta name=\"twitter:label2\" content=\"Dur\u00e9e de lecture estim\u00e9e\" \/>\n\t<meta name=\"twitter:data2\" content=\"6 minutes\" \/>\n<script type=\"application\/ld+json\" class=\"yoast-schema-graph\">{\"@context\":\"https:\/\/schema.org\",\"@graph\":[{\"@type\":\"Article\",\"@id\":\"https:\/\/www.africa-press.net\/congo-brazzaville\/politique\/congo-anatole-collinet-makosso-un-fidele-de-sassou-nguesso-a-la-primature#article\",\"isPartOf\":{\"@id\":\"https:\/\/www.africa-press.net\/congo-brazzaville\/politique\/congo-anatole-collinet-makosso-un-fidele-de-sassou-nguesso-a-la-primature\"},\"author\":{\"name\":\"cfeditorfr\",\"@id\":\"https:\/\/www.africa-press.net\/congo-brazzaville\/#\/schema\/person\/2b1cf3cd81a31e3cd26889ca66d677f1\"},\"headline\":\"Congo : Anatole Collinet Makosso, un fid\u00e8le de Sassou Nguesso \u00e0 la primature\",\"datePublished\":\"2021-08-02T21:43:43+00:00\",\"mainEntityOfPage\":{\"@id\":\"https:\/\/www.africa-press.net\/congo-brazzaville\/politique\/congo-anatole-collinet-makosso-un-fidele-de-sassou-nguesso-a-la-primature\"},\"wordCount\":1250,\"commentCount\":0,\"image\":{\"@id\":\"https:\/\/www.africa-press.net\/congo-brazzaville\/politique\/congo-anatole-collinet-makosso-un-fidele-de-sassou-nguesso-a-la-primature#primaryimage\"},\"thumbnailUrl\":\"https:\/\/static.africa-press.net\/centrafricaine\/sites\/51\/2021\/08\/img-61085f85dc546.jpg\",\"keywords\":[\"Africa Press\",\"Africa Press-Congo Brazzaville\",\"Congo Brazzaville\"],\"articleSection\":[\"homepage-french\",\"Politique\",\"Toutes les actualit\u00e9s\"],\"inLanguage\":\"fr-FR\",\"potentialAction\":[{\"@type\":\"CommentAction\",\"name\":\"Comment\",\"target\":[\"https:\/\/www.africa-press.net\/congo-brazzaville\/politique\/congo-anatole-collinet-makosso-un-fidele-de-sassou-nguesso-a-la-primature#respond\"]}]},{\"@type\":\"WebPage\",\"@id\":\"https:\/\/www.africa-press.net\/congo-brazzaville\/politique\/congo-anatole-collinet-makosso-un-fidele-de-sassou-nguesso-a-la-primature\",\"url\":\"https:\/\/www.africa-press.net\/congo-brazzaville\/politique\/congo-anatole-collinet-makosso-un-fidele-de-sassou-nguesso-a-la-primature\",\"name\":\"Congo : Anatole Collinet Makosso, un fid\u00e8le de Sassou Nguesso \u00e0 la primature - Congo Brazzaville\",\"isPartOf\":{\"@id\":\"https:\/\/www.africa-press.net\/congo-brazzaville\/#website\"},\"primaryImageOfPage\":{\"@id\":\"https:\/\/www.africa-press.net\/congo-brazzaville\/politique\/congo-anatole-collinet-makosso-un-fidele-de-sassou-nguesso-a-la-primature#primaryimage\"},\"image\":{\"@id\":\"https:\/\/www.africa-press.net\/congo-brazzaville\/politique\/congo-anatole-collinet-makosso-un-fidele-de-sassou-nguesso-a-la-primature#primaryimage\"},\"thumbnailUrl\":\"https:\/\/static.africa-press.net\/centrafricaine\/sites\/51\/2021\/08\/img-61085f85dc546.jpg\",\"datePublished\":\"2021-08-02T21:43:43+00:00\",\"author\":{\"@id\":\"https:\/\/www.africa-press.net\/congo-brazzaville\/#\/schema\/person\/2b1cf3cd81a31e3cd26889ca66d677f1\"},\"description\":\"Homme de lettres, magistrat de formation, ex-animateur radio\u2026 Nomm\u00e9 mi-mai \u00e0 la t\u00eate du gouvernement, Anatole Collinet M ...\",\"breadcrumb\":{\"@id\":\"https:\/\/www.africa-press.net\/congo-brazzaville\/politique\/congo-anatole-collinet-makosso-un-fidele-de-sassou-nguesso-a-la-primature#breadcrumb\"},\"inLanguage\":\"fr-FR\",\"potentialAction\":[{\"@type\":\"ReadAction\",\"target\":[\"https:\/\/www.africa-press.net\/congo-brazzaville\/politique\/congo-anatole-collinet-makosso-un-fidele-de-sassou-nguesso-a-la-primature\"]}]},{\"@type\":\"ImageObject\",\"inLanguage\":\"fr-FR\",\"@id\":\"https:\/\/www.africa-press.net\/congo-brazzaville\/politique\/congo-anatole-collinet-makosso-un-fidele-de-sassou-nguesso-a-la-primature#primaryimage\",\"url\":\"https:\/\/static.africa-press.net\/centrafricaine\/sites\/51\/2021\/08\/img-61085f85dc546.jpg\",\"contentUrl\":\"https:\/\/static.africa-press.net\/centrafricaine\/sites\/51\/2021\/08\/img-61085f85dc546.jpg\",\"width\":720,\"height\":360,\"caption\":\"Congo : Anatole Collinet Makosso, un fid\u00e8le de Sassou Nguesso \u00e0 la primature\"},{\"@type\":\"BreadcrumbList\",\"@id\":\"https:\/\/www.africa-press.net\/congo-brazzaville\/politique\/congo-anatole-collinet-makosso-un-fidele-de-sassou-nguesso-a-la-primature#breadcrumb\",\"itemListElement\":[{\"@type\":\"ListItem\",\"position\":1,\"name\":\"Accueil\",\"item\":\"https:\/\/www.africa-press.net\/congo-brazzaville\/\"},{\"@type\":\"ListItem\",\"position\":2,\"name\":\"Congo : Anatole Collinet Makosso, un fid\u00e8le de Sassou Nguesso \u00e0 la primature\"}]},{\"@type\":\"WebSite\",\"@id\":\"https:\/\/www.africa-press.net\/congo-brazzaville\/#website\",\"url\":\"https:\/\/www.africa-press.net\/congo-brazzaville\/\",\"name\":\"Congo Brazzaville\",\"description\":\"Just another Africa News Agency Sites site\",\"potentialAction\":[{\"@type\":\"SearchAction\",\"target\":{\"@type\":\"EntryPoint\",\"urlTemplate\":\"https:\/\/www.africa-press.net\/congo-brazzaville\/?s={search_term_string}\"},\"query-input\":{\"@type\":\"PropertyValueSpecification\",\"valueRequired\":true,\"valueName\":\"search_term_string\"}}],\"inLanguage\":\"fr-FR\"},{\"@type\":\"Person\",\"@id\":\"https:\/\/www.africa-press.net\/congo-brazzaville\/#\/schema\/person\/2b1cf3cd81a31e3cd26889ca66d677f1\",\"name\":\"cfeditorfr\"}]}<\/script>\n<!-- \/ Yoast SEO Premium plugin. -->","yoast_head_json":{"title":"Congo : Anatole Collinet Makosso, un fid\u00e8le de Sassou Nguesso \u00e0 la primature - Congo Brazzaville","description":"Homme de lettres, magistrat de formation, ex-animateur radio\u2026 Nomm\u00e9 mi-mai \u00e0 la t\u00eate du gouvernement, Anatole Collinet M ...","robots":{"index":"index","follow":"follow","max-snippet":"max-snippet:-1","max-image-preview":"max-image-preview:large","max-video-preview":"max-video-preview:-1"},"canonical":"https:\/\/www.africa-press.net\/congo-brazzaville\/politique\/congo-anatole-collinet-makosso-un-fidele-de-sassou-nguesso-a-la-primature","og_locale":"fr_FR","og_type":"article","og_title":"Congo : Anatole Collinet Makosso, un fid\u00e8le de Sassou Nguesso \u00e0 la primature","og_description":"Homme de lettres, magistrat de formation, ex-animateur radio\u2026 Nomm\u00e9 mi-mai \u00e0 la t\u00eate du gouvernement, Anatole Collinet M ...","og_url":"https:\/\/www.africa-press.net\/congo-brazzaville\/politique\/congo-anatole-collinet-makosso-un-fidele-de-sassou-nguesso-a-la-primature","og_site_name":"Congo Brazzaville","article_published_time":"2021-08-02T21:43:43+00:00","og_image":[{"width":720,"height":360,"url":"https:\/\/static.africa-press.net\/centrafricaine\/sites\/51\/2021\/08\/img-61085f85dc546.jpg","type":"image\/jpeg"}],"author":"cfeditorfr","twitter_card":"summary_large_image","twitter_misc":{"\u00c9crit par":"cfeditorfr","Dur\u00e9e de lecture estim\u00e9e":"6 minutes"},"schema":{"@context":"https:\/\/schema.org","@graph":[{"@type":"Article","@id":"https:\/\/www.africa-press.net\/congo-brazzaville\/politique\/congo-anatole-collinet-makosso-un-fidele-de-sassou-nguesso-a-la-primature#article","isPartOf":{"@id":"https:\/\/www.africa-press.net\/congo-brazzaville\/politique\/congo-anatole-collinet-makosso-un-fidele-de-sassou-nguesso-a-la-primature"},"author":{"name":"cfeditorfr","@id":"https:\/\/www.africa-press.net\/congo-brazzaville\/#\/schema\/person\/2b1cf3cd81a31e3cd26889ca66d677f1"},"headline":"Congo : Anatole Collinet Makosso, un fid\u00e8le de Sassou Nguesso \u00e0 la primature","datePublished":"2021-08-02T21:43:43+00:00","mainEntityOfPage":{"@id":"https:\/\/www.africa-press.net\/congo-brazzaville\/politique\/congo-anatole-collinet-makosso-un-fidele-de-sassou-nguesso-a-la-primature"},"wordCount":1250,"commentCount":0,"image":{"@id":"https:\/\/www.africa-press.net\/congo-brazzaville\/politique\/congo-anatole-collinet-makosso-un-fidele-de-sassou-nguesso-a-la-primature#primaryimage"},"thumbnailUrl":"https:\/\/static.africa-press.net\/centrafricaine\/sites\/51\/2021\/08\/img-61085f85dc546.jpg","keywords":["Africa Press","Africa Press-Congo Brazzaville","Congo Brazzaville"],"articleSection":["homepage-french","Politique","Toutes les actualit\u00e9s"],"inLanguage":"fr-FR","potentialAction":[{"@type":"CommentAction","name":"Comment","target":["https:\/\/www.africa-press.net\/congo-brazzaville\/politique\/congo-anatole-collinet-makosso-un-fidele-de-sassou-nguesso-a-la-primature#respond"]}]},{"@type":"WebPage","@id":"https:\/\/www.africa-press.net\/congo-brazzaville\/politique\/congo-anatole-collinet-makosso-un-fidele-de-sassou-nguesso-a-la-primature","url":"https:\/\/www.africa-press.net\/congo-brazzaville\/politique\/congo-anatole-collinet-makosso-un-fidele-de-sassou-nguesso-a-la-primature","name":"Congo : Anatole Collinet Makosso, un fid\u00e8le de Sassou Nguesso \u00e0 la primature - Congo Brazzaville","isPartOf":{"@id":"https:\/\/www.africa-press.net\/congo-brazzaville\/#website"},"primaryImageOfPage":{"@id":"https:\/\/www.africa-press.net\/congo-brazzaville\/politique\/congo-anatole-collinet-makosso-un-fidele-de-sassou-nguesso-a-la-primature#primaryimage"},"image":{"@id":"https:\/\/www.africa-press.net\/congo-brazzaville\/politique\/congo-anatole-collinet-makosso-un-fidele-de-sassou-nguesso-a-la-primature#primaryimage"},"thumbnailUrl":"https:\/\/static.africa-press.net\/centrafricaine\/sites\/51\/2021\/08\/img-61085f85dc546.jpg","datePublished":"2021-08-02T21:43:43+00:00","author":{"@id":"https:\/\/www.africa-press.net\/congo-brazzaville\/#\/schema\/person\/2b1cf3cd81a31e3cd26889ca66d677f1"},"description":"Homme de lettres, magistrat de formation, ex-animateur radio\u2026 Nomm\u00e9 mi-mai \u00e0 la t\u00eate du gouvernement, Anatole Collinet M ...","breadcrumb":{"@id":"https:\/\/www.africa-press.net\/congo-brazzaville\/politique\/congo-anatole-collinet-makosso-un-fidele-de-sassou-nguesso-a-la-primature#breadcrumb"},"inLanguage":"fr-FR","potentialAction":[{"@type":"ReadAction","target":["https:\/\/www.africa-press.net\/congo-brazzaville\/politique\/congo-anatole-collinet-makosso-un-fidele-de-sassou-nguesso-a-la-primature"]}]},{"@type":"ImageObject","inLanguage":"fr-FR","@id":"https:\/\/www.africa-press.net\/congo-brazzaville\/politique\/congo-anatole-collinet-makosso-un-fidele-de-sassou-nguesso-a-la-primature#primaryimage","url":"https:\/\/static.africa-press.net\/centrafricaine\/sites\/51\/2021\/08\/img-61085f85dc546.jpg","contentUrl":"https:\/\/static.africa-press.net\/centrafricaine\/sites\/51\/2021\/08\/img-61085f85dc546.jpg","width":720,"height":360,"caption":"Congo : Anatole Collinet Makosso, un fid\u00e8le de Sassou Nguesso \u00e0 la primature"},{"@type":"BreadcrumbList","@id":"https:\/\/www.africa-press.net\/congo-brazzaville\/politique\/congo-anatole-collinet-makosso-un-fidele-de-sassou-nguesso-a-la-primature#breadcrumb","itemListElement":[{"@type":"ListItem","position":1,"name":"Accueil","item":"https:\/\/www.africa-press.net\/congo-brazzaville\/"},{"@type":"ListItem","position":2,"name":"Congo : Anatole Collinet Makosso, un fid\u00e8le de Sassou Nguesso \u00e0 la primature"}]},{"@type":"WebSite","@id":"https:\/\/www.africa-press.net\/congo-brazzaville\/#website","url":"https:\/\/www.africa-press.net\/congo-brazzaville\/","name":"Congo Brazzaville","description":"Just another Africa News Agency Sites site","potentialAction":[{"@type":"SearchAction","target":{"@type":"EntryPoint","urlTemplate":"https:\/\/www.africa-press.net\/congo-brazzaville\/?s={search_term_string}"},"query-input":{"@type":"PropertyValueSpecification","valueRequired":true,"valueName":"search_term_string"}}],"inLanguage":"fr-FR"},{"@type":"Person","@id":"https:\/\/www.africa-press.net\/congo-brazzaville\/#\/schema\/person\/2b1cf3cd81a31e3cd26889ca66d677f1","name":"cfeditorfr"}]}},"_links":{"self":[{"href":"https:\/\/www.africa-press.net\/congo-brazzaville\/wp-json\/wp\/v2\/posts\/1037","targetHints":{"allow":["GET"]}}],"collection":[{"href":"https:\/\/www.africa-press.net\/congo-brazzaville\/wp-json\/wp\/v2\/posts"}],"about":[{"href":"https:\/\/www.africa-press.net\/congo-brazzaville\/wp-json\/wp\/v2\/types\/post"}],"author":[{"embeddable":true,"href":"https:\/\/www.africa-press.net\/congo-brazzaville\/wp-json\/wp\/v2\/users\/82"}],"replies":[{"embeddable":true,"href":"https:\/\/www.africa-press.net\/congo-brazzaville\/wp-json\/wp\/v2\/comments?post=1037"}],"version-history":[{"count":0,"href":"https:\/\/www.africa-press.net\/congo-brazzaville\/wp-json\/wp\/v2\/posts\/1037\/revisions"}],"wp:featuredmedia":[{"embeddable":true,"href":"https:\/\/www.africa-press.net\/congo-brazzaville\/wp-json\/wp\/v2\/media\/1036"}],"wp:attachment":[{"href":"https:\/\/www.africa-press.net\/congo-brazzaville\/wp-json\/wp\/v2\/media?parent=1037"}],"wp:term":[{"taxonomy":"category","embeddable":true,"href":"https:\/\/www.africa-press.net\/congo-brazzaville\/wp-json\/wp\/v2\/categories?post=1037"},{"taxonomy":"post_tag","embeddable":true,"href":"https:\/\/www.africa-press.net\/congo-brazzaville\/wp-json\/wp\/v2\/tags?post=1037"}],"curies":[{"name":"wp","href":"https:\/\/api.w.org\/{rel}","templated":true}]}}