{"id":1172,"date":"2021-08-16T21:55:46","date_gmt":"2021-08-16T21:55:46","guid":{"rendered":"https:\/\/www.africa-press.net\/congo-brazzaville\/?p=1172"},"modified":"2021-08-16T21:45:08","modified_gmt":"2021-08-16T21:45:08","slug":"musique-classique-lorchestre-symphonique-des-enfants-de-brazzaville-plus-quapplaudi","status":"publish","type":"post","link":"https:\/\/www.africa-press.net\/congo-brazzaville\/culture-et-art\/musique-classique-lorchestre-symphonique-des-enfants-de-brazzaville-plus-quapplaudi","title":{"rendered":"Musique classique : l\u2019Orchestre symphonique des enfants de Brazzaville plus qu\u2019applaudi"},"content":{"rendered":"<p><span style=\"color: #ff6600\"><strong><a href=\"https:\/\/www.africa-press.net\/\">Africa-Press<\/a> &#8211; <a href=\"https:\/\/www.africa-press.net\/congo-brazzaville\">Congo Brazzaville<\/a>. <\/strong><\/span><b>Les quarante-cinq enfants de l\u2019Orchestre symphonique des enfants de Brazzaville (OSEB), dont l\u2019\u00e2ge varie entre 5 et 17 ans, ont livr\u00e9 un concert sur invitation dans la salle de la Maison russe, ex Centre culturel russe (CCR).<\/b><\/p>\n<p>Ce concert qui a eu lieu en pr\u00e9sence de Mme le conseiller \u00e0 la Protection sociale du chef de l\u2019\u00c9tat, Edith Laure Itoua ; du charg\u00e9 d\u2019affaires de l\u2019ambassade d\u2019Allemagne au Congo, Jonas Wiesenecker ; du directeur g\u00e9n\u00e9ral de Airtel Congo, G\u00e9rard Lokossou ; du directeur Culture et tourisme \u00e0 la mairie de Brazzaville, Ren\u00e9 Bobala s\u2019inscrit dans le cadre de la cl\u00f4ture du quatri\u00e8me atelier de formation, \u00e0 l\u2019or\u00e9e de la f\u00eate nationale de l\u2019ind\u00e9pendance du Congo.<\/p>\n<p>L\u2019OSEB est une structure musicale constitu\u00e9e de jeunes \u00e9pris de musique et d\u00e9sireux de faire \u00e9clore leur passion, leur talent. Une innovation pour promouvoir la musique classique en g\u00e9n\u00e9ral et symphonique en particulier en terre congolaise, et m\u00eame partout dans le monde, en milieu juv\u00e9nile. Ce concert s\u2019est tenu en deux parties. La premi\u00e8re a \u00e9t\u00e9 constitu\u00e9e de six chansons suivantes : Dieu Tout-puissant de H. Arnera ; Pr\u00e9lude (Te Deun) de M.A. Charpentier ; Agneau de Dieu (Wiegenlied) de J. Brahms ; Menuet en sol majeur de L.V. Beethoven ; Va pensiero de G. Verdi ; Di Moninga (rumba congolaise) de L. Eyenga. Et la deuxi\u00e8me partie de cinq chansons ci-apr\u00e8s : Ombra mai fu de G.F. H\u00e4ndel ; Andante-Allegretto Nr. 1 Allegro (six very easy pieces) de E. Elgar ; Jesu, Joy of Man\u2019s Desiring-BMV147 de J.S. Bach ; Walzer Nr.2 de D. Shostakovich ; Mwana u dile-Mwana Nzesi des berceuses congolaises.<\/p>\n<p><b>\u00ab La cl\u00f4ture d\u2019un atelier, comme celui-ci, est donc pour nous synonymes d\u2019arr\u00eat momentan\u00e9 des activit\u00e9s de formation pour \u00e9valuer et pr\u00e9senter, \u00e0 travers un concert et autres animations, les acquis accumul\u00e9s durant toute la p\u00e9riode de formation. Nous pensons que les enfants ont encore beaucoup appris lors de ce quatri\u00e8me atelier o\u00f9 nous leur avons donn\u00e9 aussi la possibilit\u00e9 d\u2019apprendre un deuxi\u00e8me instrument classique. Nous en avons aussi profit\u00e9 par rapport au bon niveau des enfants musiciens pour leur remettre des certificats de participation \u00e0 l\u2019atelier \u00bb<\/b><\/p>\n<p>, a d\u00e9clar\u00e9 le maestro Josias N\u2019Gahata, responsable de cet orchestre.<\/p>\n<p><b>Des r\u00e9actions apr\u00e8s le concert<\/b><\/p>\n<p>La directrice de la Maison russe, Maria Fakhrutdinova a f\u00e9licit\u00e9 le maestro Josias N\u2019Gahata pour cette brillante prestation avec les enfants. \u00c7a \u00e9t\u00e9 formidable, a-t-elle reconnu. Pour la directrice de la Maison russe, l\u2019amiti\u00e9 et la collaboration de son institution avec le maestro ne date pas d\u2019aujourd\u2019hui. Josias N\u2019Gahata a \u00e9t\u00e9 choisi pour participer au \u00ab Programme de la jeunesse \u00bb \u00e0 Moscou en 2015. Au cours de ce voyage il s\u2019\u00e9tait inspir\u00e9 de la musique classique russe. De retour au pays il a mont\u00e9 un orchestre symphonique au Congo. Avant de dire la g\u00e9n\u00e9rosit\u00e9 de son institution aux artistes congolais. \u00ab Nous sommes la Maison Russe \u00e0 l\u2019\u00e9poque CCR, notre maison est toujours ouverte pour accompagner et donner espace aux musiciens et autres pour qu\u2019ils aient la possibilit\u00e9 de s\u2019exprimer. \u00bb<\/p>\n<p>Madame le conseiller \u00e0 la Protection sociale du chef de l\u2019\u00c9tat, Edith Laure Itoua, a remarqu\u00e9 elle aussi l\u2019\u00e9volution de l\u2019OSEB. Les enfants dit-elle ont vraiment progress\u00e9 dans leur apprentissage. \u00ab \u00c7a fait plaisir de voir que les enfants ont \u00e9volu\u00e9. Ils ont interpr\u00e9t\u00e9 la rumba congolaise \u00e0 travers la chanson \u00ab\u00a0Di Moninga\u00a0\u00bb, c\u2019\u00e9tait magnifique. Je suis contente de les voir. J\u2019aime trop le maestro Josias N\u2019Gahata parce que c\u2019est quelqu\u2019un qui est constant. Il fait des efforts, certes, avec beaucoup des difficult\u00e9s, mais il est toujours l\u00e0. Il continue sa petite route. Vu que \u00e7a \u00e9volue, bravo \u00e0 lui et bravo aux enfants pour leur prestation. \u00bb<\/p>\n<p>Le charg\u00e9 d\u2019affaires de l\u2019ambassade d\u2019Allemagne au Congo, Jonas Wiesenecker, a eu une fois encore le plaisir et l\u2019opportunit\u00e9 de vivre quelques heures de musique symphonique apr\u00e8s une longue pause suite \u00e0 la situation pand\u00e9mique de Covid-19. Pour lui, l\u2019orchestre s\u2019est beaucoup am\u00e9lior\u00e9. Avant de r\u00e9it\u00e9rer que l\u2019ambassade de l\u2019Allemagne, principal partenaire qui soutient l\u2019orchestre depuis 2018, continuera \u00e0 le faire. En effet, en novembre 2017, l\u2019ambassade d\u2019Allemagne au Congo avait fait un don de quelques instruments et mat\u00e9riel de musique dont sept violons, deux altos, deux violoncelles, une contrebasse, deux fl\u00fbtes traversi\u00e8res, un piano, vingt-deux pupitres.<\/p>\n<p>L\u2019une des parentes, Laure Matoumeni, a dit elle aussi sa joie de voir les enfants r\u00e9aliser des prouesses. \u00ab Les enfants sont en train de faire des prouesses. Depuis le premier atelier jusqu\u2019au quatri\u00e8me aujourd\u2019hui, je trouve qu\u2019il y a des progr\u00e8s. Mes enfants sont inscrits \u00e0 l\u2019OSEB depuis quatre ans. La premi\u00e8re avait 10 ans \u00e0 l\u2019\u00e9poque et jouait au piano. Aujourd\u2019hui elle \u00e0 14 ans. La benjamine quant \u00e0 elle, avait 7 ans et jouait au Violon. Aujourd\u2019hui elle a 11 ans. C\u2019est merveilleux, ce que fait le maestro Josias N\u2019Gahata et son \u00e9quipe, parce que voir des enfants de 5 ans jouer aux instruments symphoniques, \u00e7a sort un peu de l&rsquo;ordinaire. \u00bb<\/p>\n<p>Notons que le premier atelier de formation a \u00e9t\u00e9 lanc\u00e9 depuis l\u2019ann\u00e9e 2018, avec l\u2019appui de l\u2019ambassade d\u2019Allemagne au Congo. Pour le cinqui\u00e8me atelier qui pointe \u00e0 l\u2019horizon, le maestro Josias N\u2019Gahata a invit\u00e9 les parents d\u00e9sireux d\u2019inscrire leurs enfants \u00e0 l\u2019OSEB et la Chorale des enfants de Brazzaville, \u00e0 le faire avant la prochaine rentr\u00e9e scolaire.<\/p>\n\r\n                <style type=\"text\/css\">\r\n                    \r\n                    #td_uid_1_69f3e50ddc20e  .td-doubleSlider-2 .td-item1 {\r\n                        background: url(https:\/\/static.africa-press.net\/centrafricaine\/sites\/51\/2021\/08\/img-611adc3b659c0-80x60.jpg) 0 0 no-repeat;\r\n                    }\r\n                <\/style>\r\n\r\n                <div id=\"td_uid_1_69f3e50ddc20e\" class=\"td-gallery td-slide-on-2-columns\">\r\n                    <div class=\"post_td_gallery\">\r\n                        <div class=\"td-gallery-slide-top\">\r\n                           <div class=\"td-gallery-title\"><\/div>\r\n\r\n                            <div class=\"td-gallery-controls-wrapper\">\r\n                                <div class=\"td-gallery-slide-count\"><span class=\"td-gallery-slide-item-focus\">1<\/span> de 2<\/div>\r\n                                <div class=\"td-gallery-slide-prev-next-but\">\r\n                                    <i class = \"td-icon-left doubleSliderPrevButton\"><\/i>\r\n                                    <i class = \"td-icon-right doubleSliderNextButton\"><\/i>\r\n                                <\/div>\r\n                            <\/div>\r\n                        <\/div>\r\n\r\n                        <div class = \"td-doubleSlider-1 \">\r\n                            <div class = \"td-slider\">\r\n                                \r\n                    <div class = \"td-slide-item td-item1\">\r\n                        <figure class=\"td-slide-galery-figure td-slide-popup-gallery\">\r\n                            <a class=\"slide-gallery-image-link\" href=\"https:\/\/static.africa-press.net\/centrafricaine\/sites\/51\/2021\/08\/img-611adc3b659c0.jpg\" title=\"img-611adc3b659c0\"  data-caption=\"\"  data-description=\"\">\r\n                                <img decoding=\"async\" src=\"https:\/\/static.africa-press.net\/centrafricaine\/sites\/51\/2021\/08\/img-611adc3b659c0.jpg\" srcset=\"https:\/\/static.africa-press.net\/congo-brazzaville\/sites\/51\/2021\/08\/img-611adc3b659c0.jpg 829w, https:\/\/static.africa-press.net\/congo-brazzaville\/sites\/51\/2021\/08\/img-611adc3b659c0-300x210.jpg 300w, https:\/\/static.africa-press.net\/congo-brazzaville\/sites\/51\/2021\/08\/img-611adc3b659c0-768x538.jpg 768w, https:\/\/static.africa-press.net\/congo-brazzaville\/sites\/51\/2021\/08\/img-611adc3b659c0-100x70.jpg 100w\" sizes=\"(max-width: 829px) 100vw, 829px\" alt=\"\">\r\n                            <\/a>\r\n                            \r\n                        <\/figure>\r\n                    <\/div>\r\n                            <\/div>\r\n                        <\/div>\r\n\r\n                        <div class = \"td-doubleSlider-2\">\r\n                            <div class = \"td-slider\">\r\n                                \r\n                    <div class = \"td-button td-item1\">\r\n                        <div class = \"td-border\"><\/div>\r\n                    <\/div>\r\n                            <\/div>\r\n                        <\/div>\r\n\r\n                    <\/div>\r\n\r\n                <\/div>\r\n                \n","protected":false},"excerpt":{"rendered":"<p>Africa-Press &#8211; Congo Brazzaville. Les quarante-cinq enfants de l\u2019Orchestre symphonique des enfants de Brazzaville (OSEB), dont l\u2019\u00e2ge varie entre 5 et 17 ans, ont livr\u00e9 un concert sur invitation dans la salle de la Maison russe, ex Centre culturel russe (CCR). Ce concert qui a eu lieu en pr\u00e9sence de Mme le conseiller \u00e0 la [&hellip;]<\/p>\n","protected":false},"author":82,"featured_media":1171,"comment_status":"open","ping_status":"closed","sticky":false,"template":"","format":"standard","meta":{"footnotes":""},"categories":[5,11,8,10],"tags":[36,47,46],"class_list":["post-1172","post","type-post","status-publish","format-standard","has-post-thumbnail","hentry","category-culture-et-art","category-homepage-french","category-photo","category-toutes-les-actualites","tag-africa-press","tag-africa-press-congo-brazzaville","tag-congo-brazzaville"],"yoast_head":"<!-- This site is optimized with the Yoast SEO Premium plugin v26.1 (Yoast SEO v27.0) - https:\/\/yoast.com\/product\/yoast-seo-premium-wordpress\/ -->\n<title>Musique classique : l\u2019Orchestre symphonique des enfants de Brazzaville plus qu\u2019applaudi - Congo Brazzaville<\/title>\n<meta name=\"description\" content=\"Les quarante-cinq enfants de l\u2019Orchestre symphonique des enfants de Brazzaville (OSEB), dont l\u2019\u00e2ge varie entre 5 et 1 ...\" \/>\n<meta name=\"robots\" content=\"index, follow, max-snippet:-1, max-image-preview:large, max-video-preview:-1\" \/>\n<link rel=\"canonical\" href=\"https:\/\/www.africa-press.net\/congo-brazzaville\/culture-et-art\/musique-classique-lorchestre-symphonique-des-enfants-de-brazzaville-plus-quapplaudi\" \/>\n<meta property=\"og:locale\" content=\"fr_FR\" \/>\n<meta property=\"og:type\" content=\"article\" \/>\n<meta property=\"og:title\" content=\"Musique classique : l\u2019Orchestre symphonique des enfants de Brazzaville plus qu\u2019applaudi\" \/>\n<meta property=\"og:description\" content=\"Les quarante-cinq enfants de l\u2019Orchestre symphonique des enfants de Brazzaville (OSEB), dont l\u2019\u00e2ge varie entre 5 et 1 ...\" \/>\n<meta property=\"og:url\" content=\"https:\/\/www.africa-press.net\/congo-brazzaville\/culture-et-art\/musique-classique-lorchestre-symphonique-des-enfants-de-brazzaville-plus-quapplaudi\" \/>\n<meta property=\"og:site_name\" content=\"Congo Brazzaville\" \/>\n<meta property=\"article:published_time\" content=\"2021-08-16T21:55:46+00:00\" \/>\n<meta property=\"og:image\" content=\"https:\/\/static.africa-press.net\/centrafricaine\/sites\/51\/2021\/08\/img-611adc43ca80b.jpg\" \/>\n\t<meta property=\"og:image:width\" content=\"829\" \/>\n\t<meta property=\"og:image:height\" content=\"581\" \/>\n\t<meta property=\"og:image:type\" content=\"image\/jpeg\" \/>\n<meta name=\"author\" content=\"cfeditorfr\" \/>\n<meta name=\"twitter:card\" content=\"summary_large_image\" \/>\n<meta name=\"twitter:label1\" content=\"\u00c9crit par\" \/>\n\t<meta name=\"twitter:data1\" content=\"cfeditorfr\" \/>\n\t<meta name=\"twitter:label2\" content=\"Dur\u00e9e de lecture estim\u00e9e\" \/>\n\t<meta name=\"twitter:data2\" content=\"5 minutes\" \/>\n<script type=\"application\/ld+json\" class=\"yoast-schema-graph\">{\"@context\":\"https:\/\/schema.org\",\"@graph\":[{\"@type\":\"Article\",\"@id\":\"https:\/\/www.africa-press.net\/congo-brazzaville\/culture-et-art\/musique-classique-lorchestre-symphonique-des-enfants-de-brazzaville-plus-quapplaudi#article\",\"isPartOf\":{\"@id\":\"https:\/\/www.africa-press.net\/congo-brazzaville\/culture-et-art\/musique-classique-lorchestre-symphonique-des-enfants-de-brazzaville-plus-quapplaudi\"},\"author\":{\"name\":\"cfeditorfr\",\"@id\":\"https:\/\/www.africa-press.net\/congo-brazzaville\/#\/schema\/person\/2b1cf3cd81a31e3cd26889ca66d677f1\"},\"headline\":\"Musique classique : l\u2019Orchestre symphonique des enfants de Brazzaville plus qu\u2019applaudi\",\"datePublished\":\"2021-08-16T21:55:46+00:00\",\"mainEntityOfPage\":{\"@id\":\"https:\/\/www.africa-press.net\/congo-brazzaville\/culture-et-art\/musique-classique-lorchestre-symphonique-des-enfants-de-brazzaville-plus-quapplaudi\"},\"wordCount\":973,\"commentCount\":0,\"image\":{\"@id\":\"https:\/\/www.africa-press.net\/congo-brazzaville\/culture-et-art\/musique-classique-lorchestre-symphonique-des-enfants-de-brazzaville-plus-quapplaudi#primaryimage\"},\"thumbnailUrl\":\"https:\/\/static.africa-press.net\/centrafricaine\/sites\/51\/2021\/08\/img-611adc43ca80b.jpg\",\"keywords\":[\"Africa Press\",\"Africa Press-Congo Brazzaville\",\"Congo Brazzaville\"],\"articleSection\":[\"Culture et Art\",\"homepage-french\",\"Photo\",\"Toutes les actualit\u00e9s\"],\"inLanguage\":\"fr-FR\",\"potentialAction\":[{\"@type\":\"CommentAction\",\"name\":\"Comment\",\"target\":[\"https:\/\/www.africa-press.net\/congo-brazzaville\/culture-et-art\/musique-classique-lorchestre-symphonique-des-enfants-de-brazzaville-plus-quapplaudi#respond\"]}]},{\"@type\":\"WebPage\",\"@id\":\"https:\/\/www.africa-press.net\/congo-brazzaville\/culture-et-art\/musique-classique-lorchestre-symphonique-des-enfants-de-brazzaville-plus-quapplaudi\",\"url\":\"https:\/\/www.africa-press.net\/congo-brazzaville\/culture-et-art\/musique-classique-lorchestre-symphonique-des-enfants-de-brazzaville-plus-quapplaudi\",\"name\":\"Musique classique : l\u2019Orchestre symphonique des enfants de Brazzaville plus qu\u2019applaudi - Congo Brazzaville\",\"isPartOf\":{\"@id\":\"https:\/\/www.africa-press.net\/congo-brazzaville\/#website\"},\"primaryImageOfPage\":{\"@id\":\"https:\/\/www.africa-press.net\/congo-brazzaville\/culture-et-art\/musique-classique-lorchestre-symphonique-des-enfants-de-brazzaville-plus-quapplaudi#primaryimage\"},\"image\":{\"@id\":\"https:\/\/www.africa-press.net\/congo-brazzaville\/culture-et-art\/musique-classique-lorchestre-symphonique-des-enfants-de-brazzaville-plus-quapplaudi#primaryimage\"},\"thumbnailUrl\":\"https:\/\/static.africa-press.net\/centrafricaine\/sites\/51\/2021\/08\/img-611adc43ca80b.jpg\",\"datePublished\":\"2021-08-16T21:55:46+00:00\",\"author\":{\"@id\":\"https:\/\/www.africa-press.net\/congo-brazzaville\/#\/schema\/person\/2b1cf3cd81a31e3cd26889ca66d677f1\"},\"description\":\"Les quarante-cinq enfants de l\u2019Orchestre symphonique des enfants de Brazzaville (OSEB), dont l\u2019\u00e2ge varie entre 5 et 1 ...\",\"breadcrumb\":{\"@id\":\"https:\/\/www.africa-press.net\/congo-brazzaville\/culture-et-art\/musique-classique-lorchestre-symphonique-des-enfants-de-brazzaville-plus-quapplaudi#breadcrumb\"},\"inLanguage\":\"fr-FR\",\"potentialAction\":[{\"@type\":\"ReadAction\",\"target\":[\"https:\/\/www.africa-press.net\/congo-brazzaville\/culture-et-art\/musique-classique-lorchestre-symphonique-des-enfants-de-brazzaville-plus-quapplaudi\"]}]},{\"@type\":\"ImageObject\",\"inLanguage\":\"fr-FR\",\"@id\":\"https:\/\/www.africa-press.net\/congo-brazzaville\/culture-et-art\/musique-classique-lorchestre-symphonique-des-enfants-de-brazzaville-plus-quapplaudi#primaryimage\",\"url\":\"https:\/\/static.africa-press.net\/centrafricaine\/sites\/51\/2021\/08\/img-611adc43ca80b.jpg\",\"contentUrl\":\"https:\/\/static.africa-press.net\/centrafricaine\/sites\/51\/2021\/08\/img-611adc43ca80b.jpg\",\"width\":829,\"height\":581,\"caption\":\"Musique classique : l\u2019Orchestre symphonique des enfants de Brazzaville plus qu\u2019applaudi\"},{\"@type\":\"BreadcrumbList\",\"@id\":\"https:\/\/www.africa-press.net\/congo-brazzaville\/culture-et-art\/musique-classique-lorchestre-symphonique-des-enfants-de-brazzaville-plus-quapplaudi#breadcrumb\",\"itemListElement\":[{\"@type\":\"ListItem\",\"position\":1,\"name\":\"Accueil\",\"item\":\"https:\/\/www.africa-press.net\/congo-brazzaville\/\"},{\"@type\":\"ListItem\",\"position\":2,\"name\":\"Musique classique : l\u2019Orchestre symphonique des enfants de Brazzaville plus qu\u2019applaudi\"}]},{\"@type\":\"WebSite\",\"@id\":\"https:\/\/www.africa-press.net\/congo-brazzaville\/#website\",\"url\":\"https:\/\/www.africa-press.net\/congo-brazzaville\/\",\"name\":\"Congo Brazzaville\",\"description\":\"Just another Africa News Agency Sites site\",\"potentialAction\":[{\"@type\":\"SearchAction\",\"target\":{\"@type\":\"EntryPoint\",\"urlTemplate\":\"https:\/\/www.africa-press.net\/congo-brazzaville\/?s={search_term_string}\"},\"query-input\":{\"@type\":\"PropertyValueSpecification\",\"valueRequired\":true,\"valueName\":\"search_term_string\"}}],\"inLanguage\":\"fr-FR\"},{\"@type\":\"Person\",\"@id\":\"https:\/\/www.africa-press.net\/congo-brazzaville\/#\/schema\/person\/2b1cf3cd81a31e3cd26889ca66d677f1\",\"name\":\"cfeditorfr\"}]}<\/script>\n<!-- \/ Yoast SEO Premium plugin. -->","yoast_head_json":{"title":"Musique classique : l\u2019Orchestre symphonique des enfants de Brazzaville plus qu\u2019applaudi - Congo Brazzaville","description":"Les quarante-cinq enfants de l\u2019Orchestre symphonique des enfants de Brazzaville (OSEB), dont l\u2019\u00e2ge varie entre 5 et 1 ...","robots":{"index":"index","follow":"follow","max-snippet":"max-snippet:-1","max-image-preview":"max-image-preview:large","max-video-preview":"max-video-preview:-1"},"canonical":"https:\/\/www.africa-press.net\/congo-brazzaville\/culture-et-art\/musique-classique-lorchestre-symphonique-des-enfants-de-brazzaville-plus-quapplaudi","og_locale":"fr_FR","og_type":"article","og_title":"Musique classique : l\u2019Orchestre symphonique des enfants de Brazzaville plus qu\u2019applaudi","og_description":"Les quarante-cinq enfants de l\u2019Orchestre symphonique des enfants de Brazzaville (OSEB), dont l\u2019\u00e2ge varie entre 5 et 1 ...","og_url":"https:\/\/www.africa-press.net\/congo-brazzaville\/culture-et-art\/musique-classique-lorchestre-symphonique-des-enfants-de-brazzaville-plus-quapplaudi","og_site_name":"Congo Brazzaville","article_published_time":"2021-08-16T21:55:46+00:00","og_image":[{"width":829,"height":581,"url":"https:\/\/static.africa-press.net\/centrafricaine\/sites\/51\/2021\/08\/img-611adc43ca80b.jpg","type":"image\/jpeg"}],"author":"cfeditorfr","twitter_card":"summary_large_image","twitter_misc":{"\u00c9crit par":"cfeditorfr","Dur\u00e9e de lecture estim\u00e9e":"5 minutes"},"schema":{"@context":"https:\/\/schema.org","@graph":[{"@type":"Article","@id":"https:\/\/www.africa-press.net\/congo-brazzaville\/culture-et-art\/musique-classique-lorchestre-symphonique-des-enfants-de-brazzaville-plus-quapplaudi#article","isPartOf":{"@id":"https:\/\/www.africa-press.net\/congo-brazzaville\/culture-et-art\/musique-classique-lorchestre-symphonique-des-enfants-de-brazzaville-plus-quapplaudi"},"author":{"name":"cfeditorfr","@id":"https:\/\/www.africa-press.net\/congo-brazzaville\/#\/schema\/person\/2b1cf3cd81a31e3cd26889ca66d677f1"},"headline":"Musique classique : l\u2019Orchestre symphonique des enfants de Brazzaville plus qu\u2019applaudi","datePublished":"2021-08-16T21:55:46+00:00","mainEntityOfPage":{"@id":"https:\/\/www.africa-press.net\/congo-brazzaville\/culture-et-art\/musique-classique-lorchestre-symphonique-des-enfants-de-brazzaville-plus-quapplaudi"},"wordCount":973,"commentCount":0,"image":{"@id":"https:\/\/www.africa-press.net\/congo-brazzaville\/culture-et-art\/musique-classique-lorchestre-symphonique-des-enfants-de-brazzaville-plus-quapplaudi#primaryimage"},"thumbnailUrl":"https:\/\/static.africa-press.net\/centrafricaine\/sites\/51\/2021\/08\/img-611adc43ca80b.jpg","keywords":["Africa Press","Africa Press-Congo Brazzaville","Congo Brazzaville"],"articleSection":["Culture et Art","homepage-french","Photo","Toutes les actualit\u00e9s"],"inLanguage":"fr-FR","potentialAction":[{"@type":"CommentAction","name":"Comment","target":["https:\/\/www.africa-press.net\/congo-brazzaville\/culture-et-art\/musique-classique-lorchestre-symphonique-des-enfants-de-brazzaville-plus-quapplaudi#respond"]}]},{"@type":"WebPage","@id":"https:\/\/www.africa-press.net\/congo-brazzaville\/culture-et-art\/musique-classique-lorchestre-symphonique-des-enfants-de-brazzaville-plus-quapplaudi","url":"https:\/\/www.africa-press.net\/congo-brazzaville\/culture-et-art\/musique-classique-lorchestre-symphonique-des-enfants-de-brazzaville-plus-quapplaudi","name":"Musique classique : l\u2019Orchestre symphonique des enfants de Brazzaville plus qu\u2019applaudi - Congo Brazzaville","isPartOf":{"@id":"https:\/\/www.africa-press.net\/congo-brazzaville\/#website"},"primaryImageOfPage":{"@id":"https:\/\/www.africa-press.net\/congo-brazzaville\/culture-et-art\/musique-classique-lorchestre-symphonique-des-enfants-de-brazzaville-plus-quapplaudi#primaryimage"},"image":{"@id":"https:\/\/www.africa-press.net\/congo-brazzaville\/culture-et-art\/musique-classique-lorchestre-symphonique-des-enfants-de-brazzaville-plus-quapplaudi#primaryimage"},"thumbnailUrl":"https:\/\/static.africa-press.net\/centrafricaine\/sites\/51\/2021\/08\/img-611adc43ca80b.jpg","datePublished":"2021-08-16T21:55:46+00:00","author":{"@id":"https:\/\/www.africa-press.net\/congo-brazzaville\/#\/schema\/person\/2b1cf3cd81a31e3cd26889ca66d677f1"},"description":"Les quarante-cinq enfants de l\u2019Orchestre symphonique des enfants de Brazzaville (OSEB), dont l\u2019\u00e2ge varie entre 5 et 1 ...","breadcrumb":{"@id":"https:\/\/www.africa-press.net\/congo-brazzaville\/culture-et-art\/musique-classique-lorchestre-symphonique-des-enfants-de-brazzaville-plus-quapplaudi#breadcrumb"},"inLanguage":"fr-FR","potentialAction":[{"@type":"ReadAction","target":["https:\/\/www.africa-press.net\/congo-brazzaville\/culture-et-art\/musique-classique-lorchestre-symphonique-des-enfants-de-brazzaville-plus-quapplaudi"]}]},{"@type":"ImageObject","inLanguage":"fr-FR","@id":"https:\/\/www.africa-press.net\/congo-brazzaville\/culture-et-art\/musique-classique-lorchestre-symphonique-des-enfants-de-brazzaville-plus-quapplaudi#primaryimage","url":"https:\/\/static.africa-press.net\/centrafricaine\/sites\/51\/2021\/08\/img-611adc43ca80b.jpg","contentUrl":"https:\/\/static.africa-press.net\/centrafricaine\/sites\/51\/2021\/08\/img-611adc43ca80b.jpg","width":829,"height":581,"caption":"Musique classique : l\u2019Orchestre symphonique des enfants de Brazzaville plus qu\u2019applaudi"},{"@type":"BreadcrumbList","@id":"https:\/\/www.africa-press.net\/congo-brazzaville\/culture-et-art\/musique-classique-lorchestre-symphonique-des-enfants-de-brazzaville-plus-quapplaudi#breadcrumb","itemListElement":[{"@type":"ListItem","position":1,"name":"Accueil","item":"https:\/\/www.africa-press.net\/congo-brazzaville\/"},{"@type":"ListItem","position":2,"name":"Musique classique : l\u2019Orchestre symphonique des enfants de Brazzaville plus qu\u2019applaudi"}]},{"@type":"WebSite","@id":"https:\/\/www.africa-press.net\/congo-brazzaville\/#website","url":"https:\/\/www.africa-press.net\/congo-brazzaville\/","name":"Congo Brazzaville","description":"Just another Africa News Agency Sites site","potentialAction":[{"@type":"SearchAction","target":{"@type":"EntryPoint","urlTemplate":"https:\/\/www.africa-press.net\/congo-brazzaville\/?s={search_term_string}"},"query-input":{"@type":"PropertyValueSpecification","valueRequired":true,"valueName":"search_term_string"}}],"inLanguage":"fr-FR"},{"@type":"Person","@id":"https:\/\/www.africa-press.net\/congo-brazzaville\/#\/schema\/person\/2b1cf3cd81a31e3cd26889ca66d677f1","name":"cfeditorfr"}]}},"_links":{"self":[{"href":"https:\/\/www.africa-press.net\/congo-brazzaville\/wp-json\/wp\/v2\/posts\/1172","targetHints":{"allow":["GET"]}}],"collection":[{"href":"https:\/\/www.africa-press.net\/congo-brazzaville\/wp-json\/wp\/v2\/posts"}],"about":[{"href":"https:\/\/www.africa-press.net\/congo-brazzaville\/wp-json\/wp\/v2\/types\/post"}],"author":[{"embeddable":true,"href":"https:\/\/www.africa-press.net\/congo-brazzaville\/wp-json\/wp\/v2\/users\/82"}],"replies":[{"embeddable":true,"href":"https:\/\/www.africa-press.net\/congo-brazzaville\/wp-json\/wp\/v2\/comments?post=1172"}],"version-history":[{"count":0,"href":"https:\/\/www.africa-press.net\/congo-brazzaville\/wp-json\/wp\/v2\/posts\/1172\/revisions"}],"wp:featuredmedia":[{"embeddable":true,"href":"https:\/\/www.africa-press.net\/congo-brazzaville\/wp-json\/wp\/v2\/media\/1171"}],"wp:attachment":[{"href":"https:\/\/www.africa-press.net\/congo-brazzaville\/wp-json\/wp\/v2\/media?parent=1172"}],"wp:term":[{"taxonomy":"category","embeddable":true,"href":"https:\/\/www.africa-press.net\/congo-brazzaville\/wp-json\/wp\/v2\/categories?post=1172"},{"taxonomy":"post_tag","embeddable":true,"href":"https:\/\/www.africa-press.net\/congo-brazzaville\/wp-json\/wp\/v2\/tags?post=1172"}],"curies":[{"name":"wp","href":"https:\/\/api.w.org\/{rel}","templated":true}]}}