{"id":1177,"date":"2021-08-16T22:04:57","date_gmt":"2021-08-16T22:04:57","guid":{"rendered":"https:\/\/www.africa-press.net\/congo-brazzaville\/?p=1177"},"modified":"2021-08-16T21:48:13","modified_gmt":"2021-08-16T21:48:13","slug":"environnement-et-developpement-durable-les-problemes-du-personnel-exposes-a-eve-bazaiba","status":"publish","type":"post","link":"https:\/\/www.africa-press.net\/congo-brazzaville\/photo\/environnement-et-developpement-durable-les-problemes-du-personnel-exposes-a-eve-bazaiba","title":{"rendered":"Environnement et d\u00e9veloppement durable : les probl\u00e8mes du personnel expos\u00e9s \u00e0 Eve Bazaiba"},"content":{"rendered":"<p><span style=\"color: #ff6600\"><strong><a href=\"https:\/\/www.africa-press.net\/\">Africa-Press<\/a> &#8211; <a href=\"https:\/\/www.africa-press.net\/congo-brazzaville\">Congo Brazzaville<\/a>. <\/strong><\/span><b>Le directoire de la Dynamique syndicale des finances du minist\u00e8re de l\u2019Environnement et d\u00e9veloppement durable (DSF\/EDD) a d\u00e9nonc\u00e9 ce qu\u2019elle a qualifi\u00e9 d\u2019injustice sociale constat\u00e9e dans ce d\u00e9partement.<\/b><\/p>\n<p>Apr\u00e8s avoir sollicit\u00e9 une audience au travers des r\u00e9seaux sociaux, les membres de la DDSF\/EDD ont \u00e9t\u00e9 re\u00e7us, le 16 ao\u00fbt, par la vice-Premi\u00e8re ministre, Eve Bazaiba. Cette entrevue a permis \u00e0 la d\u00e9l\u00e9gation syndicale d\u2019exposer \u00e0 la ministre de tutelle certaines anomalies constat\u00e9es au sein de ce minist\u00e8re et qui d\u00e9noteraient, selon ces syndicats, d\u2019une injustice sociale.<\/p>\n<p>Conduit par son pr\u00e9sident Caleb Bosuku Madiliba, le directoire de la DSF\/EDD a remis \u00e0 la vice-Premi\u00e8re ministre, ministre de l\u2019Environnement et d\u00e9veloppement durable (VPM-MEDD) un m\u00e9morandum contenant leurs revendications. Il s\u2019agit notamment de la question de la prime permanente pour les fonctions sp\u00e9ciales comme sp\u00e9cifiques ainsi que du cas des divisions provinciales de l\u2019Environnement dont les agents ne sont pas r\u00e9mun\u00e9r\u00e9s. Certains autres points relev\u00e9s par les syndicalistes sont notamment l\u2019octroi des matricules aux nouvelles unit\u00e9s ainsi que la m\u00e9canisation.<\/p>\n<p>Selon Caleb Bosuku, cette situation d\u00e9nonc\u00e9e constitue une injustice sociale dont ils attendent une intervention urgente de la part de la VPM Bazaiba pour r\u00e9paration. \u00ab Autant de raisons qui ont occasionn\u00e9 cette rencontre pour qu\u2019elle puise statuer en pr\u00eatant une oreille attentive \u00e0 nos desiderata. Elle a pris acte. Et, nous sortons satisfaits \u00bb, a dit Caleb Bosuku.<\/p>\n<p>Justifiant leur action aupr\u00e8s de la VPM Bazaiba, le directoire de la DSF a rappel\u00e9 que les objectifs syndicaux poursuivis par leur organisation sont la d\u00e9fense des int\u00e9r\u00eats des travailleurs ainsi que des biens meubles et immeubles du minist\u00e8re. \u00ab C\u2019est pourquoi, apr\u00e8s plusieurs tentatives infructueuses de rencontrer la VPM, nous sommes pass\u00e9s par les r\u00e9seaux sociaux pour faire pression et interpeller le num\u00e9ro un de l\u2019Environnement et du D\u00e9veloppement durable congolais, chose faite et un motif de satisfaction \u00bb, a soulign\u00e9 le pr\u00e9sident de cette structure syndicale.<\/p>\n\r\n                <style type=\"text\/css\">\r\n                    \r\n                    #td_uid_1_69f3e50e0a399  .td-doubleSlider-2 .td-item1 {\r\n                        background: url(https:\/\/static.africa-press.net\/centrafricaine\/sites\/51\/2021\/08\/img-611adced87e56-80x60.jpg) 0 0 no-repeat;\r\n                    }\r\n                <\/style>\r\n\r\n                <div id=\"td_uid_1_69f3e50e0a399\" class=\"td-gallery td-slide-on-2-columns\">\r\n                    <div class=\"post_td_gallery\">\r\n                        <div class=\"td-gallery-slide-top\">\r\n                           <div class=\"td-gallery-title\"><\/div>\r\n\r\n                            <div class=\"td-gallery-controls-wrapper\">\r\n                                <div class=\"td-gallery-slide-count\"><span class=\"td-gallery-slide-item-focus\">1<\/span> de 2<\/div>\r\n                                <div class=\"td-gallery-slide-prev-next-but\">\r\n                                    <i class = \"td-icon-left doubleSliderPrevButton\"><\/i>\r\n                                    <i class = \"td-icon-right doubleSliderNextButton\"><\/i>\r\n                                <\/div>\r\n                            <\/div>\r\n                        <\/div>\r\n\r\n                        <div class = \"td-doubleSlider-1 \">\r\n                            <div class = \"td-slider\">\r\n                                \r\n                    <div class = \"td-slide-item td-item1\">\r\n                        <figure class=\"td-slide-galery-figure td-slide-popup-gallery\">\r\n                            <a class=\"slide-gallery-image-link\" href=\"https:\/\/static.africa-press.net\/centrafricaine\/sites\/51\/2021\/08\/img-611adced87e56.jpg\" title=\"img-611adced87e56\"  data-caption=\"\"  data-description=\"\">\r\n                                <img decoding=\"async\" src=\"https:\/\/static.africa-press.net\/centrafricaine\/sites\/51\/2021\/08\/img-611adced87e56.jpg\" srcset=\"https:\/\/static.africa-press.net\/congo-brazzaville\/sites\/51\/2021\/08\/img-611adced87e56.jpg 1080w, https:\/\/static.africa-press.net\/congo-brazzaville\/sites\/51\/2021\/08\/img-611adced87e56-300x200.jpg 300w, https:\/\/static.africa-press.net\/congo-brazzaville\/sites\/51\/2021\/08\/img-611adced87e56-1024x683.jpg 1024w, https:\/\/static.africa-press.net\/congo-brazzaville\/sites\/51\/2021\/08\/img-611adced87e56-768x512.jpg 768w\" sizes=\"(max-width: 1080px) 100vw, 1080px\" alt=\"\">\r\n                            <\/a>\r\n                            \r\n                        <\/figure>\r\n                    <\/div>\r\n                            <\/div>\r\n                        <\/div>\r\n\r\n                        <div class = \"td-doubleSlider-2\">\r\n                            <div class = \"td-slider\">\r\n                                \r\n                    <div class = \"td-button td-item1\">\r\n                        <div class = \"td-border\"><\/div>\r\n                    <\/div>\r\n                            <\/div>\r\n                        <\/div>\r\n\r\n                    <\/div>\r\n\r\n                <\/div>\r\n                \n","protected":false},"excerpt":{"rendered":"<p>Africa-Press &#8211; Congo Brazzaville. Le directoire de la Dynamique syndicale des finances du minist\u00e8re de l\u2019Environnement et d\u00e9veloppement durable (DSF\/EDD) a d\u00e9nonc\u00e9 ce qu\u2019elle a qualifi\u00e9 d\u2019injustice sociale constat\u00e9e dans ce d\u00e9partement. Apr\u00e8s avoir sollicit\u00e9 une audience au travers des r\u00e9seaux sociaux, les membres de la DDSF\/EDD ont \u00e9t\u00e9 re\u00e7us, le 16 ao\u00fbt, par la [&hellip;]<\/p>\n","protected":false},"author":82,"featured_media":1176,"comment_status":"open","ping_status":"closed","sticky":false,"template":"","format":"standard","meta":{"footnotes":""},"categories":[21,11,8,20,10],"tags":[36,47,46],"class_list":["post-1177","post","type-post","status-publish","format-standard","has-post-thumbnail","hentry","category-communaute","category-homepage-french","category-photo","category-top-nouvelles","category-toutes-les-actualites","tag-africa-press","tag-africa-press-congo-brazzaville","tag-congo-brazzaville"],"yoast_head":"<!-- This site is optimized with the Yoast SEO Premium plugin v26.1 (Yoast SEO v27.0) - https:\/\/yoast.com\/product\/yoast-seo-premium-wordpress\/ -->\n<title>Environnement et d\u00e9veloppement durable : les probl\u00e8mes du personnel expos\u00e9s \u00e0 Eve Bazaiba - Congo Brazzaville<\/title>\n<meta name=\"description\" content=\"Le directoire de la Dynamique syndicale des finances du minist\u00e8re de l\u2019Environnement et d\u00e9veloppement durable (DSF\/ED ...\" \/>\n<meta name=\"robots\" content=\"index, follow, max-snippet:-1, max-image-preview:large, max-video-preview:-1\" \/>\n<link rel=\"canonical\" href=\"https:\/\/www.africa-press.net\/congo-brazzaville\/photo\/environnement-et-developpement-durable-les-problemes-du-personnel-exposes-a-eve-bazaiba\" \/>\n<meta property=\"og:locale\" content=\"fr_FR\" \/>\n<meta property=\"og:type\" content=\"article\" \/>\n<meta property=\"og:title\" content=\"Environnement et d\u00e9veloppement durable : les probl\u00e8mes du personnel expos\u00e9s \u00e0 Eve Bazaiba\" \/>\n<meta property=\"og:description\" content=\"Le directoire de la Dynamique syndicale des finances du minist\u00e8re de l\u2019Environnement et d\u00e9veloppement durable (DSF\/ED ...\" \/>\n<meta property=\"og:url\" content=\"https:\/\/www.africa-press.net\/congo-brazzaville\/photo\/environnement-et-developpement-durable-les-problemes-du-personnel-exposes-a-eve-bazaiba\" \/>\n<meta property=\"og:site_name\" content=\"Congo Brazzaville\" \/>\n<meta property=\"article:published_time\" content=\"2021-08-16T22:04:57+00:00\" \/>\n<meta property=\"og:image\" content=\"https:\/\/static.africa-press.net\/centrafricaine\/sites\/51\/2021\/08\/img-611add00a843c.jpg\" \/>\n\t<meta property=\"og:image:width\" content=\"1080\" \/>\n\t<meta property=\"og:image:height\" content=\"720\" \/>\n\t<meta property=\"og:image:type\" content=\"image\/jpeg\" \/>\n<meta name=\"author\" content=\"cfeditorfr\" \/>\n<meta name=\"twitter:card\" content=\"summary_large_image\" \/>\n<meta name=\"twitter:label1\" content=\"\u00c9crit par\" \/>\n\t<meta name=\"twitter:data1\" content=\"cfeditorfr\" \/>\n\t<meta name=\"twitter:label2\" content=\"Dur\u00e9e de lecture estim\u00e9e\" \/>\n\t<meta name=\"twitter:data2\" content=\"2 minutes\" \/>\n<script type=\"application\/ld+json\" class=\"yoast-schema-graph\">{\"@context\":\"https:\/\/schema.org\",\"@graph\":[{\"@type\":\"Article\",\"@id\":\"https:\/\/www.africa-press.net\/congo-brazzaville\/photo\/environnement-et-developpement-durable-les-problemes-du-personnel-exposes-a-eve-bazaiba#article\",\"isPartOf\":{\"@id\":\"https:\/\/www.africa-press.net\/congo-brazzaville\/photo\/environnement-et-developpement-durable-les-problemes-du-personnel-exposes-a-eve-bazaiba\"},\"author\":{\"name\":\"cfeditorfr\",\"@id\":\"https:\/\/www.africa-press.net\/congo-brazzaville\/#\/schema\/person\/2b1cf3cd81a31e3cd26889ca66d677f1\"},\"headline\":\"Environnement et d\u00e9veloppement durable : les probl\u00e8mes du personnel expos\u00e9s \u00e0 Eve Bazaiba\",\"datePublished\":\"2021-08-16T22:04:57+00:00\",\"mainEntityOfPage\":{\"@id\":\"https:\/\/www.africa-press.net\/congo-brazzaville\/photo\/environnement-et-developpement-durable-les-problemes-du-personnel-exposes-a-eve-bazaiba\"},\"wordCount\":390,\"commentCount\":0,\"image\":{\"@id\":\"https:\/\/www.africa-press.net\/congo-brazzaville\/photo\/environnement-et-developpement-durable-les-problemes-du-personnel-exposes-a-eve-bazaiba#primaryimage\"},\"thumbnailUrl\":\"https:\/\/static.africa-press.net\/centrafricaine\/sites\/51\/2021\/08\/img-611add00a843c.jpg\",\"keywords\":[\"Africa Press\",\"Africa Press-Congo Brazzaville\",\"Congo Brazzaville\"],\"articleSection\":[\"Communaut\u00e9\",\"homepage-french\",\"Photo\",\"Top Nouvelles\",\"Toutes les actualit\u00e9s\"],\"inLanguage\":\"fr-FR\",\"potentialAction\":[{\"@type\":\"CommentAction\",\"name\":\"Comment\",\"target\":[\"https:\/\/www.africa-press.net\/congo-brazzaville\/photo\/environnement-et-developpement-durable-les-problemes-du-personnel-exposes-a-eve-bazaiba#respond\"]}]},{\"@type\":\"WebPage\",\"@id\":\"https:\/\/www.africa-press.net\/congo-brazzaville\/photo\/environnement-et-developpement-durable-les-problemes-du-personnel-exposes-a-eve-bazaiba\",\"url\":\"https:\/\/www.africa-press.net\/congo-brazzaville\/photo\/environnement-et-developpement-durable-les-problemes-du-personnel-exposes-a-eve-bazaiba\",\"name\":\"Environnement et d\u00e9veloppement durable : les probl\u00e8mes du personnel expos\u00e9s \u00e0 Eve Bazaiba - Congo Brazzaville\",\"isPartOf\":{\"@id\":\"https:\/\/www.africa-press.net\/congo-brazzaville\/#website\"},\"primaryImageOfPage\":{\"@id\":\"https:\/\/www.africa-press.net\/congo-brazzaville\/photo\/environnement-et-developpement-durable-les-problemes-du-personnel-exposes-a-eve-bazaiba#primaryimage\"},\"image\":{\"@id\":\"https:\/\/www.africa-press.net\/congo-brazzaville\/photo\/environnement-et-developpement-durable-les-problemes-du-personnel-exposes-a-eve-bazaiba#primaryimage\"},\"thumbnailUrl\":\"https:\/\/static.africa-press.net\/centrafricaine\/sites\/51\/2021\/08\/img-611add00a843c.jpg\",\"datePublished\":\"2021-08-16T22:04:57+00:00\",\"author\":{\"@id\":\"https:\/\/www.africa-press.net\/congo-brazzaville\/#\/schema\/person\/2b1cf3cd81a31e3cd26889ca66d677f1\"},\"description\":\"Le directoire de la Dynamique syndicale des finances du minist\u00e8re de l\u2019Environnement et d\u00e9veloppement durable (DSF\/ED ...\",\"breadcrumb\":{\"@id\":\"https:\/\/www.africa-press.net\/congo-brazzaville\/photo\/environnement-et-developpement-durable-les-problemes-du-personnel-exposes-a-eve-bazaiba#breadcrumb\"},\"inLanguage\":\"fr-FR\",\"potentialAction\":[{\"@type\":\"ReadAction\",\"target\":[\"https:\/\/www.africa-press.net\/congo-brazzaville\/photo\/environnement-et-developpement-durable-les-problemes-du-personnel-exposes-a-eve-bazaiba\"]}]},{\"@type\":\"ImageObject\",\"inLanguage\":\"fr-FR\",\"@id\":\"https:\/\/www.africa-press.net\/congo-brazzaville\/photo\/environnement-et-developpement-durable-les-problemes-du-personnel-exposes-a-eve-bazaiba#primaryimage\",\"url\":\"https:\/\/static.africa-press.net\/centrafricaine\/sites\/51\/2021\/08\/img-611add00a843c.jpg\",\"contentUrl\":\"https:\/\/static.africa-press.net\/centrafricaine\/sites\/51\/2021\/08\/img-611add00a843c.jpg\",\"width\":1080,\"height\":720,\"caption\":\"Environnement et d\u00e9veloppement durable : les probl\u00e8mes du personnel expos\u00e9s \u00e0 Eve Bazaiba\"},{\"@type\":\"BreadcrumbList\",\"@id\":\"https:\/\/www.africa-press.net\/congo-brazzaville\/photo\/environnement-et-developpement-durable-les-problemes-du-personnel-exposes-a-eve-bazaiba#breadcrumb\",\"itemListElement\":[{\"@type\":\"ListItem\",\"position\":1,\"name\":\"Accueil\",\"item\":\"https:\/\/www.africa-press.net\/congo-brazzaville\/\"},{\"@type\":\"ListItem\",\"position\":2,\"name\":\"Environnement et d\u00e9veloppement durable : les probl\u00e8mes du personnel expos\u00e9s \u00e0 Eve Bazaiba\"}]},{\"@type\":\"WebSite\",\"@id\":\"https:\/\/www.africa-press.net\/congo-brazzaville\/#website\",\"url\":\"https:\/\/www.africa-press.net\/congo-brazzaville\/\",\"name\":\"Congo Brazzaville\",\"description\":\"Just another Africa News Agency Sites site\",\"potentialAction\":[{\"@type\":\"SearchAction\",\"target\":{\"@type\":\"EntryPoint\",\"urlTemplate\":\"https:\/\/www.africa-press.net\/congo-brazzaville\/?s={search_term_string}\"},\"query-input\":{\"@type\":\"PropertyValueSpecification\",\"valueRequired\":true,\"valueName\":\"search_term_string\"}}],\"inLanguage\":\"fr-FR\"},{\"@type\":\"Person\",\"@id\":\"https:\/\/www.africa-press.net\/congo-brazzaville\/#\/schema\/person\/2b1cf3cd81a31e3cd26889ca66d677f1\",\"name\":\"cfeditorfr\"}]}<\/script>\n<!-- \/ Yoast SEO Premium plugin. -->","yoast_head_json":{"title":"Environnement et d\u00e9veloppement durable : les probl\u00e8mes du personnel expos\u00e9s \u00e0 Eve Bazaiba - Congo Brazzaville","description":"Le directoire de la Dynamique syndicale des finances du minist\u00e8re de l\u2019Environnement et d\u00e9veloppement durable (DSF\/ED ...","robots":{"index":"index","follow":"follow","max-snippet":"max-snippet:-1","max-image-preview":"max-image-preview:large","max-video-preview":"max-video-preview:-1"},"canonical":"https:\/\/www.africa-press.net\/congo-brazzaville\/photo\/environnement-et-developpement-durable-les-problemes-du-personnel-exposes-a-eve-bazaiba","og_locale":"fr_FR","og_type":"article","og_title":"Environnement et d\u00e9veloppement durable : les probl\u00e8mes du personnel expos\u00e9s \u00e0 Eve Bazaiba","og_description":"Le directoire de la Dynamique syndicale des finances du minist\u00e8re de l\u2019Environnement et d\u00e9veloppement durable (DSF\/ED ...","og_url":"https:\/\/www.africa-press.net\/congo-brazzaville\/photo\/environnement-et-developpement-durable-les-problemes-du-personnel-exposes-a-eve-bazaiba","og_site_name":"Congo Brazzaville","article_published_time":"2021-08-16T22:04:57+00:00","og_image":[{"width":1080,"height":720,"url":"https:\/\/static.africa-press.net\/centrafricaine\/sites\/51\/2021\/08\/img-611add00a843c.jpg","type":"image\/jpeg"}],"author":"cfeditorfr","twitter_card":"summary_large_image","twitter_misc":{"\u00c9crit par":"cfeditorfr","Dur\u00e9e de lecture estim\u00e9e":"2 minutes"},"schema":{"@context":"https:\/\/schema.org","@graph":[{"@type":"Article","@id":"https:\/\/www.africa-press.net\/congo-brazzaville\/photo\/environnement-et-developpement-durable-les-problemes-du-personnel-exposes-a-eve-bazaiba#article","isPartOf":{"@id":"https:\/\/www.africa-press.net\/congo-brazzaville\/photo\/environnement-et-developpement-durable-les-problemes-du-personnel-exposes-a-eve-bazaiba"},"author":{"name":"cfeditorfr","@id":"https:\/\/www.africa-press.net\/congo-brazzaville\/#\/schema\/person\/2b1cf3cd81a31e3cd26889ca66d677f1"},"headline":"Environnement et d\u00e9veloppement durable : les probl\u00e8mes du personnel expos\u00e9s \u00e0 Eve Bazaiba","datePublished":"2021-08-16T22:04:57+00:00","mainEntityOfPage":{"@id":"https:\/\/www.africa-press.net\/congo-brazzaville\/photo\/environnement-et-developpement-durable-les-problemes-du-personnel-exposes-a-eve-bazaiba"},"wordCount":390,"commentCount":0,"image":{"@id":"https:\/\/www.africa-press.net\/congo-brazzaville\/photo\/environnement-et-developpement-durable-les-problemes-du-personnel-exposes-a-eve-bazaiba#primaryimage"},"thumbnailUrl":"https:\/\/static.africa-press.net\/centrafricaine\/sites\/51\/2021\/08\/img-611add00a843c.jpg","keywords":["Africa Press","Africa Press-Congo Brazzaville","Congo Brazzaville"],"articleSection":["Communaut\u00e9","homepage-french","Photo","Top Nouvelles","Toutes les actualit\u00e9s"],"inLanguage":"fr-FR","potentialAction":[{"@type":"CommentAction","name":"Comment","target":["https:\/\/www.africa-press.net\/congo-brazzaville\/photo\/environnement-et-developpement-durable-les-problemes-du-personnel-exposes-a-eve-bazaiba#respond"]}]},{"@type":"WebPage","@id":"https:\/\/www.africa-press.net\/congo-brazzaville\/photo\/environnement-et-developpement-durable-les-problemes-du-personnel-exposes-a-eve-bazaiba","url":"https:\/\/www.africa-press.net\/congo-brazzaville\/photo\/environnement-et-developpement-durable-les-problemes-du-personnel-exposes-a-eve-bazaiba","name":"Environnement et d\u00e9veloppement durable : les probl\u00e8mes du personnel expos\u00e9s \u00e0 Eve Bazaiba - Congo Brazzaville","isPartOf":{"@id":"https:\/\/www.africa-press.net\/congo-brazzaville\/#website"},"primaryImageOfPage":{"@id":"https:\/\/www.africa-press.net\/congo-brazzaville\/photo\/environnement-et-developpement-durable-les-problemes-du-personnel-exposes-a-eve-bazaiba#primaryimage"},"image":{"@id":"https:\/\/www.africa-press.net\/congo-brazzaville\/photo\/environnement-et-developpement-durable-les-problemes-du-personnel-exposes-a-eve-bazaiba#primaryimage"},"thumbnailUrl":"https:\/\/static.africa-press.net\/centrafricaine\/sites\/51\/2021\/08\/img-611add00a843c.jpg","datePublished":"2021-08-16T22:04:57+00:00","author":{"@id":"https:\/\/www.africa-press.net\/congo-brazzaville\/#\/schema\/person\/2b1cf3cd81a31e3cd26889ca66d677f1"},"description":"Le directoire de la Dynamique syndicale des finances du minist\u00e8re de l\u2019Environnement et d\u00e9veloppement durable (DSF\/ED ...","breadcrumb":{"@id":"https:\/\/www.africa-press.net\/congo-brazzaville\/photo\/environnement-et-developpement-durable-les-problemes-du-personnel-exposes-a-eve-bazaiba#breadcrumb"},"inLanguage":"fr-FR","potentialAction":[{"@type":"ReadAction","target":["https:\/\/www.africa-press.net\/congo-brazzaville\/photo\/environnement-et-developpement-durable-les-problemes-du-personnel-exposes-a-eve-bazaiba"]}]},{"@type":"ImageObject","inLanguage":"fr-FR","@id":"https:\/\/www.africa-press.net\/congo-brazzaville\/photo\/environnement-et-developpement-durable-les-problemes-du-personnel-exposes-a-eve-bazaiba#primaryimage","url":"https:\/\/static.africa-press.net\/centrafricaine\/sites\/51\/2021\/08\/img-611add00a843c.jpg","contentUrl":"https:\/\/static.africa-press.net\/centrafricaine\/sites\/51\/2021\/08\/img-611add00a843c.jpg","width":1080,"height":720,"caption":"Environnement et d\u00e9veloppement durable : les probl\u00e8mes du personnel expos\u00e9s \u00e0 Eve Bazaiba"},{"@type":"BreadcrumbList","@id":"https:\/\/www.africa-press.net\/congo-brazzaville\/photo\/environnement-et-developpement-durable-les-problemes-du-personnel-exposes-a-eve-bazaiba#breadcrumb","itemListElement":[{"@type":"ListItem","position":1,"name":"Accueil","item":"https:\/\/www.africa-press.net\/congo-brazzaville\/"},{"@type":"ListItem","position":2,"name":"Environnement et d\u00e9veloppement durable : les probl\u00e8mes du personnel expos\u00e9s \u00e0 Eve Bazaiba"}]},{"@type":"WebSite","@id":"https:\/\/www.africa-press.net\/congo-brazzaville\/#website","url":"https:\/\/www.africa-press.net\/congo-brazzaville\/","name":"Congo Brazzaville","description":"Just another Africa News Agency Sites site","potentialAction":[{"@type":"SearchAction","target":{"@type":"EntryPoint","urlTemplate":"https:\/\/www.africa-press.net\/congo-brazzaville\/?s={search_term_string}"},"query-input":{"@type":"PropertyValueSpecification","valueRequired":true,"valueName":"search_term_string"}}],"inLanguage":"fr-FR"},{"@type":"Person","@id":"https:\/\/www.africa-press.net\/congo-brazzaville\/#\/schema\/person\/2b1cf3cd81a31e3cd26889ca66d677f1","name":"cfeditorfr"}]}},"_links":{"self":[{"href":"https:\/\/www.africa-press.net\/congo-brazzaville\/wp-json\/wp\/v2\/posts\/1177","targetHints":{"allow":["GET"]}}],"collection":[{"href":"https:\/\/www.africa-press.net\/congo-brazzaville\/wp-json\/wp\/v2\/posts"}],"about":[{"href":"https:\/\/www.africa-press.net\/congo-brazzaville\/wp-json\/wp\/v2\/types\/post"}],"author":[{"embeddable":true,"href":"https:\/\/www.africa-press.net\/congo-brazzaville\/wp-json\/wp\/v2\/users\/82"}],"replies":[{"embeddable":true,"href":"https:\/\/www.africa-press.net\/congo-brazzaville\/wp-json\/wp\/v2\/comments?post=1177"}],"version-history":[{"count":0,"href":"https:\/\/www.africa-press.net\/congo-brazzaville\/wp-json\/wp\/v2\/posts\/1177\/revisions"}],"wp:featuredmedia":[{"embeddable":true,"href":"https:\/\/www.africa-press.net\/congo-brazzaville\/wp-json\/wp\/v2\/media\/1176"}],"wp:attachment":[{"href":"https:\/\/www.africa-press.net\/congo-brazzaville\/wp-json\/wp\/v2\/media?parent=1177"}],"wp:term":[{"taxonomy":"category","embeddable":true,"href":"https:\/\/www.africa-press.net\/congo-brazzaville\/wp-json\/wp\/v2\/categories?post=1177"},{"taxonomy":"post_tag","embeddable":true,"href":"https:\/\/www.africa-press.net\/congo-brazzaville\/wp-json\/wp\/v2\/tags?post=1177"}],"curies":[{"name":"wp","href":"https:\/\/api.w.org\/{rel}","templated":true}]}}