{"id":1196,"date":"2021-08-17T20:59:09","date_gmt":"2021-08-17T20:59:09","guid":{"rendered":"https:\/\/www.africa-press.net\/congo-brazzaville\/?p=1196"},"modified":"2021-08-17T20:49:22","modified_gmt":"2021-08-17T20:49:22","slug":"vie-associative-la-jlc-compte-travailler-davantage-avec-les-institutions-publiques-et-privees","status":"publish","type":"post","link":"https:\/\/www.africa-press.net\/congo-brazzaville\/photo\/vie-associative-la-jlc-compte-travailler-davantage-avec-les-institutions-publiques-et-privees","title":{"rendered":"Vie associative : la JLC compte travailler davantage avec les institutions publiques et priv\u00e9es"},"content":{"rendered":"<p><span style=\"color: #ff6600\"><strong><a href=\"https:\/\/www.africa-press.net\/\">Africa-Press<\/a> &#8211; <a href=\"https:\/\/www.africa-press.net\/congo-brazzaville\">Congo Brazzaville<\/a>. <\/strong><\/span><b>L\u2019activiste, Splendide Lendongo, \u00e9lue le week-end dernier par ses pairs \u00e0 la t\u00eate de l\u2019ex\u00e9cutif de la plate-forme Jeunes leaders du Congo (JLC), d\u00e9cide de renforcer le partenariat de l\u2019organisation associative avec les institutions publiques et priv\u00e9es.<\/b><\/p>\n<p>Premi\u00e8re femme \u00e0 pr\u00e9sider cette institution associative, la nouvelle \u00e9lue compte aussi travailler pour la visibilit\u00e9 nationale et internationale de la plate-forme JLC. Ainsi donc, des s\u00e9ances de recyclages et des stages sont envisag\u00e9s pour les membres de cette plateforme, notamment la formation aux notions fondamentales du leadership, au management et aux m\u00e9tiers de communication digitale, pour l\u2019obtention de permis de conduire.<\/p>\n<p><b>\u00ab Il est question d\u2019un mandat de deux ann\u00e9es \u00e0 compter du 14 ao\u00fbt 2021. C\u2019est une grande premi\u00e8re dans l\u2019histoire de la plateforme Jeunes leaders du Congo (JLC), depuis sa cr\u00e9ation, d\u2019avoir une femme \u00e0 la t\u00eate de l\u2019ex\u00e9cutif, avec dix-neuf voix contre cinq comme secr\u00e9taire ex\u00e9cutive nationale \u00bb,<\/b><\/p>\n<p>indique Splendide Lendongo.<\/p>\n<p>Durant les deux prochaines ann\u00e9es, la JLC installera au moins deux f\u00e9d\u00e9rations sur l&rsquo;ensemble du territoire national, cr\u00e9era plus de synergie avec les autres institutions associatives et va mener plusieurs actions li\u00e9es au plaidoyer ainsi qu\u2019au leadership juv\u00e9nile.<\/p>\n<p>Par ailleurs, selon une source d\u2019informations, le rapport moral du bureau sortant a r\u00e9v\u00e9l\u00e9 que l\u2019inactivit\u00e9 de celui-ci \u00e9tait due \u00e0 une crise de leadership et de management persistante, qui a dur\u00e9 pendant plus d\u2019une ann\u00e9e et qui s&rsquo;est montr\u00e9e comme un tr\u00e8s grand frein au d\u00e9veloppement de la plateforme Jeunes leaders du Congo.<\/p>\n<p>Signalons qu\u2019au niveau national, la JLC est l\u2019une des plateformes associatives la plus repr\u00e9sentative car elle regroupe plus d\u2019une trentaine d\u2019organisations en son sein.<\/p>\n\r\n                <style type=\"text\/css\">\r\n                    \r\n                    #td_uid_1_69f3f2990c24c  .td-doubleSlider-2 .td-item1 {\r\n                        background: url(https:\/\/static.africa-press.net\/centrafricaine\/sites\/51\/2021\/08\/img-611c20b02688b-80x60.jpg) 0 0 no-repeat;\r\n                    }\r\n                <\/style>\r\n\r\n                <div id=\"td_uid_1_69f3f2990c24c\" class=\"td-gallery td-slide-on-2-columns\">\r\n                    <div class=\"post_td_gallery\">\r\n                        <div class=\"td-gallery-slide-top\">\r\n                           <div class=\"td-gallery-title\"><\/div>\r\n\r\n                            <div class=\"td-gallery-controls-wrapper\">\r\n                                <div class=\"td-gallery-slide-count\"><span class=\"td-gallery-slide-item-focus\">1<\/span> de 2<\/div>\r\n                                <div class=\"td-gallery-slide-prev-next-but\">\r\n                                    <i class = \"td-icon-left doubleSliderPrevButton\"><\/i>\r\n                                    <i class = \"td-icon-right doubleSliderNextButton\"><\/i>\r\n                                <\/div>\r\n                            <\/div>\r\n                        <\/div>\r\n\r\n                        <div class = \"td-doubleSlider-1 \">\r\n                            <div class = \"td-slider\">\r\n                                \r\n                    <div class = \"td-slide-item td-item1\">\r\n                        <figure class=\"td-slide-galery-figure td-slide-popup-gallery\">\r\n                            <a class=\"slide-gallery-image-link\" href=\"https:\/\/static.africa-press.net\/centrafricaine\/sites\/51\/2021\/08\/img-611c20b02688b.jpg\" title=\"img-611c20b02688b\"  data-caption=\"\"  data-description=\"\">\r\n                                <img decoding=\"async\" src=\"https:\/\/static.africa-press.net\/centrafricaine\/sites\/51\/2021\/08\/img-611c20b02688b.jpg\" srcset=\"https:\/\/static.africa-press.net\/congo-brazzaville\/sites\/51\/2021\/08\/img-611c20b02688b.jpg 1080w, https:\/\/static.africa-press.net\/congo-brazzaville\/sites\/51\/2021\/08\/img-611c20b02688b-300x225.jpg 300w, https:\/\/static.africa-press.net\/congo-brazzaville\/sites\/51\/2021\/08\/img-611c20b02688b-1024x768.jpg 1024w, https:\/\/static.africa-press.net\/congo-brazzaville\/sites\/51\/2021\/08\/img-611c20b02688b-768x576.jpg 768w, https:\/\/static.africa-press.net\/congo-brazzaville\/sites\/51\/2021\/08\/img-611c20b02688b-80x60.jpg 80w\" sizes=\"(max-width: 1080px) 100vw, 1080px\" alt=\"\">\r\n                            <\/a>\r\n                            \r\n                        <\/figure>\r\n                    <\/div>\r\n                            <\/div>\r\n                        <\/div>\r\n\r\n                        <div class = \"td-doubleSlider-2\">\r\n                            <div class = \"td-slider\">\r\n                                \r\n                    <div class = \"td-button td-item1\">\r\n                        <div class = \"td-border\"><\/div>\r\n                    <\/div>\r\n                            <\/div>\r\n                        <\/div>\r\n\r\n                    <\/div>\r\n\r\n                <\/div>\r\n                \n","protected":false},"excerpt":{"rendered":"<p>Africa-Press &#8211; Congo Brazzaville. L\u2019activiste, Splendide Lendongo, \u00e9lue le week-end dernier par ses pairs \u00e0 la t\u00eate de l\u2019ex\u00e9cutif de la plate-forme Jeunes leaders du Congo (JLC), d\u00e9cide de renforcer le partenariat de l\u2019organisation associative avec les institutions publiques et priv\u00e9es. Premi\u00e8re femme \u00e0 pr\u00e9sider cette institution associative, la nouvelle \u00e9lue compte aussi travailler pour [&hellip;]<\/p>\n","protected":false},"author":82,"featured_media":1195,"comment_status":"open","ping_status":"closed","sticky":false,"template":"","format":"standard","meta":{"footnotes":""},"categories":[21,11,8,10],"tags":[36,47,46],"class_list":["post-1196","post","type-post","status-publish","format-standard","has-post-thumbnail","hentry","category-communaute","category-homepage-french","category-photo","category-toutes-les-actualites","tag-africa-press","tag-africa-press-congo-brazzaville","tag-congo-brazzaville"],"yoast_head":"<!-- This site is optimized with the Yoast SEO Premium plugin v26.1 (Yoast SEO v27.0) - https:\/\/yoast.com\/product\/yoast-seo-premium-wordpress\/ -->\n<title>Vie associative : la JLC compte travailler davantage avec les institutions publiques et priv\u00e9es - Congo Brazzaville<\/title>\n<meta name=\"description\" content=\"L\u2019activiste, Splendide Lendongo, \u00e9lue le week-end dernier par ses pairs \u00e0 la t\u00eate de l\u2019ex\u00e9cutif de la plate-forme Jeu ...\" \/>\n<meta name=\"robots\" content=\"index, follow, max-snippet:-1, max-image-preview:large, max-video-preview:-1\" \/>\n<link rel=\"canonical\" href=\"https:\/\/www.africa-press.net\/congo-brazzaville\/photo\/vie-associative-la-jlc-compte-travailler-davantage-avec-les-institutions-publiques-et-privees\" \/>\n<meta property=\"og:locale\" content=\"fr_FR\" \/>\n<meta property=\"og:type\" content=\"article\" \/>\n<meta property=\"og:title\" content=\"Vie associative : la JLC compte travailler davantage avec les institutions publiques et priv\u00e9es\" \/>\n<meta property=\"og:description\" content=\"L\u2019activiste, Splendide Lendongo, \u00e9lue le week-end dernier par ses pairs \u00e0 la t\u00eate de l\u2019ex\u00e9cutif de la plate-forme Jeu ...\" \/>\n<meta property=\"og:url\" content=\"https:\/\/www.africa-press.net\/congo-brazzaville\/photo\/vie-associative-la-jlc-compte-travailler-davantage-avec-les-institutions-publiques-et-privees\" \/>\n<meta property=\"og:site_name\" content=\"Congo Brazzaville\" \/>\n<meta property=\"article:published_time\" content=\"2021-08-17T20:59:09+00:00\" \/>\n<meta property=\"og:image\" content=\"https:\/\/static.africa-press.net\/centrafricaine\/sites\/51\/2021\/08\/img-611c20b9cfc36.jpg\" \/>\n\t<meta property=\"og:image:width\" content=\"1080\" \/>\n\t<meta property=\"og:image:height\" content=\"810\" \/>\n\t<meta property=\"og:image:type\" content=\"image\/jpeg\" \/>\n<meta name=\"author\" content=\"cfeditorfr\" \/>\n<meta name=\"twitter:card\" content=\"summary_large_image\" \/>\n<meta name=\"twitter:label1\" content=\"\u00c9crit par\" \/>\n\t<meta name=\"twitter:data1\" content=\"cfeditorfr\" \/>\n\t<meta name=\"twitter:label2\" content=\"Dur\u00e9e de lecture estim\u00e9e\" \/>\n\t<meta name=\"twitter:data2\" content=\"2 minutes\" \/>\n<script type=\"application\/ld+json\" class=\"yoast-schema-graph\">{\"@context\":\"https:\/\/schema.org\",\"@graph\":[{\"@type\":\"Article\",\"@id\":\"https:\/\/www.africa-press.net\/congo-brazzaville\/photo\/vie-associative-la-jlc-compte-travailler-davantage-avec-les-institutions-publiques-et-privees#article\",\"isPartOf\":{\"@id\":\"https:\/\/www.africa-press.net\/congo-brazzaville\/photo\/vie-associative-la-jlc-compte-travailler-davantage-avec-les-institutions-publiques-et-privees\"},\"author\":{\"name\":\"cfeditorfr\",\"@id\":\"https:\/\/www.africa-press.net\/congo-brazzaville\/#\/schema\/person\/2b1cf3cd81a31e3cd26889ca66d677f1\"},\"headline\":\"Vie associative : la JLC compte travailler davantage avec les institutions publiques et priv\u00e9es\",\"datePublished\":\"2021-08-17T20:59:09+00:00\",\"mainEntityOfPage\":{\"@id\":\"https:\/\/www.africa-press.net\/congo-brazzaville\/photo\/vie-associative-la-jlc-compte-travailler-davantage-avec-les-institutions-publiques-et-privees\"},\"wordCount\":336,\"commentCount\":0,\"image\":{\"@id\":\"https:\/\/www.africa-press.net\/congo-brazzaville\/photo\/vie-associative-la-jlc-compte-travailler-davantage-avec-les-institutions-publiques-et-privees#primaryimage\"},\"thumbnailUrl\":\"https:\/\/static.africa-press.net\/centrafricaine\/sites\/51\/2021\/08\/img-611c20b9cfc36.jpg\",\"keywords\":[\"Africa Press\",\"Africa Press-Congo Brazzaville\",\"Congo Brazzaville\"],\"articleSection\":[\"Communaut\u00e9\",\"homepage-french\",\"Photo\",\"Toutes les actualit\u00e9s\"],\"inLanguage\":\"fr-FR\",\"potentialAction\":[{\"@type\":\"CommentAction\",\"name\":\"Comment\",\"target\":[\"https:\/\/www.africa-press.net\/congo-brazzaville\/photo\/vie-associative-la-jlc-compte-travailler-davantage-avec-les-institutions-publiques-et-privees#respond\"]}]},{\"@type\":\"WebPage\",\"@id\":\"https:\/\/www.africa-press.net\/congo-brazzaville\/photo\/vie-associative-la-jlc-compte-travailler-davantage-avec-les-institutions-publiques-et-privees\",\"url\":\"https:\/\/www.africa-press.net\/congo-brazzaville\/photo\/vie-associative-la-jlc-compte-travailler-davantage-avec-les-institutions-publiques-et-privees\",\"name\":\"Vie associative : la JLC compte travailler davantage avec les institutions publiques et priv\u00e9es - Congo Brazzaville\",\"isPartOf\":{\"@id\":\"https:\/\/www.africa-press.net\/congo-brazzaville\/#website\"},\"primaryImageOfPage\":{\"@id\":\"https:\/\/www.africa-press.net\/congo-brazzaville\/photo\/vie-associative-la-jlc-compte-travailler-davantage-avec-les-institutions-publiques-et-privees#primaryimage\"},\"image\":{\"@id\":\"https:\/\/www.africa-press.net\/congo-brazzaville\/photo\/vie-associative-la-jlc-compte-travailler-davantage-avec-les-institutions-publiques-et-privees#primaryimage\"},\"thumbnailUrl\":\"https:\/\/static.africa-press.net\/centrafricaine\/sites\/51\/2021\/08\/img-611c20b9cfc36.jpg\",\"datePublished\":\"2021-08-17T20:59:09+00:00\",\"author\":{\"@id\":\"https:\/\/www.africa-press.net\/congo-brazzaville\/#\/schema\/person\/2b1cf3cd81a31e3cd26889ca66d677f1\"},\"description\":\"L\u2019activiste, Splendide Lendongo, \u00e9lue le week-end dernier par ses pairs \u00e0 la t\u00eate de l\u2019ex\u00e9cutif de la plate-forme Jeu ...\",\"breadcrumb\":{\"@id\":\"https:\/\/www.africa-press.net\/congo-brazzaville\/photo\/vie-associative-la-jlc-compte-travailler-davantage-avec-les-institutions-publiques-et-privees#breadcrumb\"},\"inLanguage\":\"fr-FR\",\"potentialAction\":[{\"@type\":\"ReadAction\",\"target\":[\"https:\/\/www.africa-press.net\/congo-brazzaville\/photo\/vie-associative-la-jlc-compte-travailler-davantage-avec-les-institutions-publiques-et-privees\"]}]},{\"@type\":\"ImageObject\",\"inLanguage\":\"fr-FR\",\"@id\":\"https:\/\/www.africa-press.net\/congo-brazzaville\/photo\/vie-associative-la-jlc-compte-travailler-davantage-avec-les-institutions-publiques-et-privees#primaryimage\",\"url\":\"https:\/\/static.africa-press.net\/centrafricaine\/sites\/51\/2021\/08\/img-611c20b9cfc36.jpg\",\"contentUrl\":\"https:\/\/static.africa-press.net\/centrafricaine\/sites\/51\/2021\/08\/img-611c20b9cfc36.jpg\",\"width\":1080,\"height\":810,\"caption\":\"Vie associative : la JLC compte travailler davantage avec les institutions publiques et priv\u00e9es\"},{\"@type\":\"BreadcrumbList\",\"@id\":\"https:\/\/www.africa-press.net\/congo-brazzaville\/photo\/vie-associative-la-jlc-compte-travailler-davantage-avec-les-institutions-publiques-et-privees#breadcrumb\",\"itemListElement\":[{\"@type\":\"ListItem\",\"position\":1,\"name\":\"Accueil\",\"item\":\"https:\/\/www.africa-press.net\/congo-brazzaville\/\"},{\"@type\":\"ListItem\",\"position\":2,\"name\":\"Vie associative : la JLC compte travailler davantage avec les institutions publiques et priv\u00e9es\"}]},{\"@type\":\"WebSite\",\"@id\":\"https:\/\/www.africa-press.net\/congo-brazzaville\/#website\",\"url\":\"https:\/\/www.africa-press.net\/congo-brazzaville\/\",\"name\":\"Congo Brazzaville\",\"description\":\"Just another Africa News Agency Sites site\",\"potentialAction\":[{\"@type\":\"SearchAction\",\"target\":{\"@type\":\"EntryPoint\",\"urlTemplate\":\"https:\/\/www.africa-press.net\/congo-brazzaville\/?s={search_term_string}\"},\"query-input\":{\"@type\":\"PropertyValueSpecification\",\"valueRequired\":true,\"valueName\":\"search_term_string\"}}],\"inLanguage\":\"fr-FR\"},{\"@type\":\"Person\",\"@id\":\"https:\/\/www.africa-press.net\/congo-brazzaville\/#\/schema\/person\/2b1cf3cd81a31e3cd26889ca66d677f1\",\"name\":\"cfeditorfr\"}]}<\/script>\n<!-- \/ Yoast SEO Premium plugin. -->","yoast_head_json":{"title":"Vie associative : la JLC compte travailler davantage avec les institutions publiques et priv\u00e9es - Congo Brazzaville","description":"L\u2019activiste, Splendide Lendongo, \u00e9lue le week-end dernier par ses pairs \u00e0 la t\u00eate de l\u2019ex\u00e9cutif de la plate-forme Jeu ...","robots":{"index":"index","follow":"follow","max-snippet":"max-snippet:-1","max-image-preview":"max-image-preview:large","max-video-preview":"max-video-preview:-1"},"canonical":"https:\/\/www.africa-press.net\/congo-brazzaville\/photo\/vie-associative-la-jlc-compte-travailler-davantage-avec-les-institutions-publiques-et-privees","og_locale":"fr_FR","og_type":"article","og_title":"Vie associative : la JLC compte travailler davantage avec les institutions publiques et priv\u00e9es","og_description":"L\u2019activiste, Splendide Lendongo, \u00e9lue le week-end dernier par ses pairs \u00e0 la t\u00eate de l\u2019ex\u00e9cutif de la plate-forme Jeu ...","og_url":"https:\/\/www.africa-press.net\/congo-brazzaville\/photo\/vie-associative-la-jlc-compte-travailler-davantage-avec-les-institutions-publiques-et-privees","og_site_name":"Congo Brazzaville","article_published_time":"2021-08-17T20:59:09+00:00","og_image":[{"width":1080,"height":810,"url":"https:\/\/static.africa-press.net\/centrafricaine\/sites\/51\/2021\/08\/img-611c20b9cfc36.jpg","type":"image\/jpeg"}],"author":"cfeditorfr","twitter_card":"summary_large_image","twitter_misc":{"\u00c9crit par":"cfeditorfr","Dur\u00e9e de lecture estim\u00e9e":"2 minutes"},"schema":{"@context":"https:\/\/schema.org","@graph":[{"@type":"Article","@id":"https:\/\/www.africa-press.net\/congo-brazzaville\/photo\/vie-associative-la-jlc-compte-travailler-davantage-avec-les-institutions-publiques-et-privees#article","isPartOf":{"@id":"https:\/\/www.africa-press.net\/congo-brazzaville\/photo\/vie-associative-la-jlc-compte-travailler-davantage-avec-les-institutions-publiques-et-privees"},"author":{"name":"cfeditorfr","@id":"https:\/\/www.africa-press.net\/congo-brazzaville\/#\/schema\/person\/2b1cf3cd81a31e3cd26889ca66d677f1"},"headline":"Vie associative : la JLC compte travailler davantage avec les institutions publiques et priv\u00e9es","datePublished":"2021-08-17T20:59:09+00:00","mainEntityOfPage":{"@id":"https:\/\/www.africa-press.net\/congo-brazzaville\/photo\/vie-associative-la-jlc-compte-travailler-davantage-avec-les-institutions-publiques-et-privees"},"wordCount":336,"commentCount":0,"image":{"@id":"https:\/\/www.africa-press.net\/congo-brazzaville\/photo\/vie-associative-la-jlc-compte-travailler-davantage-avec-les-institutions-publiques-et-privees#primaryimage"},"thumbnailUrl":"https:\/\/static.africa-press.net\/centrafricaine\/sites\/51\/2021\/08\/img-611c20b9cfc36.jpg","keywords":["Africa Press","Africa Press-Congo Brazzaville","Congo Brazzaville"],"articleSection":["Communaut\u00e9","homepage-french","Photo","Toutes les actualit\u00e9s"],"inLanguage":"fr-FR","potentialAction":[{"@type":"CommentAction","name":"Comment","target":["https:\/\/www.africa-press.net\/congo-brazzaville\/photo\/vie-associative-la-jlc-compte-travailler-davantage-avec-les-institutions-publiques-et-privees#respond"]}]},{"@type":"WebPage","@id":"https:\/\/www.africa-press.net\/congo-brazzaville\/photo\/vie-associative-la-jlc-compte-travailler-davantage-avec-les-institutions-publiques-et-privees","url":"https:\/\/www.africa-press.net\/congo-brazzaville\/photo\/vie-associative-la-jlc-compte-travailler-davantage-avec-les-institutions-publiques-et-privees","name":"Vie associative : la JLC compte travailler davantage avec les institutions publiques et priv\u00e9es - Congo Brazzaville","isPartOf":{"@id":"https:\/\/www.africa-press.net\/congo-brazzaville\/#website"},"primaryImageOfPage":{"@id":"https:\/\/www.africa-press.net\/congo-brazzaville\/photo\/vie-associative-la-jlc-compte-travailler-davantage-avec-les-institutions-publiques-et-privees#primaryimage"},"image":{"@id":"https:\/\/www.africa-press.net\/congo-brazzaville\/photo\/vie-associative-la-jlc-compte-travailler-davantage-avec-les-institutions-publiques-et-privees#primaryimage"},"thumbnailUrl":"https:\/\/static.africa-press.net\/centrafricaine\/sites\/51\/2021\/08\/img-611c20b9cfc36.jpg","datePublished":"2021-08-17T20:59:09+00:00","author":{"@id":"https:\/\/www.africa-press.net\/congo-brazzaville\/#\/schema\/person\/2b1cf3cd81a31e3cd26889ca66d677f1"},"description":"L\u2019activiste, Splendide Lendongo, \u00e9lue le week-end dernier par ses pairs \u00e0 la t\u00eate de l\u2019ex\u00e9cutif de la plate-forme Jeu ...","breadcrumb":{"@id":"https:\/\/www.africa-press.net\/congo-brazzaville\/photo\/vie-associative-la-jlc-compte-travailler-davantage-avec-les-institutions-publiques-et-privees#breadcrumb"},"inLanguage":"fr-FR","potentialAction":[{"@type":"ReadAction","target":["https:\/\/www.africa-press.net\/congo-brazzaville\/photo\/vie-associative-la-jlc-compte-travailler-davantage-avec-les-institutions-publiques-et-privees"]}]},{"@type":"ImageObject","inLanguage":"fr-FR","@id":"https:\/\/www.africa-press.net\/congo-brazzaville\/photo\/vie-associative-la-jlc-compte-travailler-davantage-avec-les-institutions-publiques-et-privees#primaryimage","url":"https:\/\/static.africa-press.net\/centrafricaine\/sites\/51\/2021\/08\/img-611c20b9cfc36.jpg","contentUrl":"https:\/\/static.africa-press.net\/centrafricaine\/sites\/51\/2021\/08\/img-611c20b9cfc36.jpg","width":1080,"height":810,"caption":"Vie associative : la JLC compte travailler davantage avec les institutions publiques et priv\u00e9es"},{"@type":"BreadcrumbList","@id":"https:\/\/www.africa-press.net\/congo-brazzaville\/photo\/vie-associative-la-jlc-compte-travailler-davantage-avec-les-institutions-publiques-et-privees#breadcrumb","itemListElement":[{"@type":"ListItem","position":1,"name":"Accueil","item":"https:\/\/www.africa-press.net\/congo-brazzaville\/"},{"@type":"ListItem","position":2,"name":"Vie associative : la JLC compte travailler davantage avec les institutions publiques et priv\u00e9es"}]},{"@type":"WebSite","@id":"https:\/\/www.africa-press.net\/congo-brazzaville\/#website","url":"https:\/\/www.africa-press.net\/congo-brazzaville\/","name":"Congo Brazzaville","description":"Just another Africa News Agency Sites site","potentialAction":[{"@type":"SearchAction","target":{"@type":"EntryPoint","urlTemplate":"https:\/\/www.africa-press.net\/congo-brazzaville\/?s={search_term_string}"},"query-input":{"@type":"PropertyValueSpecification","valueRequired":true,"valueName":"search_term_string"}}],"inLanguage":"fr-FR"},{"@type":"Person","@id":"https:\/\/www.africa-press.net\/congo-brazzaville\/#\/schema\/person\/2b1cf3cd81a31e3cd26889ca66d677f1","name":"cfeditorfr"}]}},"_links":{"self":[{"href":"https:\/\/www.africa-press.net\/congo-brazzaville\/wp-json\/wp\/v2\/posts\/1196","targetHints":{"allow":["GET"]}}],"collection":[{"href":"https:\/\/www.africa-press.net\/congo-brazzaville\/wp-json\/wp\/v2\/posts"}],"about":[{"href":"https:\/\/www.africa-press.net\/congo-brazzaville\/wp-json\/wp\/v2\/types\/post"}],"author":[{"embeddable":true,"href":"https:\/\/www.africa-press.net\/congo-brazzaville\/wp-json\/wp\/v2\/users\/82"}],"replies":[{"embeddable":true,"href":"https:\/\/www.africa-press.net\/congo-brazzaville\/wp-json\/wp\/v2\/comments?post=1196"}],"version-history":[{"count":0,"href":"https:\/\/www.africa-press.net\/congo-brazzaville\/wp-json\/wp\/v2\/posts\/1196\/revisions"}],"wp:featuredmedia":[{"embeddable":true,"href":"https:\/\/www.africa-press.net\/congo-brazzaville\/wp-json\/wp\/v2\/media\/1195"}],"wp:attachment":[{"href":"https:\/\/www.africa-press.net\/congo-brazzaville\/wp-json\/wp\/v2\/media?parent=1196"}],"wp:term":[{"taxonomy":"category","embeddable":true,"href":"https:\/\/www.africa-press.net\/congo-brazzaville\/wp-json\/wp\/v2\/categories?post=1196"},{"taxonomy":"post_tag","embeddable":true,"href":"https:\/\/www.africa-press.net\/congo-brazzaville\/wp-json\/wp\/v2\/tags?post=1196"}],"curies":[{"name":"wp","href":"https:\/\/api.w.org\/{rel}","templated":true}]}}