{"id":1202,"date":"2021-08-17T21:16:47","date_gmt":"2021-08-17T21:16:47","guid":{"rendered":"https:\/\/www.africa-press.net\/congo-brazzaville\/?p=1202"},"modified":"2021-08-17T20:51:03","modified_gmt":"2021-08-17T20:51:03","slug":"exclusif-lopposant-karim-meckassoua-a-fui-la-centrafrique","status":"publish","type":"post","link":"https:\/\/www.africa-press.net\/congo-brazzaville\/politique\/exclusif-lopposant-karim-meckassoua-a-fui-la-centrafrique","title":{"rendered":"Exclusif \u2013 L\u2019opposant Karim\u00a0Meckassoua\u00a0a fui la Centrafrique"},"content":{"rendered":"<p><span style=\"color: #ff6600\"><strong><a href=\"https:\/\/www.africa-press.net\/\">Africa-Press<\/a> &#8211; <a href=\"https:\/\/www.africa-press.net\/congo-brazzaville\">Congo Brazzaville<\/a>. <\/strong><\/span>Destitu\u00e9 de son poste de d\u00e9put\u00e9 et vis\u00e9 par une proc\u00e9dure judiciaire, Karim Meckassoua a quitt\u00e9 la Centrafrique. \u00ab Jeune Afrique \u00bb retrace sa fuite. Selon nos sources, l\u2019opposant centrafricain a quitt\u00e9 Bangui dans l\u2019apr\u00e8s-midi du 15 ao\u00fbt, avant la tomb\u00e9e de la nuit. Karim Meckassoua \u00e9tait accompagn\u00e9 par l\u2019un de ses tr\u00e8s proches, son neveu et collaborateur de longue date, Chamsou. Les deux hommes se sont embarqu\u00e9s sur le fleuve Oubangui afin de quitter le territoire centrafricain et d\u2019accoster sur la rive gauche, en RD Congo.<\/p>\n<p>Or, Karim Meckassoua fait l\u2019objet d\u2019une interdiction de sortie du pays depuis le d\u00e9but de l\u2019ann\u00e9e 2021, dans le cadre d\u2019une enqu\u00eate ouverte par la justice centrafricaine sur la cr\u00e9ation et les agissements de la Coalition des patriotes pour le changement (CPC, alliance de groupes arm\u00e9s centrafricains coordonn\u00e9e depuis mars par Fran\u00e7ois Boziz\u00e9).<\/p>\n","protected":false},"excerpt":{"rendered":"<p>Africa-Press &#8211; Congo Brazzaville. Destitu\u00e9 de son poste de d\u00e9put\u00e9 et vis\u00e9 par une proc\u00e9dure judiciaire, Karim Meckassoua a quitt\u00e9 la Centrafrique. \u00ab Jeune Afrique \u00bb retrace sa fuite. Selon nos sources, l\u2019opposant centrafricain a quitt\u00e9 Bangui dans l\u2019apr\u00e8s-midi du 15 ao\u00fbt, avant la tomb\u00e9e de la nuit. Karim Meckassoua \u00e9tait accompagn\u00e9 par l\u2019un de [&hellip;]<\/p>\n","protected":false},"author":82,"featured_media":1201,"comment_status":"open","ping_status":"closed","sticky":false,"template":"","format":"standard","meta":{"footnotes":""},"categories":[11,2,20,10],"tags":[36,47,46],"class_list":["post-1202","post","type-post","status-publish","format-standard","has-post-thumbnail","hentry","category-homepage-french","category-politique","category-top-nouvelles","category-toutes-les-actualites","tag-africa-press","tag-africa-press-congo-brazzaville","tag-congo-brazzaville"],"yoast_head":"<!-- This site is optimized with the Yoast SEO Premium plugin v26.1 (Yoast SEO v27.0) - https:\/\/yoast.com\/product\/yoast-seo-premium-wordpress\/ -->\n<title>Exclusif \u2013 L\u2019opposant Karim\u00a0Meckassoua\u00a0a fui la Centrafrique - Congo Brazzaville<\/title>\n<meta name=\"description\" content=\"Destitu\u00e9 de son poste de d\u00e9put\u00e9 et vis\u00e9 par une proc\u00e9dure judiciaire, Karim Meckassoua a quitt\u00e9 la Centrafrique. \u00ab Jeune ...\" \/>\n<meta name=\"robots\" content=\"index, follow, max-snippet:-1, max-image-preview:large, max-video-preview:-1\" \/>\n<link rel=\"canonical\" href=\"https:\/\/www.africa-press.net\/congo-brazzaville\/politique\/exclusif-lopposant-karim-meckassoua-a-fui-la-centrafrique\" \/>\n<meta property=\"og:locale\" content=\"fr_FR\" \/>\n<meta property=\"og:type\" content=\"article\" \/>\n<meta property=\"og:title\" content=\"Exclusif \u2013 L\u2019opposant Karim\u00a0Meckassoua\u00a0a fui la Centrafrique\" \/>\n<meta property=\"og:description\" content=\"Destitu\u00e9 de son poste de d\u00e9put\u00e9 et vis\u00e9 par une proc\u00e9dure judiciaire, Karim Meckassoua a quitt\u00e9 la Centrafrique. \u00ab Jeune ...\" \/>\n<meta property=\"og:url\" content=\"https:\/\/www.africa-press.net\/congo-brazzaville\/politique\/exclusif-lopposant-karim-meckassoua-a-fui-la-centrafrique\" \/>\n<meta property=\"og:site_name\" content=\"Congo Brazzaville\" \/>\n<meta property=\"article:published_time\" content=\"2021-08-17T21:16:47+00:00\" \/>\n<meta property=\"og:image\" content=\"https:\/\/static.africa-press.net\/centrafricaine\/sites\/51\/2021\/08\/img-611c211e18039.jpg\" \/>\n\t<meta property=\"og:image:width\" content=\"720\" \/>\n\t<meta property=\"og:image:height\" content=\"360\" \/>\n\t<meta property=\"og:image:type\" content=\"image\/jpeg\" \/>\n<meta name=\"author\" content=\"cfeditorfr\" \/>\n<meta name=\"twitter:card\" content=\"summary_large_image\" \/>\n<meta name=\"twitter:label1\" content=\"\u00c9crit par\" \/>\n\t<meta name=\"twitter:data1\" content=\"cfeditorfr\" \/>\n\t<meta name=\"twitter:label2\" content=\"Dur\u00e9e de lecture estim\u00e9e\" \/>\n\t<meta name=\"twitter:data2\" content=\"1 minute\" \/>\n<script type=\"application\/ld+json\" class=\"yoast-schema-graph\">{\"@context\":\"https:\/\/schema.org\",\"@graph\":[{\"@type\":\"Article\",\"@id\":\"https:\/\/www.africa-press.net\/congo-brazzaville\/politique\/exclusif-lopposant-karim-meckassoua-a-fui-la-centrafrique#article\",\"isPartOf\":{\"@id\":\"https:\/\/www.africa-press.net\/congo-brazzaville\/politique\/exclusif-lopposant-karim-meckassoua-a-fui-la-centrafrique\"},\"author\":{\"name\":\"cfeditorfr\",\"@id\":\"https:\/\/www.africa-press.net\/congo-brazzaville\/#\/schema\/person\/2b1cf3cd81a31e3cd26889ca66d677f1\"},\"headline\":\"Exclusif \u2013 L\u2019opposant Karim\u00a0Meckassoua\u00a0a fui la Centrafrique\",\"datePublished\":\"2021-08-17T21:16:47+00:00\",\"mainEntityOfPage\":{\"@id\":\"https:\/\/www.africa-press.net\/congo-brazzaville\/politique\/exclusif-lopposant-karim-meckassoua-a-fui-la-centrafrique\"},\"wordCount\":171,\"commentCount\":0,\"image\":{\"@id\":\"https:\/\/www.africa-press.net\/congo-brazzaville\/politique\/exclusif-lopposant-karim-meckassoua-a-fui-la-centrafrique#primaryimage\"},\"thumbnailUrl\":\"https:\/\/static.africa-press.net\/centrafricaine\/sites\/51\/2021\/08\/img-611c211e18039.jpg\",\"keywords\":[\"Africa Press\",\"Africa Press-Congo Brazzaville\",\"Congo Brazzaville\"],\"articleSection\":[\"homepage-french\",\"Politique\",\"Top Nouvelles\",\"Toutes les actualit\u00e9s\"],\"inLanguage\":\"fr-FR\",\"potentialAction\":[{\"@type\":\"CommentAction\",\"name\":\"Comment\",\"target\":[\"https:\/\/www.africa-press.net\/congo-brazzaville\/politique\/exclusif-lopposant-karim-meckassoua-a-fui-la-centrafrique#respond\"]}]},{\"@type\":\"WebPage\",\"@id\":\"https:\/\/www.africa-press.net\/congo-brazzaville\/politique\/exclusif-lopposant-karim-meckassoua-a-fui-la-centrafrique\",\"url\":\"https:\/\/www.africa-press.net\/congo-brazzaville\/politique\/exclusif-lopposant-karim-meckassoua-a-fui-la-centrafrique\",\"name\":\"Exclusif \u2013 L\u2019opposant Karim\u00a0Meckassoua\u00a0a fui la Centrafrique - Congo Brazzaville\",\"isPartOf\":{\"@id\":\"https:\/\/www.africa-press.net\/congo-brazzaville\/#website\"},\"primaryImageOfPage\":{\"@id\":\"https:\/\/www.africa-press.net\/congo-brazzaville\/politique\/exclusif-lopposant-karim-meckassoua-a-fui-la-centrafrique#primaryimage\"},\"image\":{\"@id\":\"https:\/\/www.africa-press.net\/congo-brazzaville\/politique\/exclusif-lopposant-karim-meckassoua-a-fui-la-centrafrique#primaryimage\"},\"thumbnailUrl\":\"https:\/\/static.africa-press.net\/centrafricaine\/sites\/51\/2021\/08\/img-611c211e18039.jpg\",\"datePublished\":\"2021-08-17T21:16:47+00:00\",\"author\":{\"@id\":\"https:\/\/www.africa-press.net\/congo-brazzaville\/#\/schema\/person\/2b1cf3cd81a31e3cd26889ca66d677f1\"},\"description\":\"Destitu\u00e9 de son poste de d\u00e9put\u00e9 et vis\u00e9 par une proc\u00e9dure judiciaire, Karim Meckassoua a quitt\u00e9 la Centrafrique. \u00ab Jeune ...\",\"breadcrumb\":{\"@id\":\"https:\/\/www.africa-press.net\/congo-brazzaville\/politique\/exclusif-lopposant-karim-meckassoua-a-fui-la-centrafrique#breadcrumb\"},\"inLanguage\":\"fr-FR\",\"potentialAction\":[{\"@type\":\"ReadAction\",\"target\":[\"https:\/\/www.africa-press.net\/congo-brazzaville\/politique\/exclusif-lopposant-karim-meckassoua-a-fui-la-centrafrique\"]}]},{\"@type\":\"ImageObject\",\"inLanguage\":\"fr-FR\",\"@id\":\"https:\/\/www.africa-press.net\/congo-brazzaville\/politique\/exclusif-lopposant-karim-meckassoua-a-fui-la-centrafrique#primaryimage\",\"url\":\"https:\/\/static.africa-press.net\/centrafricaine\/sites\/51\/2021\/08\/img-611c211e18039.jpg\",\"contentUrl\":\"https:\/\/static.africa-press.net\/centrafricaine\/sites\/51\/2021\/08\/img-611c211e18039.jpg\",\"width\":720,\"height\":360,\"caption\":\"Exclusif \u2013 L\u2019opposant Karim\u00a0Meckassoua\u00a0a fui la Centrafrique\"},{\"@type\":\"BreadcrumbList\",\"@id\":\"https:\/\/www.africa-press.net\/congo-brazzaville\/politique\/exclusif-lopposant-karim-meckassoua-a-fui-la-centrafrique#breadcrumb\",\"itemListElement\":[{\"@type\":\"ListItem\",\"position\":1,\"name\":\"Accueil\",\"item\":\"https:\/\/www.africa-press.net\/congo-brazzaville\/\"},{\"@type\":\"ListItem\",\"position\":2,\"name\":\"Exclusif \u2013 L\u2019opposant Karim\u00a0Meckassoua\u00a0a fui la Centrafrique\"}]},{\"@type\":\"WebSite\",\"@id\":\"https:\/\/www.africa-press.net\/congo-brazzaville\/#website\",\"url\":\"https:\/\/www.africa-press.net\/congo-brazzaville\/\",\"name\":\"Congo Brazzaville\",\"description\":\"Just another Africa News Agency Sites site\",\"potentialAction\":[{\"@type\":\"SearchAction\",\"target\":{\"@type\":\"EntryPoint\",\"urlTemplate\":\"https:\/\/www.africa-press.net\/congo-brazzaville\/?s={search_term_string}\"},\"query-input\":{\"@type\":\"PropertyValueSpecification\",\"valueRequired\":true,\"valueName\":\"search_term_string\"}}],\"inLanguage\":\"fr-FR\"},{\"@type\":\"Person\",\"@id\":\"https:\/\/www.africa-press.net\/congo-brazzaville\/#\/schema\/person\/2b1cf3cd81a31e3cd26889ca66d677f1\",\"name\":\"cfeditorfr\"}]}<\/script>\n<!-- \/ Yoast SEO Premium plugin. -->","yoast_head_json":{"title":"Exclusif \u2013 L\u2019opposant Karim\u00a0Meckassoua\u00a0a fui la Centrafrique - Congo Brazzaville","description":"Destitu\u00e9 de son poste de d\u00e9put\u00e9 et vis\u00e9 par une proc\u00e9dure judiciaire, Karim Meckassoua a quitt\u00e9 la Centrafrique. \u00ab Jeune ...","robots":{"index":"index","follow":"follow","max-snippet":"max-snippet:-1","max-image-preview":"max-image-preview:large","max-video-preview":"max-video-preview:-1"},"canonical":"https:\/\/www.africa-press.net\/congo-brazzaville\/politique\/exclusif-lopposant-karim-meckassoua-a-fui-la-centrafrique","og_locale":"fr_FR","og_type":"article","og_title":"Exclusif \u2013 L\u2019opposant Karim\u00a0Meckassoua\u00a0a fui la Centrafrique","og_description":"Destitu\u00e9 de son poste de d\u00e9put\u00e9 et vis\u00e9 par une proc\u00e9dure judiciaire, Karim Meckassoua a quitt\u00e9 la Centrafrique. \u00ab Jeune ...","og_url":"https:\/\/www.africa-press.net\/congo-brazzaville\/politique\/exclusif-lopposant-karim-meckassoua-a-fui-la-centrafrique","og_site_name":"Congo Brazzaville","article_published_time":"2021-08-17T21:16:47+00:00","og_image":[{"width":720,"height":360,"url":"https:\/\/static.africa-press.net\/centrafricaine\/sites\/51\/2021\/08\/img-611c211e18039.jpg","type":"image\/jpeg"}],"author":"cfeditorfr","twitter_card":"summary_large_image","twitter_misc":{"\u00c9crit par":"cfeditorfr","Dur\u00e9e de lecture estim\u00e9e":"1 minute"},"schema":{"@context":"https:\/\/schema.org","@graph":[{"@type":"Article","@id":"https:\/\/www.africa-press.net\/congo-brazzaville\/politique\/exclusif-lopposant-karim-meckassoua-a-fui-la-centrafrique#article","isPartOf":{"@id":"https:\/\/www.africa-press.net\/congo-brazzaville\/politique\/exclusif-lopposant-karim-meckassoua-a-fui-la-centrafrique"},"author":{"name":"cfeditorfr","@id":"https:\/\/www.africa-press.net\/congo-brazzaville\/#\/schema\/person\/2b1cf3cd81a31e3cd26889ca66d677f1"},"headline":"Exclusif \u2013 L\u2019opposant Karim\u00a0Meckassoua\u00a0a fui la Centrafrique","datePublished":"2021-08-17T21:16:47+00:00","mainEntityOfPage":{"@id":"https:\/\/www.africa-press.net\/congo-brazzaville\/politique\/exclusif-lopposant-karim-meckassoua-a-fui-la-centrafrique"},"wordCount":171,"commentCount":0,"image":{"@id":"https:\/\/www.africa-press.net\/congo-brazzaville\/politique\/exclusif-lopposant-karim-meckassoua-a-fui-la-centrafrique#primaryimage"},"thumbnailUrl":"https:\/\/static.africa-press.net\/centrafricaine\/sites\/51\/2021\/08\/img-611c211e18039.jpg","keywords":["Africa Press","Africa Press-Congo Brazzaville","Congo Brazzaville"],"articleSection":["homepage-french","Politique","Top Nouvelles","Toutes les actualit\u00e9s"],"inLanguage":"fr-FR","potentialAction":[{"@type":"CommentAction","name":"Comment","target":["https:\/\/www.africa-press.net\/congo-brazzaville\/politique\/exclusif-lopposant-karim-meckassoua-a-fui-la-centrafrique#respond"]}]},{"@type":"WebPage","@id":"https:\/\/www.africa-press.net\/congo-brazzaville\/politique\/exclusif-lopposant-karim-meckassoua-a-fui-la-centrafrique","url":"https:\/\/www.africa-press.net\/congo-brazzaville\/politique\/exclusif-lopposant-karim-meckassoua-a-fui-la-centrafrique","name":"Exclusif \u2013 L\u2019opposant Karim\u00a0Meckassoua\u00a0a fui la Centrafrique - Congo Brazzaville","isPartOf":{"@id":"https:\/\/www.africa-press.net\/congo-brazzaville\/#website"},"primaryImageOfPage":{"@id":"https:\/\/www.africa-press.net\/congo-brazzaville\/politique\/exclusif-lopposant-karim-meckassoua-a-fui-la-centrafrique#primaryimage"},"image":{"@id":"https:\/\/www.africa-press.net\/congo-brazzaville\/politique\/exclusif-lopposant-karim-meckassoua-a-fui-la-centrafrique#primaryimage"},"thumbnailUrl":"https:\/\/static.africa-press.net\/centrafricaine\/sites\/51\/2021\/08\/img-611c211e18039.jpg","datePublished":"2021-08-17T21:16:47+00:00","author":{"@id":"https:\/\/www.africa-press.net\/congo-brazzaville\/#\/schema\/person\/2b1cf3cd81a31e3cd26889ca66d677f1"},"description":"Destitu\u00e9 de son poste de d\u00e9put\u00e9 et vis\u00e9 par une proc\u00e9dure judiciaire, Karim Meckassoua a quitt\u00e9 la Centrafrique. \u00ab Jeune ...","breadcrumb":{"@id":"https:\/\/www.africa-press.net\/congo-brazzaville\/politique\/exclusif-lopposant-karim-meckassoua-a-fui-la-centrafrique#breadcrumb"},"inLanguage":"fr-FR","potentialAction":[{"@type":"ReadAction","target":["https:\/\/www.africa-press.net\/congo-brazzaville\/politique\/exclusif-lopposant-karim-meckassoua-a-fui-la-centrafrique"]}]},{"@type":"ImageObject","inLanguage":"fr-FR","@id":"https:\/\/www.africa-press.net\/congo-brazzaville\/politique\/exclusif-lopposant-karim-meckassoua-a-fui-la-centrafrique#primaryimage","url":"https:\/\/static.africa-press.net\/centrafricaine\/sites\/51\/2021\/08\/img-611c211e18039.jpg","contentUrl":"https:\/\/static.africa-press.net\/centrafricaine\/sites\/51\/2021\/08\/img-611c211e18039.jpg","width":720,"height":360,"caption":"Exclusif \u2013 L\u2019opposant Karim\u00a0Meckassoua\u00a0a fui la Centrafrique"},{"@type":"BreadcrumbList","@id":"https:\/\/www.africa-press.net\/congo-brazzaville\/politique\/exclusif-lopposant-karim-meckassoua-a-fui-la-centrafrique#breadcrumb","itemListElement":[{"@type":"ListItem","position":1,"name":"Accueil","item":"https:\/\/www.africa-press.net\/congo-brazzaville\/"},{"@type":"ListItem","position":2,"name":"Exclusif \u2013 L\u2019opposant Karim\u00a0Meckassoua\u00a0a fui la Centrafrique"}]},{"@type":"WebSite","@id":"https:\/\/www.africa-press.net\/congo-brazzaville\/#website","url":"https:\/\/www.africa-press.net\/congo-brazzaville\/","name":"Congo Brazzaville","description":"Just another Africa News Agency Sites site","potentialAction":[{"@type":"SearchAction","target":{"@type":"EntryPoint","urlTemplate":"https:\/\/www.africa-press.net\/congo-brazzaville\/?s={search_term_string}"},"query-input":{"@type":"PropertyValueSpecification","valueRequired":true,"valueName":"search_term_string"}}],"inLanguage":"fr-FR"},{"@type":"Person","@id":"https:\/\/www.africa-press.net\/congo-brazzaville\/#\/schema\/person\/2b1cf3cd81a31e3cd26889ca66d677f1","name":"cfeditorfr"}]}},"_links":{"self":[{"href":"https:\/\/www.africa-press.net\/congo-brazzaville\/wp-json\/wp\/v2\/posts\/1202","targetHints":{"allow":["GET"]}}],"collection":[{"href":"https:\/\/www.africa-press.net\/congo-brazzaville\/wp-json\/wp\/v2\/posts"}],"about":[{"href":"https:\/\/www.africa-press.net\/congo-brazzaville\/wp-json\/wp\/v2\/types\/post"}],"author":[{"embeddable":true,"href":"https:\/\/www.africa-press.net\/congo-brazzaville\/wp-json\/wp\/v2\/users\/82"}],"replies":[{"embeddable":true,"href":"https:\/\/www.africa-press.net\/congo-brazzaville\/wp-json\/wp\/v2\/comments?post=1202"}],"version-history":[{"count":0,"href":"https:\/\/www.africa-press.net\/congo-brazzaville\/wp-json\/wp\/v2\/posts\/1202\/revisions"}],"wp:featuredmedia":[{"embeddable":true,"href":"https:\/\/www.africa-press.net\/congo-brazzaville\/wp-json\/wp\/v2\/media\/1201"}],"wp:attachment":[{"href":"https:\/\/www.africa-press.net\/congo-brazzaville\/wp-json\/wp\/v2\/media?parent=1202"}],"wp:term":[{"taxonomy":"category","embeddable":true,"href":"https:\/\/www.africa-press.net\/congo-brazzaville\/wp-json\/wp\/v2\/categories?post=1202"},{"taxonomy":"post_tag","embeddable":true,"href":"https:\/\/www.africa-press.net\/congo-brazzaville\/wp-json\/wp\/v2\/tags?post=1202"}],"curies":[{"name":"wp","href":"https:\/\/api.w.org\/{rel}","templated":true}]}}