{"id":1208,"date":"2021-08-17T22:29:51","date_gmt":"2021-08-17T22:29:51","guid":{"rendered":"https:\/\/www.africa-press.net\/congo-brazzaville\/?p=1208"},"modified":"2021-08-17T22:00:07","modified_gmt":"2021-08-17T22:00:07","slug":"mission-alpha-bienvenue-dans-le-labo-spatial-de-thomas-pesquet","status":"publish","type":"post","link":"https:\/\/www.africa-press.net\/congo-brazzaville\/toutes-les-actualites\/mission-alpha-bienvenue-dans-le-labo-spatial-de-thomas-pesquet","title":{"rendered":"Mission Alpha : bienvenue dans le labo spatial de Thomas Pesquet"},"content":{"rendered":"<p><span style=\"color: #ff6600\"><strong><a href=\"https:\/\/www.africa-press.net\/\">Africa-Press<\/a> &#8211; <a href=\"https:\/\/www.africa-press.net\/congo-brazzaville\">Congo Brazzaville<\/a>. <\/strong><\/span><b>Alpha : c&rsquo;est la mission qui donne des ailes \u00e0 Thomas Pesquet.L&rsquo;astronaute s&rsquo;envole en cette fin avril \u00e0 400 kilom\u00e8tre de la Terre. Un deuxi\u00e8me s\u00e9jour \u00e0 bord de la Station spatiale internationale pour son nouveau commandant ! Et une premi\u00e8re : c&rsquo;est \u00e0 bord de Crew Dragon, la capsule de Space X, que l&rsquo;Europ\u00e9en va se propulser sur l&rsquo;ISS avec son \u00e9quipage. Et il aura de quoi s&rsquo;occuper \u00e0 bord ! Il participera \u00e0 une centaine d&rsquo;exp\u00e9riences scientifiques et technologiques. #TECH24 en illustre quelques-unes.<\/b><\/p>\n<p>La Station spatiale internationale est au c\u0153ur de toutes les attentions. On vient d&rsquo;y d\u00e9couvrir une nouvelle esp\u00e8ce de bact\u00e9rie qui r\u00e9pond au doux nom de \u00ab\u00a0methylobacterium ajmalii\u00a0\u00bb. On la surnomme m\u00eame Conan la bact\u00e9rie car elle peut endurer des conditions tr\u00e8s extr\u00eames comme la s\u00e9cheresse. Sans doute tr\u00e8s utile \u00e0 l&rsquo;avenir. Car elle peut voyager, et pourrait peut-\u00eatre transformer la roche martienne en sol fertile.<\/p>\n<p>S&rsquo;assurer que l&rsquo;exploration spatiale ne soit pas la source de contamination d&rsquo;autres plan\u00e8tes, et que l&rsquo;espace ne contamine pas la n\u00f4tre, c&rsquo;est le job d&rsquo;un d\u00e9partement tr\u00e8s particulier de la Nasa : le \u00ab\u00a0Planetary Protection Office\u00a0\u00bb. Son officier adjoint, Elaine Seasly, est notre invit\u00e9e. On a l&rsquo;impression que son titre sort tout droit du dernier \u00e9pisode de \u00ab\u00a0Men in Black\u00a0\u00bb, mais quel est exactement le r\u00f4le du bureau de Protection Plan\u00e9taire ? Comment d\u00e9contaminer les vaisseaux avant qu&rsquo;ils ne re-rentrent dans l&rsquo;atmosph\u00e8re ? \u00catre certain que ce qui vient de la Terre ne sera pas dangereux pour d&rsquo;autres plan\u00e8tes ? Que fait la Nasa quand elle trouve une bact\u00e9rie extra-terrestre ? Comment \u00e9value-t-elle le risque d&rsquo;une contamination terrestre ? Elle nous r\u00e9pond.<\/p>\n<p>Utiliser le son ou le toucher pour rendre les personnes malvoyantes et non-voyantes plus autonomes. C&rsquo;est de plus en plus tech! Des start-ups, comme la fran\u00e7aise GoSense, transforment les cannes en appareils intelligents pour contourner les obstacles avec du son 3D. En Turquie et au Royaume-Uni, We Wave a choisi le toucher haptique pour aider ces personnes \u00e0 se rep\u00e9rer dans l&rsquo;espace urbain. D\u00e9monstration dans notre s\u00e9quence test.<\/p>\n","protected":false},"excerpt":{"rendered":"<p>Africa-Press &#8211; Congo Brazzaville. Alpha : c&rsquo;est la mission qui donne des ailes \u00e0 Thomas Pesquet.L&rsquo;astronaute s&rsquo;envole en cette fin avril \u00e0 400 kilom\u00e8tre de la Terre. Un deuxi\u00e8me s\u00e9jour \u00e0 bord de la Station spatiale internationale pour son nouveau commandant ! Et une premi\u00e8re : c&rsquo;est \u00e0 bord de Crew Dragon, la capsule de [&hellip;]<\/p>\n","protected":false},"author":82,"featured_media":1207,"comment_status":"open","ping_status":"closed","sticky":false,"template":"","format":"standard","meta":{"footnotes":""},"categories":[22,11,20,10],"tags":[36,47,46,79,76,74,78,77,75],"class_list":["post-1208","post","type-post","status-publish","format-standard","has-post-thumbnail","hentry","category-divers","category-homepage-french","category-top-nouvelles","category-toutes-les-actualites","tag-africa-press","tag-africa-press-congo-brazzaville","tag-congo-brazzaville","tag-esa","tag-espace","tag-iss","tag-nasa","tag-spacex","tag-thomas-pesquet"],"yoast_head":"<!-- This site is optimized with the Yoast SEO Premium plugin v26.1 (Yoast SEO v27.0) - https:\/\/yoast.com\/product\/yoast-seo-premium-wordpress\/ -->\n<title>Mission Alpha : bienvenue dans le labo spatial de Thomas Pesquet - Congo Brazzaville<\/title>\n<meta name=\"description\" content=\"Alpha : c&#039;est la mission qui donne des ailes \u00e0 Thomas Pesquet.L&#039;astronaute s&#039;envole en cette fin avril \u00e0 400 kilom\u00e8tr ...\" \/>\n<meta name=\"robots\" content=\"index, follow, max-snippet:-1, max-image-preview:large, max-video-preview:-1\" \/>\n<link rel=\"canonical\" href=\"https:\/\/www.africa-press.net\/congo-brazzaville\/toutes-les-actualites\/mission-alpha-bienvenue-dans-le-labo-spatial-de-thomas-pesquet\" \/>\n<meta property=\"og:locale\" content=\"fr_FR\" \/>\n<meta property=\"og:type\" content=\"article\" \/>\n<meta property=\"og:title\" content=\"Mission Alpha : bienvenue dans le labo spatial de Thomas Pesquet\" \/>\n<meta property=\"og:description\" content=\"Alpha : c&#039;est la mission qui donne des ailes \u00e0 Thomas Pesquet.L&#039;astronaute s&#039;envole en cette fin avril \u00e0 400 kilom\u00e8tr ...\" \/>\n<meta property=\"og:url\" content=\"https:\/\/www.africa-press.net\/congo-brazzaville\/toutes-les-actualites\/mission-alpha-bienvenue-dans-le-labo-spatial-de-thomas-pesquet\" \/>\n<meta property=\"og:site_name\" content=\"Congo Brazzaville\" \/>\n<meta property=\"article:published_time\" content=\"2021-08-17T22:29:51+00:00\" \/>\n<meta property=\"og:image\" content=\"https:\/\/static.africa-press.net\/centrafricaine\/sites\/51\/2021\/08\/img-611c31430e25d.jpg\" \/>\n\t<meta property=\"og:image:width\" content=\"1920\" \/>\n\t<meta property=\"og:image:height\" content=\"1080\" \/>\n\t<meta property=\"og:image:type\" content=\"image\/jpeg\" \/>\n<meta name=\"author\" content=\"cfeditorfr\" \/>\n<meta name=\"twitter:card\" content=\"summary_large_image\" \/>\n<meta name=\"twitter:label1\" content=\"\u00c9crit par\" \/>\n\t<meta name=\"twitter:data1\" content=\"cfeditorfr\" \/>\n\t<meta name=\"twitter:label2\" content=\"Dur\u00e9e de lecture estim\u00e9e\" \/>\n\t<meta name=\"twitter:data2\" content=\"2 minutes\" \/>\n<script type=\"application\/ld+json\" class=\"yoast-schema-graph\">{\"@context\":\"https:\/\/schema.org\",\"@graph\":[{\"@type\":\"Article\",\"@id\":\"https:\/\/www.africa-press.net\/congo-brazzaville\/toutes-les-actualites\/mission-alpha-bienvenue-dans-le-labo-spatial-de-thomas-pesquet#article\",\"isPartOf\":{\"@id\":\"https:\/\/www.africa-press.net\/congo-brazzaville\/toutes-les-actualites\/mission-alpha-bienvenue-dans-le-labo-spatial-de-thomas-pesquet\"},\"author\":{\"name\":\"cfeditorfr\",\"@id\":\"https:\/\/www.africa-press.net\/congo-brazzaville\/#\/schema\/person\/2b1cf3cd81a31e3cd26889ca66d677f1\"},\"headline\":\"Mission Alpha : bienvenue dans le labo spatial de Thomas Pesquet\",\"datePublished\":\"2021-08-17T22:29:51+00:00\",\"mainEntityOfPage\":{\"@id\":\"https:\/\/www.africa-press.net\/congo-brazzaville\/toutes-les-actualites\/mission-alpha-bienvenue-dans-le-labo-spatial-de-thomas-pesquet\"},\"wordCount\":394,\"commentCount\":0,\"image\":{\"@id\":\"https:\/\/www.africa-press.net\/congo-brazzaville\/toutes-les-actualites\/mission-alpha-bienvenue-dans-le-labo-spatial-de-thomas-pesquet#primaryimage\"},\"thumbnailUrl\":\"https:\/\/static.africa-press.net\/centrafricaine\/sites\/51\/2021\/08\/img-611c31430e25d.jpg\",\"keywords\":[\"Africa Press\",\"Africa Press-Congo Brazzaville\",\"Congo Brazzaville\",\"ESA\",\"Espace\",\"ISS\",\"Nasa\",\"SpaceX\",\"Thomas Pesquet\"],\"articleSection\":[\"Divers\",\"homepage-french\",\"Top Nouvelles\",\"Toutes les actualit\u00e9s\"],\"inLanguage\":\"fr-FR\",\"potentialAction\":[{\"@type\":\"CommentAction\",\"name\":\"Comment\",\"target\":[\"https:\/\/www.africa-press.net\/congo-brazzaville\/toutes-les-actualites\/mission-alpha-bienvenue-dans-le-labo-spatial-de-thomas-pesquet#respond\"]}]},{\"@type\":\"WebPage\",\"@id\":\"https:\/\/www.africa-press.net\/congo-brazzaville\/toutes-les-actualites\/mission-alpha-bienvenue-dans-le-labo-spatial-de-thomas-pesquet\",\"url\":\"https:\/\/www.africa-press.net\/congo-brazzaville\/toutes-les-actualites\/mission-alpha-bienvenue-dans-le-labo-spatial-de-thomas-pesquet\",\"name\":\"Mission Alpha : bienvenue dans le labo spatial de Thomas Pesquet - Congo Brazzaville\",\"isPartOf\":{\"@id\":\"https:\/\/www.africa-press.net\/congo-brazzaville\/#website\"},\"primaryImageOfPage\":{\"@id\":\"https:\/\/www.africa-press.net\/congo-brazzaville\/toutes-les-actualites\/mission-alpha-bienvenue-dans-le-labo-spatial-de-thomas-pesquet#primaryimage\"},\"image\":{\"@id\":\"https:\/\/www.africa-press.net\/congo-brazzaville\/toutes-les-actualites\/mission-alpha-bienvenue-dans-le-labo-spatial-de-thomas-pesquet#primaryimage\"},\"thumbnailUrl\":\"https:\/\/static.africa-press.net\/centrafricaine\/sites\/51\/2021\/08\/img-611c31430e25d.jpg\",\"datePublished\":\"2021-08-17T22:29:51+00:00\",\"author\":{\"@id\":\"https:\/\/www.africa-press.net\/congo-brazzaville\/#\/schema\/person\/2b1cf3cd81a31e3cd26889ca66d677f1\"},\"description\":\"Alpha : c'est la mission qui donne des ailes \u00e0 Thomas Pesquet.L'astronaute s'envole en cette fin avril \u00e0 400 kilom\u00e8tr ...\",\"breadcrumb\":{\"@id\":\"https:\/\/www.africa-press.net\/congo-brazzaville\/toutes-les-actualites\/mission-alpha-bienvenue-dans-le-labo-spatial-de-thomas-pesquet#breadcrumb\"},\"inLanguage\":\"fr-FR\",\"potentialAction\":[{\"@type\":\"ReadAction\",\"target\":[\"https:\/\/www.africa-press.net\/congo-brazzaville\/toutes-les-actualites\/mission-alpha-bienvenue-dans-le-labo-spatial-de-thomas-pesquet\"]}]},{\"@type\":\"ImageObject\",\"inLanguage\":\"fr-FR\",\"@id\":\"https:\/\/www.africa-press.net\/congo-brazzaville\/toutes-les-actualites\/mission-alpha-bienvenue-dans-le-labo-spatial-de-thomas-pesquet#primaryimage\",\"url\":\"https:\/\/static.africa-press.net\/centrafricaine\/sites\/51\/2021\/08\/img-611c31430e25d.jpg\",\"contentUrl\":\"https:\/\/static.africa-press.net\/centrafricaine\/sites\/51\/2021\/08\/img-611c31430e25d.jpg\",\"width\":1920,\"height\":1080,\"caption\":\"Mission Alpha : bienvenue dans le labo spatial de Thomas Pesquet\"},{\"@type\":\"BreadcrumbList\",\"@id\":\"https:\/\/www.africa-press.net\/congo-brazzaville\/toutes-les-actualites\/mission-alpha-bienvenue-dans-le-labo-spatial-de-thomas-pesquet#breadcrumb\",\"itemListElement\":[{\"@type\":\"ListItem\",\"position\":1,\"name\":\"Accueil\",\"item\":\"https:\/\/www.africa-press.net\/congo-brazzaville\/\"},{\"@type\":\"ListItem\",\"position\":2,\"name\":\"Mission Alpha : bienvenue dans le labo spatial de Thomas Pesquet\"}]},{\"@type\":\"WebSite\",\"@id\":\"https:\/\/www.africa-press.net\/congo-brazzaville\/#website\",\"url\":\"https:\/\/www.africa-press.net\/congo-brazzaville\/\",\"name\":\"Congo Brazzaville\",\"description\":\"Just another Africa News Agency Sites site\",\"potentialAction\":[{\"@type\":\"SearchAction\",\"target\":{\"@type\":\"EntryPoint\",\"urlTemplate\":\"https:\/\/www.africa-press.net\/congo-brazzaville\/?s={search_term_string}\"},\"query-input\":{\"@type\":\"PropertyValueSpecification\",\"valueRequired\":true,\"valueName\":\"search_term_string\"}}],\"inLanguage\":\"fr-FR\"},{\"@type\":\"Person\",\"@id\":\"https:\/\/www.africa-press.net\/congo-brazzaville\/#\/schema\/person\/2b1cf3cd81a31e3cd26889ca66d677f1\",\"name\":\"cfeditorfr\"}]}<\/script>\n<!-- \/ Yoast SEO Premium plugin. -->","yoast_head_json":{"title":"Mission Alpha : bienvenue dans le labo spatial de Thomas Pesquet - Congo Brazzaville","description":"Alpha : c'est la mission qui donne des ailes \u00e0 Thomas Pesquet.L'astronaute s'envole en cette fin avril \u00e0 400 kilom\u00e8tr ...","robots":{"index":"index","follow":"follow","max-snippet":"max-snippet:-1","max-image-preview":"max-image-preview:large","max-video-preview":"max-video-preview:-1"},"canonical":"https:\/\/www.africa-press.net\/congo-brazzaville\/toutes-les-actualites\/mission-alpha-bienvenue-dans-le-labo-spatial-de-thomas-pesquet","og_locale":"fr_FR","og_type":"article","og_title":"Mission Alpha : bienvenue dans le labo spatial de Thomas Pesquet","og_description":"Alpha : c'est la mission qui donne des ailes \u00e0 Thomas Pesquet.L'astronaute s'envole en cette fin avril \u00e0 400 kilom\u00e8tr ...","og_url":"https:\/\/www.africa-press.net\/congo-brazzaville\/toutes-les-actualites\/mission-alpha-bienvenue-dans-le-labo-spatial-de-thomas-pesquet","og_site_name":"Congo Brazzaville","article_published_time":"2021-08-17T22:29:51+00:00","og_image":[{"width":1920,"height":1080,"url":"https:\/\/static.africa-press.net\/centrafricaine\/sites\/51\/2021\/08\/img-611c31430e25d.jpg","type":"image\/jpeg"}],"author":"cfeditorfr","twitter_card":"summary_large_image","twitter_misc":{"\u00c9crit par":"cfeditorfr","Dur\u00e9e de lecture estim\u00e9e":"2 minutes"},"schema":{"@context":"https:\/\/schema.org","@graph":[{"@type":"Article","@id":"https:\/\/www.africa-press.net\/congo-brazzaville\/toutes-les-actualites\/mission-alpha-bienvenue-dans-le-labo-spatial-de-thomas-pesquet#article","isPartOf":{"@id":"https:\/\/www.africa-press.net\/congo-brazzaville\/toutes-les-actualites\/mission-alpha-bienvenue-dans-le-labo-spatial-de-thomas-pesquet"},"author":{"name":"cfeditorfr","@id":"https:\/\/www.africa-press.net\/congo-brazzaville\/#\/schema\/person\/2b1cf3cd81a31e3cd26889ca66d677f1"},"headline":"Mission Alpha : bienvenue dans le labo spatial de Thomas Pesquet","datePublished":"2021-08-17T22:29:51+00:00","mainEntityOfPage":{"@id":"https:\/\/www.africa-press.net\/congo-brazzaville\/toutes-les-actualites\/mission-alpha-bienvenue-dans-le-labo-spatial-de-thomas-pesquet"},"wordCount":394,"commentCount":0,"image":{"@id":"https:\/\/www.africa-press.net\/congo-brazzaville\/toutes-les-actualites\/mission-alpha-bienvenue-dans-le-labo-spatial-de-thomas-pesquet#primaryimage"},"thumbnailUrl":"https:\/\/static.africa-press.net\/centrafricaine\/sites\/51\/2021\/08\/img-611c31430e25d.jpg","keywords":["Africa Press","Africa Press-Congo Brazzaville","Congo Brazzaville","ESA","Espace","ISS","Nasa","SpaceX","Thomas Pesquet"],"articleSection":["Divers","homepage-french","Top Nouvelles","Toutes les actualit\u00e9s"],"inLanguage":"fr-FR","potentialAction":[{"@type":"CommentAction","name":"Comment","target":["https:\/\/www.africa-press.net\/congo-brazzaville\/toutes-les-actualites\/mission-alpha-bienvenue-dans-le-labo-spatial-de-thomas-pesquet#respond"]}]},{"@type":"WebPage","@id":"https:\/\/www.africa-press.net\/congo-brazzaville\/toutes-les-actualites\/mission-alpha-bienvenue-dans-le-labo-spatial-de-thomas-pesquet","url":"https:\/\/www.africa-press.net\/congo-brazzaville\/toutes-les-actualites\/mission-alpha-bienvenue-dans-le-labo-spatial-de-thomas-pesquet","name":"Mission Alpha : bienvenue dans le labo spatial de Thomas Pesquet - Congo Brazzaville","isPartOf":{"@id":"https:\/\/www.africa-press.net\/congo-brazzaville\/#website"},"primaryImageOfPage":{"@id":"https:\/\/www.africa-press.net\/congo-brazzaville\/toutes-les-actualites\/mission-alpha-bienvenue-dans-le-labo-spatial-de-thomas-pesquet#primaryimage"},"image":{"@id":"https:\/\/www.africa-press.net\/congo-brazzaville\/toutes-les-actualites\/mission-alpha-bienvenue-dans-le-labo-spatial-de-thomas-pesquet#primaryimage"},"thumbnailUrl":"https:\/\/static.africa-press.net\/centrafricaine\/sites\/51\/2021\/08\/img-611c31430e25d.jpg","datePublished":"2021-08-17T22:29:51+00:00","author":{"@id":"https:\/\/www.africa-press.net\/congo-brazzaville\/#\/schema\/person\/2b1cf3cd81a31e3cd26889ca66d677f1"},"description":"Alpha : c'est la mission qui donne des ailes \u00e0 Thomas Pesquet.L'astronaute s'envole en cette fin avril \u00e0 400 kilom\u00e8tr ...","breadcrumb":{"@id":"https:\/\/www.africa-press.net\/congo-brazzaville\/toutes-les-actualites\/mission-alpha-bienvenue-dans-le-labo-spatial-de-thomas-pesquet#breadcrumb"},"inLanguage":"fr-FR","potentialAction":[{"@type":"ReadAction","target":["https:\/\/www.africa-press.net\/congo-brazzaville\/toutes-les-actualites\/mission-alpha-bienvenue-dans-le-labo-spatial-de-thomas-pesquet"]}]},{"@type":"ImageObject","inLanguage":"fr-FR","@id":"https:\/\/www.africa-press.net\/congo-brazzaville\/toutes-les-actualites\/mission-alpha-bienvenue-dans-le-labo-spatial-de-thomas-pesquet#primaryimage","url":"https:\/\/static.africa-press.net\/centrafricaine\/sites\/51\/2021\/08\/img-611c31430e25d.jpg","contentUrl":"https:\/\/static.africa-press.net\/centrafricaine\/sites\/51\/2021\/08\/img-611c31430e25d.jpg","width":1920,"height":1080,"caption":"Mission Alpha : bienvenue dans le labo spatial de Thomas Pesquet"},{"@type":"BreadcrumbList","@id":"https:\/\/www.africa-press.net\/congo-brazzaville\/toutes-les-actualites\/mission-alpha-bienvenue-dans-le-labo-spatial-de-thomas-pesquet#breadcrumb","itemListElement":[{"@type":"ListItem","position":1,"name":"Accueil","item":"https:\/\/www.africa-press.net\/congo-brazzaville\/"},{"@type":"ListItem","position":2,"name":"Mission Alpha : bienvenue dans le labo spatial de Thomas Pesquet"}]},{"@type":"WebSite","@id":"https:\/\/www.africa-press.net\/congo-brazzaville\/#website","url":"https:\/\/www.africa-press.net\/congo-brazzaville\/","name":"Congo Brazzaville","description":"Just another Africa News Agency Sites site","potentialAction":[{"@type":"SearchAction","target":{"@type":"EntryPoint","urlTemplate":"https:\/\/www.africa-press.net\/congo-brazzaville\/?s={search_term_string}"},"query-input":{"@type":"PropertyValueSpecification","valueRequired":true,"valueName":"search_term_string"}}],"inLanguage":"fr-FR"},{"@type":"Person","@id":"https:\/\/www.africa-press.net\/congo-brazzaville\/#\/schema\/person\/2b1cf3cd81a31e3cd26889ca66d677f1","name":"cfeditorfr"}]}},"_links":{"self":[{"href":"https:\/\/www.africa-press.net\/congo-brazzaville\/wp-json\/wp\/v2\/posts\/1208","targetHints":{"allow":["GET"]}}],"collection":[{"href":"https:\/\/www.africa-press.net\/congo-brazzaville\/wp-json\/wp\/v2\/posts"}],"about":[{"href":"https:\/\/www.africa-press.net\/congo-brazzaville\/wp-json\/wp\/v2\/types\/post"}],"author":[{"embeddable":true,"href":"https:\/\/www.africa-press.net\/congo-brazzaville\/wp-json\/wp\/v2\/users\/82"}],"replies":[{"embeddable":true,"href":"https:\/\/www.africa-press.net\/congo-brazzaville\/wp-json\/wp\/v2\/comments?post=1208"}],"version-history":[{"count":0,"href":"https:\/\/www.africa-press.net\/congo-brazzaville\/wp-json\/wp\/v2\/posts\/1208\/revisions"}],"wp:featuredmedia":[{"embeddable":true,"href":"https:\/\/www.africa-press.net\/congo-brazzaville\/wp-json\/wp\/v2\/media\/1207"}],"wp:attachment":[{"href":"https:\/\/www.africa-press.net\/congo-brazzaville\/wp-json\/wp\/v2\/media?parent=1208"}],"wp:term":[{"taxonomy":"category","embeddable":true,"href":"https:\/\/www.africa-press.net\/congo-brazzaville\/wp-json\/wp\/v2\/categories?post=1208"},{"taxonomy":"post_tag","embeddable":true,"href":"https:\/\/www.africa-press.net\/congo-brazzaville\/wp-json\/wp\/v2\/tags?post=1208"}],"curies":[{"name":"wp","href":"https:\/\/api.w.org\/{rel}","templated":true}]}}